{"id":131861,"date":"2019-08-10T16:23:41","date_gmt":"2019-08-10T14:23:41","guid":{"rendered":"https:\/\/www.prijedordanas.com\/?p=131861"},"modified":"2019-08-10T16:23:41","modified_gmt":"2019-08-10T14:23:41","slug":"spektakularnim-koncertima-otvoren-sa-fest-u-prijedoru","status":"publish","type":"post","link":"https:\/\/www.prijedordanas.com\/?p=131861","title":{"rendered":"Spektakularnim koncertima otvoren \u201c\u0160A Fest\u201d u Prijedoru"},"content":{"rendered":"<p><a href=\"https:\/\/www.prijedordanas.com\/wp-content\/uploads\/2019\/08\/nezavisne-sa-fest-petak.jpg\"><img loading=\"lazy\" decoding=\"async\" src=\"https:\/\/www.prijedordanas.com\/wp-content\/uploads\/2019\/08\/nezavisne-sa-fest-petak-300x219.jpg\" alt=\"\" width=\"300\" height=\"219\" class=\"alignleft size-medium wp-image-131862\" srcset=\"https:\/\/www.prijedordanas.com\/wp-content\/uploads\/2019\/08\/nezavisne-sa-fest-petak-300x219.jpg 300w, https:\/\/www.prijedordanas.com\/wp-content\/uploads\/2019\/08\/nezavisne-sa-fest-petak-100x73.jpg 100w, https:\/\/www.prijedordanas.com\/wp-content\/uploads\/2019\/08\/nezavisne-sa-fest-petak.jpg 685w\" sizes=\"(max-width: 300px) 100vw, 300px\" \/><\/a>Muzi\u010dki festival \u201c\u0160A Fest\u201d koji se organizuje u \u010dast Dalibora Popovi\u0107a Mik\u0161e, po\u010deo je sino\u0107 u Prijedoru spektakularnim nastupima najve\u0107ih regionalnih muzi\u010dkih imena.<\/p>\n<p>Koncerti su odr\u017eani na prostoru Ljetne ba\u0161te, a publici su se predstavili bendovi \u201cIrie FM\u201d, \u201c\u0160tutgart Online\u201d, \u201cPartibrejkersi\u201d, \u201cLet 3\u201d i reper Smoke Mardeljano.<\/p>\n<p>Prvi je na binu iza\u0161ao bend \u201cIrie FM\u201d koji je razigrao i raspjevao publiku pjesmama kao \u0161to su \u201cLjubav \u0161to smo stvorili\u201d, \u201cPutevi\u201d, \u201cKlizi\u0161\u201d i mnogim drugim. Frontmen ovog sastava Vuka\u0161in Markovi\u0107 je istakao da je bend imao predivno iskustvo sa Prijedorom i doma\u0107om publikom.<\/p>\n<p>\u201cBilo nam je prelepo. Do\u010dekani smo prijateljski i doma\u0107inski, lepo smo se proveli. \u017dao mi je \u0161to nismo svirali i du\u017ee, ali bi\u0107e prilike u budu\u0107nosti. Sve je profi i divno. Ljudi znaju pesme, tekstove. To je zaista divno\u201c, istakao je Markovi\u0107.<\/p>\n<p>Muzi\u010dar je jo\u0161 i dodao da je publika iz Prijedora i ranije upu\u0107ivala pozive bendu da posjete njihov grad, tako da je nastup na \u201e\u0160A Festu\u201c imao posebnu \u010dar.<\/p>\n<p>\u201eMi smo u ovim krajevima mahom u Banjaluci bili i tamo je uvek sjajno i znam da ljudi iz Prijedora idu tamo da slu\u0161aju \u0161ta se de\u0161ava, pose\u0107uju doga\u0111aje i zato nam je posebno drago \u0161to smo ovde\u201c, istakao je Markovi\u0107.<\/p>\n<p>Muzi\u010dar je poru\u010dio da \u0107e sa ovom organizacijom festival sigurno opstati, jer ko god je vredan za njega ima posla.<\/p>\n<p>Nakon benda \u201eIrie FM\u201c, pozornicom je zavladao sastav \u201eStuttgart Online\u201c, \u010diji je pjeva\u010d i basista Bojan Sla\u010dala iz Prijedora.<\/p>\n<p>Ovaj sastav se publici predstavio u najboljem svjetlu, te naveo veliki broj posjetilaca da pjevaju zajedno sa njima.<\/p>\n<p>Za doma\u0107u publiku su spremili i malo iznena\u0111enje, kada im se na pozornici pridru\u017eio Zoran Kosti\u0107 Cane, pjeva\u010d sastava \u201ePartibrejkersi\u201c na pjesmi \u201eKorak dalje\u201c. Ono \u0161to je posebno obradovalo okupljene u Ljetnoj ba\u0161ti je \u010dinjenica da je sam Dalibor Popovi\u0107 Mik\u0161a, u \u010diju \u010dast se i organizuje ovaj festival, svirao saksofon na studijskom snimku i video spotu.<\/p>\n<p>Nakon grupe \u201eStuttgart Online\u201c pozornicom su zavladali legendarni \u201ePartibrejkersi\u201c. Ekipa rokera predvo\u0111enih sjajnim Canetom i o\u010daravaju\u0107im sviranjem Antona odu\u0161evila je ljubitelje tvr\u0111eg zvuka ispred Ljetne pozornice. Smjenjivali su se hitovi \u201eKreni prema meni\u201c, \u201eHo\u0107u da znam\u201c, \u201eDugo te nema\u201c i mnoge druge sada ve\u0107 antologijske pjesme.<\/p>\n<p>Poslije \u201ePartibrejkersa\u201c do\u0161ao je red i na muzi\u010dku, ali i scensku senzaciju \u201eLet 3\u201c, koji kao i uvijek binom vladaju bez kompromisa u svojim zanimljivim kostimima. Grupa je stvorila sjajnu interakciju sa publikom, a tokom izvo\u0111enja pjesme \u201eDijete u vremenu\u201c, pjeva\u010d Prlja nije ni imao potrebu da pjeva, jer ga je publika horskim glasovima nadglasala.<\/p>\n<p>Kao \u0161to to obi\u010dno biva na njihovim koncertima, bilo je mnogo rekvizita na sceni, a izme\u0111u ostalog i perja koje koje je Prlja bacao sa bine prema odu\u0161evljenoj publici.<\/p>\n<p>Posljednji izvo\u0111a\u010d na prvoj ve\u010deri \u201e\u0160A Festa\u201c bio je Smoke Mardeljano koji je zatvorio prvo festivalsko ve\u010de, a nakon njega najuporniji su u\u017eivali na afterpartiju uz miks DJ Insa.<\/p>\n<p>Ve\u010deras su na programu nastupi bendova \u201eSayana\u201c, \u201eM.O.R.T.\u201c, \u201eZoster\u201c, repera Vojka V, grupe \u201eTBF\u201c i sastava \u201eMikri Maus &#038; Bvana\u201c.<\/p>\n<p>Podsje\u0107amo da je \u201e\u0160A Fest\u201c svojim posjetiocima obezbjedio i besplatan prevoz \u0160A vozom na relacijama Banjaluka \u2013 Prijedor \u2013 Banjaluka i Novi Grad \u2013 Prijedor \u2013 Novi Grad. Red vo\u017enje \u0160A voza bi\u0107e u skladu sa satnicom festivala.<\/p>\n<p>nezavisne novine<\/p>\n<p><iframe loading=\"lazy\" title=\"\u0160A Fest 2019 - Let 3 - Mix\" width=\"500\" height=\"281\" src=\"https:\/\/www.youtube.com\/embed\/dlNhtVH-jWs?feature=oembed\" frameborder=\"0\" allow=\"accelerometer; autoplay; encrypted-media; gyroscope; picture-in-picture\" allowfullscreen><\/iframe><\/p>\n<p><iframe loading=\"lazy\" title=\"\u0160A Fest 2019 - Stuttgart Online &amp; Cane - Korak dalje\" width=\"500\" height=\"281\" src=\"https:\/\/www.youtube.com\/embed\/2XIWa8fPYXs?feature=oembed\" frameborder=\"0\" allow=\"accelerometer; autoplay; encrypted-media; gyroscope; picture-in-picture\" allowfullscreen><\/iframe><\/p>\n","protected":false},"excerpt":{"rendered":"<p>Muzi\u010dki festival \u201c\u0160A Fest\u201d koji se organizuje u \u010dast Dalibora Popovi\u0107a Mik\u0161e, po\u010deo je sino\u0107 u Prijedoru spektakularnim nastupima najve\u0107ih regionalnih muzi\u010dkih imena. Koncerti su odr\u017eani na prostoru Ljetne ba\u0161te, [&hellip;]<\/p>\n","protected":false},"author":1,"featured_media":0,"comment_status":"closed","ping_status":"open","sticky":false,"template":"","format":"standard","meta":{"_monsterinsights_skip_tracking":false,"_monsterinsights_sitenote_active":false,"_monsterinsights_sitenote_note":"","_monsterinsights_sitenote_category":0,"footnotes":""},"categories":[6],"tags":[10793],"yoast_head":"<!-- This site is optimized with the Yoast SEO plugin v21.6 - https:\/\/yoast.com\/wordpress\/plugins\/seo\/ -->\n<title>Spektakularnim koncertima otvoren \u201c\u0160A Fest\u201d u Prijedoru - PrijedorDanas.com - Prijedorski gradski portal<\/title>\n<meta name=\"robots\" content=\"index, follow, max-snippet:-1, max-image-preview:large, max-video-preview:-1\" \/>\n<link rel=\"canonical\" href=\"https:\/\/www.prijedordanas.com\/?p=131861\" \/>\n<meta property=\"og:locale\" content=\"en_US\" \/>\n<meta property=\"og:type\" content=\"article\" \/>\n<meta property=\"og:title\" content=\"Spektakularnim koncertima otvoren \u201c\u0160A Fest\u201d u Prijedoru - PrijedorDanas.com - Prijedorski gradski portal\" \/>\n<meta property=\"og:description\" content=\"Muzi\u010dki festival \u201c\u0160A Fest\u201d koji se organizuje u \u010dast Dalibora Popovi\u0107a Mik\u0161e, po\u010deo je sino\u0107 u Prijedoru spektakularnim nastupima najve\u0107ih regionalnih muzi\u010dkih imena. Koncerti su odr\u017eani na prostoru Ljetne ba\u0161te, [&hellip;]\" \/>\n<meta property=\"og:url\" content=\"https:\/\/www.prijedordanas.com\/?p=131861\" \/>\n<meta property=\"og:site_name\" content=\"PrijedorDanas.com - Prijedorski gradski portal\" \/>\n<meta property=\"article:publisher\" content=\"https:\/\/www.facebook.com\/PrijedorDanasCom\/\" \/>\n<meta property=\"article:published_time\" content=\"2019-08-10T14:23:41+00:00\" \/>\n<meta property=\"og:image\" content=\"https:\/\/www.prijedordanas.com\/wp-content\/uploads\/2019\/08\/nezavisne-sa-fest-petak-300x219.jpg\" \/>\n<meta name=\"author\" content=\"admin\" \/>\n<meta name=\"twitter:card\" content=\"summary_large_image\" \/>\n<meta name=\"twitter:label1\" content=\"Written by\" \/>\n\t<meta name=\"twitter:data1\" content=\"admin\" \/>\n\t<meta name=\"twitter:label2\" content=\"Est. reading time\" \/>\n\t<meta name=\"twitter:data2\" content=\"3 minutes\" \/>\n<script type=\"application\/ld+json\" class=\"yoast-schema-graph\">{\"@context\":\"https:\/\/schema.org\",\"@graph\":[{\"@type\":\"Article\",\"@id\":\"https:\/\/www.prijedordanas.com\/?p=131861#article\",\"isPartOf\":{\"@id\":\"https:\/\/www.prijedordanas.com\/?p=131861\"},\"author\":{\"name\":\"admin\",\"@id\":\"https:\/\/www.prijedordanas.com\/#\/schema\/person\/4e08ccf29b506ca916ff86d46bb700e6\"},\"headline\":\"Spektakularnim koncertima otvoren \u201c\u0160A Fest\u201d u Prijedoru\",\"datePublished\":\"2019-08-10T14:23:41+00:00\",\"dateModified\":\"2019-08-10T14:23:41+00:00\",\"mainEntityOfPage\":{\"@id\":\"https:\/\/www.prijedordanas.com\/?p=131861\"},\"wordCount\":599,\"publisher\":{\"@id\":\"https:\/\/www.prijedordanas.com\/#organization\"},\"keywords\":[\"\u0160A Fest\"],\"articleSection\":[\"Kultura\"],\"inLanguage\":\"en-US\"},{\"@type\":\"WebPage\",\"@id\":\"https:\/\/www.prijedordanas.com\/?p=131861\",\"url\":\"https:\/\/www.prijedordanas.com\/?p=131861\",\"name\":\"Spektakularnim koncertima otvoren \u201c\u0160A Fest\u201d u Prijedoru - PrijedorDanas.com - Prijedorski gradski portal\",\"isPartOf\":{\"@id\":\"https:\/\/www.prijedordanas.com\/#website\"},\"datePublished\":\"2019-08-10T14:23:41+00:00\",\"dateModified\":\"2019-08-10T14:23:41+00:00\",\"breadcrumb\":{\"@id\":\"https:\/\/www.prijedordanas.com\/?p=131861#breadcrumb\"},\"inLanguage\":\"en-US\",\"potentialAction\":[{\"@type\":\"ReadAction\",\"target\":[\"https:\/\/www.prijedordanas.com\/?p=131861\"]}]},{\"@type\":\"BreadcrumbList\",\"@id\":\"https:\/\/www.prijedordanas.com\/?p=131861#breadcrumb\",\"itemListElement\":[{\"@type\":\"ListItem\",\"position\":1,\"name\":\"Home\",\"item\":\"https:\/\/www.prijedordanas.com\/\"},{\"@type\":\"ListItem\",\"position\":2,\"name\":\"Spektakularnim koncertima otvoren \u201c\u0160A Fest\u201d u Prijedoru\"}]},{\"@type\":\"WebSite\",\"@id\":\"https:\/\/www.prijedordanas.com\/#website\",\"url\":\"https:\/\/www.prijedordanas.com\/\",\"name\":\"PrijedorDanas.com - Prijedorski gradski portal\",\"description\":\"Portal o doga\u0111anjima u gradu Prijedoru\",\"publisher\":{\"@id\":\"https:\/\/www.prijedordanas.com\/#organization\"},\"potentialAction\":[{\"@type\":\"SearchAction\",\"target\":{\"@type\":\"EntryPoint\",\"urlTemplate\":\"https:\/\/www.prijedordanas.com\/?s={search_term_string}\"},\"query-input\":\"required name=search_term_string\"}],\"inLanguage\":\"en-US\"},{\"@type\":\"Organization\",\"@id\":\"https:\/\/www.prijedordanas.com\/#organization\",\"name\":\"PrijedorDanas.com\",\"url\":\"https:\/\/www.prijedordanas.com\/\",\"logo\":{\"@type\":\"ImageObject\",\"inLanguage\":\"en-US\",\"@id\":\"https:\/\/www.prijedordanas.com\/#\/schema\/logo\/image\/\",\"url\":\"http:\/\/www.prijedordanas.com\/wp-content\/uploads\/2021\/12\/logopng.png\",\"contentUrl\":\"http:\/\/www.prijedordanas.com\/wp-content\/uploads\/2021\/12\/logopng.png\",\"width\":1019,\"height\":776,\"caption\":\"PrijedorDanas.com\"},\"image\":{\"@id\":\"https:\/\/www.prijedordanas.com\/#\/schema\/logo\/image\/\"},\"sameAs\":[\"https:\/\/www.facebook.com\/PrijedorDanasCom\/\"]},{\"@type\":\"Person\",\"@id\":\"https:\/\/www.prijedordanas.com\/#\/schema\/person\/4e08ccf29b506ca916ff86d46bb700e6\",\"name\":\"admin\",\"image\":{\"@type\":\"ImageObject\",\"inLanguage\":\"en-US\",\"@id\":\"https:\/\/www.prijedordanas.com\/#\/schema\/person\/image\/\",\"url\":\"https:\/\/secure.gravatar.com\/avatar\/1d3fc949d550f0b53a5f0d51e06dfd79?s=96&d=mm&r=g\",\"contentUrl\":\"https:\/\/secure.gravatar.com\/avatar\/1d3fc949d550f0b53a5f0d51e06dfd79?s=96&d=mm&r=g\",\"caption\":\"admin\"},\"url\":\"https:\/\/www.prijedordanas.com\/?author=1\"}]}<\/script>\n<!-- \/ Yoast SEO plugin. -->","yoast_head_json":{"title":"Spektakularnim koncertima otvoren \u201c\u0160A Fest\u201d u Prijedoru - PrijedorDanas.com - Prijedorski gradski portal","robots":{"index":"index","follow":"follow","max-snippet":"max-snippet:-1","max-image-preview":"max-image-preview:large","max-video-preview":"max-video-preview:-1"},"canonical":"https:\/\/www.prijedordanas.com\/?p=131861","og_locale":"en_US","og_type":"article","og_title":"Spektakularnim koncertima otvoren \u201c\u0160A Fest\u201d u Prijedoru - PrijedorDanas.com - Prijedorski gradski portal","og_description":"Muzi\u010dki festival \u201c\u0160A Fest\u201d koji se organizuje u \u010dast Dalibora Popovi\u0107a Mik\u0161e, po\u010deo je sino\u0107 u Prijedoru spektakularnim nastupima najve\u0107ih regionalnih muzi\u010dkih imena. Koncerti su odr\u017eani na prostoru Ljetne ba\u0161te, [&hellip;]","og_url":"https:\/\/www.prijedordanas.com\/?p=131861","og_site_name":"PrijedorDanas.com - Prijedorski gradski portal","article_publisher":"https:\/\/www.facebook.com\/PrijedorDanasCom\/","article_published_time":"2019-08-10T14:23:41+00:00","og_image":[{"url":"https:\/\/www.prijedordanas.com\/wp-content\/uploads\/2019\/08\/nezavisne-sa-fest-petak-300x219.jpg"}],"author":"admin","twitter_card":"summary_large_image","twitter_misc":{"Written by":"admin","Est. reading time":"3 minutes"},"schema":{"@context":"https:\/\/schema.org","@graph":[{"@type":"Article","@id":"https:\/\/www.prijedordanas.com\/?p=131861#article","isPartOf":{"@id":"https:\/\/www.prijedordanas.com\/?p=131861"},"author":{"name":"admin","@id":"https:\/\/www.prijedordanas.com\/#\/schema\/person\/4e08ccf29b506ca916ff86d46bb700e6"},"headline":"Spektakularnim koncertima otvoren \u201c\u0160A Fest\u201d u Prijedoru","datePublished":"2019-08-10T14:23:41+00:00","dateModified":"2019-08-10T14:23:41+00:00","mainEntityOfPage":{"@id":"https:\/\/www.prijedordanas.com\/?p=131861"},"wordCount":599,"publisher":{"@id":"https:\/\/www.prijedordanas.com\/#organization"},"keywords":["\u0160A Fest"],"articleSection":["Kultura"],"inLanguage":"en-US"},{"@type":"WebPage","@id":"https:\/\/www.prijedordanas.com\/?p=131861","url":"https:\/\/www.prijedordanas.com\/?p=131861","name":"Spektakularnim koncertima otvoren \u201c\u0160A Fest\u201d u Prijedoru - PrijedorDanas.com - Prijedorski gradski portal","isPartOf":{"@id":"https:\/\/www.prijedordanas.com\/#website"},"datePublished":"2019-08-10T14:23:41+00:00","dateModified":"2019-08-10T14:23:41+00:00","breadcrumb":{"@id":"https:\/\/www.prijedordanas.com\/?p=131861#breadcrumb"},"inLanguage":"en-US","potentialAction":[{"@type":"ReadAction","target":["https:\/\/www.prijedordanas.com\/?p=131861"]}]},{"@type":"BreadcrumbList","@id":"https:\/\/www.prijedordanas.com\/?p=131861#breadcrumb","itemListElement":[{"@type":"ListItem","position":1,"name":"Home","item":"https:\/\/www.prijedordanas.com\/"},{"@type":"ListItem","position":2,"name":"Spektakularnim koncertima otvoren \u201c\u0160A Fest\u201d u Prijedoru"}]},{"@type":"WebSite","@id":"https:\/\/www.prijedordanas.com\/#website","url":"https:\/\/www.prijedordanas.com\/","name":"PrijedorDanas.com - Prijedorski gradski portal","description":"Portal o doga\u0111anjima u gradu Prijedoru","publisher":{"@id":"https:\/\/www.prijedordanas.com\/#organization"},"potentialAction":[{"@type":"SearchAction","target":{"@type":"EntryPoint","urlTemplate":"https:\/\/www.prijedordanas.com\/?s={search_term_string}"},"query-input":"required name=search_term_string"}],"inLanguage":"en-US"},{"@type":"Organization","@id":"https:\/\/www.prijedordanas.com\/#organization","name":"PrijedorDanas.com","url":"https:\/\/www.prijedordanas.com\/","logo":{"@type":"ImageObject","inLanguage":"en-US","@id":"https:\/\/www.prijedordanas.com\/#\/schema\/logo\/image\/","url":"http:\/\/www.prijedordanas.com\/wp-content\/uploads\/2021\/12\/logopng.png","contentUrl":"http:\/\/www.prijedordanas.com\/wp-content\/uploads\/2021\/12\/logopng.png","width":1019,"height":776,"caption":"PrijedorDanas.com"},"image":{"@id":"https:\/\/www.prijedordanas.com\/#\/schema\/logo\/image\/"},"sameAs":["https:\/\/www.facebook.com\/PrijedorDanasCom\/"]},{"@type":"Person","@id":"https:\/\/www.prijedordanas.com\/#\/schema\/person\/4e08ccf29b506ca916ff86d46bb700e6","name":"admin","image":{"@type":"ImageObject","inLanguage":"en-US","@id":"https:\/\/www.prijedordanas.com\/#\/schema\/person\/image\/","url":"https:\/\/secure.gravatar.com\/avatar\/1d3fc949d550f0b53a5f0d51e06dfd79?s=96&d=mm&r=g","contentUrl":"https:\/\/secure.gravatar.com\/avatar\/1d3fc949d550f0b53a5f0d51e06dfd79?s=96&d=mm&r=g","caption":"admin"},"url":"https:\/\/www.prijedordanas.com\/?author=1"}]}},"_links":{"self":[{"href":"https:\/\/www.prijedordanas.com\/index.php?rest_route=\/wp\/v2\/posts\/131861"}],"collection":[{"href":"https:\/\/www.prijedordanas.com\/index.php?rest_route=\/wp\/v2\/posts"}],"about":[{"href":"https:\/\/www.prijedordanas.com\/index.php?rest_route=\/wp\/v2\/types\/post"}],"author":[{"embeddable":true,"href":"https:\/\/www.prijedordanas.com\/index.php?rest_route=\/wp\/v2\/users\/1"}],"replies":[{"embeddable":true,"href":"https:\/\/www.prijedordanas.com\/index.php?rest_route=%2Fwp%2Fv2%2Fcomments&post=131861"}],"version-history":[{"count":1,"href":"https:\/\/www.prijedordanas.com\/index.php?rest_route=\/wp\/v2\/posts\/131861\/revisions"}],"predecessor-version":[{"id":131863,"href":"https:\/\/www.prijedordanas.com\/index.php?rest_route=\/wp\/v2\/posts\/131861\/revisions\/131863"}],"wp:attachment":[{"href":"https:\/\/www.prijedordanas.com\/index.php?rest_route=%2Fwp%2Fv2%2Fmedia&parent=131861"}],"wp:term":[{"taxonomy":"category","embeddable":true,"href":"https:\/\/www.prijedordanas.com\/index.php?rest_route=%2Fwp%2Fv2%2Fcategories&post=131861"},{"taxonomy":"post_tag","embeddable":true,"href":"https:\/\/www.prijedordanas.com\/index.php?rest_route=%2Fwp%2Fv2%2Ftags&post=131861"}],"curies":[{"name":"wp","href":"https:\/\/api.w.org\/{rel}","templated":true}]}}