{"id":131765,"date":"2019-08-09T09:44:33","date_gmt":"2019-08-09T07:44:33","guid":{"rendered":"https:\/\/www.prijedordanas.com\/?p=131765"},"modified":"2019-08-09T09:44:33","modified_gmt":"2019-08-09T07:44:33","slug":"sa-fest-brojni-sadrzaji-za-prijedorcane-i-goste-foto-video","status":"publish","type":"post","link":"https:\/\/www.prijedordanas.com\/?p=131765","title":{"rendered":"\u0160a fest: Brojni sadr\u017eaji za Prijedor\u010dane i goste &#8211; FOTO\/VIDEO"},"content":{"rendered":"<p><a href=\"https:\/\/www.prijedordanas.com\/wp-content\/uploads\/2019\/08\/sa-ulica-srijeda-uvece-1.jpg\"><img loading=\"lazy\" decoding=\"async\" class=\"alignleft size-medium wp-image-131767\" src=\"https:\/\/www.prijedordanas.com\/wp-content\/uploads\/2019\/08\/sa-ulica-srijeda-uvece-1-300x217.jpg\" alt=\"\" width=\"300\" height=\"217\" srcset=\"https:\/\/www.prijedordanas.com\/wp-content\/uploads\/2019\/08\/sa-ulica-srijeda-uvece-1-300x217.jpg 300w, https:\/\/www.prijedordanas.com\/wp-content\/uploads\/2019\/08\/sa-ulica-srijeda-uvece-1-100x72.jpg 100w, https:\/\/www.prijedordanas.com\/wp-content\/uploads\/2019\/08\/sa-ulica-srijeda-uvece-1.jpg 690w\" sizes=\"(max-width: 300px) 100vw, 300px\" \/><\/a>&#8220;\u0160a ulicom&#8221; u Prijedoru, po\u010deo je drugi \u0160a fest, memorijalni festival posve\u0107en prerano preminulom muzi\u010daru, slikaru i frontmenu prijedorske grupe Tatu, Daliboru Popovi\u0107u Mik\u0161i.<\/p>\n<p>Na glavnom prijedorskom trgu, publici su se predstavili polaznici \u0161kole glume Deana Batoza, a glumac Branko \u0110uri\u0107 izveo je stendap komediju &#8220;\u0110urologija&#8221;.<\/p>\n<p>Na malom prijedorskom trgu nastupili su banjalu\u010dki i prijedorski muzi\u010dari, dok je ispred Galerije &#8220;Sreten Stojanovi\u0107&#8221;, organizovan art slikarski kutak za najmla\u0111e.<\/p>\n<p><a href=\"https:\/\/www.prijedordanas.com\/wp-content\/uploads\/2019\/08\/sa-ulica-srijeda-uvece-2.jpg\"><img loading=\"lazy\" decoding=\"async\" class=\"alignleft size-medium wp-image-131768\" src=\"https:\/\/www.prijedordanas.com\/wp-content\/uploads\/2019\/08\/sa-ulica-srijeda-uvece-2-300x217.jpg\" alt=\"\" width=\"300\" height=\"217\" srcset=\"https:\/\/www.prijedordanas.com\/wp-content\/uploads\/2019\/08\/sa-ulica-srijeda-uvece-2-300x217.jpg 300w, https:\/\/www.prijedordanas.com\/wp-content\/uploads\/2019\/08\/sa-ulica-srijeda-uvece-2-100x72.jpg 100w, https:\/\/www.prijedordanas.com\/wp-content\/uploads\/2019\/08\/sa-ulica-srijeda-uvece-2.jpg 690w\" sizes=\"(max-width: 300px) 100vw, 300px\" \/><\/a>Uspomena na svestranog prijedorskog umjetnika \u017eivi i kroz \u0160a fest. Po\u010deo je &#8220;\u0160a ulicom&#8221; umjetnosti, u okviru koje su se, na tri punkta u glavnoj prijedorskoj ulici, publici predstavili muzi\u010dki i pozori\u0161ni umjetnici, a organizovane su i grafi\u010dka, crta\u010dka i vajarska radionica za najmla\u0111e.<\/p>\n<p>&#8211; Svi smo do\u0161li da podr\u017eimo Mik\u0161u kao umjetnika, iako vi\u0161e nije sa nama. Mik\u0161a je bio, koliko muzi\u010dki, isto tako i likovno talentovan &#8211; rekao je Nikola Pesla\u0107, akademski slikar.<\/p>\n<p>Andrijana Popovi\u0107, supruga prerano preminulog Mik\u0161e, zahvalila je organizacionom timu i brojnim Prijedor\u010danima koji su do\u0161li na otvaranje Festa.<\/p>\n<p><a href=\"https:\/\/www.prijedordanas.com\/wp-content\/uploads\/2019\/08\/sa-ulica-srijeda-uvece-3.jpg\"><img loading=\"lazy\" decoding=\"async\" class=\"alignleft size-medium wp-image-131769\" src=\"https:\/\/www.prijedordanas.com\/wp-content\/uploads\/2019\/08\/sa-ulica-srijeda-uvece-3-300x200.jpg\" alt=\"\" width=\"300\" height=\"200\" srcset=\"https:\/\/www.prijedordanas.com\/wp-content\/uploads\/2019\/08\/sa-ulica-srijeda-uvece-3-300x200.jpg 300w, https:\/\/www.prijedordanas.com\/wp-content\/uploads\/2019\/08\/sa-ulica-srijeda-uvece-3-100x67.jpg 100w, https:\/\/www.prijedordanas.com\/wp-content\/uploads\/2019\/08\/sa-ulica-srijeda-uvece-3-480x320.jpg 480w, https:\/\/www.prijedordanas.com\/wp-content\/uploads\/2019\/08\/sa-ulica-srijeda-uvece-3.jpg 600w\" sizes=\"(max-width: 300px) 100vw, 300px\" \/><\/a>Na malom prijedorskom trgu nastupili su Kombajn kvartet i Ketpul, a glumac Branko \u0110uri\u0107 izveo je stendap komediju &#8220;\u0110urologija&#8221;.<\/p>\n<p>&#8211; Do sada je ovu predstavu vidjelo vi\u0161e od 250.000 ljudi i ponosan sam \u0161to je to najgledanija predstava svih vremena &#8211; rekao je \u0110uri\u0107.<\/p>\n<p>Tokom dvije festivalske ve\u010deri, 9. i 10. avgusta u prijedorskoj Ljetnoj ba\u0161ti nastupi\u0107e poznata muzi\u010dka imena iz regiona.<\/p>\n<p><a href=\"https:\/\/www.prijedordanas.com\/wp-content\/uploads\/2019\/08\/sa-ulica-srijeda-uvece-5.jpg\"><img loading=\"lazy\" decoding=\"async\" src=\"https:\/\/www.prijedordanas.com\/wp-content\/uploads\/2019\/08\/sa-ulica-srijeda-uvece-5-300x200.jpg\" alt=\"\" width=\"300\" height=\"200\" class=\"alignleft size-medium wp-image-131770\" srcset=\"https:\/\/www.prijedordanas.com\/wp-content\/uploads\/2019\/08\/sa-ulica-srijeda-uvece-5-300x200.jpg 300w, https:\/\/www.prijedordanas.com\/wp-content\/uploads\/2019\/08\/sa-ulica-srijeda-uvece-5-100x67.jpg 100w, https:\/\/www.prijedordanas.com\/wp-content\/uploads\/2019\/08\/sa-ulica-srijeda-uvece-5-480x320.jpg 480w, https:\/\/www.prijedordanas.com\/wp-content\/uploads\/2019\/08\/sa-ulica-srijeda-uvece-5.jpg 600w\" sizes=\"(max-width: 300px) 100vw, 300px\" \/><\/a>&#8211; 9. avgusta u Ljetnoj ba\u0161ti nastupaju Partibrejkersi, Let tri, \u0160tutgart onlajn, Ajri Ef-Em, Smouk mardeljano, a 10. avgusta TBF, Vojko V, Mikri Maus i Bvana, M.O.R.T. Zoster V i prijedorski bend Sajana. I ove godine, prihod od prodatih ulaznica i pi\u0107a odlazi u Fond &#8220;Dalibor Popovi\u0107 Mik\u0161a&#8221; i u \u0160a udru\u017eenje, \u010diji je zadatak podr\u0161ka mladim neafirmisanim umjetnicima &#8211; navela je Nata\u0161a Kurid\u017ea, portparolka \u0160a festa.<\/p>\n<p>Prijedorska Gradska uprava podr\u017eala je ovaj festival. Zamjenik gradona\u010delnika Aleksandar Milju\u0161 najavio je da \u0107e u narednom periodu ta podr\u0161ka biti ve\u0107a.<\/p>\n<p>Sino\u0107 je banjalu\u010dko Gradsko pozori\u0161te \u0408azavac odigralo predstavu &#8220;Celo telo tu me boli&#8221;, a nastupio je i orkestar harmonika prijedorske muzi\u010dke \u0161kole Skaj glori, banjalu\u010dki Bendneon skver i prijedorska grupa Be\u0107ari.<\/p>\n<p>Medijski pokrovitelj \u0160a festa je Radio-televizija Republike Srpske.<\/p>\n<p>RTRS<\/p>\n<div style=\"width: 640px;\" class=\"wp-video\"><!--[if lt IE 9]><script>document.createElement('video');<\/script><![endif]-->\n<video class=\"wp-video-shortcode\" id=\"video-131765-1\" width=\"640\" height=\"360\" preload=\"metadata\" controls=\"controls\"><source type=\"video\/mp4\" src=\"https:\/\/arh3.rtrs.tv\/arhiva\/2019\/08\/08\/tvclip038153.mp4?_=1\" \/><a href=\"https:\/\/arh3.rtrs.tv\/arhiva\/2019\/08\/08\/tvclip038153.mp4\">https:\/\/arh3.rtrs.tv\/arhiva\/2019\/08\/08\/tvclip038153.mp4<\/a><\/video><\/div>\n<p><a href=\"https:\/\/www.prijedordanas.com\/wp-content\/uploads\/2019\/08\/sa-ulica-srijeda-uvece-6.jpg\"><img loading=\"lazy\" decoding=\"async\" src=\"https:\/\/www.prijedordanas.com\/wp-content\/uploads\/2019\/08\/sa-ulica-srijeda-uvece-6-300x199.jpg\" alt=\"\" width=\"300\" height=\"199\" class=\"alignleft size-medium wp-image-131771\" srcset=\"https:\/\/www.prijedordanas.com\/wp-content\/uploads\/2019\/08\/sa-ulica-srijeda-uvece-6-300x199.jpg 300w, https:\/\/www.prijedordanas.com\/wp-content\/uploads\/2019\/08\/sa-ulica-srijeda-uvece-6-100x66.jpg 100w, https:\/\/www.prijedordanas.com\/wp-content\/uploads\/2019\/08\/sa-ulica-srijeda-uvece-6-480x320.jpg 480w, https:\/\/www.prijedordanas.com\/wp-content\/uploads\/2019\/08\/sa-ulica-srijeda-uvece-6.jpg 600w\" sizes=\"(max-width: 300px) 100vw, 300px\" \/><\/a> <a href=\"https:\/\/www.prijedordanas.com\/wp-content\/uploads\/2019\/08\/sa-ulica-srijeda-uvece-4.jpg\"><img loading=\"lazy\" decoding=\"async\" src=\"https:\/\/www.prijedordanas.com\/wp-content\/uploads\/2019\/08\/sa-ulica-srijeda-uvece-4-300x200.jpg\" alt=\"\" width=\"300\" height=\"200\" class=\"alignleft size-medium wp-image-131772\" srcset=\"https:\/\/www.prijedordanas.com\/wp-content\/uploads\/2019\/08\/sa-ulica-srijeda-uvece-4-300x200.jpg 300w, https:\/\/www.prijedordanas.com\/wp-content\/uploads\/2019\/08\/sa-ulica-srijeda-uvece-4-100x67.jpg 100w, https:\/\/www.prijedordanas.com\/wp-content\/uploads\/2019\/08\/sa-ulica-srijeda-uvece-4-480x320.jpg 480w, https:\/\/www.prijedordanas.com\/wp-content\/uploads\/2019\/08\/sa-ulica-srijeda-uvece-4.jpg 600w\" sizes=\"(max-width: 300px) 100vw, 300px\" \/><\/a> <a href=\"https:\/\/www.prijedordanas.com\/wp-content\/uploads\/2019\/08\/sa-ulica-srijeda-uvece-7.jpg\"><img loading=\"lazy\" decoding=\"async\" src=\"https:\/\/www.prijedordanas.com\/wp-content\/uploads\/2019\/08\/sa-ulica-srijeda-uvece-7-199x300.jpg\" alt=\"\" width=\"199\" height=\"300\" class=\"alignleft size-medium wp-image-131773\" srcset=\"https:\/\/www.prijedordanas.com\/wp-content\/uploads\/2019\/08\/sa-ulica-srijeda-uvece-7-199x300.jpg 199w, https:\/\/www.prijedordanas.com\/wp-content\/uploads\/2019\/08\/sa-ulica-srijeda-uvece-7-66x100.jpg 66w, https:\/\/www.prijedordanas.com\/wp-content\/uploads\/2019\/08\/sa-ulica-srijeda-uvece-7.jpg 397w\" sizes=\"(max-width: 199px) 100vw, 199px\" \/><\/a><\/p>\n","protected":false},"excerpt":{"rendered":"<p>&#8220;\u0160a ulicom&#8221; u Prijedoru, po\u010deo je drugi \u0160a fest, memorijalni festival posve\u0107en prerano preminulom muzi\u010daru, slikaru i frontmenu prijedorske grupe Tatu, Daliboru Popovi\u0107u Mik\u0161i. Na glavnom prijedorskom trgu, publici su [&hellip;]<\/p>\n","protected":false},"author":1,"featured_media":0,"comment_status":"closed","ping_status":"open","sticky":false,"template":"","format":"standard","meta":{"_monsterinsights_skip_tracking":false,"_monsterinsights_sitenote_active":false,"_monsterinsights_sitenote_note":"","_monsterinsights_sitenote_category":0,"footnotes":""},"categories":[4],"tags":[10793,10895],"yoast_head":"<!-- This site is optimized with the Yoast SEO plugin v21.6 - https:\/\/yoast.com\/wordpress\/plugins\/seo\/ -->\n<title>\u0160a fest: Brojni sadr\u017eaji za Prijedor\u010dane i goste - FOTO\/VIDEO - PrijedorDanas.com - Prijedorski gradski portal<\/title>\n<meta name=\"robots\" content=\"index, follow, max-snippet:-1, max-image-preview:large, max-video-preview:-1\" \/>\n<link rel=\"canonical\" href=\"https:\/\/www.prijedordanas.com\/?p=131765\" \/>\n<meta property=\"og:locale\" content=\"en_US\" \/>\n<meta property=\"og:type\" content=\"article\" \/>\n<meta property=\"og:title\" content=\"\u0160a fest: Brojni sadr\u017eaji za Prijedor\u010dane i goste - FOTO\/VIDEO - PrijedorDanas.com - Prijedorski gradski portal\" \/>\n<meta property=\"og:description\" content=\"&#8220;\u0160a ulicom&#8221; u Prijedoru, po\u010deo je drugi \u0160a fest, memorijalni festival posve\u0107en prerano preminulom muzi\u010daru, slikaru i frontmenu prijedorske grupe Tatu, Daliboru Popovi\u0107u Mik\u0161i. Na glavnom prijedorskom trgu, publici su [&hellip;]\" \/>\n<meta property=\"og:url\" content=\"https:\/\/www.prijedordanas.com\/?p=131765\" \/>\n<meta property=\"og:site_name\" content=\"PrijedorDanas.com - Prijedorski gradski portal\" \/>\n<meta property=\"article:publisher\" content=\"https:\/\/www.facebook.com\/PrijedorDanasCom\/\" \/>\n<meta property=\"article:published_time\" content=\"2019-08-09T07:44:33+00:00\" \/>\n<meta property=\"og:image\" content=\"https:\/\/www.prijedordanas.com\/wp-content\/uploads\/2019\/08\/sa-ulica-srijeda-uvece-1-300x217.jpg\" \/>\n<meta name=\"author\" content=\"admin\" \/>\n<meta name=\"twitter:card\" content=\"summary_large_image\" \/>\n<meta name=\"twitter:label1\" content=\"Written by\" \/>\n\t<meta name=\"twitter:data1\" content=\"admin\" \/>\n\t<meta name=\"twitter:label2\" content=\"Est. reading time\" \/>\n\t<meta name=\"twitter:data2\" content=\"2 minutes\" \/>\n<script type=\"application\/ld+json\" class=\"yoast-schema-graph\">{\"@context\":\"https:\/\/schema.org\",\"@graph\":[{\"@type\":\"Article\",\"@id\":\"https:\/\/www.prijedordanas.com\/?p=131765#article\",\"isPartOf\":{\"@id\":\"https:\/\/www.prijedordanas.com\/?p=131765\"},\"author\":{\"name\":\"admin\",\"@id\":\"https:\/\/www.prijedordanas.com\/#\/schema\/person\/4e08ccf29b506ca916ff86d46bb700e6\"},\"headline\":\"\u0160a fest: Brojni sadr\u017eaji za Prijedor\u010dane i goste &#8211; FOTO\/VIDEO\",\"datePublished\":\"2019-08-09T07:44:33+00:00\",\"dateModified\":\"2019-08-09T07:44:33+00:00\",\"mainEntityOfPage\":{\"@id\":\"https:\/\/www.prijedordanas.com\/?p=131765\"},\"wordCount\":415,\"publisher\":{\"@id\":\"https:\/\/www.prijedordanas.com\/#organization\"},\"keywords\":[\"\u0160A Fest\",\"\u0160A ulica\"],\"articleSection\":[\"Dru\u0161tvo\"],\"inLanguage\":\"en-US\"},{\"@type\":\"WebPage\",\"@id\":\"https:\/\/www.prijedordanas.com\/?p=131765\",\"url\":\"https:\/\/www.prijedordanas.com\/?p=131765\",\"name\":\"\u0160a fest: Brojni sadr\u017eaji za Prijedor\u010dane i goste - FOTO\/VIDEO - PrijedorDanas.com - Prijedorski gradski portal\",\"isPartOf\":{\"@id\":\"https:\/\/www.prijedordanas.com\/#website\"},\"datePublished\":\"2019-08-09T07:44:33+00:00\",\"dateModified\":\"2019-08-09T07:44:33+00:00\",\"breadcrumb\":{\"@id\":\"https:\/\/www.prijedordanas.com\/?p=131765#breadcrumb\"},\"inLanguage\":\"en-US\",\"potentialAction\":[{\"@type\":\"ReadAction\",\"target\":[\"https:\/\/www.prijedordanas.com\/?p=131765\"]}]},{\"@type\":\"BreadcrumbList\",\"@id\":\"https:\/\/www.prijedordanas.com\/?p=131765#breadcrumb\",\"itemListElement\":[{\"@type\":\"ListItem\",\"position\":1,\"name\":\"Home\",\"item\":\"https:\/\/www.prijedordanas.com\/\"},{\"@type\":\"ListItem\",\"position\":2,\"name\":\"\u0160a fest: Brojni sadr\u017eaji za Prijedor\u010dane i goste &#8211; FOTO\/VIDEO\"}]},{\"@type\":\"WebSite\",\"@id\":\"https:\/\/www.prijedordanas.com\/#website\",\"url\":\"https:\/\/www.prijedordanas.com\/\",\"name\":\"PrijedorDanas.com - Prijedorski gradski portal\",\"description\":\"Portal o doga\u0111anjima u gradu Prijedoru\",\"publisher\":{\"@id\":\"https:\/\/www.prijedordanas.com\/#organization\"},\"potentialAction\":[{\"@type\":\"SearchAction\",\"target\":{\"@type\":\"EntryPoint\",\"urlTemplate\":\"https:\/\/www.prijedordanas.com\/?s={search_term_string}\"},\"query-input\":\"required name=search_term_string\"}],\"inLanguage\":\"en-US\"},{\"@type\":\"Organization\",\"@id\":\"https:\/\/www.prijedordanas.com\/#organization\",\"name\":\"PrijedorDanas.com\",\"url\":\"https:\/\/www.prijedordanas.com\/\",\"logo\":{\"@type\":\"ImageObject\",\"inLanguage\":\"en-US\",\"@id\":\"https:\/\/www.prijedordanas.com\/#\/schema\/logo\/image\/\",\"url\":\"http:\/\/www.prijedordanas.com\/wp-content\/uploads\/2021\/12\/logopng.png\",\"contentUrl\":\"http:\/\/www.prijedordanas.com\/wp-content\/uploads\/2021\/12\/logopng.png\",\"width\":1019,\"height\":776,\"caption\":\"PrijedorDanas.com\"},\"image\":{\"@id\":\"https:\/\/www.prijedordanas.com\/#\/schema\/logo\/image\/\"},\"sameAs\":[\"https:\/\/www.facebook.com\/PrijedorDanasCom\/\"]},{\"@type\":\"Person\",\"@id\":\"https:\/\/www.prijedordanas.com\/#\/schema\/person\/4e08ccf29b506ca916ff86d46bb700e6\",\"name\":\"admin\",\"image\":{\"@type\":\"ImageObject\",\"inLanguage\":\"en-US\",\"@id\":\"https:\/\/www.prijedordanas.com\/#\/schema\/person\/image\/\",\"url\":\"https:\/\/secure.gravatar.com\/avatar\/1d3fc949d550f0b53a5f0d51e06dfd79?s=96&d=mm&r=g\",\"contentUrl\":\"https:\/\/secure.gravatar.com\/avatar\/1d3fc949d550f0b53a5f0d51e06dfd79?s=96&d=mm&r=g\",\"caption\":\"admin\"},\"url\":\"https:\/\/www.prijedordanas.com\/?author=1\"}]}<\/script>\n<!-- \/ Yoast SEO plugin. -->","yoast_head_json":{"title":"\u0160a fest: Brojni sadr\u017eaji za Prijedor\u010dane i goste - FOTO\/VIDEO - PrijedorDanas.com - Prijedorski gradski portal","robots":{"index":"index","follow":"follow","max-snippet":"max-snippet:-1","max-image-preview":"max-image-preview:large","max-video-preview":"max-video-preview:-1"},"canonical":"https:\/\/www.prijedordanas.com\/?p=131765","og_locale":"en_US","og_type":"article","og_title":"\u0160a fest: Brojni sadr\u017eaji za Prijedor\u010dane i goste - FOTO\/VIDEO - PrijedorDanas.com - Prijedorski gradski portal","og_description":"&#8220;\u0160a ulicom&#8221; u Prijedoru, po\u010deo je drugi \u0160a fest, memorijalni festival posve\u0107en prerano preminulom muzi\u010daru, slikaru i frontmenu prijedorske grupe Tatu, Daliboru Popovi\u0107u Mik\u0161i. Na glavnom prijedorskom trgu, publici su [&hellip;]","og_url":"https:\/\/www.prijedordanas.com\/?p=131765","og_site_name":"PrijedorDanas.com - Prijedorski gradski portal","article_publisher":"https:\/\/www.facebook.com\/PrijedorDanasCom\/","article_published_time":"2019-08-09T07:44:33+00:00","og_image":[{"url":"https:\/\/www.prijedordanas.com\/wp-content\/uploads\/2019\/08\/sa-ulica-srijeda-uvece-1-300x217.jpg"}],"author":"admin","twitter_card":"summary_large_image","twitter_misc":{"Written by":"admin","Est. reading time":"2 minutes"},"schema":{"@context":"https:\/\/schema.org","@graph":[{"@type":"Article","@id":"https:\/\/www.prijedordanas.com\/?p=131765#article","isPartOf":{"@id":"https:\/\/www.prijedordanas.com\/?p=131765"},"author":{"name":"admin","@id":"https:\/\/www.prijedordanas.com\/#\/schema\/person\/4e08ccf29b506ca916ff86d46bb700e6"},"headline":"\u0160a fest: Brojni sadr\u017eaji za Prijedor\u010dane i goste &#8211; FOTO\/VIDEO","datePublished":"2019-08-09T07:44:33+00:00","dateModified":"2019-08-09T07:44:33+00:00","mainEntityOfPage":{"@id":"https:\/\/www.prijedordanas.com\/?p=131765"},"wordCount":415,"publisher":{"@id":"https:\/\/www.prijedordanas.com\/#organization"},"keywords":["\u0160A Fest","\u0160A ulica"],"articleSection":["Dru\u0161tvo"],"inLanguage":"en-US"},{"@type":"WebPage","@id":"https:\/\/www.prijedordanas.com\/?p=131765","url":"https:\/\/www.prijedordanas.com\/?p=131765","name":"\u0160a fest: Brojni sadr\u017eaji za Prijedor\u010dane i goste - FOTO\/VIDEO - PrijedorDanas.com - Prijedorski gradski portal","isPartOf":{"@id":"https:\/\/www.prijedordanas.com\/#website"},"datePublished":"2019-08-09T07:44:33+00:00","dateModified":"2019-08-09T07:44:33+00:00","breadcrumb":{"@id":"https:\/\/www.prijedordanas.com\/?p=131765#breadcrumb"},"inLanguage":"en-US","potentialAction":[{"@type":"ReadAction","target":["https:\/\/www.prijedordanas.com\/?p=131765"]}]},{"@type":"BreadcrumbList","@id":"https:\/\/www.prijedordanas.com\/?p=131765#breadcrumb","itemListElement":[{"@type":"ListItem","position":1,"name":"Home","item":"https:\/\/www.prijedordanas.com\/"},{"@type":"ListItem","position":2,"name":"\u0160a fest: Brojni sadr\u017eaji za Prijedor\u010dane i goste &#8211; FOTO\/VIDEO"}]},{"@type":"WebSite","@id":"https:\/\/www.prijedordanas.com\/#website","url":"https:\/\/www.prijedordanas.com\/","name":"PrijedorDanas.com - Prijedorski gradski portal","description":"Portal o doga\u0111anjima u gradu Prijedoru","publisher":{"@id":"https:\/\/www.prijedordanas.com\/#organization"},"potentialAction":[{"@type":"SearchAction","target":{"@type":"EntryPoint","urlTemplate":"https:\/\/www.prijedordanas.com\/?s={search_term_string}"},"query-input":"required name=search_term_string"}],"inLanguage":"en-US"},{"@type":"Organization","@id":"https:\/\/www.prijedordanas.com\/#organization","name":"PrijedorDanas.com","url":"https:\/\/www.prijedordanas.com\/","logo":{"@type":"ImageObject","inLanguage":"en-US","@id":"https:\/\/www.prijedordanas.com\/#\/schema\/logo\/image\/","url":"http:\/\/www.prijedordanas.com\/wp-content\/uploads\/2021\/12\/logopng.png","contentUrl":"http:\/\/www.prijedordanas.com\/wp-content\/uploads\/2021\/12\/logopng.png","width":1019,"height":776,"caption":"PrijedorDanas.com"},"image":{"@id":"https:\/\/www.prijedordanas.com\/#\/schema\/logo\/image\/"},"sameAs":["https:\/\/www.facebook.com\/PrijedorDanasCom\/"]},{"@type":"Person","@id":"https:\/\/www.prijedordanas.com\/#\/schema\/person\/4e08ccf29b506ca916ff86d46bb700e6","name":"admin","image":{"@type":"ImageObject","inLanguage":"en-US","@id":"https:\/\/www.prijedordanas.com\/#\/schema\/person\/image\/","url":"https:\/\/secure.gravatar.com\/avatar\/1d3fc949d550f0b53a5f0d51e06dfd79?s=96&d=mm&r=g","contentUrl":"https:\/\/secure.gravatar.com\/avatar\/1d3fc949d550f0b53a5f0d51e06dfd79?s=96&d=mm&r=g","caption":"admin"},"url":"https:\/\/www.prijedordanas.com\/?author=1"}]}},"_links":{"self":[{"href":"https:\/\/www.prijedordanas.com\/index.php?rest_route=\/wp\/v2\/posts\/131765"}],"collection":[{"href":"https:\/\/www.prijedordanas.com\/index.php?rest_route=\/wp\/v2\/posts"}],"about":[{"href":"https:\/\/www.prijedordanas.com\/index.php?rest_route=\/wp\/v2\/types\/post"}],"author":[{"embeddable":true,"href":"https:\/\/www.prijedordanas.com\/index.php?rest_route=\/wp\/v2\/users\/1"}],"replies":[{"embeddable":true,"href":"https:\/\/www.prijedordanas.com\/index.php?rest_route=%2Fwp%2Fv2%2Fcomments&post=131765"}],"version-history":[{"count":1,"href":"https:\/\/www.prijedordanas.com\/index.php?rest_route=\/wp\/v2\/posts\/131765\/revisions"}],"predecessor-version":[{"id":131774,"href":"https:\/\/www.prijedordanas.com\/index.php?rest_route=\/wp\/v2\/posts\/131765\/revisions\/131774"}],"wp:attachment":[{"href":"https:\/\/www.prijedordanas.com\/index.php?rest_route=%2Fwp%2Fv2%2Fmedia&parent=131765"}],"wp:term":[{"taxonomy":"category","embeddable":true,"href":"https:\/\/www.prijedordanas.com\/index.php?rest_route=%2Fwp%2Fv2%2Fcategories&post=131765"},{"taxonomy":"post_tag","embeddable":true,"href":"https:\/\/www.prijedordanas.com\/index.php?rest_route=%2Fwp%2Fv2%2Ftags&post=131765"}],"curies":[{"name":"wp","href":"https:\/\/api.w.org\/{rel}","templated":true}]}}