{"id":13151,"date":"2014-12-27T13:03:27","date_gmt":"2014-12-27T12:03:27","guid":{"rendered":"https:\/\/www.prijedordanas.com\/?p=13151"},"modified":"2014-12-27T13:03:27","modified_gmt":"2014-12-27T12:03:27","slug":"ivona-odicki-iz-os-petar-kocic-pobjednica-novogodisnjih-karaoka-foto-3","status":"publish","type":"post","link":"https:\/\/www.prijedordanas.com\/?p=13151","title":{"rendered":"IVONA ODICKI IZ O\u0160 \u201ePETAR KO\u010cI\u0106\u201c POBJEDNICA NOVOGODI\u0160NJIH KARAOKA \u2013 FOTO"},"content":{"rendered":"<p><a href=\"https:\/\/www.prijedordanas.com\/wp-content\/uploads\/2014\/12\/karaoke-2014-1.jpg\"><img loading=\"lazy\" decoding=\"async\" class=\"alignleft size-medium wp-image-13130\" src=\"https:\/\/www.prijedordanas.com\/wp-content\/uploads\/2014\/12\/karaoke-2014-1-300x198.jpg\" alt=\"karaoke 2014 (1)\" width=\"300\" height=\"198\" srcset=\"https:\/\/www.prijedordanas.com\/wp-content\/uploads\/2014\/12\/karaoke-2014-1-300x198.jpg 300w, https:\/\/www.prijedordanas.com\/wp-content\/uploads\/2014\/12\/karaoke-2014-1-624x413.jpg 624w, https:\/\/www.prijedordanas.com\/wp-content\/uploads\/2014\/12\/karaoke-2014-1.jpg 800w\" sizes=\"(max-width: 300px) 100vw, 300px\" \/><\/a>U\u010denica Osnovne \u0161kole \/O\u0160\/ &#8220;Petar Ko\u010di\u0107&#8221; iz Prijedora Ivona Odicki pobjednik je 14. Festivala &#8220;Djeca pjevaju hitove &#8211; Novogodi\u0161nje karaoke&#8221;, koji je odr\u017ean u prepunoj sali Sportske dvorane &#8220;Mladost&#8221;.<\/p>\n<p>Ona je na sino\u0107njem nastupu otpjevala pjesmu &#8220;Da te volim&#8221; Aleksandre Kova\u010d, a pobjednika je proglasio stru\u010dni \u017eiri koji su \u010dinili Neboj\u0161a Aleksi\u0107, Borjana Kurtovi\u0107 i Dejan \u0160arovi\u0107.<\/p>\n<p>Drugo mjesto i nagradu za najbolji scenski nastup osvojila je u\u010denica O\u0160 &#8220;Vuk Karad\u017ei\u0107&#8221; iz Kozarske Dubice Anja Jovanovi\u0107 pjesmom &#8220;Ja bih te sanjala&#8221; grupe &#8220;Negativ&#8221;, a tre\u0107e Mario Deli\u0107, u\u010denik O\u0160 &#8220;Mladen Stojanovi\u0107&#8221; iz LJubije pjesmom Adel &#8220;Don&#8217;t you remember&#8221;.<\/p>\n<p>Nagradu publike osvojila je Vanja Gruban iz O\u0160 &#8220;Petar Ko\u010di\u0107&#8221; iz Prijedora koja je izvela pjesmu &#8220;Ima jedan svijet&#8221; grupe &#8220;Stijene&#8221;, dok je najmla\u0111i u\u010desnik bila osmogodi\u0161nja Iva Dragojevi\u0107 iz O\u0160 &#8220;Desanka Maksimovi\u0107&#8221; Prijedor, koja je otpjevala pjesmu &#8220;Hej dragi, dragi&#8221; grupe &#8220;Legende&#8221;.<\/p>\n<p><a href=\"https:\/\/www.prijedordanas.com\/wp-content\/uploads\/2014\/12\/karaoke-2014-2.jpg\"><img loading=\"lazy\" decoding=\"async\" class=\"alignleft size-medium wp-image-13144\" src=\"https:\/\/www.prijedordanas.com\/wp-content\/uploads\/2014\/12\/karaoke-2014-2-300x198.jpg\" alt=\"karaoke 2014 (2)\" width=\"300\" height=\"198\" srcset=\"https:\/\/www.prijedordanas.com\/wp-content\/uploads\/2014\/12\/karaoke-2014-2-300x198.jpg 300w, https:\/\/www.prijedordanas.com\/wp-content\/uploads\/2014\/12\/karaoke-2014-2-624x413.jpg 624w, https:\/\/www.prijedordanas.com\/wp-content\/uploads\/2014\/12\/karaoke-2014-2.jpg 800w\" sizes=\"(max-width: 300px) 100vw, 300px\" \/><\/a>U finalnoj ve\u010deri ovog tradicionalnog festivala u\u010destvovala su 34 izvo\u0111a\u010da iz dvadesetak osnovnih \u0161kola sa podru\u010dja grada Prijedora i op\u0161tina Novi Grad i Kozarska Dubica, a navija\u010di iz O\u0160 &#8220;Branko \u0106opi\u0107&#8221; progla\u0161eni su za najbolje.<\/p>\n<p>U revijalnom dijelu nastupile su ma\u017eoretkinje iz O\u0160 &#8220;Branko \u0106opi\u0107&#8221; i ma\u017eoret grupe &#8220;Festina&#8221;, plesna grupa &#8220;Top dens&#8221;, dosada\u0161nji pobjednici ovog festivala i manekenke Jelene Govedarice.<\/p>\n<p>Organizator festivala je prijedorska podru\u017enica Udru\u017eenja estradnih radnika i estradnih umjetnika Republike Srpske &#8220;Estrada Republike Srpske&#8221;, prijatelj festivala je predsjednik Republike Srpske, a pokrovitelji grad Prijedor, lokalne zajednice prijedorske regije i brojni sponzori.<\/p>\n<p>Tekst \u2013 SRNA<br \/>\nFoto \u2013 Aleksandar Drakuli\u0107 \u2013 www.prijedordanas.com<\/p>\n<p><a href=\"https:\/\/www.prijedordanas.com\/wp-content\/uploads\/2014\/12\/karaoke-2014-3.jpg\"><img loading=\"lazy\" decoding=\"async\" class=\"alignleft size-medium wp-image-13131\" src=\"https:\/\/www.prijedordanas.com\/wp-content\/uploads\/2014\/12\/karaoke-2014-3-300x198.jpg\" alt=\"karaoke 2014 (3)\" width=\"300\" height=\"198\" srcset=\"https:\/\/www.prijedordanas.com\/wp-content\/uploads\/2014\/12\/karaoke-2014-3-300x198.jpg 300w, https:\/\/www.prijedordanas.com\/wp-content\/uploads\/2014\/12\/karaoke-2014-3-624x413.jpg 624w, https:\/\/www.prijedordanas.com\/wp-content\/uploads\/2014\/12\/karaoke-2014-3.jpg 800w\" sizes=\"(max-width: 300px) 100vw, 300px\" \/><\/a> <a href=\"https:\/\/www.prijedordanas.com\/wp-content\/uploads\/2014\/12\/karaoke-2014-4.jpg\"><img loading=\"lazy\" decoding=\"async\" class=\"alignleft size-medium wp-image-13132\" src=\"https:\/\/www.prijedordanas.com\/wp-content\/uploads\/2014\/12\/karaoke-2014-4-300x198.jpg\" alt=\"karaoke 2014 (4)\" width=\"300\" height=\"198\" srcset=\"https:\/\/www.prijedordanas.com\/wp-content\/uploads\/2014\/12\/karaoke-2014-4-300x198.jpg 300w, https:\/\/www.prijedordanas.com\/wp-content\/uploads\/2014\/12\/karaoke-2014-4-624x413.jpg 624w, https:\/\/www.prijedordanas.com\/wp-content\/uploads\/2014\/12\/karaoke-2014-4.jpg 800w\" sizes=\"(max-width: 300px) 100vw, 300px\" \/><\/a> <a href=\"https:\/\/www.prijedordanas.com\/wp-content\/uploads\/2014\/12\/karaoke-2014-5.jpg\"><img loading=\"lazy\" decoding=\"async\" class=\"alignleft size-medium wp-image-13133\" src=\"https:\/\/www.prijedordanas.com\/wp-content\/uploads\/2014\/12\/karaoke-2014-5-300x198.jpg\" alt=\"karaoke 2014 (5)\" width=\"300\" height=\"198\" srcset=\"https:\/\/www.prijedordanas.com\/wp-content\/uploads\/2014\/12\/karaoke-2014-5-300x198.jpg 300w, https:\/\/www.prijedordanas.com\/wp-content\/uploads\/2014\/12\/karaoke-2014-5-624x413.jpg 624w, https:\/\/www.prijedordanas.com\/wp-content\/uploads\/2014\/12\/karaoke-2014-5.jpg 800w\" sizes=\"(max-width: 300px) 100vw, 300px\" \/><\/a> <a href=\"https:\/\/www.prijedordanas.com\/wp-content\/uploads\/2014\/12\/karaoke-2014-6.jpg\"><img loading=\"lazy\" decoding=\"async\" class=\"alignleft size-medium wp-image-13134\" src=\"https:\/\/www.prijedordanas.com\/wp-content\/uploads\/2014\/12\/karaoke-2014-6-300x198.jpg\" alt=\"karaoke 2014 (6)\" width=\"300\" height=\"198\" srcset=\"https:\/\/www.prijedordanas.com\/wp-content\/uploads\/2014\/12\/karaoke-2014-6-300x198.jpg 300w, https:\/\/www.prijedordanas.com\/wp-content\/uploads\/2014\/12\/karaoke-2014-6-624x413.jpg 624w, https:\/\/www.prijedordanas.com\/wp-content\/uploads\/2014\/12\/karaoke-2014-6.jpg 800w\" sizes=\"(max-width: 300px) 100vw, 300px\" \/><\/a> <a href=\"https:\/\/www.prijedordanas.com\/wp-content\/uploads\/2014\/12\/karaoke-2014-7.jpg\"><img loading=\"lazy\" decoding=\"async\" class=\"alignleft size-medium wp-image-13135\" src=\"https:\/\/www.prijedordanas.com\/wp-content\/uploads\/2014\/12\/karaoke-2014-7-300x198.jpg\" alt=\"karaoke 2014 (7)\" width=\"300\" height=\"198\" srcset=\"https:\/\/www.prijedordanas.com\/wp-content\/uploads\/2014\/12\/karaoke-2014-7-300x198.jpg 300w, https:\/\/www.prijedordanas.com\/wp-content\/uploads\/2014\/12\/karaoke-2014-7-624x413.jpg 624w, https:\/\/www.prijedordanas.com\/wp-content\/uploads\/2014\/12\/karaoke-2014-7.jpg 800w\" sizes=\"(max-width: 300px) 100vw, 300px\" \/><\/a> <a href=\"https:\/\/www.prijedordanas.com\/wp-content\/uploads\/2014\/12\/karaoke-2014-8.jpg\"><img loading=\"lazy\" decoding=\"async\" class=\"alignleft size-medium wp-image-13136\" src=\"https:\/\/www.prijedordanas.com\/wp-content\/uploads\/2014\/12\/karaoke-2014-8-300x198.jpg\" alt=\"karaoke 2014 (8)\" width=\"300\" height=\"198\" srcset=\"https:\/\/www.prijedordanas.com\/wp-content\/uploads\/2014\/12\/karaoke-2014-8-300x198.jpg 300w, https:\/\/www.prijedordanas.com\/wp-content\/uploads\/2014\/12\/karaoke-2014-8-624x413.jpg 624w, https:\/\/www.prijedordanas.com\/wp-content\/uploads\/2014\/12\/karaoke-2014-8.jpg 800w\" sizes=\"(max-width: 300px) 100vw, 300px\" \/><\/a> <a href=\"https:\/\/www.prijedordanas.com\/wp-content\/uploads\/2014\/12\/karaoke-2014-9.jpg\"><img loading=\"lazy\" decoding=\"async\" class=\"alignleft size-medium wp-image-13137\" src=\"https:\/\/www.prijedordanas.com\/wp-content\/uploads\/2014\/12\/karaoke-2014-9-300x198.jpg\" alt=\"karaoke 2014 (9)\" width=\"300\" height=\"198\" srcset=\"https:\/\/www.prijedordanas.com\/wp-content\/uploads\/2014\/12\/karaoke-2014-9-300x198.jpg 300w, https:\/\/www.prijedordanas.com\/wp-content\/uploads\/2014\/12\/karaoke-2014-9-624x413.jpg 624w, https:\/\/www.prijedordanas.com\/wp-content\/uploads\/2014\/12\/karaoke-2014-9.jpg 800w\" sizes=\"(max-width: 300px) 100vw, 300px\" \/><\/a> <a href=\"https:\/\/www.prijedordanas.com\/wp-content\/uploads\/2014\/12\/karaoke-2014-10.jpg\"><img loading=\"lazy\" decoding=\"async\" class=\"alignleft size-medium wp-image-13138\" src=\"https:\/\/www.prijedordanas.com\/wp-content\/uploads\/2014\/12\/karaoke-2014-10-300x198.jpg\" alt=\"karaoke 2014 (10)\" width=\"300\" height=\"198\" srcset=\"https:\/\/www.prijedordanas.com\/wp-content\/uploads\/2014\/12\/karaoke-2014-10-300x198.jpg 300w, https:\/\/www.prijedordanas.com\/wp-content\/uploads\/2014\/12\/karaoke-2014-10-624x413.jpg 624w, https:\/\/www.prijedordanas.com\/wp-content\/uploads\/2014\/12\/karaoke-2014-10.jpg 800w\" sizes=\"(max-width: 300px) 100vw, 300px\" \/><\/a> <a href=\"https:\/\/www.prijedordanas.com\/wp-content\/uploads\/2014\/12\/karaoke-2014-11.jpg\"><img loading=\"lazy\" decoding=\"async\" class=\"alignleft size-medium wp-image-13139\" src=\"https:\/\/www.prijedordanas.com\/wp-content\/uploads\/2014\/12\/karaoke-2014-11-300x198.jpg\" alt=\"karaoke 2014 (11)\" width=\"300\" height=\"198\" srcset=\"https:\/\/www.prijedordanas.com\/wp-content\/uploads\/2014\/12\/karaoke-2014-11-300x198.jpg 300w, https:\/\/www.prijedordanas.com\/wp-content\/uploads\/2014\/12\/karaoke-2014-11-624x413.jpg 624w, https:\/\/www.prijedordanas.com\/wp-content\/uploads\/2014\/12\/karaoke-2014-11.jpg 800w\" sizes=\"(max-width: 300px) 100vw, 300px\" \/><\/a> <a href=\"https:\/\/www.prijedordanas.com\/wp-content\/uploads\/2014\/12\/karaoke-2014-12.jpg\"><img loading=\"lazy\" decoding=\"async\" class=\"alignleft size-medium wp-image-13140\" src=\"https:\/\/www.prijedordanas.com\/wp-content\/uploads\/2014\/12\/karaoke-2014-12-300x198.jpg\" alt=\"karaoke 2014 (12)\" width=\"300\" height=\"198\" srcset=\"https:\/\/www.prijedordanas.com\/wp-content\/uploads\/2014\/12\/karaoke-2014-12-300x198.jpg 300w, https:\/\/www.prijedordanas.com\/wp-content\/uploads\/2014\/12\/karaoke-2014-12-624x413.jpg 624w, https:\/\/www.prijedordanas.com\/wp-content\/uploads\/2014\/12\/karaoke-2014-12.jpg 800w\" sizes=\"(max-width: 300px) 100vw, 300px\" \/><\/a> <a href=\"https:\/\/www.prijedordanas.com\/wp-content\/uploads\/2014\/12\/karaoke-2014-13.jpg\"><img loading=\"lazy\" decoding=\"async\" class=\"alignleft size-medium wp-image-13141\" src=\"https:\/\/www.prijedordanas.com\/wp-content\/uploads\/2014\/12\/karaoke-2014-13-300x198.jpg\" alt=\"karaoke 2014 (13)\" width=\"300\" height=\"198\" srcset=\"https:\/\/www.prijedordanas.com\/wp-content\/uploads\/2014\/12\/karaoke-2014-13-300x198.jpg 300w, https:\/\/www.prijedordanas.com\/wp-content\/uploads\/2014\/12\/karaoke-2014-13-624x413.jpg 624w, https:\/\/www.prijedordanas.com\/wp-content\/uploads\/2014\/12\/karaoke-2014-13.jpg 800w\" sizes=\"(max-width: 300px) 100vw, 300px\" \/><\/a> <a href=\"https:\/\/www.prijedordanas.com\/wp-content\/uploads\/2014\/12\/karaoke-2014-14.jpg\"><img loading=\"lazy\" decoding=\"async\" class=\"alignleft size-medium wp-image-13142\" src=\"https:\/\/www.prijedordanas.com\/wp-content\/uploads\/2014\/12\/karaoke-2014-14-300x198.jpg\" alt=\"karaoke 2014 (14)\" width=\"300\" height=\"198\" srcset=\"https:\/\/www.prijedordanas.com\/wp-content\/uploads\/2014\/12\/karaoke-2014-14-300x198.jpg 300w, https:\/\/www.prijedordanas.com\/wp-content\/uploads\/2014\/12\/karaoke-2014-14-624x413.jpg 624w, https:\/\/www.prijedordanas.com\/wp-content\/uploads\/2014\/12\/karaoke-2014-14.jpg 800w\" sizes=\"(max-width: 300px) 100vw, 300px\" \/><\/a><\/p>\n","protected":false},"excerpt":{"rendered":"<p>U\u010denica Osnovne \u0161kole \/O\u0160\/ &#8220;Petar Ko\u010di\u0107&#8221; iz Prijedora Ivona Odicki pobjednik je 14. Festivala &#8220;Djeca pjevaju hitove &#8211; Novogodi\u0161nje karaoke&#8221;, koji je odr\u017ean u prepunoj sali Sportske dvorane &#8220;Mladost&#8221;. Ona [&hellip;]<\/p>\n","protected":false},"author":1,"featured_media":0,"comment_status":"closed","ping_status":"open","sticky":false,"template":"","format":"standard","meta":{"_monsterinsights_skip_tracking":false,"_monsterinsights_sitenote_active":false,"_monsterinsights_sitenote_note":"","_monsterinsights_sitenote_category":0,"footnotes":""},"categories":[4],"tags":[],"yoast_head":"<!-- This site is optimized with the Yoast SEO plugin v21.6 - https:\/\/yoast.com\/wordpress\/plugins\/seo\/ -->\n<title>IVONA ODICKI IZ O\u0160 \u201ePETAR KO\u010cI\u0106\u201c POBJEDNICA NOVOGODI\u0160NJIH KARAOKA \u2013 FOTO - PrijedorDanas.com - Prijedorski gradski portal<\/title>\n<meta name=\"robots\" content=\"index, follow, max-snippet:-1, max-image-preview:large, max-video-preview:-1\" \/>\n<link rel=\"canonical\" href=\"https:\/\/www.prijedordanas.com\/?p=13151\" \/>\n<meta property=\"og:locale\" content=\"en_US\" \/>\n<meta property=\"og:type\" content=\"article\" \/>\n<meta property=\"og:title\" content=\"IVONA ODICKI IZ O\u0160 \u201ePETAR KO\u010cI\u0106\u201c POBJEDNICA NOVOGODI\u0160NJIH KARAOKA \u2013 FOTO - PrijedorDanas.com - Prijedorski gradski portal\" \/>\n<meta property=\"og:description\" content=\"U\u010denica Osnovne \u0161kole \/O\u0160\/ &#8220;Petar Ko\u010di\u0107&#8221; iz Prijedora Ivona Odicki pobjednik je 14. Festivala &#8220;Djeca pjevaju hitove &#8211; Novogodi\u0161nje karaoke&#8221;, koji je odr\u017ean u prepunoj sali Sportske dvorane &#8220;Mladost&#8221;. Ona [&hellip;]\" \/>\n<meta property=\"og:url\" content=\"https:\/\/www.prijedordanas.com\/?p=13151\" \/>\n<meta property=\"og:site_name\" content=\"PrijedorDanas.com - Prijedorski gradski portal\" \/>\n<meta property=\"article:publisher\" content=\"https:\/\/www.facebook.com\/PrijedorDanasCom\/\" \/>\n<meta property=\"article:published_time\" content=\"2014-12-27T12:03:27+00:00\" \/>\n<meta property=\"og:image\" content=\"https:\/\/www.prijedordanas.com\/wp-content\/uploads\/2014\/12\/karaoke-2014-1-300x198.jpg\" \/>\n<meta name=\"author\" content=\"admin\" \/>\n<meta name=\"twitter:card\" content=\"summary_large_image\" \/>\n<meta name=\"twitter:label1\" content=\"Written by\" \/>\n\t<meta name=\"twitter:data1\" content=\"admin\" \/>\n\t<meta name=\"twitter:label2\" content=\"Est. reading time\" \/>\n\t<meta name=\"twitter:data2\" content=\"1 minute\" \/>\n<script type=\"application\/ld+json\" class=\"yoast-schema-graph\">{\"@context\":\"https:\/\/schema.org\",\"@graph\":[{\"@type\":\"Article\",\"@id\":\"https:\/\/www.prijedordanas.com\/?p=13151#article\",\"isPartOf\":{\"@id\":\"https:\/\/www.prijedordanas.com\/?p=13151\"},\"author\":{\"name\":\"admin\",\"@id\":\"https:\/\/www.prijedordanas.com\/#\/schema\/person\/4e08ccf29b506ca916ff86d46bb700e6\"},\"headline\":\"IVONA ODICKI IZ O\u0160 \u201ePETAR KO\u010cI\u0106\u201c POBJEDNICA NOVOGODI\u0160NJIH KARAOKA \u2013 FOTO\",\"datePublished\":\"2014-12-27T12:03:27+00:00\",\"dateModified\":\"2014-12-27T12:03:27+00:00\",\"mainEntityOfPage\":{\"@id\":\"https:\/\/www.prijedordanas.com\/?p=13151\"},\"wordCount\":281,\"publisher\":{\"@id\":\"https:\/\/www.prijedordanas.com\/#organization\"},\"articleSection\":[\"Dru\u0161tvo\"],\"inLanguage\":\"en-US\"},{\"@type\":\"WebPage\",\"@id\":\"https:\/\/www.prijedordanas.com\/?p=13151\",\"url\":\"https:\/\/www.prijedordanas.com\/?p=13151\",\"name\":\"IVONA ODICKI IZ O\u0160 \u201ePETAR KO\u010cI\u0106\u201c POBJEDNICA NOVOGODI\u0160NJIH KARAOKA \u2013 FOTO - PrijedorDanas.com - Prijedorski gradski portal\",\"isPartOf\":{\"@id\":\"https:\/\/www.prijedordanas.com\/#website\"},\"datePublished\":\"2014-12-27T12:03:27+00:00\",\"dateModified\":\"2014-12-27T12:03:27+00:00\",\"breadcrumb\":{\"@id\":\"https:\/\/www.prijedordanas.com\/?p=13151#breadcrumb\"},\"inLanguage\":\"en-US\",\"potentialAction\":[{\"@type\":\"ReadAction\",\"target\":[\"https:\/\/www.prijedordanas.com\/?p=13151\"]}]},{\"@type\":\"BreadcrumbList\",\"@id\":\"https:\/\/www.prijedordanas.com\/?p=13151#breadcrumb\",\"itemListElement\":[{\"@type\":\"ListItem\",\"position\":1,\"name\":\"Home\",\"item\":\"https:\/\/www.prijedordanas.com\/\"},{\"@type\":\"ListItem\",\"position\":2,\"name\":\"IVONA ODICKI IZ O\u0160 \u201ePETAR KO\u010cI\u0106\u201c POBJEDNICA NOVOGODI\u0160NJIH KARAOKA \u2013 FOTO\"}]},{\"@type\":\"WebSite\",\"@id\":\"https:\/\/www.prijedordanas.com\/#website\",\"url\":\"https:\/\/www.prijedordanas.com\/\",\"name\":\"PrijedorDanas.com - Prijedorski gradski portal\",\"description\":\"Portal o doga\u0111anjima u gradu Prijedoru\",\"publisher\":{\"@id\":\"https:\/\/www.prijedordanas.com\/#organization\"},\"potentialAction\":[{\"@type\":\"SearchAction\",\"target\":{\"@type\":\"EntryPoint\",\"urlTemplate\":\"https:\/\/www.prijedordanas.com\/?s={search_term_string}\"},\"query-input\":\"required name=search_term_string\"}],\"inLanguage\":\"en-US\"},{\"@type\":\"Organization\",\"@id\":\"https:\/\/www.prijedordanas.com\/#organization\",\"name\":\"PrijedorDanas.com\",\"url\":\"https:\/\/www.prijedordanas.com\/\",\"logo\":{\"@type\":\"ImageObject\",\"inLanguage\":\"en-US\",\"@id\":\"https:\/\/www.prijedordanas.com\/#\/schema\/logo\/image\/\",\"url\":\"http:\/\/www.prijedordanas.com\/wp-content\/uploads\/2021\/12\/logopng.png\",\"contentUrl\":\"http:\/\/www.prijedordanas.com\/wp-content\/uploads\/2021\/12\/logopng.png\",\"width\":1019,\"height\":776,\"caption\":\"PrijedorDanas.com\"},\"image\":{\"@id\":\"https:\/\/www.prijedordanas.com\/#\/schema\/logo\/image\/\"},\"sameAs\":[\"https:\/\/www.facebook.com\/PrijedorDanasCom\/\"]},{\"@type\":\"Person\",\"@id\":\"https:\/\/www.prijedordanas.com\/#\/schema\/person\/4e08ccf29b506ca916ff86d46bb700e6\",\"name\":\"admin\",\"image\":{\"@type\":\"ImageObject\",\"inLanguage\":\"en-US\",\"@id\":\"https:\/\/www.prijedordanas.com\/#\/schema\/person\/image\/\",\"url\":\"https:\/\/secure.gravatar.com\/avatar\/1d3fc949d550f0b53a5f0d51e06dfd79?s=96&d=mm&r=g\",\"contentUrl\":\"https:\/\/secure.gravatar.com\/avatar\/1d3fc949d550f0b53a5f0d51e06dfd79?s=96&d=mm&r=g\",\"caption\":\"admin\"},\"url\":\"https:\/\/www.prijedordanas.com\/?author=1\"}]}<\/script>\n<!-- \/ Yoast SEO plugin. -->","yoast_head_json":{"title":"IVONA ODICKI IZ O\u0160 \u201ePETAR KO\u010cI\u0106\u201c POBJEDNICA NOVOGODI\u0160NJIH KARAOKA \u2013 FOTO - PrijedorDanas.com - Prijedorski gradski portal","robots":{"index":"index","follow":"follow","max-snippet":"max-snippet:-1","max-image-preview":"max-image-preview:large","max-video-preview":"max-video-preview:-1"},"canonical":"https:\/\/www.prijedordanas.com\/?p=13151","og_locale":"en_US","og_type":"article","og_title":"IVONA ODICKI IZ O\u0160 \u201ePETAR KO\u010cI\u0106\u201c POBJEDNICA NOVOGODI\u0160NJIH KARAOKA \u2013 FOTO - PrijedorDanas.com - Prijedorski gradski portal","og_description":"U\u010denica Osnovne \u0161kole \/O\u0160\/ &#8220;Petar Ko\u010di\u0107&#8221; iz Prijedora Ivona Odicki pobjednik je 14. Festivala &#8220;Djeca pjevaju hitove &#8211; Novogodi\u0161nje karaoke&#8221;, koji je odr\u017ean u prepunoj sali Sportske dvorane &#8220;Mladost&#8221;. Ona [&hellip;]","og_url":"https:\/\/www.prijedordanas.com\/?p=13151","og_site_name":"PrijedorDanas.com - Prijedorski gradski portal","article_publisher":"https:\/\/www.facebook.com\/PrijedorDanasCom\/","article_published_time":"2014-12-27T12:03:27+00:00","og_image":[{"url":"https:\/\/www.prijedordanas.com\/wp-content\/uploads\/2014\/12\/karaoke-2014-1-300x198.jpg"}],"author":"admin","twitter_card":"summary_large_image","twitter_misc":{"Written by":"admin","Est. reading time":"1 minute"},"schema":{"@context":"https:\/\/schema.org","@graph":[{"@type":"Article","@id":"https:\/\/www.prijedordanas.com\/?p=13151#article","isPartOf":{"@id":"https:\/\/www.prijedordanas.com\/?p=13151"},"author":{"name":"admin","@id":"https:\/\/www.prijedordanas.com\/#\/schema\/person\/4e08ccf29b506ca916ff86d46bb700e6"},"headline":"IVONA ODICKI IZ O\u0160 \u201ePETAR KO\u010cI\u0106\u201c POBJEDNICA NOVOGODI\u0160NJIH KARAOKA \u2013 FOTO","datePublished":"2014-12-27T12:03:27+00:00","dateModified":"2014-12-27T12:03:27+00:00","mainEntityOfPage":{"@id":"https:\/\/www.prijedordanas.com\/?p=13151"},"wordCount":281,"publisher":{"@id":"https:\/\/www.prijedordanas.com\/#organization"},"articleSection":["Dru\u0161tvo"],"inLanguage":"en-US"},{"@type":"WebPage","@id":"https:\/\/www.prijedordanas.com\/?p=13151","url":"https:\/\/www.prijedordanas.com\/?p=13151","name":"IVONA ODICKI IZ O\u0160 \u201ePETAR KO\u010cI\u0106\u201c POBJEDNICA NOVOGODI\u0160NJIH KARAOKA \u2013 FOTO - PrijedorDanas.com - Prijedorski gradski portal","isPartOf":{"@id":"https:\/\/www.prijedordanas.com\/#website"},"datePublished":"2014-12-27T12:03:27+00:00","dateModified":"2014-12-27T12:03:27+00:00","breadcrumb":{"@id":"https:\/\/www.prijedordanas.com\/?p=13151#breadcrumb"},"inLanguage":"en-US","potentialAction":[{"@type":"ReadAction","target":["https:\/\/www.prijedordanas.com\/?p=13151"]}]},{"@type":"BreadcrumbList","@id":"https:\/\/www.prijedordanas.com\/?p=13151#breadcrumb","itemListElement":[{"@type":"ListItem","position":1,"name":"Home","item":"https:\/\/www.prijedordanas.com\/"},{"@type":"ListItem","position":2,"name":"IVONA ODICKI IZ O\u0160 \u201ePETAR KO\u010cI\u0106\u201c POBJEDNICA NOVOGODI\u0160NJIH KARAOKA \u2013 FOTO"}]},{"@type":"WebSite","@id":"https:\/\/www.prijedordanas.com\/#website","url":"https:\/\/www.prijedordanas.com\/","name":"PrijedorDanas.com - Prijedorski gradski portal","description":"Portal o doga\u0111anjima u gradu Prijedoru","publisher":{"@id":"https:\/\/www.prijedordanas.com\/#organization"},"potentialAction":[{"@type":"SearchAction","target":{"@type":"EntryPoint","urlTemplate":"https:\/\/www.prijedordanas.com\/?s={search_term_string}"},"query-input":"required name=search_term_string"}],"inLanguage":"en-US"},{"@type":"Organization","@id":"https:\/\/www.prijedordanas.com\/#organization","name":"PrijedorDanas.com","url":"https:\/\/www.prijedordanas.com\/","logo":{"@type":"ImageObject","inLanguage":"en-US","@id":"https:\/\/www.prijedordanas.com\/#\/schema\/logo\/image\/","url":"http:\/\/www.prijedordanas.com\/wp-content\/uploads\/2021\/12\/logopng.png","contentUrl":"http:\/\/www.prijedordanas.com\/wp-content\/uploads\/2021\/12\/logopng.png","width":1019,"height":776,"caption":"PrijedorDanas.com"},"image":{"@id":"https:\/\/www.prijedordanas.com\/#\/schema\/logo\/image\/"},"sameAs":["https:\/\/www.facebook.com\/PrijedorDanasCom\/"]},{"@type":"Person","@id":"https:\/\/www.prijedordanas.com\/#\/schema\/person\/4e08ccf29b506ca916ff86d46bb700e6","name":"admin","image":{"@type":"ImageObject","inLanguage":"en-US","@id":"https:\/\/www.prijedordanas.com\/#\/schema\/person\/image\/","url":"https:\/\/secure.gravatar.com\/avatar\/1d3fc949d550f0b53a5f0d51e06dfd79?s=96&d=mm&r=g","contentUrl":"https:\/\/secure.gravatar.com\/avatar\/1d3fc949d550f0b53a5f0d51e06dfd79?s=96&d=mm&r=g","caption":"admin"},"url":"https:\/\/www.prijedordanas.com\/?author=1"}]}},"_links":{"self":[{"href":"https:\/\/www.prijedordanas.com\/index.php?rest_route=\/wp\/v2\/posts\/13151"}],"collection":[{"href":"https:\/\/www.prijedordanas.com\/index.php?rest_route=\/wp\/v2\/posts"}],"about":[{"href":"https:\/\/www.prijedordanas.com\/index.php?rest_route=\/wp\/v2\/types\/post"}],"author":[{"embeddable":true,"href":"https:\/\/www.prijedordanas.com\/index.php?rest_route=\/wp\/v2\/users\/1"}],"replies":[{"embeddable":true,"href":"https:\/\/www.prijedordanas.com\/index.php?rest_route=%2Fwp%2Fv2%2Fcomments&post=13151"}],"version-history":[{"count":1,"href":"https:\/\/www.prijedordanas.com\/index.php?rest_route=\/wp\/v2\/posts\/13151\/revisions"}],"predecessor-version":[{"id":13152,"href":"https:\/\/www.prijedordanas.com\/index.php?rest_route=\/wp\/v2\/posts\/13151\/revisions\/13152"}],"wp:attachment":[{"href":"https:\/\/www.prijedordanas.com\/index.php?rest_route=%2Fwp%2Fv2%2Fmedia&parent=13151"}],"wp:term":[{"taxonomy":"category","embeddable":true,"href":"https:\/\/www.prijedordanas.com\/index.php?rest_route=%2Fwp%2Fv2%2Fcategories&post=13151"},{"taxonomy":"post_tag","embeddable":true,"href":"https:\/\/www.prijedordanas.com\/index.php?rest_route=%2Fwp%2Fv2%2Ftags&post=13151"}],"curies":[{"name":"wp","href":"https:\/\/api.w.org\/{rel}","templated":true}]}}