{"id":131493,"date":"2019-08-03T02:02:33","date_gmt":"2019-08-03T00:02:33","guid":{"rendered":"https:\/\/www.prijedordanas.com\/?p=131493"},"modified":"2019-08-03T02:02:33","modified_gmt":"2019-08-03T00:02:33","slug":"mirovni-karavan-posjetio-prijedor-22-mladih-buducih-mirovnjaka-putuje-bosnom-i-hercegovinom-i-rusi-predrasude","status":"publish","type":"post","link":"https:\/\/www.prijedordanas.com\/?p=131493","title":{"rendered":"&#8220;Mirovni karavan&#8221; posjetio Prijedor: 22 mladih budu\u0107ih mirovnjaka putuje Bosnom i Hercegovinom i ru\u0161i predrasude"},"content":{"rendered":"<p><a href=\"https:\/\/www.prijedordanas.com\/wp-content\/uploads\/2019\/08\/mirovni-karavan-1.jpg\"><img loading=\"lazy\" decoding=\"async\" class=\"alignleft size-medium wp-image-131494\" src=\"https:\/\/www.prijedordanas.com\/wp-content\/uploads\/2019\/08\/mirovni-karavan-1-300x217.jpg\" alt=\"\" width=\"300\" height=\"217\" srcset=\"https:\/\/www.prijedordanas.com\/wp-content\/uploads\/2019\/08\/mirovni-karavan-1-300x217.jpg 300w, https:\/\/www.prijedordanas.com\/wp-content\/uploads\/2019\/08\/mirovni-karavan-1-100x72.jpg 100w, https:\/\/www.prijedordanas.com\/wp-content\/uploads\/2019\/08\/mirovni-karavan-1.jpg 690w\" sizes=\"(max-width: 300px) 100vw, 300px\" \/><\/a>Mirovni karavan koji predstavlja dio aktivnosti STaR (Societal Transformation and Reconciliation, u prevodu Dru\u0161tvena transformacija i pomirenje) projekta koji implementira organizacija Centar za izgradnju mira CIM krenuo je 14. jula iz Sanskog Mosta.<\/p>\n<p>Nakon odr\u017eanog sedmodnevnog Mirovnog kampa, mladi iz 10 op\u0161tina\/gradova Bosne i Hercegovine (Velika Kladu\u0161a, Jajce, Banja Luka, Doboj, Bijeljina, Sarajevo, Stolac, Sokolac, Mostar i Olovo) krenuli su na petodnevno putovanje kroz gradove Bosne i Hercegovine koje ima za cilj upoznavanje historijskog konteksta grada, problematike s kojima se susre\u0107e zajednica, na\u010din njihovog rje\u0161avanja, te upoznavanje lokalnih aktivista, mirovnjaka i pokreta\u010da promjene.<\/p>\n<p>Mirovni karavan u Prijedor je stigao 14. jula i mladi u\u010desnici koji dolaze iz razli\u010ditih dijelova BiH ovom prilikom posjetili su Kulturno umjetni\u010dko dru\u0161tvo \u201eOsman D\u017eafi\u0107\u201c gdje su imali priliku da se upoznaju sa radom i postignu\u0107ima ove organizacije.<\/p>\n<p><a href=\"https:\/\/www.prijedordanas.com\/wp-content\/uploads\/2019\/08\/mirovni-karavan-2.jpg\"><img loading=\"lazy\" decoding=\"async\" class=\"alignleft size-medium wp-image-131495\" src=\"https:\/\/www.prijedordanas.com\/wp-content\/uploads\/2019\/08\/mirovni-karavan-2-300x217.jpg\" alt=\"\" width=\"300\" height=\"217\" srcset=\"https:\/\/www.prijedordanas.com\/wp-content\/uploads\/2019\/08\/mirovni-karavan-2-300x217.jpg 300w, https:\/\/www.prijedordanas.com\/wp-content\/uploads\/2019\/08\/mirovni-karavan-2-100x72.jpg 100w, https:\/\/www.prijedordanas.com\/wp-content\/uploads\/2019\/08\/mirovni-karavan-2.jpg 690w\" sizes=\"(max-width: 300px) 100vw, 300px\" \/><\/a>Doma\u0107ini Mirovnog karavana u KUD-u \u201eOsman D\u017eafi\u0107\u201c bile su Alma Semani\u0107, sekretar ovog dru\u0161tva i Tijana Gruji\u010di\u0107, mlada aktivistkinja iz Prijedora.<\/p>\n<p>Alma Semani\u0107 je ovom prilikom istaknula da su mir i pomirenje jedan od najva\u017enijih segmenata u njihovom djelovanju s obzirom da su multietni\u010dko dru\u0161tvo jer bez njega ne bi KUD opstao. Rekla je da zajedno razmjenjuju, tradiciju, obi\u010daje, muziku, narodne igre i na taj na\u010din se bogate i \u0161ire mir.<\/p>\n<p>Tijana Gruji\u010di\u0107 sa mladima je podijelila svoja iskustva u mirovnom radu i razloge zbog kojih i danas aktivno radi na pomirenju i izgradnji mira.<\/p>\n<p><a href=\"https:\/\/www.prijedordanas.com\/wp-content\/uploads\/2019\/08\/mirovni-karavan-3.jpg\"><img loading=\"lazy\" decoding=\"async\" src=\"https:\/\/www.prijedordanas.com\/wp-content\/uploads\/2019\/08\/mirovni-karavan-3-200x300.jpg\" alt=\"\" width=\"200\" height=\"300\" class=\"alignleft size-medium wp-image-131496\" srcset=\"https:\/\/www.prijedordanas.com\/wp-content\/uploads\/2019\/08\/mirovni-karavan-3-200x300.jpg 200w, https:\/\/www.prijedordanas.com\/wp-content\/uploads\/2019\/08\/mirovni-karavan-3-67x100.jpg 67w, https:\/\/www.prijedordanas.com\/wp-content\/uploads\/2019\/08\/mirovni-karavan-3.jpg 399w\" sizes=\"(max-width: 200px) 100vw, 200px\" \/><\/a>U\u010desnici Mirovnog karavana tako\u0111e su podijelili svoja iskustva zbog kojih su odlu\u010dili priklju\u010diti se ovom putovanju.<\/p>\n<p>Davor Cvijanovi\u0107, jedan od u\u010desnika karavana s grupom je podijelio \u0161ta za njega predstavlja srebreni\u010dki cvijet, s obzirom da ga je imao zaka\u010denog na majici. Istakao je da je tu\u017eno sve to \u0161to se dogodila, ali da je on ro\u0111en nekoliko godina nakon Srebrenice te da ne \u017eeli da se tereti za to \u0161to se dogodilo prije njegovog ro\u0111enja. Jednostavno ne smije se generalizirati da su svi Srbi jednaki te da su svi krivi za ono \u0161to se dogodilo u posljednjem ratu u BiH.<\/p>\n<p>STaR projekat realizira se uz finansijsku podr\u0161ku USAID-a, a implementira ga \u201eKaruna Center for Peacebuilding\u201c u saradnji sa organizacijama: \u201eMali koraci\u201c, \u201eYIHR\u201c (Youth Initiative for Human Rights), \u201ePRONI\u201c i \u201eCentar za izgradnju mira CIM\u201c.<\/p>\n","protected":false},"excerpt":{"rendered":"<p>Mirovni karavan koji predstavlja dio aktivnosti STaR (Societal Transformation and Reconciliation, u prevodu Dru\u0161tvena transformacija i pomirenje) projekta koji implementira organizacija Centar za izgradnju mira CIM krenuo je 14. jula [&hellip;]<\/p>\n","protected":false},"author":1,"featured_media":0,"comment_status":"closed","ping_status":"open","sticky":false,"template":"","format":"standard","meta":{"_monsterinsights_skip_tracking":false,"_monsterinsights_sitenote_active":false,"_monsterinsights_sitenote_note":"","_monsterinsights_sitenote_category":0,"footnotes":""},"categories":[7518],"tags":[10945],"yoast_head":"<!-- This site is optimized with the Yoast SEO plugin v21.6 - https:\/\/yoast.com\/wordpress\/plugins\/seo\/ -->\n<title>&quot;Mirovni karavan&quot; posjetio Prijedor: 22 mladih budu\u0107ih mirovnjaka putuje Bosnom i Hercegovinom i ru\u0161i predrasude - PrijedorDanas.com - Prijedorski gradski portal<\/title>\n<meta name=\"robots\" content=\"index, follow, max-snippet:-1, max-image-preview:large, max-video-preview:-1\" \/>\n<link rel=\"canonical\" href=\"https:\/\/www.prijedordanas.com\/?p=131493\" \/>\n<meta property=\"og:locale\" content=\"en_US\" \/>\n<meta property=\"og:type\" content=\"article\" \/>\n<meta property=\"og:title\" content=\"&quot;Mirovni karavan&quot; posjetio Prijedor: 22 mladih budu\u0107ih mirovnjaka putuje Bosnom i Hercegovinom i ru\u0161i predrasude - PrijedorDanas.com - Prijedorski gradski portal\" \/>\n<meta property=\"og:description\" content=\"Mirovni karavan koji predstavlja dio aktivnosti STaR (Societal Transformation and Reconciliation, u prevodu Dru\u0161tvena transformacija i pomirenje) projekta koji implementira organizacija Centar za izgradnju mira CIM krenuo je 14. jula [&hellip;]\" \/>\n<meta property=\"og:url\" content=\"https:\/\/www.prijedordanas.com\/?p=131493\" \/>\n<meta property=\"og:site_name\" content=\"PrijedorDanas.com - Prijedorski gradski portal\" \/>\n<meta property=\"article:publisher\" content=\"https:\/\/www.facebook.com\/PrijedorDanasCom\/\" \/>\n<meta property=\"article:published_time\" content=\"2019-08-03T00:02:33+00:00\" \/>\n<meta property=\"og:image\" content=\"https:\/\/www.prijedordanas.com\/wp-content\/uploads\/2019\/08\/mirovni-karavan-1-300x217.jpg\" \/>\n<meta name=\"author\" content=\"admin\" \/>\n<meta name=\"twitter:card\" content=\"summary_large_image\" \/>\n<meta name=\"twitter:label1\" content=\"Written by\" \/>\n\t<meta name=\"twitter:data1\" content=\"admin\" \/>\n\t<meta name=\"twitter:label2\" content=\"Est. reading time\" \/>\n\t<meta name=\"twitter:data2\" content=\"2 minutes\" \/>\n<script type=\"application\/ld+json\" class=\"yoast-schema-graph\">{\"@context\":\"https:\/\/schema.org\",\"@graph\":[{\"@type\":\"Article\",\"@id\":\"https:\/\/www.prijedordanas.com\/?p=131493#article\",\"isPartOf\":{\"@id\":\"https:\/\/www.prijedordanas.com\/?p=131493\"},\"author\":{\"name\":\"admin\",\"@id\":\"https:\/\/www.prijedordanas.com\/#\/schema\/person\/4e08ccf29b506ca916ff86d46bb700e6\"},\"headline\":\"&#8220;Mirovni karavan&#8221; posjetio Prijedor: 22 mladih budu\u0107ih mirovnjaka putuje Bosnom i Hercegovinom i ru\u0161i predrasude\",\"datePublished\":\"2019-08-03T00:02:33+00:00\",\"dateModified\":\"2019-08-03T00:02:33+00:00\",\"mainEntityOfPage\":{\"@id\":\"https:\/\/www.prijedordanas.com\/?p=131493\"},\"wordCount\":410,\"publisher\":{\"@id\":\"https:\/\/www.prijedordanas.com\/#organization\"},\"keywords\":[\"Mirovni karavan\"],\"articleSection\":[\"Mladi\"],\"inLanguage\":\"en-US\"},{\"@type\":\"WebPage\",\"@id\":\"https:\/\/www.prijedordanas.com\/?p=131493\",\"url\":\"https:\/\/www.prijedordanas.com\/?p=131493\",\"name\":\"\\\"Mirovni karavan\\\" posjetio Prijedor: 22 mladih budu\u0107ih mirovnjaka putuje Bosnom i Hercegovinom i ru\u0161i predrasude - PrijedorDanas.com - Prijedorski gradski portal\",\"isPartOf\":{\"@id\":\"https:\/\/www.prijedordanas.com\/#website\"},\"datePublished\":\"2019-08-03T00:02:33+00:00\",\"dateModified\":\"2019-08-03T00:02:33+00:00\",\"breadcrumb\":{\"@id\":\"https:\/\/www.prijedordanas.com\/?p=131493#breadcrumb\"},\"inLanguage\":\"en-US\",\"potentialAction\":[{\"@type\":\"ReadAction\",\"target\":[\"https:\/\/www.prijedordanas.com\/?p=131493\"]}]},{\"@type\":\"BreadcrumbList\",\"@id\":\"https:\/\/www.prijedordanas.com\/?p=131493#breadcrumb\",\"itemListElement\":[{\"@type\":\"ListItem\",\"position\":1,\"name\":\"Home\",\"item\":\"https:\/\/www.prijedordanas.com\/\"},{\"@type\":\"ListItem\",\"position\":2,\"name\":\"&#8220;Mirovni karavan&#8221; posjetio Prijedor: 22 mladih budu\u0107ih mirovnjaka putuje Bosnom i Hercegovinom i ru\u0161i predrasude\"}]},{\"@type\":\"WebSite\",\"@id\":\"https:\/\/www.prijedordanas.com\/#website\",\"url\":\"https:\/\/www.prijedordanas.com\/\",\"name\":\"PrijedorDanas.com - Prijedorski gradski portal\",\"description\":\"Portal o doga\u0111anjima u gradu Prijedoru\",\"publisher\":{\"@id\":\"https:\/\/www.prijedordanas.com\/#organization\"},\"potentialAction\":[{\"@type\":\"SearchAction\",\"target\":{\"@type\":\"EntryPoint\",\"urlTemplate\":\"https:\/\/www.prijedordanas.com\/?s={search_term_string}\"},\"query-input\":\"required name=search_term_string\"}],\"inLanguage\":\"en-US\"},{\"@type\":\"Organization\",\"@id\":\"https:\/\/www.prijedordanas.com\/#organization\",\"name\":\"PrijedorDanas.com\",\"url\":\"https:\/\/www.prijedordanas.com\/\",\"logo\":{\"@type\":\"ImageObject\",\"inLanguage\":\"en-US\",\"@id\":\"https:\/\/www.prijedordanas.com\/#\/schema\/logo\/image\/\",\"url\":\"http:\/\/www.prijedordanas.com\/wp-content\/uploads\/2021\/12\/logopng.png\",\"contentUrl\":\"http:\/\/www.prijedordanas.com\/wp-content\/uploads\/2021\/12\/logopng.png\",\"width\":1019,\"height\":776,\"caption\":\"PrijedorDanas.com\"},\"image\":{\"@id\":\"https:\/\/www.prijedordanas.com\/#\/schema\/logo\/image\/\"},\"sameAs\":[\"https:\/\/www.facebook.com\/PrijedorDanasCom\/\"]},{\"@type\":\"Person\",\"@id\":\"https:\/\/www.prijedordanas.com\/#\/schema\/person\/4e08ccf29b506ca916ff86d46bb700e6\",\"name\":\"admin\",\"image\":{\"@type\":\"ImageObject\",\"inLanguage\":\"en-US\",\"@id\":\"https:\/\/www.prijedordanas.com\/#\/schema\/person\/image\/\",\"url\":\"https:\/\/secure.gravatar.com\/avatar\/1d3fc949d550f0b53a5f0d51e06dfd79?s=96&d=mm&r=g\",\"contentUrl\":\"https:\/\/secure.gravatar.com\/avatar\/1d3fc949d550f0b53a5f0d51e06dfd79?s=96&d=mm&r=g\",\"caption\":\"admin\"},\"url\":\"https:\/\/www.prijedordanas.com\/?author=1\"}]}<\/script>\n<!-- \/ Yoast SEO plugin. -->","yoast_head_json":{"title":"\"Mirovni karavan\" posjetio Prijedor: 22 mladih budu\u0107ih mirovnjaka putuje Bosnom i Hercegovinom i ru\u0161i predrasude - PrijedorDanas.com - Prijedorski gradski portal","robots":{"index":"index","follow":"follow","max-snippet":"max-snippet:-1","max-image-preview":"max-image-preview:large","max-video-preview":"max-video-preview:-1"},"canonical":"https:\/\/www.prijedordanas.com\/?p=131493","og_locale":"en_US","og_type":"article","og_title":"\"Mirovni karavan\" posjetio Prijedor: 22 mladih budu\u0107ih mirovnjaka putuje Bosnom i Hercegovinom i ru\u0161i predrasude - PrijedorDanas.com - Prijedorski gradski portal","og_description":"Mirovni karavan koji predstavlja dio aktivnosti STaR (Societal Transformation and Reconciliation, u prevodu Dru\u0161tvena transformacija i pomirenje) projekta koji implementira organizacija Centar za izgradnju mira CIM krenuo je 14. jula [&hellip;]","og_url":"https:\/\/www.prijedordanas.com\/?p=131493","og_site_name":"PrijedorDanas.com - Prijedorski gradski portal","article_publisher":"https:\/\/www.facebook.com\/PrijedorDanasCom\/","article_published_time":"2019-08-03T00:02:33+00:00","og_image":[{"url":"https:\/\/www.prijedordanas.com\/wp-content\/uploads\/2019\/08\/mirovni-karavan-1-300x217.jpg"}],"author":"admin","twitter_card":"summary_large_image","twitter_misc":{"Written by":"admin","Est. reading time":"2 minutes"},"schema":{"@context":"https:\/\/schema.org","@graph":[{"@type":"Article","@id":"https:\/\/www.prijedordanas.com\/?p=131493#article","isPartOf":{"@id":"https:\/\/www.prijedordanas.com\/?p=131493"},"author":{"name":"admin","@id":"https:\/\/www.prijedordanas.com\/#\/schema\/person\/4e08ccf29b506ca916ff86d46bb700e6"},"headline":"&#8220;Mirovni karavan&#8221; posjetio Prijedor: 22 mladih budu\u0107ih mirovnjaka putuje Bosnom i Hercegovinom i ru\u0161i predrasude","datePublished":"2019-08-03T00:02:33+00:00","dateModified":"2019-08-03T00:02:33+00:00","mainEntityOfPage":{"@id":"https:\/\/www.prijedordanas.com\/?p=131493"},"wordCount":410,"publisher":{"@id":"https:\/\/www.prijedordanas.com\/#organization"},"keywords":["Mirovni karavan"],"articleSection":["Mladi"],"inLanguage":"en-US"},{"@type":"WebPage","@id":"https:\/\/www.prijedordanas.com\/?p=131493","url":"https:\/\/www.prijedordanas.com\/?p=131493","name":"\"Mirovni karavan\" posjetio Prijedor: 22 mladih budu\u0107ih mirovnjaka putuje Bosnom i Hercegovinom i ru\u0161i predrasude - PrijedorDanas.com - Prijedorski gradski portal","isPartOf":{"@id":"https:\/\/www.prijedordanas.com\/#website"},"datePublished":"2019-08-03T00:02:33+00:00","dateModified":"2019-08-03T00:02:33+00:00","breadcrumb":{"@id":"https:\/\/www.prijedordanas.com\/?p=131493#breadcrumb"},"inLanguage":"en-US","potentialAction":[{"@type":"ReadAction","target":["https:\/\/www.prijedordanas.com\/?p=131493"]}]},{"@type":"BreadcrumbList","@id":"https:\/\/www.prijedordanas.com\/?p=131493#breadcrumb","itemListElement":[{"@type":"ListItem","position":1,"name":"Home","item":"https:\/\/www.prijedordanas.com\/"},{"@type":"ListItem","position":2,"name":"&#8220;Mirovni karavan&#8221; posjetio Prijedor: 22 mladih budu\u0107ih mirovnjaka putuje Bosnom i Hercegovinom i ru\u0161i predrasude"}]},{"@type":"WebSite","@id":"https:\/\/www.prijedordanas.com\/#website","url":"https:\/\/www.prijedordanas.com\/","name":"PrijedorDanas.com - Prijedorski gradski portal","description":"Portal o doga\u0111anjima u gradu Prijedoru","publisher":{"@id":"https:\/\/www.prijedordanas.com\/#organization"},"potentialAction":[{"@type":"SearchAction","target":{"@type":"EntryPoint","urlTemplate":"https:\/\/www.prijedordanas.com\/?s={search_term_string}"},"query-input":"required name=search_term_string"}],"inLanguage":"en-US"},{"@type":"Organization","@id":"https:\/\/www.prijedordanas.com\/#organization","name":"PrijedorDanas.com","url":"https:\/\/www.prijedordanas.com\/","logo":{"@type":"ImageObject","inLanguage":"en-US","@id":"https:\/\/www.prijedordanas.com\/#\/schema\/logo\/image\/","url":"http:\/\/www.prijedordanas.com\/wp-content\/uploads\/2021\/12\/logopng.png","contentUrl":"http:\/\/www.prijedordanas.com\/wp-content\/uploads\/2021\/12\/logopng.png","width":1019,"height":776,"caption":"PrijedorDanas.com"},"image":{"@id":"https:\/\/www.prijedordanas.com\/#\/schema\/logo\/image\/"},"sameAs":["https:\/\/www.facebook.com\/PrijedorDanasCom\/"]},{"@type":"Person","@id":"https:\/\/www.prijedordanas.com\/#\/schema\/person\/4e08ccf29b506ca916ff86d46bb700e6","name":"admin","image":{"@type":"ImageObject","inLanguage":"en-US","@id":"https:\/\/www.prijedordanas.com\/#\/schema\/person\/image\/","url":"https:\/\/secure.gravatar.com\/avatar\/1d3fc949d550f0b53a5f0d51e06dfd79?s=96&d=mm&r=g","contentUrl":"https:\/\/secure.gravatar.com\/avatar\/1d3fc949d550f0b53a5f0d51e06dfd79?s=96&d=mm&r=g","caption":"admin"},"url":"https:\/\/www.prijedordanas.com\/?author=1"}]}},"_links":{"self":[{"href":"https:\/\/www.prijedordanas.com\/index.php?rest_route=\/wp\/v2\/posts\/131493"}],"collection":[{"href":"https:\/\/www.prijedordanas.com\/index.php?rest_route=\/wp\/v2\/posts"}],"about":[{"href":"https:\/\/www.prijedordanas.com\/index.php?rest_route=\/wp\/v2\/types\/post"}],"author":[{"embeddable":true,"href":"https:\/\/www.prijedordanas.com\/index.php?rest_route=\/wp\/v2\/users\/1"}],"replies":[{"embeddable":true,"href":"https:\/\/www.prijedordanas.com\/index.php?rest_route=%2Fwp%2Fv2%2Fcomments&post=131493"}],"version-history":[{"count":1,"href":"https:\/\/www.prijedordanas.com\/index.php?rest_route=\/wp\/v2\/posts\/131493\/revisions"}],"predecessor-version":[{"id":131497,"href":"https:\/\/www.prijedordanas.com\/index.php?rest_route=\/wp\/v2\/posts\/131493\/revisions\/131497"}],"wp:attachment":[{"href":"https:\/\/www.prijedordanas.com\/index.php?rest_route=%2Fwp%2Fv2%2Fmedia&parent=131493"}],"wp:term":[{"taxonomy":"category","embeddable":true,"href":"https:\/\/www.prijedordanas.com\/index.php?rest_route=%2Fwp%2Fv2%2Fcategories&post=131493"},{"taxonomy":"post_tag","embeddable":true,"href":"https:\/\/www.prijedordanas.com\/index.php?rest_route=%2Fwp%2Fv2%2Ftags&post=131493"}],"curies":[{"name":"wp","href":"https:\/\/api.w.org\/{rel}","templated":true}]}}