{"id":131454,"date":"2019-08-02T16:55:45","date_gmt":"2019-08-02T14:55:45","guid":{"rendered":"https:\/\/www.prijedordanas.com\/?p=131454"},"modified":"2019-08-02T18:17:13","modified_gmt":"2019-08-02T16:17:13","slug":"saopstenje-za-javnost-doma-zdravlja-prijedor-demant-teksta-objavljenog-na-portalu-srpskainfo","status":"publish","type":"post","link":"https:\/\/www.prijedordanas.com\/?p=131454","title":{"rendered":"Saop\u0161tenje za javnost Doma zdravlja Prijedor: Demant teksta objavljenog na portalu Srpskainfo"},"content":{"rendered":"<p><a href=\"https:\/\/www.prijedordanas.com\/wp-content\/uploads\/2019\/06\/dom-zdravlja-juli-2019.jpg\"><img loading=\"lazy\" decoding=\"async\" src=\"https:\/\/www.prijedordanas.com\/wp-content\/uploads\/2019\/06\/dom-zdravlja-juli-2019-300x217.jpg\" alt=\"\" width=\"300\" height=\"217\" class=\"alignleft size-medium wp-image-130600\" srcset=\"https:\/\/www.prijedordanas.com\/wp-content\/uploads\/2019\/06\/dom-zdravlja-juli-2019-300x217.jpg 300w, https:\/\/www.prijedordanas.com\/wp-content\/uploads\/2019\/06\/dom-zdravlja-juli-2019-100x72.jpg 100w, https:\/\/www.prijedordanas.com\/wp-content\/uploads\/2019\/06\/dom-zdravlja-juli-2019.jpg 690w\" sizes=\"(max-width: 300px) 100vw, 300px\" \/><\/a>U vezi teksta novinarke Bojane Majstorovic\u0301, objavljenog na internet portalu \u201eSrpskainfo.com\u201c u kojem je izneseno niz neistina i la\u017enih informacija vezanih za navode lica D.D, kojima se poku\u0161ava diskreditovati JZU \u201cDom zdravlja\u201c Prijedor i njegova Pedijatrijska slu\u017eba, kao i li\u010dnost direktora Ustanove, ovim putem izdajemo sljedec\u0301e saop\u0161tenje:<\/p>\n<p>Dana, 19.06.2019. godine u JZU \u201cDom zdravlja\u201c Prijedor dopisom se obratio D.D., otac pacijenta D.P. u kojem je iznio optu\u017ebe o navodnom uslovljavanju pregleda njegovog djeteta prvobitnom naplatom usluge istog, te da je dijete u tom momentu bilo \u201evitalno ugro\u017eeno\u201c, kao i da je naplac\u0301ivanje pregleda definisano odlukom direktora. <\/p>\n<p>Nakon obavljenog razgovora i uzetih izjava od  doktora spec. pedijatrije, prim.dr. Pa\u0161alic\u0301 Azre i medicinskog tehni\u010dara Milice Ke\u010dan koji su navedenog dana (15.06.2019.godine) radili u Pedijatrijskoj ambulanti, utvr\u0111ene su sljedec\u0301e \u010dinjenice:<\/p>\n<p>-Iz propisno ovjerenog i potpisanog nalaza i mi\u0161ljenja imenovane doktorice, prim. dr. Pa\u0161alic\u0301 Azre jedne od najboljih pedijatara u gradu Prijedoru sa vi\u0161edecenijskim iskustvom u radu sa djecom, koja je obavila specijalisti\u010dki pregled djeteta po pravilima struke i propisala adekvatnu terapiju jasno i nedvosmisleno se mo\u017ee zaklju\u010diti da dijete prilikom prijema nije bilo vitalno ugro\u017eeno. U svakom slu\u010daju, da je rije\u010d o la\u017eno iznesenoj optu\u017ebi imenovanog ide u prilog \u010dinjenica da je dijete nakon pregleda i propisane terapije upuc\u0301eno na kuc\u0301no a ne na stacionirano lije\u010denje u bolnicu.<br \/>\nRadi informisanja javnosti bitno je svakako istac\u0301i da se zbrinjavanje hitnih medicinskih stanja vr\u0161i u Slu\u017ebi hitne medicinske pomoc\u0301i 24 sata dnevno i takve usluge se ne naplac\u0301uju bez obzira da li se radi o osiguranim ili neosiguranim licima. <\/p>\n<p>-Pregledom nadzornih kamera kao i uvidom u izjave imenovane doktorice i medicinske sestre tako\u0111e se nedvosmisleno mo\u017ee zaklju\u010diti da je usluga pregleda naplac\u0301ena tek nakon izvr\u0161enog pregleda.<\/p>\n<p>-\u0160to se ti\u010de iznosa naplac\u0301enog pregleda, isti nije propisan nikakvom Odlukom direktorice kako se to la\u017eno isti\u010de u predmetnom tekstu vec\u0301  je utvr\u0111en va\u017eec\u0301im Cjenovnikom Fonda zdravstvenog osiguranja Republike Srpske pod \u0161ifrom 0001023, a obaveza plac\u0301anja  proizilazi iz \u010dinjenice da dijete nije registrovani pacijent Pedijatrijske slu\u017ebe Doma zdravlja vec\u0301 ZU \u201eHANNAH\u201c, Kako se radilo o redovnom specijalisti\u010dkom pregledu, usluga je i naplac\u0301ena u skladu Zakonom, podzakonskim propisima te Ugovorom izme\u0111u JZU\u201c Dom zdravlja\u201cPrijedor i Fonda Zdravstvenog osiguranja. Navedeni iznos pacijent je uredno refundirao kod Fonda zdravstvenog osiguranja Republike Srpske, a tu informaciju je dobio upravo u obavje\u0161tenju koje mu je zajedno sa izjavama doktorice Pa\u0161alic\u0301 i medicinske sestre dostavljen, dana 26.06.2019.godine dopisom broj: 01-895-1\/19. <\/p>\n<p>-Stoga su posebno neta\u010dne i neistinite izjave imenovane novinarke vezane za na\u010din plac\u0301anja pregleda i navodim \u201emoguc\u0301nostima\u201c da se takvi pregledi fakturi\u0161u direktno Fondu. <\/p>\n<p>U vezi svega naprijed navedenog ovdje posebno treba istac\u0301i neprofesionalnost novinarke Bojane Majstorovic\u0301, koja na osnovu neprovjerenih navoda jednog pojedinca diskredituje ugled cijele Ustanove a posebno Pedijatrijske slu\u017ebe \u010diji su pacijenti od posebne va\u017enosti i zna\u010daja kako za grad Prijedor tako i za cijelu dr\u017eavu, dajuc\u0301i svom tekstu sramotni naslov \u201eBEZOBRAZLUK I JAVA\u0160LUK\u201c. <\/p>\n<p>Ovim putem JZU \u201cDom zdravlja\u201c Prijedor javno demantuje sve la\u017ene izjave i navode iznesene u predmetnom tekstu, i isti\u010de da c\u0301e shodno Zakonu o za\u0161titi od klevete Republike Srpske i Zakona o obligacionim odnosima tra\u017eiti sudsku za\u0161titu ugleda i \u010dasti Ustanove. <\/p>\n<p>S po\u0161tovanjem, <\/p>\n<p>Direktorica,<br \/>\nPrim. dr Slavica Popovic\u0301,<br \/>\nspec. pedijatrije<\/p>\n<p>Vezane vijesti:<\/p>\n<p><a href=\"https:\/\/www.prijedordanas.com\/?p=131394\" rel=\"noopener noreferrer\" target=\"_blank\">\u201cBezobrazluk i java\u0161luk\u201d: Prijedor\u010danin razo\u010daran zbog pravila direktorice Doma zdravlja<\/a><\/p>\n<p><a href=\"https:\/\/www.prijedordanas.com\/?p=131435\" rel=\"noopener noreferrer\" target=\"_blank\">Novinar Srpskainfo, nakon pisanja o Domu zdravlja u Prijedoru, dobio zlokobnu poruku<\/a><\/p>\n","protected":false},"excerpt":{"rendered":"<p>U vezi teksta novinarke Bojane Majstorovic\u0301, objavljenog na internet portalu \u201eSrpskainfo.com\u201c u kojem je izneseno niz neistina i la\u017enih informacija vezanih za navode lica D.D, kojima se poku\u0161ava diskreditovati JZU [&hellip;]<\/p>\n","protected":false},"author":1,"featured_media":0,"comment_status":"closed","ping_status":"open","sticky":false,"template":"","format":"standard","meta":{"_monsterinsights_skip_tracking":false,"_monsterinsights_sitenote_active":false,"_monsterinsights_sitenote_note":"","_monsterinsights_sitenote_category":0,"footnotes":""},"categories":[3],"tags":[55],"yoast_head":"<!-- This site is optimized with the Yoast SEO plugin v21.6 - https:\/\/yoast.com\/wordpress\/plugins\/seo\/ -->\n<title>Saop\u0161tenje za javnost Doma zdravlja Prijedor: Demant teksta objavljenog na portalu Srpskainfo - PrijedorDanas.com - Prijedorski gradski portal<\/title>\n<meta name=\"robots\" content=\"index, follow, max-snippet:-1, max-image-preview:large, max-video-preview:-1\" \/>\n<link rel=\"canonical\" href=\"https:\/\/www.prijedordanas.com\/?p=131454\" \/>\n<meta property=\"og:locale\" content=\"en_US\" \/>\n<meta property=\"og:type\" content=\"article\" \/>\n<meta property=\"og:title\" content=\"Saop\u0161tenje za javnost Doma zdravlja Prijedor: Demant teksta objavljenog na portalu Srpskainfo - PrijedorDanas.com - Prijedorski gradski portal\" \/>\n<meta property=\"og:description\" content=\"U vezi teksta novinarke Bojane Majstorovic\u0301, objavljenog na internet portalu \u201eSrpskainfo.com\u201c u kojem je izneseno niz neistina i la\u017enih informacija vezanih za navode lica D.D, kojima se poku\u0161ava diskreditovati JZU [&hellip;]\" \/>\n<meta property=\"og:url\" content=\"https:\/\/www.prijedordanas.com\/?p=131454\" \/>\n<meta property=\"og:site_name\" content=\"PrijedorDanas.com - Prijedorski gradski portal\" \/>\n<meta property=\"article:publisher\" content=\"https:\/\/www.facebook.com\/PrijedorDanasCom\/\" \/>\n<meta property=\"article:published_time\" content=\"2019-08-02T14:55:45+00:00\" \/>\n<meta property=\"article:modified_time\" content=\"2019-08-02T16:17:13+00:00\" \/>\n<meta property=\"og:image\" content=\"https:\/\/www.prijedordanas.com\/wp-content\/uploads\/2019\/06\/dom-zdravlja-juli-2019-300x217.jpg\" \/>\n<meta name=\"author\" content=\"admin\" \/>\n<meta name=\"twitter:card\" content=\"summary_large_image\" \/>\n<meta name=\"twitter:label1\" content=\"Written by\" \/>\n\t<meta name=\"twitter:data1\" content=\"admin\" \/>\n\t<meta name=\"twitter:label2\" content=\"Est. reading time\" \/>\n\t<meta name=\"twitter:data2\" content=\"3 minutes\" \/>\n<script type=\"application\/ld+json\" class=\"yoast-schema-graph\">{\"@context\":\"https:\/\/schema.org\",\"@graph\":[{\"@type\":\"Article\",\"@id\":\"https:\/\/www.prijedordanas.com\/?p=131454#article\",\"isPartOf\":{\"@id\":\"https:\/\/www.prijedordanas.com\/?p=131454\"},\"author\":{\"name\":\"admin\",\"@id\":\"https:\/\/www.prijedordanas.com\/#\/schema\/person\/4e08ccf29b506ca916ff86d46bb700e6\"},\"headline\":\"Saop\u0161tenje za javnost Doma zdravlja Prijedor: Demant teksta objavljenog na portalu Srpskainfo\",\"datePublished\":\"2019-08-02T14:55:45+00:00\",\"dateModified\":\"2019-08-02T16:17:13+00:00\",\"mainEntityOfPage\":{\"@id\":\"https:\/\/www.prijedordanas.com\/?p=131454\"},\"wordCount\":637,\"publisher\":{\"@id\":\"https:\/\/www.prijedordanas.com\/#organization\"},\"keywords\":[\"Dom zdravlja Prijedor\"],\"articleSection\":[\"\u017divot\"],\"inLanguage\":\"en-US\"},{\"@type\":\"WebPage\",\"@id\":\"https:\/\/www.prijedordanas.com\/?p=131454\",\"url\":\"https:\/\/www.prijedordanas.com\/?p=131454\",\"name\":\"Saop\u0161tenje za javnost Doma zdravlja Prijedor: Demant teksta objavljenog na portalu Srpskainfo - PrijedorDanas.com - Prijedorski gradski portal\",\"isPartOf\":{\"@id\":\"https:\/\/www.prijedordanas.com\/#website\"},\"datePublished\":\"2019-08-02T14:55:45+00:00\",\"dateModified\":\"2019-08-02T16:17:13+00:00\",\"breadcrumb\":{\"@id\":\"https:\/\/www.prijedordanas.com\/?p=131454#breadcrumb\"},\"inLanguage\":\"en-US\",\"potentialAction\":[{\"@type\":\"ReadAction\",\"target\":[\"https:\/\/www.prijedordanas.com\/?p=131454\"]}]},{\"@type\":\"BreadcrumbList\",\"@id\":\"https:\/\/www.prijedordanas.com\/?p=131454#breadcrumb\",\"itemListElement\":[{\"@type\":\"ListItem\",\"position\":1,\"name\":\"Home\",\"item\":\"https:\/\/www.prijedordanas.com\/\"},{\"@type\":\"ListItem\",\"position\":2,\"name\":\"Saop\u0161tenje za javnost Doma zdravlja Prijedor: Demant teksta objavljenog na portalu Srpskainfo\"}]},{\"@type\":\"WebSite\",\"@id\":\"https:\/\/www.prijedordanas.com\/#website\",\"url\":\"https:\/\/www.prijedordanas.com\/\",\"name\":\"PrijedorDanas.com - Prijedorski gradski portal\",\"description\":\"Portal o doga\u0111anjima u gradu Prijedoru\",\"publisher\":{\"@id\":\"https:\/\/www.prijedordanas.com\/#organization\"},\"potentialAction\":[{\"@type\":\"SearchAction\",\"target\":{\"@type\":\"EntryPoint\",\"urlTemplate\":\"https:\/\/www.prijedordanas.com\/?s={search_term_string}\"},\"query-input\":\"required name=search_term_string\"}],\"inLanguage\":\"en-US\"},{\"@type\":\"Organization\",\"@id\":\"https:\/\/www.prijedordanas.com\/#organization\",\"name\":\"PrijedorDanas.com\",\"url\":\"https:\/\/www.prijedordanas.com\/\",\"logo\":{\"@type\":\"ImageObject\",\"inLanguage\":\"en-US\",\"@id\":\"https:\/\/www.prijedordanas.com\/#\/schema\/logo\/image\/\",\"url\":\"http:\/\/www.prijedordanas.com\/wp-content\/uploads\/2021\/12\/logopng.png\",\"contentUrl\":\"http:\/\/www.prijedordanas.com\/wp-content\/uploads\/2021\/12\/logopng.png\",\"width\":1019,\"height\":776,\"caption\":\"PrijedorDanas.com\"},\"image\":{\"@id\":\"https:\/\/www.prijedordanas.com\/#\/schema\/logo\/image\/\"},\"sameAs\":[\"https:\/\/www.facebook.com\/PrijedorDanasCom\/\"]},{\"@type\":\"Person\",\"@id\":\"https:\/\/www.prijedordanas.com\/#\/schema\/person\/4e08ccf29b506ca916ff86d46bb700e6\",\"name\":\"admin\",\"image\":{\"@type\":\"ImageObject\",\"inLanguage\":\"en-US\",\"@id\":\"https:\/\/www.prijedordanas.com\/#\/schema\/person\/image\/\",\"url\":\"https:\/\/secure.gravatar.com\/avatar\/1d3fc949d550f0b53a5f0d51e06dfd79?s=96&d=mm&r=g\",\"contentUrl\":\"https:\/\/secure.gravatar.com\/avatar\/1d3fc949d550f0b53a5f0d51e06dfd79?s=96&d=mm&r=g\",\"caption\":\"admin\"},\"url\":\"https:\/\/www.prijedordanas.com\/?author=1\"}]}<\/script>\n<!-- \/ Yoast SEO plugin. -->","yoast_head_json":{"title":"Saop\u0161tenje za javnost Doma zdravlja Prijedor: Demant teksta objavljenog na portalu Srpskainfo - PrijedorDanas.com - Prijedorski gradski portal","robots":{"index":"index","follow":"follow","max-snippet":"max-snippet:-1","max-image-preview":"max-image-preview:large","max-video-preview":"max-video-preview:-1"},"canonical":"https:\/\/www.prijedordanas.com\/?p=131454","og_locale":"en_US","og_type":"article","og_title":"Saop\u0161tenje za javnost Doma zdravlja Prijedor: Demant teksta objavljenog na portalu Srpskainfo - PrijedorDanas.com - Prijedorski gradski portal","og_description":"U vezi teksta novinarke Bojane Majstorovic\u0301, objavljenog na internet portalu \u201eSrpskainfo.com\u201c u kojem je izneseno niz neistina i la\u017enih informacija vezanih za navode lica D.D, kojima se poku\u0161ava diskreditovati JZU [&hellip;]","og_url":"https:\/\/www.prijedordanas.com\/?p=131454","og_site_name":"PrijedorDanas.com - Prijedorski gradski portal","article_publisher":"https:\/\/www.facebook.com\/PrijedorDanasCom\/","article_published_time":"2019-08-02T14:55:45+00:00","article_modified_time":"2019-08-02T16:17:13+00:00","og_image":[{"url":"https:\/\/www.prijedordanas.com\/wp-content\/uploads\/2019\/06\/dom-zdravlja-juli-2019-300x217.jpg"}],"author":"admin","twitter_card":"summary_large_image","twitter_misc":{"Written by":"admin","Est. reading time":"3 minutes"},"schema":{"@context":"https:\/\/schema.org","@graph":[{"@type":"Article","@id":"https:\/\/www.prijedordanas.com\/?p=131454#article","isPartOf":{"@id":"https:\/\/www.prijedordanas.com\/?p=131454"},"author":{"name":"admin","@id":"https:\/\/www.prijedordanas.com\/#\/schema\/person\/4e08ccf29b506ca916ff86d46bb700e6"},"headline":"Saop\u0161tenje za javnost Doma zdravlja Prijedor: Demant teksta objavljenog na portalu Srpskainfo","datePublished":"2019-08-02T14:55:45+00:00","dateModified":"2019-08-02T16:17:13+00:00","mainEntityOfPage":{"@id":"https:\/\/www.prijedordanas.com\/?p=131454"},"wordCount":637,"publisher":{"@id":"https:\/\/www.prijedordanas.com\/#organization"},"keywords":["Dom zdravlja Prijedor"],"articleSection":["\u017divot"],"inLanguage":"en-US"},{"@type":"WebPage","@id":"https:\/\/www.prijedordanas.com\/?p=131454","url":"https:\/\/www.prijedordanas.com\/?p=131454","name":"Saop\u0161tenje za javnost Doma zdravlja Prijedor: Demant teksta objavljenog na portalu Srpskainfo - PrijedorDanas.com - Prijedorski gradski portal","isPartOf":{"@id":"https:\/\/www.prijedordanas.com\/#website"},"datePublished":"2019-08-02T14:55:45+00:00","dateModified":"2019-08-02T16:17:13+00:00","breadcrumb":{"@id":"https:\/\/www.prijedordanas.com\/?p=131454#breadcrumb"},"inLanguage":"en-US","potentialAction":[{"@type":"ReadAction","target":["https:\/\/www.prijedordanas.com\/?p=131454"]}]},{"@type":"BreadcrumbList","@id":"https:\/\/www.prijedordanas.com\/?p=131454#breadcrumb","itemListElement":[{"@type":"ListItem","position":1,"name":"Home","item":"https:\/\/www.prijedordanas.com\/"},{"@type":"ListItem","position":2,"name":"Saop\u0161tenje za javnost Doma zdravlja Prijedor: Demant teksta objavljenog na portalu Srpskainfo"}]},{"@type":"WebSite","@id":"https:\/\/www.prijedordanas.com\/#website","url":"https:\/\/www.prijedordanas.com\/","name":"PrijedorDanas.com - Prijedorski gradski portal","description":"Portal o doga\u0111anjima u gradu Prijedoru","publisher":{"@id":"https:\/\/www.prijedordanas.com\/#organization"},"potentialAction":[{"@type":"SearchAction","target":{"@type":"EntryPoint","urlTemplate":"https:\/\/www.prijedordanas.com\/?s={search_term_string}"},"query-input":"required name=search_term_string"}],"inLanguage":"en-US"},{"@type":"Organization","@id":"https:\/\/www.prijedordanas.com\/#organization","name":"PrijedorDanas.com","url":"https:\/\/www.prijedordanas.com\/","logo":{"@type":"ImageObject","inLanguage":"en-US","@id":"https:\/\/www.prijedordanas.com\/#\/schema\/logo\/image\/","url":"http:\/\/www.prijedordanas.com\/wp-content\/uploads\/2021\/12\/logopng.png","contentUrl":"http:\/\/www.prijedordanas.com\/wp-content\/uploads\/2021\/12\/logopng.png","width":1019,"height":776,"caption":"PrijedorDanas.com"},"image":{"@id":"https:\/\/www.prijedordanas.com\/#\/schema\/logo\/image\/"},"sameAs":["https:\/\/www.facebook.com\/PrijedorDanasCom\/"]},{"@type":"Person","@id":"https:\/\/www.prijedordanas.com\/#\/schema\/person\/4e08ccf29b506ca916ff86d46bb700e6","name":"admin","image":{"@type":"ImageObject","inLanguage":"en-US","@id":"https:\/\/www.prijedordanas.com\/#\/schema\/person\/image\/","url":"https:\/\/secure.gravatar.com\/avatar\/1d3fc949d550f0b53a5f0d51e06dfd79?s=96&d=mm&r=g","contentUrl":"https:\/\/secure.gravatar.com\/avatar\/1d3fc949d550f0b53a5f0d51e06dfd79?s=96&d=mm&r=g","caption":"admin"},"url":"https:\/\/www.prijedordanas.com\/?author=1"}]}},"_links":{"self":[{"href":"https:\/\/www.prijedordanas.com\/index.php?rest_route=\/wp\/v2\/posts\/131454"}],"collection":[{"href":"https:\/\/www.prijedordanas.com\/index.php?rest_route=\/wp\/v2\/posts"}],"about":[{"href":"https:\/\/www.prijedordanas.com\/index.php?rest_route=\/wp\/v2\/types\/post"}],"author":[{"embeddable":true,"href":"https:\/\/www.prijedordanas.com\/index.php?rest_route=\/wp\/v2\/users\/1"}],"replies":[{"embeddable":true,"href":"https:\/\/www.prijedordanas.com\/index.php?rest_route=%2Fwp%2Fv2%2Fcomments&post=131454"}],"version-history":[{"count":2,"href":"https:\/\/www.prijedordanas.com\/index.php?rest_route=\/wp\/v2\/posts\/131454\/revisions"}],"predecessor-version":[{"id":131459,"href":"https:\/\/www.prijedordanas.com\/index.php?rest_route=\/wp\/v2\/posts\/131454\/revisions\/131459"}],"wp:attachment":[{"href":"https:\/\/www.prijedordanas.com\/index.php?rest_route=%2Fwp%2Fv2%2Fmedia&parent=131454"}],"wp:term":[{"taxonomy":"category","embeddable":true,"href":"https:\/\/www.prijedordanas.com\/index.php?rest_route=%2Fwp%2Fv2%2Fcategories&post=131454"},{"taxonomy":"post_tag","embeddable":true,"href":"https:\/\/www.prijedordanas.com\/index.php?rest_route=%2Fwp%2Fv2%2Ftags&post=131454"}],"curies":[{"name":"wp","href":"https:\/\/api.w.org\/{rel}","templated":true}]}}