{"id":131319,"date":"2019-07-30T12:24:29","date_gmt":"2019-07-30T10:24:29","guid":{"rendered":"https:\/\/www.prijedordanas.com\/?p=131319"},"modified":"2019-07-30T12:24:29","modified_gmt":"2019-07-30T10:24:29","slug":"pu-prijedor-akcija-zoll-lice-osumnjiceno-za-nelegalnu-trgovinu-automobila-vrijednosti-206-000-km","status":"publish","type":"post","link":"https:\/\/www.prijedordanas.com\/?p=131319","title":{"rendered":"PU Prijedor-Akcija &#8220;Zoll&#8221;: Lice osumnji\u010deno za nelegalnu trgovinu automobila vrijednosti 206.000 KM"},"content":{"rendered":"<p><a href=\"https:\/\/www.prijedordanas.com\/wp-content\/uploads\/2019\/05\/policija-pd-2019-9.jpg\"><img loading=\"lazy\" decoding=\"async\" src=\"https:\/\/www.prijedordanas.com\/wp-content\/uploads\/2019\/05\/policija-pd-2019-9-300x222.jpg\" alt=\"\" width=\"300\" height=\"222\" class=\"alignleft size-medium wp-image-128308\" srcset=\"https:\/\/www.prijedordanas.com\/wp-content\/uploads\/2019\/05\/policija-pd-2019-9-300x222.jpg 300w, https:\/\/www.prijedordanas.com\/wp-content\/uploads\/2019\/05\/policija-pd-2019-9-100x74.jpg 100w, https:\/\/www.prijedordanas.com\/wp-content\/uploads\/2019\/05\/policija-pd-2019-9.jpg 675w\" sizes=\"(max-width: 300px) 100vw, 300px\" \/><\/a>Policijski slu\u017ebenici Policijske stanice Novi Grad, Okru\u017enom javnom tu\u017eila\u0161tvu Prijedor, 29.07.2019. godine, podnijeli su izvje\u0161taj protiv lica inicijala G.K. iz Novog Grada, zbog postojanja osnova sumnje da je po\u010dinilo krivi\u010dno djelo \u201eNedozvoljena trgovina\u201c. <\/p>\n<p>Osumnji\u010deno lice se tereti da je u vremenskom periodu od januara 2016. do juna 2019. godine, bez registrovane djelatnosti trgovine, nabavljao, prodavao i posredovao u prodaji vec\u0301eg broja polovnih putni\u010dkih automobila, \u010dija materijalna vrijednost iznosi oko 206.000 KM. <\/p>\n<p>Aktivnosti su realizovane u nastavku akcije kodnog naziva \u201eZoll\u201c koja je usmjerena na suzbijanje nelegalne trgovine motornih vozila i auto dijelova.<\/p>\n<p>U prethodnom periodu, tokom aktivnosti usmjerenih na suzbijanje nelegalne trgovine motornih vozila i auto dijelova, Okru\u017enom javnom tu\u017eila\u0161tvu Prijedor podneseno je 14 izvje\u0161taja, protiv 14 lica, za isto toliko po\u010dinjenih krivi\u010dnih djela \u201eNedozvoljena trgovina\u201c.<\/p>\n<p>PU Prijedor<br \/>\nFoto &#8211; ilustracija<\/p>\n","protected":false},"excerpt":{"rendered":"<p>Policijski slu\u017ebenici Policijske stanice Novi Grad, Okru\u017enom javnom tu\u017eila\u0161tvu Prijedor, 29.07.2019. godine, podnijeli su izvje\u0161taj protiv lica inicijala G.K. iz Novog Grada, zbog postojanja osnova sumnje da je po\u010dinilo krivi\u010dno [&hellip;]<\/p>\n","protected":false},"author":1,"featured_media":0,"comment_status":"closed","ping_status":"open","sticky":false,"template":"","format":"standard","meta":{"_monsterinsights_skip_tracking":false,"_monsterinsights_sitenote_active":false,"_monsterinsights_sitenote_note":"","_monsterinsights_sitenote_category":0,"footnotes":""},"categories":[5],"tags":[9834],"yoast_head":"<!-- This site is optimized with the Yoast SEO plugin v21.6 - https:\/\/yoast.com\/wordpress\/plugins\/seo\/ -->\n<title>PU Prijedor-Akcija &quot;Zoll&quot;: Lice osumnji\u010deno za nelegalnu trgovinu automobila vrijednosti 206.000 KM - PrijedorDanas.com - Prijedorski gradski portal<\/title>\n<meta name=\"robots\" content=\"index, follow, max-snippet:-1, max-image-preview:large, max-video-preview:-1\" \/>\n<link rel=\"canonical\" href=\"https:\/\/www.prijedordanas.com\/?p=131319\" \/>\n<meta property=\"og:locale\" content=\"en_US\" \/>\n<meta property=\"og:type\" content=\"article\" \/>\n<meta property=\"og:title\" content=\"PU Prijedor-Akcija &quot;Zoll&quot;: Lice osumnji\u010deno za nelegalnu trgovinu automobila vrijednosti 206.000 KM - PrijedorDanas.com - Prijedorski gradski portal\" \/>\n<meta property=\"og:description\" content=\"Policijski slu\u017ebenici Policijske stanice Novi Grad, Okru\u017enom javnom tu\u017eila\u0161tvu Prijedor, 29.07.2019. godine, podnijeli su izvje\u0161taj protiv lica inicijala G.K. iz Novog Grada, zbog postojanja osnova sumnje da je po\u010dinilo krivi\u010dno [&hellip;]\" \/>\n<meta property=\"og:url\" content=\"https:\/\/www.prijedordanas.com\/?p=131319\" \/>\n<meta property=\"og:site_name\" content=\"PrijedorDanas.com - Prijedorski gradski portal\" \/>\n<meta property=\"article:publisher\" content=\"https:\/\/www.facebook.com\/PrijedorDanasCom\/\" \/>\n<meta property=\"article:published_time\" content=\"2019-07-30T10:24:29+00:00\" \/>\n<meta property=\"og:image\" content=\"https:\/\/www.prijedordanas.com\/wp-content\/uploads\/2019\/05\/policija-pd-2019-9-300x222.jpg\" \/>\n<meta name=\"author\" content=\"admin\" \/>\n<meta name=\"twitter:card\" content=\"summary_large_image\" \/>\n<meta name=\"twitter:label1\" content=\"Written by\" \/>\n\t<meta name=\"twitter:data1\" content=\"admin\" \/>\n\t<meta name=\"twitter:label2\" content=\"Est. reading time\" \/>\n\t<meta name=\"twitter:data2\" content=\"1 minute\" \/>\n<script type=\"application\/ld+json\" class=\"yoast-schema-graph\">{\"@context\":\"https:\/\/schema.org\",\"@graph\":[{\"@type\":\"Article\",\"@id\":\"https:\/\/www.prijedordanas.com\/?p=131319#article\",\"isPartOf\":{\"@id\":\"https:\/\/www.prijedordanas.com\/?p=131319\"},\"author\":{\"name\":\"admin\",\"@id\":\"https:\/\/www.prijedordanas.com\/#\/schema\/person\/4e08ccf29b506ca916ff86d46bb700e6\"},\"headline\":\"PU Prijedor-Akcija &#8220;Zoll&#8221;: Lice osumnji\u010deno za nelegalnu trgovinu automobila vrijednosti 206.000 KM\",\"datePublished\":\"2019-07-30T10:24:29+00:00\",\"dateModified\":\"2019-07-30T10:24:29+00:00\",\"mainEntityOfPage\":{\"@id\":\"https:\/\/www.prijedordanas.com\/?p=131319\"},\"wordCount\":154,\"publisher\":{\"@id\":\"https:\/\/www.prijedordanas.com\/#organization\"},\"keywords\":[\"PU Prijedor\"],\"articleSection\":[\"Hronika\"],\"inLanguage\":\"en-US\"},{\"@type\":\"WebPage\",\"@id\":\"https:\/\/www.prijedordanas.com\/?p=131319\",\"url\":\"https:\/\/www.prijedordanas.com\/?p=131319\",\"name\":\"PU Prijedor-Akcija \\\"Zoll\\\": Lice osumnji\u010deno za nelegalnu trgovinu automobila vrijednosti 206.000 KM - PrijedorDanas.com - Prijedorski gradski portal\",\"isPartOf\":{\"@id\":\"https:\/\/www.prijedordanas.com\/#website\"},\"datePublished\":\"2019-07-30T10:24:29+00:00\",\"dateModified\":\"2019-07-30T10:24:29+00:00\",\"breadcrumb\":{\"@id\":\"https:\/\/www.prijedordanas.com\/?p=131319#breadcrumb\"},\"inLanguage\":\"en-US\",\"potentialAction\":[{\"@type\":\"ReadAction\",\"target\":[\"https:\/\/www.prijedordanas.com\/?p=131319\"]}]},{\"@type\":\"BreadcrumbList\",\"@id\":\"https:\/\/www.prijedordanas.com\/?p=131319#breadcrumb\",\"itemListElement\":[{\"@type\":\"ListItem\",\"position\":1,\"name\":\"Home\",\"item\":\"https:\/\/www.prijedordanas.com\/\"},{\"@type\":\"ListItem\",\"position\":2,\"name\":\"PU Prijedor-Akcija &#8220;Zoll&#8221;: Lice osumnji\u010deno za nelegalnu trgovinu automobila vrijednosti 206.000 KM\"}]},{\"@type\":\"WebSite\",\"@id\":\"https:\/\/www.prijedordanas.com\/#website\",\"url\":\"https:\/\/www.prijedordanas.com\/\",\"name\":\"PrijedorDanas.com - Prijedorski gradski portal\",\"description\":\"Portal o doga\u0111anjima u gradu Prijedoru\",\"publisher\":{\"@id\":\"https:\/\/www.prijedordanas.com\/#organization\"},\"potentialAction\":[{\"@type\":\"SearchAction\",\"target\":{\"@type\":\"EntryPoint\",\"urlTemplate\":\"https:\/\/www.prijedordanas.com\/?s={search_term_string}\"},\"query-input\":\"required name=search_term_string\"}],\"inLanguage\":\"en-US\"},{\"@type\":\"Organization\",\"@id\":\"https:\/\/www.prijedordanas.com\/#organization\",\"name\":\"PrijedorDanas.com\",\"url\":\"https:\/\/www.prijedordanas.com\/\",\"logo\":{\"@type\":\"ImageObject\",\"inLanguage\":\"en-US\",\"@id\":\"https:\/\/www.prijedordanas.com\/#\/schema\/logo\/image\/\",\"url\":\"http:\/\/www.prijedordanas.com\/wp-content\/uploads\/2021\/12\/logopng.png\",\"contentUrl\":\"http:\/\/www.prijedordanas.com\/wp-content\/uploads\/2021\/12\/logopng.png\",\"width\":1019,\"height\":776,\"caption\":\"PrijedorDanas.com\"},\"image\":{\"@id\":\"https:\/\/www.prijedordanas.com\/#\/schema\/logo\/image\/\"},\"sameAs\":[\"https:\/\/www.facebook.com\/PrijedorDanasCom\/\"]},{\"@type\":\"Person\",\"@id\":\"https:\/\/www.prijedordanas.com\/#\/schema\/person\/4e08ccf29b506ca916ff86d46bb700e6\",\"name\":\"admin\",\"image\":{\"@type\":\"ImageObject\",\"inLanguage\":\"en-US\",\"@id\":\"https:\/\/www.prijedordanas.com\/#\/schema\/person\/image\/\",\"url\":\"https:\/\/secure.gravatar.com\/avatar\/1d3fc949d550f0b53a5f0d51e06dfd79?s=96&d=mm&r=g\",\"contentUrl\":\"https:\/\/secure.gravatar.com\/avatar\/1d3fc949d550f0b53a5f0d51e06dfd79?s=96&d=mm&r=g\",\"caption\":\"admin\"},\"url\":\"https:\/\/www.prijedordanas.com\/?author=1\"}]}<\/script>\n<!-- \/ Yoast SEO plugin. -->","yoast_head_json":{"title":"PU Prijedor-Akcija \"Zoll\": Lice osumnji\u010deno za nelegalnu trgovinu automobila vrijednosti 206.000 KM - PrijedorDanas.com - Prijedorski gradski portal","robots":{"index":"index","follow":"follow","max-snippet":"max-snippet:-1","max-image-preview":"max-image-preview:large","max-video-preview":"max-video-preview:-1"},"canonical":"https:\/\/www.prijedordanas.com\/?p=131319","og_locale":"en_US","og_type":"article","og_title":"PU Prijedor-Akcija \"Zoll\": Lice osumnji\u010deno za nelegalnu trgovinu automobila vrijednosti 206.000 KM - PrijedorDanas.com - Prijedorski gradski portal","og_description":"Policijski slu\u017ebenici Policijske stanice Novi Grad, Okru\u017enom javnom tu\u017eila\u0161tvu Prijedor, 29.07.2019. godine, podnijeli su izvje\u0161taj protiv lica inicijala G.K. iz Novog Grada, zbog postojanja osnova sumnje da je po\u010dinilo krivi\u010dno [&hellip;]","og_url":"https:\/\/www.prijedordanas.com\/?p=131319","og_site_name":"PrijedorDanas.com - Prijedorski gradski portal","article_publisher":"https:\/\/www.facebook.com\/PrijedorDanasCom\/","article_published_time":"2019-07-30T10:24:29+00:00","og_image":[{"url":"https:\/\/www.prijedordanas.com\/wp-content\/uploads\/2019\/05\/policija-pd-2019-9-300x222.jpg"}],"author":"admin","twitter_card":"summary_large_image","twitter_misc":{"Written by":"admin","Est. reading time":"1 minute"},"schema":{"@context":"https:\/\/schema.org","@graph":[{"@type":"Article","@id":"https:\/\/www.prijedordanas.com\/?p=131319#article","isPartOf":{"@id":"https:\/\/www.prijedordanas.com\/?p=131319"},"author":{"name":"admin","@id":"https:\/\/www.prijedordanas.com\/#\/schema\/person\/4e08ccf29b506ca916ff86d46bb700e6"},"headline":"PU Prijedor-Akcija &#8220;Zoll&#8221;: Lice osumnji\u010deno za nelegalnu trgovinu automobila vrijednosti 206.000 KM","datePublished":"2019-07-30T10:24:29+00:00","dateModified":"2019-07-30T10:24:29+00:00","mainEntityOfPage":{"@id":"https:\/\/www.prijedordanas.com\/?p=131319"},"wordCount":154,"publisher":{"@id":"https:\/\/www.prijedordanas.com\/#organization"},"keywords":["PU Prijedor"],"articleSection":["Hronika"],"inLanguage":"en-US"},{"@type":"WebPage","@id":"https:\/\/www.prijedordanas.com\/?p=131319","url":"https:\/\/www.prijedordanas.com\/?p=131319","name":"PU Prijedor-Akcija \"Zoll\": Lice osumnji\u010deno za nelegalnu trgovinu automobila vrijednosti 206.000 KM - PrijedorDanas.com - Prijedorski gradski portal","isPartOf":{"@id":"https:\/\/www.prijedordanas.com\/#website"},"datePublished":"2019-07-30T10:24:29+00:00","dateModified":"2019-07-30T10:24:29+00:00","breadcrumb":{"@id":"https:\/\/www.prijedordanas.com\/?p=131319#breadcrumb"},"inLanguage":"en-US","potentialAction":[{"@type":"ReadAction","target":["https:\/\/www.prijedordanas.com\/?p=131319"]}]},{"@type":"BreadcrumbList","@id":"https:\/\/www.prijedordanas.com\/?p=131319#breadcrumb","itemListElement":[{"@type":"ListItem","position":1,"name":"Home","item":"https:\/\/www.prijedordanas.com\/"},{"@type":"ListItem","position":2,"name":"PU Prijedor-Akcija &#8220;Zoll&#8221;: Lice osumnji\u010deno za nelegalnu trgovinu automobila vrijednosti 206.000 KM"}]},{"@type":"WebSite","@id":"https:\/\/www.prijedordanas.com\/#website","url":"https:\/\/www.prijedordanas.com\/","name":"PrijedorDanas.com - Prijedorski gradski portal","description":"Portal o doga\u0111anjima u gradu Prijedoru","publisher":{"@id":"https:\/\/www.prijedordanas.com\/#organization"},"potentialAction":[{"@type":"SearchAction","target":{"@type":"EntryPoint","urlTemplate":"https:\/\/www.prijedordanas.com\/?s={search_term_string}"},"query-input":"required name=search_term_string"}],"inLanguage":"en-US"},{"@type":"Organization","@id":"https:\/\/www.prijedordanas.com\/#organization","name":"PrijedorDanas.com","url":"https:\/\/www.prijedordanas.com\/","logo":{"@type":"ImageObject","inLanguage":"en-US","@id":"https:\/\/www.prijedordanas.com\/#\/schema\/logo\/image\/","url":"http:\/\/www.prijedordanas.com\/wp-content\/uploads\/2021\/12\/logopng.png","contentUrl":"http:\/\/www.prijedordanas.com\/wp-content\/uploads\/2021\/12\/logopng.png","width":1019,"height":776,"caption":"PrijedorDanas.com"},"image":{"@id":"https:\/\/www.prijedordanas.com\/#\/schema\/logo\/image\/"},"sameAs":["https:\/\/www.facebook.com\/PrijedorDanasCom\/"]},{"@type":"Person","@id":"https:\/\/www.prijedordanas.com\/#\/schema\/person\/4e08ccf29b506ca916ff86d46bb700e6","name":"admin","image":{"@type":"ImageObject","inLanguage":"en-US","@id":"https:\/\/www.prijedordanas.com\/#\/schema\/person\/image\/","url":"https:\/\/secure.gravatar.com\/avatar\/1d3fc949d550f0b53a5f0d51e06dfd79?s=96&d=mm&r=g","contentUrl":"https:\/\/secure.gravatar.com\/avatar\/1d3fc949d550f0b53a5f0d51e06dfd79?s=96&d=mm&r=g","caption":"admin"},"url":"https:\/\/www.prijedordanas.com\/?author=1"}]}},"_links":{"self":[{"href":"https:\/\/www.prijedordanas.com\/index.php?rest_route=\/wp\/v2\/posts\/131319"}],"collection":[{"href":"https:\/\/www.prijedordanas.com\/index.php?rest_route=\/wp\/v2\/posts"}],"about":[{"href":"https:\/\/www.prijedordanas.com\/index.php?rest_route=\/wp\/v2\/types\/post"}],"author":[{"embeddable":true,"href":"https:\/\/www.prijedordanas.com\/index.php?rest_route=\/wp\/v2\/users\/1"}],"replies":[{"embeddable":true,"href":"https:\/\/www.prijedordanas.com\/index.php?rest_route=%2Fwp%2Fv2%2Fcomments&post=131319"}],"version-history":[{"count":1,"href":"https:\/\/www.prijedordanas.com\/index.php?rest_route=\/wp\/v2\/posts\/131319\/revisions"}],"predecessor-version":[{"id":131320,"href":"https:\/\/www.prijedordanas.com\/index.php?rest_route=\/wp\/v2\/posts\/131319\/revisions\/131320"}],"wp:attachment":[{"href":"https:\/\/www.prijedordanas.com\/index.php?rest_route=%2Fwp%2Fv2%2Fmedia&parent=131319"}],"wp:term":[{"taxonomy":"category","embeddable":true,"href":"https:\/\/www.prijedordanas.com\/index.php?rest_route=%2Fwp%2Fv2%2Fcategories&post=131319"},{"taxonomy":"post_tag","embeddable":true,"href":"https:\/\/www.prijedordanas.com\/index.php?rest_route=%2Fwp%2Fv2%2Ftags&post=131319"}],"curies":[{"name":"wp","href":"https:\/\/api.w.org\/{rel}","templated":true}]}}