{"id":130852,"date":"2019-07-19T02:22:13","date_gmt":"2019-07-19T00:22:13","guid":{"rendered":"https:\/\/www.prijedordanas.com\/?p=130852"},"modified":"2019-07-19T02:22:13","modified_gmt":"2019-07-19T00:22:13","slug":"preda-pd-svecano-otvaranje-coworking-prostora","status":"publish","type":"post","link":"https:\/\/www.prijedordanas.com\/?p=130852","title":{"rendered":"PREDA-PD: Sve\u010dano otvaranje Coworking prostora"},"content":{"rendered":"<p><a href=\"https:\/\/www.prijedordanas.com\/wp-content\/uploads\/2019\/07\/coworking-prostor.jpg\"><img loading=\"lazy\" decoding=\"async\" src=\"https:\/\/www.prijedordanas.com\/wp-content\/uploads\/2019\/07\/coworking-prostor-300x222.jpg\" alt=\"\" width=\"300\" height=\"222\" class=\"alignleft size-medium wp-image-130853\" srcset=\"https:\/\/www.prijedordanas.com\/wp-content\/uploads\/2019\/07\/coworking-prostor-300x222.jpg 300w, https:\/\/www.prijedordanas.com\/wp-content\/uploads\/2019\/07\/coworking-prostor-100x74.jpg 100w, https:\/\/www.prijedordanas.com\/wp-content\/uploads\/2019\/07\/coworking-prostor.jpg 675w\" sizes=\"(max-width: 300px) 100vw, 300px\" \/><\/a>Ovoga petka, 19. jula 2019. godine sa po\u010detkom u 11:00 sati u prostorijama Poslovnog centra Prijedor, bi\u0107e prire\u0111eno sve\u010dano otvaranje Coworking prostora i prezentacija Javnog konkursa za prijem novih korisnika.<\/p>\n<p>Grad Prijedor i Agencija PREDA-PD  su pripremili i realizovali set projekata, finansiranih kroz eksterne izvore finasiranja, kojima su u prethodnom investicionom periodu sprovedene aktivnosti i kreirana potrebna infrastruktura ( Inkubator, Coworking, IT edukacija, 3D modeliranje, Audio\/Video studio) za razvoj objedinjenih usluga u okviru Prijedor HuB-a Agencije PREDA-PD.<\/p>\n<p>Ako posmatramo usluge u okviru sektora IT i KI rezultati analiza Agencije PREDA-PD pokazuju da ve\u0107ina pru\u017eene podr\u0161ke se po pravilu zavr\u0161ila odlivom korisnika u ve\u0107e regionalne centre u zemlji i inostranstvu. Mladima, kao ciljanoj grupi nije pru\u017eena adekvatna \u0161ansa za dalji profesionalni razvoj na nivou mati\u010dne lokalne zajednice. Visokoobrazovne institucije nisu integrisane u lokalne tokove na partnerskim osnovama. Time je pristup ovoj grupi krajnjih korisnika ote\u017ean, \u0161to trenutni model podr\u0161ke preduzetni\u0161vu \u010dini manje inkluzivnim i atraktivnim. Na ovaj na\u010din, lokalna zajednica je suo\u010dena sa poja\u010danim odlivom najperspektivnije i najproduktivnije socijalne grupe.<\/p>\n<p>Iz ovih razloga metodologija budu\u0107eg rada HUB-a \u0107e se bazirati na Living lab pristupu kroz koji HUB ima \u017eelju da bude inovaciona platforma u kojoj zainteresovane strane iz redova pojedinaca, kompanija, javnih institucija, srednjih i osnovnih \u0161kola, univerziteta, korisnika i ostalih u\u010desnika, sara\u0111uju u stvaranju proizvoda\/usluga, izradi prototipova, edukaciji,  validaciji i testiranju novih start up ideja,  tehnologija i sl.<\/p>\n<p>Cilj otvaranja Coworkinga je povezivanje mladih ljudi sli\u010dnih interesovanja, razmena iskustva sa \u010dlanovima zajednice, testiranje poslovnih modela i mogu\u0107nost realizacije zajedni\u010dkih projekata. Na ovom mestu se trebaju umre\u017eavati i zajedno raditi programeri, dizajneri, marketari, freelancer-i i preduzetnici, svi oni ljudi koji imaju strast prema re\u0161avanju problema, tra\u017eenju i stvaranju poslova, za sebe i druge. <\/p>\n<p>Coworking je inspirativan prostor za rad, sa opremom, internet pristupom, salom za sastanke i treninge i svom prate\u0107om infrastrukturom. Trenutni kapacitet  je  10 radnih jedinica. Korisnicima \u017eelimo da pored besplatnog prostora omogu\u0107imo uslove za unapre\u0111enje profesionalnih ve\u0161tina koje su im neophodne ukoliko \u017eele da budu konkurentni na tr\u017ei\u0161tu, ali i da postanu osna\u017eeni pojedinci spremni da preuzmu aktivnu ulogu u okviru vrlo promenjivih ekonomskim, dru\u0161tvenih i ekolo\u0161kih okolnosti, ne samo na lokalnom ve\u0107 i na globalnom nivou.<\/p>\n<p>Agenda:<br \/>\n10:30 \u2013 11:00 Dolazak gostiju<br \/>\n11:00 \u2013 11:15 Izjava za medije<br \/>\n11:15 \u2013 11:30 Pozdravni govori i sve\u010dano otvaranje<br \/>\n-Aleksandar Drlja\u010da v.d. direktor Agencije PREDA-PD<br \/>\n-Milenko \u0110akovi\u0107, Gradona\u010delnik Prijedora<\/p>\n<p>11:30 \u2013 11:40  Prezentacija projekata i prvog poziva<br \/>\n-Coworking prostor i predstavljanje Javnog konkursa za prijem korisnika, Goran Rodi\u0107, Zoran Dimitrijevi\u0107, Agencija PREDA-PD<\/p>\n","protected":false},"excerpt":{"rendered":"<p>Ovoga petka, 19. jula 2019. godine sa po\u010detkom u 11:00 sati u prostorijama Poslovnog centra Prijedor, bi\u0107e prire\u0111eno sve\u010dano otvaranje Coworking prostora i prezentacija Javnog konkursa za prijem novih korisnika. [&hellip;]<\/p>\n","protected":false},"author":1,"featured_media":0,"comment_status":"closed","ping_status":"open","sticky":false,"template":"","format":"standard","meta":{"_monsterinsights_skip_tracking":false,"_monsterinsights_sitenote_active":false,"_monsterinsights_sitenote_note":"","_monsterinsights_sitenote_category":0,"footnotes":""},"categories":[8],"tags":[10928],"yoast_head":"<!-- This site is optimized with the Yoast SEO plugin v21.6 - https:\/\/yoast.com\/wordpress\/plugins\/seo\/ -->\n<title>PREDA-PD: Sve\u010dano otvaranje Coworking prostora - PrijedorDanas.com - Prijedorski gradski portal<\/title>\n<meta name=\"robots\" content=\"index, follow, max-snippet:-1, max-image-preview:large, max-video-preview:-1\" \/>\n<link rel=\"canonical\" href=\"https:\/\/www.prijedordanas.com\/?p=130852\" \/>\n<meta property=\"og:locale\" content=\"en_US\" \/>\n<meta property=\"og:type\" content=\"article\" \/>\n<meta property=\"og:title\" content=\"PREDA-PD: Sve\u010dano otvaranje Coworking prostora - PrijedorDanas.com - Prijedorski gradski portal\" \/>\n<meta property=\"og:description\" content=\"Ovoga petka, 19. jula 2019. godine sa po\u010detkom u 11:00 sati u prostorijama Poslovnog centra Prijedor, bi\u0107e prire\u0111eno sve\u010dano otvaranje Coworking prostora i prezentacija Javnog konkursa za prijem novih korisnika. [&hellip;]\" \/>\n<meta property=\"og:url\" content=\"https:\/\/www.prijedordanas.com\/?p=130852\" \/>\n<meta property=\"og:site_name\" content=\"PrijedorDanas.com - Prijedorski gradski portal\" \/>\n<meta property=\"article:publisher\" content=\"https:\/\/www.facebook.com\/PrijedorDanasCom\/\" \/>\n<meta property=\"article:published_time\" content=\"2019-07-19T00:22:13+00:00\" \/>\n<meta property=\"og:image\" content=\"https:\/\/www.prijedordanas.com\/wp-content\/uploads\/2019\/07\/coworking-prostor-300x222.jpg\" \/>\n<meta name=\"author\" content=\"admin\" \/>\n<meta name=\"twitter:card\" content=\"summary_large_image\" \/>\n<meta name=\"twitter:label1\" content=\"Written by\" \/>\n\t<meta name=\"twitter:data1\" content=\"admin\" \/>\n\t<meta name=\"twitter:label2\" content=\"Est. reading time\" \/>\n\t<meta name=\"twitter:data2\" content=\"2 minutes\" \/>\n<script type=\"application\/ld+json\" class=\"yoast-schema-graph\">{\"@context\":\"https:\/\/schema.org\",\"@graph\":[{\"@type\":\"Article\",\"@id\":\"https:\/\/www.prijedordanas.com\/?p=130852#article\",\"isPartOf\":{\"@id\":\"https:\/\/www.prijedordanas.com\/?p=130852\"},\"author\":{\"name\":\"admin\",\"@id\":\"https:\/\/www.prijedordanas.com\/#\/schema\/person\/4e08ccf29b506ca916ff86d46bb700e6\"},\"headline\":\"PREDA-PD: Sve\u010dano otvaranje Coworking prostora\",\"datePublished\":\"2019-07-19T00:22:13+00:00\",\"dateModified\":\"2019-07-19T00:22:13+00:00\",\"mainEntityOfPage\":{\"@id\":\"https:\/\/www.prijedordanas.com\/?p=130852\"},\"wordCount\":442,\"publisher\":{\"@id\":\"https:\/\/www.prijedordanas.com\/#organization\"},\"keywords\":[\"Coworking prostor\"],\"articleSection\":[\"Svakodnevno\"],\"inLanguage\":\"en-US\"},{\"@type\":\"WebPage\",\"@id\":\"https:\/\/www.prijedordanas.com\/?p=130852\",\"url\":\"https:\/\/www.prijedordanas.com\/?p=130852\",\"name\":\"PREDA-PD: Sve\u010dano otvaranje Coworking prostora - PrijedorDanas.com - Prijedorski gradski portal\",\"isPartOf\":{\"@id\":\"https:\/\/www.prijedordanas.com\/#website\"},\"datePublished\":\"2019-07-19T00:22:13+00:00\",\"dateModified\":\"2019-07-19T00:22:13+00:00\",\"breadcrumb\":{\"@id\":\"https:\/\/www.prijedordanas.com\/?p=130852#breadcrumb\"},\"inLanguage\":\"en-US\",\"potentialAction\":[{\"@type\":\"ReadAction\",\"target\":[\"https:\/\/www.prijedordanas.com\/?p=130852\"]}]},{\"@type\":\"BreadcrumbList\",\"@id\":\"https:\/\/www.prijedordanas.com\/?p=130852#breadcrumb\",\"itemListElement\":[{\"@type\":\"ListItem\",\"position\":1,\"name\":\"Home\",\"item\":\"https:\/\/www.prijedordanas.com\/\"},{\"@type\":\"ListItem\",\"position\":2,\"name\":\"PREDA-PD: Sve\u010dano otvaranje Coworking prostora\"}]},{\"@type\":\"WebSite\",\"@id\":\"https:\/\/www.prijedordanas.com\/#website\",\"url\":\"https:\/\/www.prijedordanas.com\/\",\"name\":\"PrijedorDanas.com - Prijedorski gradski portal\",\"description\":\"Portal o doga\u0111anjima u gradu Prijedoru\",\"publisher\":{\"@id\":\"https:\/\/www.prijedordanas.com\/#organization\"},\"potentialAction\":[{\"@type\":\"SearchAction\",\"target\":{\"@type\":\"EntryPoint\",\"urlTemplate\":\"https:\/\/www.prijedordanas.com\/?s={search_term_string}\"},\"query-input\":\"required name=search_term_string\"}],\"inLanguage\":\"en-US\"},{\"@type\":\"Organization\",\"@id\":\"https:\/\/www.prijedordanas.com\/#organization\",\"name\":\"PrijedorDanas.com\",\"url\":\"https:\/\/www.prijedordanas.com\/\",\"logo\":{\"@type\":\"ImageObject\",\"inLanguage\":\"en-US\",\"@id\":\"https:\/\/www.prijedordanas.com\/#\/schema\/logo\/image\/\",\"url\":\"http:\/\/www.prijedordanas.com\/wp-content\/uploads\/2021\/12\/logopng.png\",\"contentUrl\":\"http:\/\/www.prijedordanas.com\/wp-content\/uploads\/2021\/12\/logopng.png\",\"width\":1019,\"height\":776,\"caption\":\"PrijedorDanas.com\"},\"image\":{\"@id\":\"https:\/\/www.prijedordanas.com\/#\/schema\/logo\/image\/\"},\"sameAs\":[\"https:\/\/www.facebook.com\/PrijedorDanasCom\/\"]},{\"@type\":\"Person\",\"@id\":\"https:\/\/www.prijedordanas.com\/#\/schema\/person\/4e08ccf29b506ca916ff86d46bb700e6\",\"name\":\"admin\",\"image\":{\"@type\":\"ImageObject\",\"inLanguage\":\"en-US\",\"@id\":\"https:\/\/www.prijedordanas.com\/#\/schema\/person\/image\/\",\"url\":\"https:\/\/secure.gravatar.com\/avatar\/1d3fc949d550f0b53a5f0d51e06dfd79?s=96&d=mm&r=g\",\"contentUrl\":\"https:\/\/secure.gravatar.com\/avatar\/1d3fc949d550f0b53a5f0d51e06dfd79?s=96&d=mm&r=g\",\"caption\":\"admin\"},\"url\":\"https:\/\/www.prijedordanas.com\/?author=1\"}]}<\/script>\n<!-- \/ Yoast SEO plugin. -->","yoast_head_json":{"title":"PREDA-PD: Sve\u010dano otvaranje Coworking prostora - PrijedorDanas.com - Prijedorski gradski portal","robots":{"index":"index","follow":"follow","max-snippet":"max-snippet:-1","max-image-preview":"max-image-preview:large","max-video-preview":"max-video-preview:-1"},"canonical":"https:\/\/www.prijedordanas.com\/?p=130852","og_locale":"en_US","og_type":"article","og_title":"PREDA-PD: Sve\u010dano otvaranje Coworking prostora - PrijedorDanas.com - Prijedorski gradski portal","og_description":"Ovoga petka, 19. jula 2019. godine sa po\u010detkom u 11:00 sati u prostorijama Poslovnog centra Prijedor, bi\u0107e prire\u0111eno sve\u010dano otvaranje Coworking prostora i prezentacija Javnog konkursa za prijem novih korisnika. [&hellip;]","og_url":"https:\/\/www.prijedordanas.com\/?p=130852","og_site_name":"PrijedorDanas.com - Prijedorski gradski portal","article_publisher":"https:\/\/www.facebook.com\/PrijedorDanasCom\/","article_published_time":"2019-07-19T00:22:13+00:00","og_image":[{"url":"https:\/\/www.prijedordanas.com\/wp-content\/uploads\/2019\/07\/coworking-prostor-300x222.jpg"}],"author":"admin","twitter_card":"summary_large_image","twitter_misc":{"Written by":"admin","Est. reading time":"2 minutes"},"schema":{"@context":"https:\/\/schema.org","@graph":[{"@type":"Article","@id":"https:\/\/www.prijedordanas.com\/?p=130852#article","isPartOf":{"@id":"https:\/\/www.prijedordanas.com\/?p=130852"},"author":{"name":"admin","@id":"https:\/\/www.prijedordanas.com\/#\/schema\/person\/4e08ccf29b506ca916ff86d46bb700e6"},"headline":"PREDA-PD: Sve\u010dano otvaranje Coworking prostora","datePublished":"2019-07-19T00:22:13+00:00","dateModified":"2019-07-19T00:22:13+00:00","mainEntityOfPage":{"@id":"https:\/\/www.prijedordanas.com\/?p=130852"},"wordCount":442,"publisher":{"@id":"https:\/\/www.prijedordanas.com\/#organization"},"keywords":["Coworking prostor"],"articleSection":["Svakodnevno"],"inLanguage":"en-US"},{"@type":"WebPage","@id":"https:\/\/www.prijedordanas.com\/?p=130852","url":"https:\/\/www.prijedordanas.com\/?p=130852","name":"PREDA-PD: Sve\u010dano otvaranje Coworking prostora - PrijedorDanas.com - Prijedorski gradski portal","isPartOf":{"@id":"https:\/\/www.prijedordanas.com\/#website"},"datePublished":"2019-07-19T00:22:13+00:00","dateModified":"2019-07-19T00:22:13+00:00","breadcrumb":{"@id":"https:\/\/www.prijedordanas.com\/?p=130852#breadcrumb"},"inLanguage":"en-US","potentialAction":[{"@type":"ReadAction","target":["https:\/\/www.prijedordanas.com\/?p=130852"]}]},{"@type":"BreadcrumbList","@id":"https:\/\/www.prijedordanas.com\/?p=130852#breadcrumb","itemListElement":[{"@type":"ListItem","position":1,"name":"Home","item":"https:\/\/www.prijedordanas.com\/"},{"@type":"ListItem","position":2,"name":"PREDA-PD: Sve\u010dano otvaranje Coworking prostora"}]},{"@type":"WebSite","@id":"https:\/\/www.prijedordanas.com\/#website","url":"https:\/\/www.prijedordanas.com\/","name":"PrijedorDanas.com - Prijedorski gradski portal","description":"Portal o doga\u0111anjima u gradu Prijedoru","publisher":{"@id":"https:\/\/www.prijedordanas.com\/#organization"},"potentialAction":[{"@type":"SearchAction","target":{"@type":"EntryPoint","urlTemplate":"https:\/\/www.prijedordanas.com\/?s={search_term_string}"},"query-input":"required name=search_term_string"}],"inLanguage":"en-US"},{"@type":"Organization","@id":"https:\/\/www.prijedordanas.com\/#organization","name":"PrijedorDanas.com","url":"https:\/\/www.prijedordanas.com\/","logo":{"@type":"ImageObject","inLanguage":"en-US","@id":"https:\/\/www.prijedordanas.com\/#\/schema\/logo\/image\/","url":"http:\/\/www.prijedordanas.com\/wp-content\/uploads\/2021\/12\/logopng.png","contentUrl":"http:\/\/www.prijedordanas.com\/wp-content\/uploads\/2021\/12\/logopng.png","width":1019,"height":776,"caption":"PrijedorDanas.com"},"image":{"@id":"https:\/\/www.prijedordanas.com\/#\/schema\/logo\/image\/"},"sameAs":["https:\/\/www.facebook.com\/PrijedorDanasCom\/"]},{"@type":"Person","@id":"https:\/\/www.prijedordanas.com\/#\/schema\/person\/4e08ccf29b506ca916ff86d46bb700e6","name":"admin","image":{"@type":"ImageObject","inLanguage":"en-US","@id":"https:\/\/www.prijedordanas.com\/#\/schema\/person\/image\/","url":"https:\/\/secure.gravatar.com\/avatar\/1d3fc949d550f0b53a5f0d51e06dfd79?s=96&d=mm&r=g","contentUrl":"https:\/\/secure.gravatar.com\/avatar\/1d3fc949d550f0b53a5f0d51e06dfd79?s=96&d=mm&r=g","caption":"admin"},"url":"https:\/\/www.prijedordanas.com\/?author=1"}]}},"_links":{"self":[{"href":"https:\/\/www.prijedordanas.com\/index.php?rest_route=\/wp\/v2\/posts\/130852"}],"collection":[{"href":"https:\/\/www.prijedordanas.com\/index.php?rest_route=\/wp\/v2\/posts"}],"about":[{"href":"https:\/\/www.prijedordanas.com\/index.php?rest_route=\/wp\/v2\/types\/post"}],"author":[{"embeddable":true,"href":"https:\/\/www.prijedordanas.com\/index.php?rest_route=\/wp\/v2\/users\/1"}],"replies":[{"embeddable":true,"href":"https:\/\/www.prijedordanas.com\/index.php?rest_route=%2Fwp%2Fv2%2Fcomments&post=130852"}],"version-history":[{"count":1,"href":"https:\/\/www.prijedordanas.com\/index.php?rest_route=\/wp\/v2\/posts\/130852\/revisions"}],"predecessor-version":[{"id":130854,"href":"https:\/\/www.prijedordanas.com\/index.php?rest_route=\/wp\/v2\/posts\/130852\/revisions\/130854"}],"wp:attachment":[{"href":"https:\/\/www.prijedordanas.com\/index.php?rest_route=%2Fwp%2Fv2%2Fmedia&parent=130852"}],"wp:term":[{"taxonomy":"category","embeddable":true,"href":"https:\/\/www.prijedordanas.com\/index.php?rest_route=%2Fwp%2Fv2%2Fcategories&post=130852"},{"taxonomy":"post_tag","embeddable":true,"href":"https:\/\/www.prijedordanas.com\/index.php?rest_route=%2Fwp%2Fv2%2Ftags&post=130852"}],"curies":[{"name":"wp","href":"https:\/\/api.w.org\/{rel}","templated":true}]}}