{"id":130850,"date":"2019-07-19T04:05:23","date_gmt":"2019-07-19T02:05:23","guid":{"rendered":"https:\/\/www.prijedordanas.com\/?p=130850"},"modified":"2019-07-19T04:05:23","modified_gmt":"2019-07-19T02:05:23","slug":"milos-zec-i-orkestar-harmonika-sky-glory-odusevili-prijedorcane-foto-video","status":"publish","type":"post","link":"https:\/\/www.prijedordanas.com\/?p=130850","title":{"rendered":"Milo\u0161 Zec i orkestar harmonika Sky Glory odu\u0161evili Prijedor\u010dane &#8211; FOTO\/VIDEO"},"content":{"rendered":"<p><a href=\"https:\/\/www.prijedordanas.com\/wp-content\/uploads\/2019\/07\/koncert-milos-zec-i-sky-glory-1.jpg\"><img loading=\"lazy\" decoding=\"async\" class=\"alignleft size-medium wp-image-130875\" src=\"https:\/\/www.prijedordanas.com\/wp-content\/uploads\/2019\/07\/koncert-milos-zec-i-sky-glory-1-300x217.jpg\" alt=\"\" width=\"300\" height=\"217\" srcset=\"https:\/\/www.prijedordanas.com\/wp-content\/uploads\/2019\/07\/koncert-milos-zec-i-sky-glory-1-300x217.jpg 300w, https:\/\/www.prijedordanas.com\/wp-content\/uploads\/2019\/07\/koncert-milos-zec-i-sky-glory-1-100x72.jpg 100w, https:\/\/www.prijedordanas.com\/wp-content\/uploads\/2019\/07\/koncert-milos-zec-i-sky-glory-1.jpg 690w\" sizes=\"(max-width: 300px) 100vw, 300px\" \/><\/a>Glavnom prijedorskom ulicom i Malim gradskim trgom u \u010detvrtak uve\u010de odzvanjali su zvuci harmonika.<\/p>\n<p>Ne jedne ili dvije ve\u0107 \u010dak 12, uz malu pomo\u0107 klavijature i bubnjeva.<\/p>\n<p>Milo\u0161 Zec i Orkestar Sky Glory priredili su za nekoliko stotina Prijedor\u010dana raznih generacija ve\u010de za pam\u0107enje svojim jednosatnim koncertom.<\/p>\n<p>Svi oni koji su do\u0161li sa namjerom kao i oni koji su slu\u010dajno nai\u0161li bili su odu\u0161evljeni onime \u0161to su \u010duli.<\/p>\n<p>Bilo je tu raznih numera, \u017eanrovski potpuno razli\u010ditih, ali svaka je odsvirana sa velikom \u017eeljom.<\/p>\n<p><a href=\"https:\/\/www.prijedordanas.com\/wp-content\/uploads\/2019\/07\/koncert-milos-zec-i-sky-glory-2.jpg\"><img loading=\"lazy\" decoding=\"async\" src=\"https:\/\/www.prijedordanas.com\/wp-content\/uploads\/2019\/07\/koncert-milos-zec-i-sky-glory-2-300x217.jpg\" alt=\"\" width=\"300\" height=\"217\" class=\"alignleft size-medium wp-image-130876\" srcset=\"https:\/\/www.prijedordanas.com\/wp-content\/uploads\/2019\/07\/koncert-milos-zec-i-sky-glory-2-300x217.jpg 300w, https:\/\/www.prijedordanas.com\/wp-content\/uploads\/2019\/07\/koncert-milos-zec-i-sky-glory-2-100x72.jpg 100w, https:\/\/www.prijedordanas.com\/wp-content\/uploads\/2019\/07\/koncert-milos-zec-i-sky-glory-2.jpg 690w\" sizes=\"(max-width: 300px) 100vw, 300px\" \/><\/a>Profesor Zec i njegovi puleni predstavili su se na najbolji mogu\u0107i na\u010din.<\/p>\n<p>Koliko su uspjeli u tome mo\u017eda najbolje govore rije\u010di brojnih Prijedor\u010dana da odavno nisu vi\u0161e u\u017eivali u nekom doga\u0111aju.<\/p>\n<p>Uz nekoliko fotografija i video snimak dijela nastupa, nadamo se da \u0107ete se i vi koji \u010ditate ove redove, u to uvjeriti.<\/p>\n<p>Koncert Milo\u0161a Zeca i Orkestra Sky Glory dio je programa Prijedorskog ljeta kulture 2019.<\/p>\n<p>Bravo profesore, bravo Sky Glory!<\/p>\n<p>Tekst i foto \u2013 Aleksandar Drakuli\u0107 \u2013 <a href=\"https:\/\/www.prijedordanas.com\" target=\"_blank\" rel=\"noopener noreferrer\">www.prijedordanas.com<\/a><\/p>\n<p><iframe loading=\"lazy\" title=\"Milos Zec i Orkestar harmonika Sky Glory - Mix - Koncert Prijedor - 18.07.2019.\" width=\"500\" height=\"281\" src=\"https:\/\/www.youtube.com\/embed\/LhKLeMt9daI?feature=oembed\" frameborder=\"0\" allow=\"accelerometer; autoplay; encrypted-media; gyroscope; picture-in-picture\" allowfullscreen><\/iframe><\/p>\n<p><a href=\"https:\/\/www.prijedordanas.com\/wp-content\/uploads\/2019\/07\/koncert-milos-zec-i-sky-glory-3.jpg\"><img loading=\"lazy\" decoding=\"async\" src=\"https:\/\/www.prijedordanas.com\/wp-content\/uploads\/2019\/07\/koncert-milos-zec-i-sky-glory-3-300x217.jpg\" alt=\"\" width=\"300\" height=\"217\" class=\"alignleft size-medium wp-image-130877\" srcset=\"https:\/\/www.prijedordanas.com\/wp-content\/uploads\/2019\/07\/koncert-milos-zec-i-sky-glory-3-300x217.jpg 300w, https:\/\/www.prijedordanas.com\/wp-content\/uploads\/2019\/07\/koncert-milos-zec-i-sky-glory-3-100x72.jpg 100w, https:\/\/www.prijedordanas.com\/wp-content\/uploads\/2019\/07\/koncert-milos-zec-i-sky-glory-3.jpg 690w\" sizes=\"(max-width: 300px) 100vw, 300px\" \/><\/a> <a href=\"https:\/\/www.prijedordanas.com\/wp-content\/uploads\/2019\/07\/koncert-milos-zec-i-sky-glory-4.jpg\"><img loading=\"lazy\" decoding=\"async\" src=\"https:\/\/www.prijedordanas.com\/wp-content\/uploads\/2019\/07\/koncert-milos-zec-i-sky-glory-4-300x217.jpg\" alt=\"\" width=\"300\" height=\"217\" class=\"alignleft size-medium wp-image-130878\" srcset=\"https:\/\/www.prijedordanas.com\/wp-content\/uploads\/2019\/07\/koncert-milos-zec-i-sky-glory-4-300x217.jpg 300w, https:\/\/www.prijedordanas.com\/wp-content\/uploads\/2019\/07\/koncert-milos-zec-i-sky-glory-4-100x72.jpg 100w, https:\/\/www.prijedordanas.com\/wp-content\/uploads\/2019\/07\/koncert-milos-zec-i-sky-glory-4.jpg 690w\" sizes=\"(max-width: 300px) 100vw, 300px\" \/><\/a> <a href=\"https:\/\/www.prijedordanas.com\/wp-content\/uploads\/2019\/07\/koncert-milos-zec-i-sky-glory-5.jpg\"><img loading=\"lazy\" decoding=\"async\" src=\"https:\/\/www.prijedordanas.com\/wp-content\/uploads\/2019\/07\/koncert-milos-zec-i-sky-glory-5-300x200.jpg\" alt=\"\" width=\"300\" height=\"200\" class=\"alignleft size-medium wp-image-130879\" srcset=\"https:\/\/www.prijedordanas.com\/wp-content\/uploads\/2019\/07\/koncert-milos-zec-i-sky-glory-5-300x200.jpg 300w, https:\/\/www.prijedordanas.com\/wp-content\/uploads\/2019\/07\/koncert-milos-zec-i-sky-glory-5-100x67.jpg 100w, https:\/\/www.prijedordanas.com\/wp-content\/uploads\/2019\/07\/koncert-milos-zec-i-sky-glory-5-480x320.jpg 480w, https:\/\/www.prijedordanas.com\/wp-content\/uploads\/2019\/07\/koncert-milos-zec-i-sky-glory-5.jpg 600w\" sizes=\"(max-width: 300px) 100vw, 300px\" \/><\/a> <a href=\"https:\/\/www.prijedordanas.com\/wp-content\/uploads\/2019\/07\/koncert-milos-zec-i-sky-glory-6.jpg\"><img loading=\"lazy\" decoding=\"async\" src=\"https:\/\/www.prijedordanas.com\/wp-content\/uploads\/2019\/07\/koncert-milos-zec-i-sky-glory-6-300x200.jpg\" alt=\"\" width=\"300\" height=\"200\" class=\"alignleft size-medium wp-image-130880\" srcset=\"https:\/\/www.prijedordanas.com\/wp-content\/uploads\/2019\/07\/koncert-milos-zec-i-sky-glory-6-300x200.jpg 300w, https:\/\/www.prijedordanas.com\/wp-content\/uploads\/2019\/07\/koncert-milos-zec-i-sky-glory-6-100x67.jpg 100w, https:\/\/www.prijedordanas.com\/wp-content\/uploads\/2019\/07\/koncert-milos-zec-i-sky-glory-6-480x320.jpg 480w, https:\/\/www.prijedordanas.com\/wp-content\/uploads\/2019\/07\/koncert-milos-zec-i-sky-glory-6.jpg 600w\" sizes=\"(max-width: 300px) 100vw, 300px\" \/><\/a> <a href=\"https:\/\/www.prijedordanas.com\/wp-content\/uploads\/2019\/07\/koncert-milos-zec-i-sky-glory-7.jpg\"><img loading=\"lazy\" decoding=\"async\" src=\"https:\/\/www.prijedordanas.com\/wp-content\/uploads\/2019\/07\/koncert-milos-zec-i-sky-glory-7-300x200.jpg\" alt=\"\" width=\"300\" height=\"200\" class=\"alignleft size-medium wp-image-130881\" srcset=\"https:\/\/www.prijedordanas.com\/wp-content\/uploads\/2019\/07\/koncert-milos-zec-i-sky-glory-7-300x200.jpg 300w, https:\/\/www.prijedordanas.com\/wp-content\/uploads\/2019\/07\/koncert-milos-zec-i-sky-glory-7-100x67.jpg 100w, https:\/\/www.prijedordanas.com\/wp-content\/uploads\/2019\/07\/koncert-milos-zec-i-sky-glory-7-480x320.jpg 480w, https:\/\/www.prijedordanas.com\/wp-content\/uploads\/2019\/07\/koncert-milos-zec-i-sky-glory-7.jpg 600w\" sizes=\"(max-width: 300px) 100vw, 300px\" \/><\/a> <a href=\"https:\/\/www.prijedordanas.com\/wp-content\/uploads\/2019\/07\/koncert-milos-zec-i-sky-glory-8.jpg\"><img loading=\"lazy\" decoding=\"async\" src=\"https:\/\/www.prijedordanas.com\/wp-content\/uploads\/2019\/07\/koncert-milos-zec-i-sky-glory-8-300x200.jpg\" alt=\"\" width=\"300\" height=\"200\" class=\"alignleft size-medium wp-image-130882\" srcset=\"https:\/\/www.prijedordanas.com\/wp-content\/uploads\/2019\/07\/koncert-milos-zec-i-sky-glory-8-300x200.jpg 300w, https:\/\/www.prijedordanas.com\/wp-content\/uploads\/2019\/07\/koncert-milos-zec-i-sky-glory-8-100x67.jpg 100w, https:\/\/www.prijedordanas.com\/wp-content\/uploads\/2019\/07\/koncert-milos-zec-i-sky-glory-8-480x320.jpg 480w, https:\/\/www.prijedordanas.com\/wp-content\/uploads\/2019\/07\/koncert-milos-zec-i-sky-glory-8.jpg 600w\" sizes=\"(max-width: 300px) 100vw, 300px\" \/><\/a> <a href=\"https:\/\/www.prijedordanas.com\/wp-content\/uploads\/2019\/07\/koncert-milos-zec-i-sky-glory-9.jpg\"><img loading=\"lazy\" decoding=\"async\" src=\"https:\/\/www.prijedordanas.com\/wp-content\/uploads\/2019\/07\/koncert-milos-zec-i-sky-glory-9-300x200.jpg\" alt=\"\" width=\"300\" height=\"200\" class=\"alignleft size-medium wp-image-130883\" srcset=\"https:\/\/www.prijedordanas.com\/wp-content\/uploads\/2019\/07\/koncert-milos-zec-i-sky-glory-9-300x200.jpg 300w, https:\/\/www.prijedordanas.com\/wp-content\/uploads\/2019\/07\/koncert-milos-zec-i-sky-glory-9-100x67.jpg 100w, https:\/\/www.prijedordanas.com\/wp-content\/uploads\/2019\/07\/koncert-milos-zec-i-sky-glory-9-480x320.jpg 480w, https:\/\/www.prijedordanas.com\/wp-content\/uploads\/2019\/07\/koncert-milos-zec-i-sky-glory-9.jpg 600w\" sizes=\"(max-width: 300px) 100vw, 300px\" \/><\/a> <a href=\"https:\/\/www.prijedordanas.com\/wp-content\/uploads\/2019\/07\/koncert-milos-zec-i-sky-glory-10.jpg\"><img loading=\"lazy\" decoding=\"async\" src=\"https:\/\/www.prijedordanas.com\/wp-content\/uploads\/2019\/07\/koncert-milos-zec-i-sky-glory-10-300x200.jpg\" alt=\"\" width=\"300\" height=\"200\" class=\"alignleft size-medium wp-image-130884\" srcset=\"https:\/\/www.prijedordanas.com\/wp-content\/uploads\/2019\/07\/koncert-milos-zec-i-sky-glory-10-300x200.jpg 300w, https:\/\/www.prijedordanas.com\/wp-content\/uploads\/2019\/07\/koncert-milos-zec-i-sky-glory-10-100x67.jpg 100w, https:\/\/www.prijedordanas.com\/wp-content\/uploads\/2019\/07\/koncert-milos-zec-i-sky-glory-10-480x320.jpg 480w, https:\/\/www.prijedordanas.com\/wp-content\/uploads\/2019\/07\/koncert-milos-zec-i-sky-glory-10.jpg 600w\" sizes=\"(max-width: 300px) 100vw, 300px\" \/><\/a> <a href=\"https:\/\/www.prijedordanas.com\/wp-content\/uploads\/2019\/07\/koncert-milos-zec-i-sky-glory-11.jpg\"><img loading=\"lazy\" decoding=\"async\" src=\"https:\/\/www.prijedordanas.com\/wp-content\/uploads\/2019\/07\/koncert-milos-zec-i-sky-glory-11-300x200.jpg\" alt=\"\" width=\"300\" height=\"200\" class=\"alignleft size-medium wp-image-130885\" srcset=\"https:\/\/www.prijedordanas.com\/wp-content\/uploads\/2019\/07\/koncert-milos-zec-i-sky-glory-11-300x200.jpg 300w, https:\/\/www.prijedordanas.com\/wp-content\/uploads\/2019\/07\/koncert-milos-zec-i-sky-glory-11-100x67.jpg 100w, https:\/\/www.prijedordanas.com\/wp-content\/uploads\/2019\/07\/koncert-milos-zec-i-sky-glory-11-480x320.jpg 480w, https:\/\/www.prijedordanas.com\/wp-content\/uploads\/2019\/07\/koncert-milos-zec-i-sky-glory-11.jpg 600w\" sizes=\"(max-width: 300px) 100vw, 300px\" \/><\/a> <a href=\"https:\/\/www.prijedordanas.com\/wp-content\/uploads\/2019\/07\/koncert-milos-zec-i-sky-glory-12.jpg\"><img loading=\"lazy\" decoding=\"async\" src=\"https:\/\/www.prijedordanas.com\/wp-content\/uploads\/2019\/07\/koncert-milos-zec-i-sky-glory-12-300x200.jpg\" alt=\"\" width=\"300\" height=\"200\" class=\"alignleft size-medium wp-image-130886\" srcset=\"https:\/\/www.prijedordanas.com\/wp-content\/uploads\/2019\/07\/koncert-milos-zec-i-sky-glory-12-300x200.jpg 300w, https:\/\/www.prijedordanas.com\/wp-content\/uploads\/2019\/07\/koncert-milos-zec-i-sky-glory-12-100x67.jpg 100w, https:\/\/www.prijedordanas.com\/wp-content\/uploads\/2019\/07\/koncert-milos-zec-i-sky-glory-12-480x320.jpg 480w, https:\/\/www.prijedordanas.com\/wp-content\/uploads\/2019\/07\/koncert-milos-zec-i-sky-glory-12.jpg 600w\" sizes=\"(max-width: 300px) 100vw, 300px\" \/><\/a> <a href=\"https:\/\/www.prijedordanas.com\/wp-content\/uploads\/2019\/07\/koncert-milos-zec-i-sky-glory-13.jpg\"><img loading=\"lazy\" decoding=\"async\" src=\"https:\/\/www.prijedordanas.com\/wp-content\/uploads\/2019\/07\/koncert-milos-zec-i-sky-glory-13-300x200.jpg\" alt=\"\" width=\"300\" height=\"200\" class=\"alignleft size-medium wp-image-130887\" srcset=\"https:\/\/www.prijedordanas.com\/wp-content\/uploads\/2019\/07\/koncert-milos-zec-i-sky-glory-13-300x200.jpg 300w, https:\/\/www.prijedordanas.com\/wp-content\/uploads\/2019\/07\/koncert-milos-zec-i-sky-glory-13-100x67.jpg 100w, https:\/\/www.prijedordanas.com\/wp-content\/uploads\/2019\/07\/koncert-milos-zec-i-sky-glory-13-480x320.jpg 480w, https:\/\/www.prijedordanas.com\/wp-content\/uploads\/2019\/07\/koncert-milos-zec-i-sky-glory-13.jpg 600w\" sizes=\"(max-width: 300px) 100vw, 300px\" \/><\/a> <a href=\"https:\/\/www.prijedordanas.com\/wp-content\/uploads\/2019\/07\/koncert-milos-zec-i-sky-glory-14.jpg\"><img loading=\"lazy\" decoding=\"async\" src=\"https:\/\/www.prijedordanas.com\/wp-content\/uploads\/2019\/07\/koncert-milos-zec-i-sky-glory-14-300x200.jpg\" alt=\"\" width=\"300\" height=\"200\" class=\"alignleft size-medium wp-image-130888\" srcset=\"https:\/\/www.prijedordanas.com\/wp-content\/uploads\/2019\/07\/koncert-milos-zec-i-sky-glory-14-300x200.jpg 300w, https:\/\/www.prijedordanas.com\/wp-content\/uploads\/2019\/07\/koncert-milos-zec-i-sky-glory-14-100x67.jpg 100w, https:\/\/www.prijedordanas.com\/wp-content\/uploads\/2019\/07\/koncert-milos-zec-i-sky-glory-14-480x320.jpg 480w, https:\/\/www.prijedordanas.com\/wp-content\/uploads\/2019\/07\/koncert-milos-zec-i-sky-glory-14.jpg 600w\" sizes=\"(max-width: 300px) 100vw, 300px\" \/><\/a> <a href=\"https:\/\/www.prijedordanas.com\/wp-content\/uploads\/2019\/07\/koncert-milos-zec-i-sky-glory-15.jpg\"><img loading=\"lazy\" decoding=\"async\" src=\"https:\/\/www.prijedordanas.com\/wp-content\/uploads\/2019\/07\/koncert-milos-zec-i-sky-glory-15-300x200.jpg\" alt=\"\" width=\"300\" height=\"200\" class=\"alignleft size-medium wp-image-130889\" srcset=\"https:\/\/www.prijedordanas.com\/wp-content\/uploads\/2019\/07\/koncert-milos-zec-i-sky-glory-15-300x200.jpg 300w, https:\/\/www.prijedordanas.com\/wp-content\/uploads\/2019\/07\/koncert-milos-zec-i-sky-glory-15-100x67.jpg 100w, https:\/\/www.prijedordanas.com\/wp-content\/uploads\/2019\/07\/koncert-milos-zec-i-sky-glory-15-480x320.jpg 480w, https:\/\/www.prijedordanas.com\/wp-content\/uploads\/2019\/07\/koncert-milos-zec-i-sky-glory-15.jpg 600w\" sizes=\"(max-width: 300px) 100vw, 300px\" \/><\/a> <a href=\"https:\/\/www.prijedordanas.com\/wp-content\/uploads\/2019\/07\/koncert-milos-zec-i-sky-glory-16.jpg\"><img loading=\"lazy\" decoding=\"async\" src=\"https:\/\/www.prijedordanas.com\/wp-content\/uploads\/2019\/07\/koncert-milos-zec-i-sky-glory-16-300x200.jpg\" alt=\"\" width=\"300\" height=\"200\" class=\"alignleft size-medium wp-image-130890\" srcset=\"https:\/\/www.prijedordanas.com\/wp-content\/uploads\/2019\/07\/koncert-milos-zec-i-sky-glory-16-300x200.jpg 300w, https:\/\/www.prijedordanas.com\/wp-content\/uploads\/2019\/07\/koncert-milos-zec-i-sky-glory-16-100x67.jpg 100w, https:\/\/www.prijedordanas.com\/wp-content\/uploads\/2019\/07\/koncert-milos-zec-i-sky-glory-16-480x320.jpg 480w, https:\/\/www.prijedordanas.com\/wp-content\/uploads\/2019\/07\/koncert-milos-zec-i-sky-glory-16.jpg 600w\" sizes=\"(max-width: 300px) 100vw, 300px\" \/><\/a> <a href=\"https:\/\/www.prijedordanas.com\/wp-content\/uploads\/2019\/07\/koncert-milos-zec-i-sky-glory-17.jpg\"><img loading=\"lazy\" decoding=\"async\" src=\"https:\/\/www.prijedordanas.com\/wp-content\/uploads\/2019\/07\/koncert-milos-zec-i-sky-glory-17-300x200.jpg\" alt=\"\" width=\"300\" height=\"200\" class=\"alignleft size-medium wp-image-130891\" srcset=\"https:\/\/www.prijedordanas.com\/wp-content\/uploads\/2019\/07\/koncert-milos-zec-i-sky-glory-17-300x200.jpg 300w, https:\/\/www.prijedordanas.com\/wp-content\/uploads\/2019\/07\/koncert-milos-zec-i-sky-glory-17-100x67.jpg 100w, https:\/\/www.prijedordanas.com\/wp-content\/uploads\/2019\/07\/koncert-milos-zec-i-sky-glory-17-480x320.jpg 480w, https:\/\/www.prijedordanas.com\/wp-content\/uploads\/2019\/07\/koncert-milos-zec-i-sky-glory-17.jpg 600w\" sizes=\"(max-width: 300px) 100vw, 300px\" \/><\/a><\/p>\n","protected":false},"excerpt":{"rendered":"<p>Glavnom prijedorskom ulicom i Malim gradskim trgom u \u010detvrtak uve\u010de odzvanjali su zvuci harmonika. Ne jedne ili dvije ve\u0107 \u010dak 12, uz malu pomo\u0107 klavijature i bubnjeva. Milo\u0161 Zec i [&hellip;]<\/p>\n","protected":false},"author":1,"featured_media":0,"comment_status":"closed","ping_status":"open","sticky":false,"template":"","format":"standard","meta":{"_monsterinsights_skip_tracking":false,"_monsterinsights_sitenote_active":false,"_monsterinsights_sitenote_note":"","_monsterinsights_sitenote_category":0,"footnotes":""},"categories":[4,7515,7517],"tags":[],"yoast_head":"<!-- This site is optimized with the Yoast SEO plugin v21.6 - https:\/\/yoast.com\/wordpress\/plugins\/seo\/ -->\n<title>Milo\u0161 Zec i orkestar harmonika Sky Glory odu\u0161evili Prijedor\u010dane - FOTO\/VIDEO - PrijedorDanas.com - Prijedorski gradski portal<\/title>\n<meta name=\"robots\" content=\"index, follow, max-snippet:-1, max-image-preview:large, max-video-preview:-1\" \/>\n<link rel=\"canonical\" href=\"https:\/\/www.prijedordanas.com\/?p=130850\" \/>\n<meta property=\"og:locale\" content=\"en_US\" \/>\n<meta property=\"og:type\" content=\"article\" \/>\n<meta property=\"og:title\" content=\"Milo\u0161 Zec i orkestar harmonika Sky Glory odu\u0161evili Prijedor\u010dane - FOTO\/VIDEO - PrijedorDanas.com - Prijedorski gradski portal\" \/>\n<meta property=\"og:description\" content=\"Glavnom prijedorskom ulicom i Malim gradskim trgom u \u010detvrtak uve\u010de odzvanjali su zvuci harmonika. Ne jedne ili dvije ve\u0107 \u010dak 12, uz malu pomo\u0107 klavijature i bubnjeva. Milo\u0161 Zec i [&hellip;]\" \/>\n<meta property=\"og:url\" content=\"https:\/\/www.prijedordanas.com\/?p=130850\" \/>\n<meta property=\"og:site_name\" content=\"PrijedorDanas.com - Prijedorski gradski portal\" \/>\n<meta property=\"article:publisher\" content=\"https:\/\/www.facebook.com\/PrijedorDanasCom\/\" \/>\n<meta property=\"article:published_time\" content=\"2019-07-19T02:05:23+00:00\" \/>\n<meta property=\"og:image\" content=\"https:\/\/www.prijedordanas.com\/wp-content\/uploads\/2019\/07\/koncert-milos-zec-i-sky-glory-1-300x217.jpg\" \/>\n<meta name=\"author\" content=\"admin\" \/>\n<meta name=\"twitter:card\" content=\"summary_large_image\" \/>\n<meta name=\"twitter:label1\" content=\"Written by\" \/>\n\t<meta name=\"twitter:data1\" content=\"admin\" \/>\n\t<meta name=\"twitter:label2\" content=\"Est. reading time\" \/>\n\t<meta name=\"twitter:data2\" content=\"1 minute\" \/>\n<script type=\"application\/ld+json\" class=\"yoast-schema-graph\">{\"@context\":\"https:\/\/schema.org\",\"@graph\":[{\"@type\":\"Article\",\"@id\":\"https:\/\/www.prijedordanas.com\/?p=130850#article\",\"isPartOf\":{\"@id\":\"https:\/\/www.prijedordanas.com\/?p=130850\"},\"author\":{\"name\":\"admin\",\"@id\":\"https:\/\/www.prijedordanas.com\/#\/schema\/person\/4e08ccf29b506ca916ff86d46bb700e6\"},\"headline\":\"Milo\u0161 Zec i orkestar harmonika Sky Glory odu\u0161evili Prijedor\u010dane &#8211; FOTO\/VIDEO\",\"datePublished\":\"2019-07-19T02:05:23+00:00\",\"dateModified\":\"2019-07-19T02:05:23+00:00\",\"mainEntityOfPage\":{\"@id\":\"https:\/\/www.prijedordanas.com\/?p=130850\"},\"wordCount\":198,\"publisher\":{\"@id\":\"https:\/\/www.prijedordanas.com\/#organization\"},\"articleSection\":[\"Dru\u0161tvo\",\"Foto dana\",\"Video dana\"],\"inLanguage\":\"en-US\"},{\"@type\":\"WebPage\",\"@id\":\"https:\/\/www.prijedordanas.com\/?p=130850\",\"url\":\"https:\/\/www.prijedordanas.com\/?p=130850\",\"name\":\"Milo\u0161 Zec i orkestar harmonika Sky Glory odu\u0161evili Prijedor\u010dane - FOTO\/VIDEO - PrijedorDanas.com - Prijedorski gradski portal\",\"isPartOf\":{\"@id\":\"https:\/\/www.prijedordanas.com\/#website\"},\"datePublished\":\"2019-07-19T02:05:23+00:00\",\"dateModified\":\"2019-07-19T02:05:23+00:00\",\"breadcrumb\":{\"@id\":\"https:\/\/www.prijedordanas.com\/?p=130850#breadcrumb\"},\"inLanguage\":\"en-US\",\"potentialAction\":[{\"@type\":\"ReadAction\",\"target\":[\"https:\/\/www.prijedordanas.com\/?p=130850\"]}]},{\"@type\":\"BreadcrumbList\",\"@id\":\"https:\/\/www.prijedordanas.com\/?p=130850#breadcrumb\",\"itemListElement\":[{\"@type\":\"ListItem\",\"position\":1,\"name\":\"Home\",\"item\":\"https:\/\/www.prijedordanas.com\/\"},{\"@type\":\"ListItem\",\"position\":2,\"name\":\"Milo\u0161 Zec i orkestar harmonika Sky Glory odu\u0161evili Prijedor\u010dane &#8211; FOTO\/VIDEO\"}]},{\"@type\":\"WebSite\",\"@id\":\"https:\/\/www.prijedordanas.com\/#website\",\"url\":\"https:\/\/www.prijedordanas.com\/\",\"name\":\"PrijedorDanas.com - Prijedorski gradski portal\",\"description\":\"Portal o doga\u0111anjima u gradu Prijedoru\",\"publisher\":{\"@id\":\"https:\/\/www.prijedordanas.com\/#organization\"},\"potentialAction\":[{\"@type\":\"SearchAction\",\"target\":{\"@type\":\"EntryPoint\",\"urlTemplate\":\"https:\/\/www.prijedordanas.com\/?s={search_term_string}\"},\"query-input\":\"required name=search_term_string\"}],\"inLanguage\":\"en-US\"},{\"@type\":\"Organization\",\"@id\":\"https:\/\/www.prijedordanas.com\/#organization\",\"name\":\"PrijedorDanas.com\",\"url\":\"https:\/\/www.prijedordanas.com\/\",\"logo\":{\"@type\":\"ImageObject\",\"inLanguage\":\"en-US\",\"@id\":\"https:\/\/www.prijedordanas.com\/#\/schema\/logo\/image\/\",\"url\":\"http:\/\/www.prijedordanas.com\/wp-content\/uploads\/2021\/12\/logopng.png\",\"contentUrl\":\"http:\/\/www.prijedordanas.com\/wp-content\/uploads\/2021\/12\/logopng.png\",\"width\":1019,\"height\":776,\"caption\":\"PrijedorDanas.com\"},\"image\":{\"@id\":\"https:\/\/www.prijedordanas.com\/#\/schema\/logo\/image\/\"},\"sameAs\":[\"https:\/\/www.facebook.com\/PrijedorDanasCom\/\"]},{\"@type\":\"Person\",\"@id\":\"https:\/\/www.prijedordanas.com\/#\/schema\/person\/4e08ccf29b506ca916ff86d46bb700e6\",\"name\":\"admin\",\"image\":{\"@type\":\"ImageObject\",\"inLanguage\":\"en-US\",\"@id\":\"https:\/\/www.prijedordanas.com\/#\/schema\/person\/image\/\",\"url\":\"https:\/\/secure.gravatar.com\/avatar\/1d3fc949d550f0b53a5f0d51e06dfd79?s=96&d=mm&r=g\",\"contentUrl\":\"https:\/\/secure.gravatar.com\/avatar\/1d3fc949d550f0b53a5f0d51e06dfd79?s=96&d=mm&r=g\",\"caption\":\"admin\"},\"url\":\"https:\/\/www.prijedordanas.com\/?author=1\"}]}<\/script>\n<!-- \/ Yoast SEO plugin. -->","yoast_head_json":{"title":"Milo\u0161 Zec i orkestar harmonika Sky Glory odu\u0161evili Prijedor\u010dane - FOTO\/VIDEO - PrijedorDanas.com - Prijedorski gradski portal","robots":{"index":"index","follow":"follow","max-snippet":"max-snippet:-1","max-image-preview":"max-image-preview:large","max-video-preview":"max-video-preview:-1"},"canonical":"https:\/\/www.prijedordanas.com\/?p=130850","og_locale":"en_US","og_type":"article","og_title":"Milo\u0161 Zec i orkestar harmonika Sky Glory odu\u0161evili Prijedor\u010dane - FOTO\/VIDEO - PrijedorDanas.com - Prijedorski gradski portal","og_description":"Glavnom prijedorskom ulicom i Malim gradskim trgom u \u010detvrtak uve\u010de odzvanjali su zvuci harmonika. Ne jedne ili dvije ve\u0107 \u010dak 12, uz malu pomo\u0107 klavijature i bubnjeva. Milo\u0161 Zec i [&hellip;]","og_url":"https:\/\/www.prijedordanas.com\/?p=130850","og_site_name":"PrijedorDanas.com - Prijedorski gradski portal","article_publisher":"https:\/\/www.facebook.com\/PrijedorDanasCom\/","article_published_time":"2019-07-19T02:05:23+00:00","og_image":[{"url":"https:\/\/www.prijedordanas.com\/wp-content\/uploads\/2019\/07\/koncert-milos-zec-i-sky-glory-1-300x217.jpg"}],"author":"admin","twitter_card":"summary_large_image","twitter_misc":{"Written by":"admin","Est. reading time":"1 minute"},"schema":{"@context":"https:\/\/schema.org","@graph":[{"@type":"Article","@id":"https:\/\/www.prijedordanas.com\/?p=130850#article","isPartOf":{"@id":"https:\/\/www.prijedordanas.com\/?p=130850"},"author":{"name":"admin","@id":"https:\/\/www.prijedordanas.com\/#\/schema\/person\/4e08ccf29b506ca916ff86d46bb700e6"},"headline":"Milo\u0161 Zec i orkestar harmonika Sky Glory odu\u0161evili Prijedor\u010dane &#8211; FOTO\/VIDEO","datePublished":"2019-07-19T02:05:23+00:00","dateModified":"2019-07-19T02:05:23+00:00","mainEntityOfPage":{"@id":"https:\/\/www.prijedordanas.com\/?p=130850"},"wordCount":198,"publisher":{"@id":"https:\/\/www.prijedordanas.com\/#organization"},"articleSection":["Dru\u0161tvo","Foto dana","Video dana"],"inLanguage":"en-US"},{"@type":"WebPage","@id":"https:\/\/www.prijedordanas.com\/?p=130850","url":"https:\/\/www.prijedordanas.com\/?p=130850","name":"Milo\u0161 Zec i orkestar harmonika Sky Glory odu\u0161evili Prijedor\u010dane - FOTO\/VIDEO - PrijedorDanas.com - Prijedorski gradski portal","isPartOf":{"@id":"https:\/\/www.prijedordanas.com\/#website"},"datePublished":"2019-07-19T02:05:23+00:00","dateModified":"2019-07-19T02:05:23+00:00","breadcrumb":{"@id":"https:\/\/www.prijedordanas.com\/?p=130850#breadcrumb"},"inLanguage":"en-US","potentialAction":[{"@type":"ReadAction","target":["https:\/\/www.prijedordanas.com\/?p=130850"]}]},{"@type":"BreadcrumbList","@id":"https:\/\/www.prijedordanas.com\/?p=130850#breadcrumb","itemListElement":[{"@type":"ListItem","position":1,"name":"Home","item":"https:\/\/www.prijedordanas.com\/"},{"@type":"ListItem","position":2,"name":"Milo\u0161 Zec i orkestar harmonika Sky Glory odu\u0161evili Prijedor\u010dane &#8211; FOTO\/VIDEO"}]},{"@type":"WebSite","@id":"https:\/\/www.prijedordanas.com\/#website","url":"https:\/\/www.prijedordanas.com\/","name":"PrijedorDanas.com - Prijedorski gradski portal","description":"Portal o doga\u0111anjima u gradu Prijedoru","publisher":{"@id":"https:\/\/www.prijedordanas.com\/#organization"},"potentialAction":[{"@type":"SearchAction","target":{"@type":"EntryPoint","urlTemplate":"https:\/\/www.prijedordanas.com\/?s={search_term_string}"},"query-input":"required name=search_term_string"}],"inLanguage":"en-US"},{"@type":"Organization","@id":"https:\/\/www.prijedordanas.com\/#organization","name":"PrijedorDanas.com","url":"https:\/\/www.prijedordanas.com\/","logo":{"@type":"ImageObject","inLanguage":"en-US","@id":"https:\/\/www.prijedordanas.com\/#\/schema\/logo\/image\/","url":"http:\/\/www.prijedordanas.com\/wp-content\/uploads\/2021\/12\/logopng.png","contentUrl":"http:\/\/www.prijedordanas.com\/wp-content\/uploads\/2021\/12\/logopng.png","width":1019,"height":776,"caption":"PrijedorDanas.com"},"image":{"@id":"https:\/\/www.prijedordanas.com\/#\/schema\/logo\/image\/"},"sameAs":["https:\/\/www.facebook.com\/PrijedorDanasCom\/"]},{"@type":"Person","@id":"https:\/\/www.prijedordanas.com\/#\/schema\/person\/4e08ccf29b506ca916ff86d46bb700e6","name":"admin","image":{"@type":"ImageObject","inLanguage":"en-US","@id":"https:\/\/www.prijedordanas.com\/#\/schema\/person\/image\/","url":"https:\/\/secure.gravatar.com\/avatar\/1d3fc949d550f0b53a5f0d51e06dfd79?s=96&d=mm&r=g","contentUrl":"https:\/\/secure.gravatar.com\/avatar\/1d3fc949d550f0b53a5f0d51e06dfd79?s=96&d=mm&r=g","caption":"admin"},"url":"https:\/\/www.prijedordanas.com\/?author=1"}]}},"_links":{"self":[{"href":"https:\/\/www.prijedordanas.com\/index.php?rest_route=\/wp\/v2\/posts\/130850"}],"collection":[{"href":"https:\/\/www.prijedordanas.com\/index.php?rest_route=\/wp\/v2\/posts"}],"about":[{"href":"https:\/\/www.prijedordanas.com\/index.php?rest_route=\/wp\/v2\/types\/post"}],"author":[{"embeddable":true,"href":"https:\/\/www.prijedordanas.com\/index.php?rest_route=\/wp\/v2\/users\/1"}],"replies":[{"embeddable":true,"href":"https:\/\/www.prijedordanas.com\/index.php?rest_route=%2Fwp%2Fv2%2Fcomments&post=130850"}],"version-history":[{"count":4,"href":"https:\/\/www.prijedordanas.com\/index.php?rest_route=\/wp\/v2\/posts\/130850\/revisions"}],"predecessor-version":[{"id":130892,"href":"https:\/\/www.prijedordanas.com\/index.php?rest_route=\/wp\/v2\/posts\/130850\/revisions\/130892"}],"wp:attachment":[{"href":"https:\/\/www.prijedordanas.com\/index.php?rest_route=%2Fwp%2Fv2%2Fmedia&parent=130850"}],"wp:term":[{"taxonomy":"category","embeddable":true,"href":"https:\/\/www.prijedordanas.com\/index.php?rest_route=%2Fwp%2Fv2%2Fcategories&post=130850"},{"taxonomy":"post_tag","embeddable":true,"href":"https:\/\/www.prijedordanas.com\/index.php?rest_route=%2Fwp%2Fv2%2Ftags&post=130850"}],"curies":[{"name":"wp","href":"https:\/\/api.w.org\/{rel}","templated":true}]}}