{"id":130731,"date":"2019-07-16T19:22:57","date_gmt":"2019-07-16T17:22:57","guid":{"rendered":"https:\/\/www.prijedordanas.com\/?p=130731"},"modified":"2019-07-16T19:22:57","modified_gmt":"2019-07-16T17:22:57","slug":"kuzmic-bio-za-volanom-porsea-istraga-nesrece-u-kojoj-su-povrijedeni-reprezentativac-srbije-i-njegov-prijatelj","status":"publish","type":"post","link":"https:\/\/www.prijedordanas.com\/?p=130731","title":{"rendered":"Kuzmi\u0107 bio za volanom &#8220;Por\u0161ea&#8221;: Istraga nesre\u0107e u kojoj su povrije\u0111eni reprezentativac Srbije i njegov prijatelj"},"content":{"rendered":"<p><a href=\"https:\/\/www.prijedordanas.com\/wp-content\/uploads\/2019\/07\/novosti-kuzmic-porse.jpg\"><img loading=\"lazy\" decoding=\"async\" src=\"https:\/\/www.prijedordanas.com\/wp-content\/uploads\/2019\/07\/novosti-kuzmic-porse-300x225.jpg\" alt=\"\" width=\"300\" height=\"225\" class=\"alignleft size-medium wp-image-130732\" srcset=\"https:\/\/www.prijedordanas.com\/wp-content\/uploads\/2019\/07\/novosti-kuzmic-porse-300x225.jpg 300w, https:\/\/www.prijedordanas.com\/wp-content\/uploads\/2019\/07\/novosti-kuzmic-porse-100x75.jpg 100w, https:\/\/www.prijedordanas.com\/wp-content\/uploads\/2019\/07\/novosti-kuzmic-porse-640x480.jpg 640w, https:\/\/www.prijedordanas.com\/wp-content\/uploads\/2019\/07\/novosti-kuzmic-porse.jpg 667w\" sizes=\"(max-width: 300px) 100vw, 300px\" \/><\/a>Preliminarni rezultati istrage stravi\u010dne saobra\u0107ajne nesre\u0107e, u kojoj su te\u0161ko povrije\u0111eni srpski ko\u0161arka\u0161 Ognjen Kuzmi\u0107 (29) iz Doboja i njegov prijatelj Bogdan Ili\u0107 (29) iz Bijeljine, ukazuju da je &#8220;por\u0161eom&#8221; upravljao Kuzmi\u0107, dok je Ili\u0107 bio suvoza\u010d.<\/p>\n<p>Kako saznajemo u PU Banjaluka, upravo je Kuzmi\u0107 vlasnik &#8220;por\u0161e kajena&#8221;, beogradskih registarskih oznaka, koji se u Rami\u0107ima kod Banjaluke sudario sa BMV kojim je upravljao Marko Miljatovi\u0107 (32) iz Prijedora.<\/p>\n<p>&#8211; Ta\u010dan uzrok nesre\u0107e jo\u0161 se istra\u017euje, a od oba voza\u010da je uzet uzorak krvi koji je poslat na analizu kako bi se utvrdilo da li su bili pod dejstvom alkohola ili neke druge vrste opijata. Zasada se sumnja da je nesre\u0107i najvi\u0161e doprinijela gre\u0161ka voza\u010da &#8220;por\u0161ea&#8221;, koji je u krivini pre\u0161ao u lijevu kolovoznu traku, kojom se kre\u0107u vozila iz suprotnog smjera &#8211; rekao je izvor blizak istrazi. <\/p>\n<p>U policiji sumnjaju i da se &#8220;por\u0161e&#8221; kretao brzinom ve\u0107om od dozvoljene. O kojoj se brzini radilo utrdi\u0107e se vje\u0161ta\u010denjem slupanog &#8220;por\u0161ea&#8221;, koji je deponovan u Auto-moto savezu Republike Srpske.<\/p>\n<p>Kuzmi\u0107 i Ili\u0107 u nesre\u0107i su zadobili te\u0161ke povrede. Kuzmi\u0107 je helikopterom Vlade RS preba\u010den u Urgentni centar KCS, dok je Ili\u0107 hospitalizovan u Klinici za anesteziju i intenzivno lije\u010denje Univerzitetskog klini\u010dkog centra RS u Banjaluci.<\/p>\n<p>&#8211; Ili\u0107 se i dalje nalazi u komatoznom stanju, na aparatima za mehani\u010dku ventilaciju. Ostaje na daljem bolni\u010dkom lije\u010denju i pra\u0107enju, a sve dalje prognoze u vezi sa njegovim zdravstvenim stanjem su neizvjesne &#8211; navode u UKC RS.<\/p>\n<p>PRIJATELjI IZ \u0160KOLSKIH DANA<\/p>\n<p>Kako saznaju &#8220;Novosti&#8221;, Ili\u0107 je o\u017eenjen i ima troje maloljetne djece. Nastanjen je u Bijeljini gdje \u017eivi i radi na pumpi &#8220;Ne\u0161kovi\u0107&#8221; u blizini grani\u010dnog prelaza Ra\u010da. Sa Kuzmi\u0107em je prijatelj godinama, jo\u0161 iz \u0161kolskih dana.<\/p>\n<p>&#8211; Svi smo ostali u \u0161oku kada smo \u010duli za nesre\u0107u. Godinu dana radi s nama i nadamo se da \u0107e brzo oporaviti &#8211; ka\u017eu Ili\u0107eve radne kolege.<\/p>\n<p>novosti.rs<\/p>\n<p>Vezane vijesti:<\/p>\n<p><a href=\"https:\/\/www.prijedordanas.com\/?p=130631\" target=\"_blank\" rel=\"noopener noreferrer\">Ko\u0161arka\u0161 Zvezde Ognjen Kuzmi\u0107 te\u0161ko povrije\u0111en u saobra\u0107ajci: Dvojica Prijedor\u010dana zadobili lak\u0161e povrede \u2013 FOTO<\/a><\/p>\n<p><a href=\"https:\/\/www.prijedordanas.com\/?p=130618\" target=\"_blank\" rel=\"noopener noreferrer\">Saobra\u0107ajka na putu Banja Luka-Prijedor: Te\u017ee povrije\u0111en reprezentativac Srbije u ko\u0161arci Ognjen Kuzmi\u0107- FOTO<\/a><\/p>\n<p><a href=\"https:\/\/www.prijedordanas.com\/?p=130636\" rel=\"noopener noreferrer\" target=\"_blank\">\u201cZbog brze reakcije sa\u010duvali smo \u017eive glave\u201d: Bokser iz Prijedora opisao jeziv sudar u kojem je povrije\u0111en Kuzmi\u0107 \u2013 FOTO<\/a><\/p>\n<p><a href=\"https:\/\/www.prijedordanas.com\/?p=130642\" rel=\"noopener noreferrer\" target=\"_blank\">Kuzmi\u0107 u indukovanoj komi: Ko\u0161arka\u0161 zadobio prelome kostiju lica i vilica i otok mozga<\/a><\/p>\n<p><a href=\"https:\/\/www.prijedordanas.com\/?p=130654\" rel=\"noopener noreferrer\" target=\"_blank\">Ognjen Kuzmi\u0107 te\u0161ko povrije\u0111en u saobra\u0107ajnoj nesre\u0107i na putu Banjaluka-Prijedor &#8211; VIDEO<\/a><\/p>\n<div style=\"width: 640px;\" class=\"wp-video\"><!--[if lt IE 9]><script>document.createElement('video');<\/script><![endif]-->\n<video class=\"wp-video-shortcode\" id=\"video-130731-1\" width=\"640\" height=\"360\" preload=\"metadata\" controls=\"controls\"><source type=\"video\/mp4\" src=\"https:\/\/arh3.rtrs.tv\/arhiva\/2019\/07\/14\/tvclip037681.mp4?_=1\" \/><a href=\"https:\/\/arh3.rtrs.tv\/arhiva\/2019\/07\/14\/tvclip037681.mp4\">https:\/\/arh3.rtrs.tv\/arhiva\/2019\/07\/14\/tvclip037681.mp4<\/a><\/video><\/div>\n","protected":false},"excerpt":{"rendered":"<p>Preliminarni rezultati istrage stravi\u010dne saobra\u0107ajne nesre\u0107e, u kojoj su te\u0161ko povrije\u0111eni srpski ko\u0161arka\u0161 Ognjen Kuzmi\u0107 (29) iz Doboja i njegov prijatelj Bogdan Ili\u0107 (29) iz Bijeljine, ukazuju da je &#8220;por\u0161eom&#8221; [&hellip;]<\/p>\n","protected":false},"author":1,"featured_media":0,"comment_status":"closed","ping_status":"open","sticky":false,"template":"","format":"standard","meta":{"_monsterinsights_skip_tracking":false,"_monsterinsights_sitenote_active":false,"_monsterinsights_sitenote_note":"","_monsterinsights_sitenote_category":0,"footnotes":""},"categories":[5],"tags":[10918],"yoast_head":"<!-- This site is optimized with the Yoast SEO plugin v21.6 - https:\/\/yoast.com\/wordpress\/plugins\/seo\/ -->\n<title>Kuzmi\u0107 bio za volanom &quot;Por\u0161ea&quot;: Istraga nesre\u0107e u kojoj su povrije\u0111eni reprezentativac Srbije i njegov prijatelj - PrijedorDanas.com - Prijedorski gradski portal<\/title>\n<meta name=\"robots\" content=\"index, follow, max-snippet:-1, max-image-preview:large, max-video-preview:-1\" \/>\n<link rel=\"canonical\" href=\"https:\/\/www.prijedordanas.com\/?p=130731\" \/>\n<meta property=\"og:locale\" content=\"en_US\" \/>\n<meta property=\"og:type\" content=\"article\" \/>\n<meta property=\"og:title\" content=\"Kuzmi\u0107 bio za volanom &quot;Por\u0161ea&quot;: Istraga nesre\u0107e u kojoj su povrije\u0111eni reprezentativac Srbije i njegov prijatelj - PrijedorDanas.com - Prijedorski gradski portal\" \/>\n<meta property=\"og:description\" content=\"Preliminarni rezultati istrage stravi\u010dne saobra\u0107ajne nesre\u0107e, u kojoj su te\u0161ko povrije\u0111eni srpski ko\u0161arka\u0161 Ognjen Kuzmi\u0107 (29) iz Doboja i njegov prijatelj Bogdan Ili\u0107 (29) iz Bijeljine, ukazuju da je &#8220;por\u0161eom&#8221; [&hellip;]\" \/>\n<meta property=\"og:url\" content=\"https:\/\/www.prijedordanas.com\/?p=130731\" \/>\n<meta property=\"og:site_name\" content=\"PrijedorDanas.com - Prijedorski gradski portal\" \/>\n<meta property=\"article:publisher\" content=\"https:\/\/www.facebook.com\/PrijedorDanasCom\/\" \/>\n<meta property=\"article:published_time\" content=\"2019-07-16T17:22:57+00:00\" \/>\n<meta property=\"og:image\" content=\"https:\/\/www.prijedordanas.com\/wp-content\/uploads\/2019\/07\/novosti-kuzmic-porse-300x225.jpg\" \/>\n<meta name=\"author\" content=\"admin\" \/>\n<meta name=\"twitter:card\" content=\"summary_large_image\" \/>\n<meta name=\"twitter:label1\" content=\"Written by\" \/>\n\t<meta name=\"twitter:data1\" content=\"admin\" \/>\n\t<meta name=\"twitter:label2\" content=\"Est. reading time\" \/>\n\t<meta name=\"twitter:data2\" content=\"2 minutes\" \/>\n<script type=\"application\/ld+json\" class=\"yoast-schema-graph\">{\"@context\":\"https:\/\/schema.org\",\"@graph\":[{\"@type\":\"Article\",\"@id\":\"https:\/\/www.prijedordanas.com\/?p=130731#article\",\"isPartOf\":{\"@id\":\"https:\/\/www.prijedordanas.com\/?p=130731\"},\"author\":{\"name\":\"admin\",\"@id\":\"https:\/\/www.prijedordanas.com\/#\/schema\/person\/4e08ccf29b506ca916ff86d46bb700e6\"},\"headline\":\"Kuzmi\u0107 bio za volanom &#8220;Por\u0161ea&#8221;: Istraga nesre\u0107e u kojoj su povrije\u0111eni reprezentativac Srbije i njegov prijatelj\",\"datePublished\":\"2019-07-16T17:22:57+00:00\",\"dateModified\":\"2019-07-16T17:22:57+00:00\",\"mainEntityOfPage\":{\"@id\":\"https:\/\/www.prijedordanas.com\/?p=130731\"},\"wordCount\":470,\"publisher\":{\"@id\":\"https:\/\/www.prijedordanas.com\/#organization\"},\"keywords\":[\"Ognjen Kuzmi\u0107\"],\"articleSection\":[\"Hronika\"],\"inLanguage\":\"en-US\"},{\"@type\":\"WebPage\",\"@id\":\"https:\/\/www.prijedordanas.com\/?p=130731\",\"url\":\"https:\/\/www.prijedordanas.com\/?p=130731\",\"name\":\"Kuzmi\u0107 bio za volanom \\\"Por\u0161ea\\\": Istraga nesre\u0107e u kojoj su povrije\u0111eni reprezentativac Srbije i njegov prijatelj - PrijedorDanas.com - Prijedorski gradski portal\",\"isPartOf\":{\"@id\":\"https:\/\/www.prijedordanas.com\/#website\"},\"datePublished\":\"2019-07-16T17:22:57+00:00\",\"dateModified\":\"2019-07-16T17:22:57+00:00\",\"breadcrumb\":{\"@id\":\"https:\/\/www.prijedordanas.com\/?p=130731#breadcrumb\"},\"inLanguage\":\"en-US\",\"potentialAction\":[{\"@type\":\"ReadAction\",\"target\":[\"https:\/\/www.prijedordanas.com\/?p=130731\"]}]},{\"@type\":\"BreadcrumbList\",\"@id\":\"https:\/\/www.prijedordanas.com\/?p=130731#breadcrumb\",\"itemListElement\":[{\"@type\":\"ListItem\",\"position\":1,\"name\":\"Home\",\"item\":\"https:\/\/www.prijedordanas.com\/\"},{\"@type\":\"ListItem\",\"position\":2,\"name\":\"Kuzmi\u0107 bio za volanom &#8220;Por\u0161ea&#8221;: Istraga nesre\u0107e u kojoj su povrije\u0111eni reprezentativac Srbije i njegov prijatelj\"}]},{\"@type\":\"WebSite\",\"@id\":\"https:\/\/www.prijedordanas.com\/#website\",\"url\":\"https:\/\/www.prijedordanas.com\/\",\"name\":\"PrijedorDanas.com - Prijedorski gradski portal\",\"description\":\"Portal o doga\u0111anjima u gradu Prijedoru\",\"publisher\":{\"@id\":\"https:\/\/www.prijedordanas.com\/#organization\"},\"potentialAction\":[{\"@type\":\"SearchAction\",\"target\":{\"@type\":\"EntryPoint\",\"urlTemplate\":\"https:\/\/www.prijedordanas.com\/?s={search_term_string}\"},\"query-input\":\"required name=search_term_string\"}],\"inLanguage\":\"en-US\"},{\"@type\":\"Organization\",\"@id\":\"https:\/\/www.prijedordanas.com\/#organization\",\"name\":\"PrijedorDanas.com\",\"url\":\"https:\/\/www.prijedordanas.com\/\",\"logo\":{\"@type\":\"ImageObject\",\"inLanguage\":\"en-US\",\"@id\":\"https:\/\/www.prijedordanas.com\/#\/schema\/logo\/image\/\",\"url\":\"http:\/\/www.prijedordanas.com\/wp-content\/uploads\/2021\/12\/logopng.png\",\"contentUrl\":\"http:\/\/www.prijedordanas.com\/wp-content\/uploads\/2021\/12\/logopng.png\",\"width\":1019,\"height\":776,\"caption\":\"PrijedorDanas.com\"},\"image\":{\"@id\":\"https:\/\/www.prijedordanas.com\/#\/schema\/logo\/image\/\"},\"sameAs\":[\"https:\/\/www.facebook.com\/PrijedorDanasCom\/\"]},{\"@type\":\"Person\",\"@id\":\"https:\/\/www.prijedordanas.com\/#\/schema\/person\/4e08ccf29b506ca916ff86d46bb700e6\",\"name\":\"admin\",\"image\":{\"@type\":\"ImageObject\",\"inLanguage\":\"en-US\",\"@id\":\"https:\/\/www.prijedordanas.com\/#\/schema\/person\/image\/\",\"url\":\"https:\/\/secure.gravatar.com\/avatar\/1d3fc949d550f0b53a5f0d51e06dfd79?s=96&d=mm&r=g\",\"contentUrl\":\"https:\/\/secure.gravatar.com\/avatar\/1d3fc949d550f0b53a5f0d51e06dfd79?s=96&d=mm&r=g\",\"caption\":\"admin\"},\"url\":\"https:\/\/www.prijedordanas.com\/?author=1\"}]}<\/script>\n<!-- \/ Yoast SEO plugin. -->","yoast_head_json":{"title":"Kuzmi\u0107 bio za volanom \"Por\u0161ea\": Istraga nesre\u0107e u kojoj su povrije\u0111eni reprezentativac Srbije i njegov prijatelj - PrijedorDanas.com - Prijedorski gradski portal","robots":{"index":"index","follow":"follow","max-snippet":"max-snippet:-1","max-image-preview":"max-image-preview:large","max-video-preview":"max-video-preview:-1"},"canonical":"https:\/\/www.prijedordanas.com\/?p=130731","og_locale":"en_US","og_type":"article","og_title":"Kuzmi\u0107 bio za volanom \"Por\u0161ea\": Istraga nesre\u0107e u kojoj su povrije\u0111eni reprezentativac Srbije i njegov prijatelj - PrijedorDanas.com - Prijedorski gradski portal","og_description":"Preliminarni rezultati istrage stravi\u010dne saobra\u0107ajne nesre\u0107e, u kojoj su te\u0161ko povrije\u0111eni srpski ko\u0161arka\u0161 Ognjen Kuzmi\u0107 (29) iz Doboja i njegov prijatelj Bogdan Ili\u0107 (29) iz Bijeljine, ukazuju da je &#8220;por\u0161eom&#8221; [&hellip;]","og_url":"https:\/\/www.prijedordanas.com\/?p=130731","og_site_name":"PrijedorDanas.com - Prijedorski gradski portal","article_publisher":"https:\/\/www.facebook.com\/PrijedorDanasCom\/","article_published_time":"2019-07-16T17:22:57+00:00","og_image":[{"url":"https:\/\/www.prijedordanas.com\/wp-content\/uploads\/2019\/07\/novosti-kuzmic-porse-300x225.jpg"}],"author":"admin","twitter_card":"summary_large_image","twitter_misc":{"Written by":"admin","Est. reading time":"2 minutes"},"schema":{"@context":"https:\/\/schema.org","@graph":[{"@type":"Article","@id":"https:\/\/www.prijedordanas.com\/?p=130731#article","isPartOf":{"@id":"https:\/\/www.prijedordanas.com\/?p=130731"},"author":{"name":"admin","@id":"https:\/\/www.prijedordanas.com\/#\/schema\/person\/4e08ccf29b506ca916ff86d46bb700e6"},"headline":"Kuzmi\u0107 bio za volanom &#8220;Por\u0161ea&#8221;: Istraga nesre\u0107e u kojoj su povrije\u0111eni reprezentativac Srbije i njegov prijatelj","datePublished":"2019-07-16T17:22:57+00:00","dateModified":"2019-07-16T17:22:57+00:00","mainEntityOfPage":{"@id":"https:\/\/www.prijedordanas.com\/?p=130731"},"wordCount":470,"publisher":{"@id":"https:\/\/www.prijedordanas.com\/#organization"},"keywords":["Ognjen Kuzmi\u0107"],"articleSection":["Hronika"],"inLanguage":"en-US"},{"@type":"WebPage","@id":"https:\/\/www.prijedordanas.com\/?p=130731","url":"https:\/\/www.prijedordanas.com\/?p=130731","name":"Kuzmi\u0107 bio za volanom \"Por\u0161ea\": Istraga nesre\u0107e u kojoj su povrije\u0111eni reprezentativac Srbije i njegov prijatelj - PrijedorDanas.com - Prijedorski gradski portal","isPartOf":{"@id":"https:\/\/www.prijedordanas.com\/#website"},"datePublished":"2019-07-16T17:22:57+00:00","dateModified":"2019-07-16T17:22:57+00:00","breadcrumb":{"@id":"https:\/\/www.prijedordanas.com\/?p=130731#breadcrumb"},"inLanguage":"en-US","potentialAction":[{"@type":"ReadAction","target":["https:\/\/www.prijedordanas.com\/?p=130731"]}]},{"@type":"BreadcrumbList","@id":"https:\/\/www.prijedordanas.com\/?p=130731#breadcrumb","itemListElement":[{"@type":"ListItem","position":1,"name":"Home","item":"https:\/\/www.prijedordanas.com\/"},{"@type":"ListItem","position":2,"name":"Kuzmi\u0107 bio za volanom &#8220;Por\u0161ea&#8221;: Istraga nesre\u0107e u kojoj su povrije\u0111eni reprezentativac Srbije i njegov prijatelj"}]},{"@type":"WebSite","@id":"https:\/\/www.prijedordanas.com\/#website","url":"https:\/\/www.prijedordanas.com\/","name":"PrijedorDanas.com - Prijedorski gradski portal","description":"Portal o doga\u0111anjima u gradu Prijedoru","publisher":{"@id":"https:\/\/www.prijedordanas.com\/#organization"},"potentialAction":[{"@type":"SearchAction","target":{"@type":"EntryPoint","urlTemplate":"https:\/\/www.prijedordanas.com\/?s={search_term_string}"},"query-input":"required name=search_term_string"}],"inLanguage":"en-US"},{"@type":"Organization","@id":"https:\/\/www.prijedordanas.com\/#organization","name":"PrijedorDanas.com","url":"https:\/\/www.prijedordanas.com\/","logo":{"@type":"ImageObject","inLanguage":"en-US","@id":"https:\/\/www.prijedordanas.com\/#\/schema\/logo\/image\/","url":"http:\/\/www.prijedordanas.com\/wp-content\/uploads\/2021\/12\/logopng.png","contentUrl":"http:\/\/www.prijedordanas.com\/wp-content\/uploads\/2021\/12\/logopng.png","width":1019,"height":776,"caption":"PrijedorDanas.com"},"image":{"@id":"https:\/\/www.prijedordanas.com\/#\/schema\/logo\/image\/"},"sameAs":["https:\/\/www.facebook.com\/PrijedorDanasCom\/"]},{"@type":"Person","@id":"https:\/\/www.prijedordanas.com\/#\/schema\/person\/4e08ccf29b506ca916ff86d46bb700e6","name":"admin","image":{"@type":"ImageObject","inLanguage":"en-US","@id":"https:\/\/www.prijedordanas.com\/#\/schema\/person\/image\/","url":"https:\/\/secure.gravatar.com\/avatar\/1d3fc949d550f0b53a5f0d51e06dfd79?s=96&d=mm&r=g","contentUrl":"https:\/\/secure.gravatar.com\/avatar\/1d3fc949d550f0b53a5f0d51e06dfd79?s=96&d=mm&r=g","caption":"admin"},"url":"https:\/\/www.prijedordanas.com\/?author=1"}]}},"_links":{"self":[{"href":"https:\/\/www.prijedordanas.com\/index.php?rest_route=\/wp\/v2\/posts\/130731"}],"collection":[{"href":"https:\/\/www.prijedordanas.com\/index.php?rest_route=\/wp\/v2\/posts"}],"about":[{"href":"https:\/\/www.prijedordanas.com\/index.php?rest_route=\/wp\/v2\/types\/post"}],"author":[{"embeddable":true,"href":"https:\/\/www.prijedordanas.com\/index.php?rest_route=\/wp\/v2\/users\/1"}],"replies":[{"embeddable":true,"href":"https:\/\/www.prijedordanas.com\/index.php?rest_route=%2Fwp%2Fv2%2Fcomments&post=130731"}],"version-history":[{"count":1,"href":"https:\/\/www.prijedordanas.com\/index.php?rest_route=\/wp\/v2\/posts\/130731\/revisions"}],"predecessor-version":[{"id":130733,"href":"https:\/\/www.prijedordanas.com\/index.php?rest_route=\/wp\/v2\/posts\/130731\/revisions\/130733"}],"wp:attachment":[{"href":"https:\/\/www.prijedordanas.com\/index.php?rest_route=%2Fwp%2Fv2%2Fmedia&parent=130731"}],"wp:term":[{"taxonomy":"category","embeddable":true,"href":"https:\/\/www.prijedordanas.com\/index.php?rest_route=%2Fwp%2Fv2%2Fcategories&post=130731"},{"taxonomy":"post_tag","embeddable":true,"href":"https:\/\/www.prijedordanas.com\/index.php?rest_route=%2Fwp%2Fv2%2Ftags&post=130731"}],"curies":[{"name":"wp","href":"https:\/\/api.w.org\/{rel}","templated":true}]}}