{"id":13072,"date":"2014-12-26T08:47:12","date_gmt":"2014-12-26T07:47:12","guid":{"rendered":"https:\/\/www.prijedordanas.com\/?p=13072"},"modified":"2014-12-26T08:47:12","modified_gmt":"2014-12-26T07:47:12","slug":"nastavak-sudenja-mitru-i-radetu-vlasenku-i-dragi-koncaru-paljenje-kuca-i-maltretiranja-u-kozarusi","status":"publish","type":"post","link":"https:\/\/www.prijedordanas.com\/?p=13072","title":{"rendered":"NASTAVAK SU\u0110ENJA MITRU I RADETU VLASENKU I DRAGI KON\u010cARU: PALJENJE KU\u0106A I MALTRETIRANJA U KOZARU\u0160I"},"content":{"rendered":"<p><a href=\"https:\/\/www.prijedordanas.com\/wp-content\/uploads\/2014\/12\/sud-bih7.jpg\"><img loading=\"lazy\" decoding=\"async\" class=\"alignleft size-medium wp-image-13045\" src=\"https:\/\/www.prijedordanas.com\/wp-content\/uploads\/2014\/12\/sud-bih7-300x186.jpg\" alt=\"sud bih\" width=\"300\" height=\"186\" srcset=\"https:\/\/www.prijedordanas.com\/wp-content\/uploads\/2014\/12\/sud-bih7-300x186.jpg 300w, https:\/\/www.prijedordanas.com\/wp-content\/uploads\/2014\/12\/sud-bih7.jpg 495w\" sizes=\"(max-width: 300px) 100vw, 300px\" \/><\/a>Na su\u0111enju za zlo\u010dine po\u010dinjene u Prijedoru, svjedok Tu\u017eila\u0161tva BiH ispri\u010dao je kako je maltretiran pred ku\u0107om optu\u017eenog Mitra Vlasenka.<\/p>\n<p>Nijaz Be\u0161i\u0107 se prisjetio da je 24. maja 1992. napadnuto njegovo selo Kozaru\u0161a (op\u0161tina Prijedor), te da je granatiranje trajalo dva dana. Za to vrijeme, kako je naveo svjedok, stanovni\u0161tvo se krilo u blizini potoka Ma\u0111aru\u0161a i u podrumima.<\/p>\n<p>\u201cDva dana je pucalo sa svih strana. Pucano je minobaca\u010dem i iz pravca ku\u0107e Mitra Vlasenka. Gorjele su ku\u0107e, \u010dule su se \u017eivotinje jer nisu bile pu\u0161tene\u201d, ispri\u010dao je Be\u0161i\u0107, koji se tada skrivao u podrumu \u0160efika Mahmuljina.<\/p>\n<p>Svjedok je kazao da su dva naoru\u017eana i uniformisana vojnika do\u0161la do ku\u0107e u kojoj se krio sa nekoliko mje\u0161tana, i da su ih izveli te, po nare\u0111enju Radeta Vlasenka, odveli pred ku\u0107u njegovog brata Mitra Vlasenka.<\/p>\n<p>\u201cPred ku\u0107om Mitra Vlasenka i njegovog oca je bilo 15 do 20 naoru\u017eanih vojnika, koji su nas provocirali i maltretirali. Trljali su nam glavom od zemlju\u201d, naveo je Be\u0161i\u0107 i dodao da je Mitra Vlasenka vidio u dvori\u0161tu i u ku\u0107i.<\/p>\n<p>Be\u0161i\u0107 je napomenuo da je tog dana vidio i Radeta Vlasenka kako dolazi traktorom kom\u0161ije Senada Bla\u017eevi\u0107a, te Dragana Kon\u010dara, koji je vodio kravu i \u201cstojadina\u201d kom\u0161ije Fadila Pa\u0161i\u0107a.<\/p>\n<p>\u201cU \u0161upi Mitrovog oca je bilo mnogo municije. Oru\u017eja puno dvori\u0161te. Pucali su u pravcu na\u0161ih ku\u0107a\u201d, rekao je Be\u0161i\u0107 i dodao da je Mitar Vlasenko kazao Draganu Kon\u010daru i jo\u0161 dvojici vojnika da Be\u0161i\u0107a i nekoliko ostalih mje\u0161tana vodi u selo Jaruge.<\/p>\n<p>Be\u0161i\u0107 je rekao da ga je Dragan Kon\u010dar pitao da li zna gdje se jo\u0161 kriju mje\u0161tani Kozaru\u0161e, te da mu je on pokazao na zemunicu kod ku\u0107e Hamdije \u010cirkina, odakle su poveli jo\u0161 nekoliko mu\u0161karaca i \u017eena.<\/p>\n<p>Svjedok je istakao da je uz put vidio tijela nekoliko ubijenih kom\u0161ija.<\/p>\n<p>\u201cOdatle smo autobusima preba\u010deni u Kozarac, a Dragan Kon\u010dar i drugi vojnici su se vratili\u201d, kazao je svjedok i dodao da je tu vidio mnogo ljudi, te da su u Kozarcu odvojeni mu\u0161karci od \u017eena i djece.<\/p>\n<p>Be\u0161i\u0107 je naveo da je odveden u Keraterm, gdje nije bilo mjesta, pa je na jedan dan zatvoren u \u0161koli u mjestu Brezi\u010dani, a potom u logor Omarska, gdje je ostao 72 dana. Nakon Omarske, Be\u0161i\u0107 je, kako je naglasio, odveden u Trnopolje, odakle je pu\u0161ten po\u010detkom oktobra 1992. godine.<\/p>\n<p>Prema optu\u017enici, Mitar i Rade Vlasenko te Drago Kon\u010dar su 26. maja 1992. u\u010destvovali u pretresu bo\u0161nja\u010dkih ku\u0107a u Kozarcu, nakon \u010dega su grupu civila odveli do ku\u0107e Mitra Vlasenka, gdje su zarobljenici zlostavljani, a potom su mu\u0161karci iz grupe odvedeni u logore Omarska, Trnopolje i Keraterm.<\/p>\n<p>Sva trojica optu\u017eenih se terete da su 4. juna 1992. godine tokom pretresa u Kozarcu prona\u0161li grupu od osam civila koja se krila u jednoj ku\u0107i, a zatim ih ubili.<\/p>\n<p>Su\u0111enje se nastavlja 21. januara 2015.<\/p>\n<p>BIRN<\/p>\n","protected":false},"excerpt":{"rendered":"<p>Na su\u0111enju za zlo\u010dine po\u010dinjene u Prijedoru, svjedok Tu\u017eila\u0161tva BiH ispri\u010dao je kako je maltretiran pred ku\u0107om optu\u017eenog Mitra Vlasenka. Nijaz Be\u0161i\u0107 se prisjetio da je 24. maja 1992. napadnuto [&hellip;]<\/p>\n","protected":false},"author":1,"featured_media":0,"comment_status":"closed","ping_status":"open","sticky":false,"template":"","format":"standard","meta":{"_monsterinsights_skip_tracking":false,"_monsterinsights_sitenote_active":false,"_monsterinsights_sitenote_note":"","_monsterinsights_sitenote_category":0,"footnotes":""},"categories":[5],"tags":[],"yoast_head":"<!-- This site is optimized with the Yoast SEO plugin v21.6 - https:\/\/yoast.com\/wordpress\/plugins\/seo\/ -->\n<title>NASTAVAK SU\u0110ENJA MITRU I RADETU VLASENKU I DRAGI KON\u010cARU: PALJENJE KU\u0106A I MALTRETIRANJA U KOZARU\u0160I - PrijedorDanas.com - Prijedorski gradski portal<\/title>\n<meta name=\"robots\" content=\"index, follow, max-snippet:-1, max-image-preview:large, max-video-preview:-1\" \/>\n<link rel=\"canonical\" href=\"https:\/\/www.prijedordanas.com\/?p=13072\" \/>\n<meta property=\"og:locale\" content=\"en_US\" \/>\n<meta property=\"og:type\" content=\"article\" \/>\n<meta property=\"og:title\" content=\"NASTAVAK SU\u0110ENJA MITRU I RADETU VLASENKU I DRAGI KON\u010cARU: PALJENJE KU\u0106A I MALTRETIRANJA U KOZARU\u0160I - PrijedorDanas.com - Prijedorski gradski portal\" \/>\n<meta property=\"og:description\" content=\"Na su\u0111enju za zlo\u010dine po\u010dinjene u Prijedoru, svjedok Tu\u017eila\u0161tva BiH ispri\u010dao je kako je maltretiran pred ku\u0107om optu\u017eenog Mitra Vlasenka. Nijaz Be\u0161i\u0107 se prisjetio da je 24. maja 1992. napadnuto [&hellip;]\" \/>\n<meta property=\"og:url\" content=\"https:\/\/www.prijedordanas.com\/?p=13072\" \/>\n<meta property=\"og:site_name\" content=\"PrijedorDanas.com - Prijedorski gradski portal\" \/>\n<meta property=\"article:publisher\" content=\"https:\/\/www.facebook.com\/PrijedorDanasCom\/\" \/>\n<meta property=\"article:published_time\" content=\"2014-12-26T07:47:12+00:00\" \/>\n<meta property=\"og:image\" content=\"https:\/\/www.prijedordanas.com\/wp-content\/uploads\/2014\/12\/sud-bih7-300x186.jpg\" \/>\n<meta name=\"author\" content=\"admin\" \/>\n<meta name=\"twitter:card\" content=\"summary_large_image\" \/>\n<meta name=\"twitter:label1\" content=\"Written by\" \/>\n\t<meta name=\"twitter:data1\" content=\"admin\" \/>\n\t<meta name=\"twitter:label2\" content=\"Est. reading time\" \/>\n\t<meta name=\"twitter:data2\" content=\"3 minutes\" \/>\n<script type=\"application\/ld+json\" class=\"yoast-schema-graph\">{\"@context\":\"https:\/\/schema.org\",\"@graph\":[{\"@type\":\"Article\",\"@id\":\"https:\/\/www.prijedordanas.com\/?p=13072#article\",\"isPartOf\":{\"@id\":\"https:\/\/www.prijedordanas.com\/?p=13072\"},\"author\":{\"name\":\"admin\",\"@id\":\"https:\/\/www.prijedordanas.com\/#\/schema\/person\/4e08ccf29b506ca916ff86d46bb700e6\"},\"headline\":\"NASTAVAK SU\u0110ENJA MITRU I RADETU VLASENKU I DRAGI KON\u010cARU: PALJENJE KU\u0106A I MALTRETIRANJA U KOZARU\u0160I\",\"datePublished\":\"2014-12-26T07:47:12+00:00\",\"dateModified\":\"2014-12-26T07:47:12+00:00\",\"mainEntityOfPage\":{\"@id\":\"https:\/\/www.prijedordanas.com\/?p=13072\"},\"wordCount\":550,\"publisher\":{\"@id\":\"https:\/\/www.prijedordanas.com\/#organization\"},\"articleSection\":[\"Hronika\"],\"inLanguage\":\"en-US\"},{\"@type\":\"WebPage\",\"@id\":\"https:\/\/www.prijedordanas.com\/?p=13072\",\"url\":\"https:\/\/www.prijedordanas.com\/?p=13072\",\"name\":\"NASTAVAK SU\u0110ENJA MITRU I RADETU VLASENKU I DRAGI KON\u010cARU: PALJENJE KU\u0106A I MALTRETIRANJA U KOZARU\u0160I - PrijedorDanas.com - Prijedorski gradski portal\",\"isPartOf\":{\"@id\":\"https:\/\/www.prijedordanas.com\/#website\"},\"datePublished\":\"2014-12-26T07:47:12+00:00\",\"dateModified\":\"2014-12-26T07:47:12+00:00\",\"breadcrumb\":{\"@id\":\"https:\/\/www.prijedordanas.com\/?p=13072#breadcrumb\"},\"inLanguage\":\"en-US\",\"potentialAction\":[{\"@type\":\"ReadAction\",\"target\":[\"https:\/\/www.prijedordanas.com\/?p=13072\"]}]},{\"@type\":\"BreadcrumbList\",\"@id\":\"https:\/\/www.prijedordanas.com\/?p=13072#breadcrumb\",\"itemListElement\":[{\"@type\":\"ListItem\",\"position\":1,\"name\":\"Home\",\"item\":\"https:\/\/www.prijedordanas.com\/\"},{\"@type\":\"ListItem\",\"position\":2,\"name\":\"NASTAVAK SU\u0110ENJA MITRU I RADETU VLASENKU I DRAGI KON\u010cARU: PALJENJE KU\u0106A I MALTRETIRANJA U KOZARU\u0160I\"}]},{\"@type\":\"WebSite\",\"@id\":\"https:\/\/www.prijedordanas.com\/#website\",\"url\":\"https:\/\/www.prijedordanas.com\/\",\"name\":\"PrijedorDanas.com - Prijedorski gradski portal\",\"description\":\"Portal o doga\u0111anjima u gradu Prijedoru\",\"publisher\":{\"@id\":\"https:\/\/www.prijedordanas.com\/#organization\"},\"potentialAction\":[{\"@type\":\"SearchAction\",\"target\":{\"@type\":\"EntryPoint\",\"urlTemplate\":\"https:\/\/www.prijedordanas.com\/?s={search_term_string}\"},\"query-input\":\"required name=search_term_string\"}],\"inLanguage\":\"en-US\"},{\"@type\":\"Organization\",\"@id\":\"https:\/\/www.prijedordanas.com\/#organization\",\"name\":\"PrijedorDanas.com\",\"url\":\"https:\/\/www.prijedordanas.com\/\",\"logo\":{\"@type\":\"ImageObject\",\"inLanguage\":\"en-US\",\"@id\":\"https:\/\/www.prijedordanas.com\/#\/schema\/logo\/image\/\",\"url\":\"http:\/\/www.prijedordanas.com\/wp-content\/uploads\/2021\/12\/logopng.png\",\"contentUrl\":\"http:\/\/www.prijedordanas.com\/wp-content\/uploads\/2021\/12\/logopng.png\",\"width\":1019,\"height\":776,\"caption\":\"PrijedorDanas.com\"},\"image\":{\"@id\":\"https:\/\/www.prijedordanas.com\/#\/schema\/logo\/image\/\"},\"sameAs\":[\"https:\/\/www.facebook.com\/PrijedorDanasCom\/\"]},{\"@type\":\"Person\",\"@id\":\"https:\/\/www.prijedordanas.com\/#\/schema\/person\/4e08ccf29b506ca916ff86d46bb700e6\",\"name\":\"admin\",\"image\":{\"@type\":\"ImageObject\",\"inLanguage\":\"en-US\",\"@id\":\"https:\/\/www.prijedordanas.com\/#\/schema\/person\/image\/\",\"url\":\"https:\/\/secure.gravatar.com\/avatar\/1d3fc949d550f0b53a5f0d51e06dfd79?s=96&d=mm&r=g\",\"contentUrl\":\"https:\/\/secure.gravatar.com\/avatar\/1d3fc949d550f0b53a5f0d51e06dfd79?s=96&d=mm&r=g\",\"caption\":\"admin\"},\"url\":\"https:\/\/www.prijedordanas.com\/?author=1\"}]}<\/script>\n<!-- \/ Yoast SEO plugin. -->","yoast_head_json":{"title":"NASTAVAK SU\u0110ENJA MITRU I RADETU VLASENKU I DRAGI KON\u010cARU: PALJENJE KU\u0106A I MALTRETIRANJA U KOZARU\u0160I - PrijedorDanas.com - Prijedorski gradski portal","robots":{"index":"index","follow":"follow","max-snippet":"max-snippet:-1","max-image-preview":"max-image-preview:large","max-video-preview":"max-video-preview:-1"},"canonical":"https:\/\/www.prijedordanas.com\/?p=13072","og_locale":"en_US","og_type":"article","og_title":"NASTAVAK SU\u0110ENJA MITRU I RADETU VLASENKU I DRAGI KON\u010cARU: PALJENJE KU\u0106A I MALTRETIRANJA U KOZARU\u0160I - PrijedorDanas.com - Prijedorski gradski portal","og_description":"Na su\u0111enju za zlo\u010dine po\u010dinjene u Prijedoru, svjedok Tu\u017eila\u0161tva BiH ispri\u010dao je kako je maltretiran pred ku\u0107om optu\u017eenog Mitra Vlasenka. Nijaz Be\u0161i\u0107 se prisjetio da je 24. maja 1992. napadnuto [&hellip;]","og_url":"https:\/\/www.prijedordanas.com\/?p=13072","og_site_name":"PrijedorDanas.com - Prijedorski gradski portal","article_publisher":"https:\/\/www.facebook.com\/PrijedorDanasCom\/","article_published_time":"2014-12-26T07:47:12+00:00","og_image":[{"url":"https:\/\/www.prijedordanas.com\/wp-content\/uploads\/2014\/12\/sud-bih7-300x186.jpg"}],"author":"admin","twitter_card":"summary_large_image","twitter_misc":{"Written by":"admin","Est. reading time":"3 minutes"},"schema":{"@context":"https:\/\/schema.org","@graph":[{"@type":"Article","@id":"https:\/\/www.prijedordanas.com\/?p=13072#article","isPartOf":{"@id":"https:\/\/www.prijedordanas.com\/?p=13072"},"author":{"name":"admin","@id":"https:\/\/www.prijedordanas.com\/#\/schema\/person\/4e08ccf29b506ca916ff86d46bb700e6"},"headline":"NASTAVAK SU\u0110ENJA MITRU I RADETU VLASENKU I DRAGI KON\u010cARU: PALJENJE KU\u0106A I MALTRETIRANJA U KOZARU\u0160I","datePublished":"2014-12-26T07:47:12+00:00","dateModified":"2014-12-26T07:47:12+00:00","mainEntityOfPage":{"@id":"https:\/\/www.prijedordanas.com\/?p=13072"},"wordCount":550,"publisher":{"@id":"https:\/\/www.prijedordanas.com\/#organization"},"articleSection":["Hronika"],"inLanguage":"en-US"},{"@type":"WebPage","@id":"https:\/\/www.prijedordanas.com\/?p=13072","url":"https:\/\/www.prijedordanas.com\/?p=13072","name":"NASTAVAK SU\u0110ENJA MITRU I RADETU VLASENKU I DRAGI KON\u010cARU: PALJENJE KU\u0106A I MALTRETIRANJA U KOZARU\u0160I - PrijedorDanas.com - Prijedorski gradski portal","isPartOf":{"@id":"https:\/\/www.prijedordanas.com\/#website"},"datePublished":"2014-12-26T07:47:12+00:00","dateModified":"2014-12-26T07:47:12+00:00","breadcrumb":{"@id":"https:\/\/www.prijedordanas.com\/?p=13072#breadcrumb"},"inLanguage":"en-US","potentialAction":[{"@type":"ReadAction","target":["https:\/\/www.prijedordanas.com\/?p=13072"]}]},{"@type":"BreadcrumbList","@id":"https:\/\/www.prijedordanas.com\/?p=13072#breadcrumb","itemListElement":[{"@type":"ListItem","position":1,"name":"Home","item":"https:\/\/www.prijedordanas.com\/"},{"@type":"ListItem","position":2,"name":"NASTAVAK SU\u0110ENJA MITRU I RADETU VLASENKU I DRAGI KON\u010cARU: PALJENJE KU\u0106A I MALTRETIRANJA U KOZARU\u0160I"}]},{"@type":"WebSite","@id":"https:\/\/www.prijedordanas.com\/#website","url":"https:\/\/www.prijedordanas.com\/","name":"PrijedorDanas.com - Prijedorski gradski portal","description":"Portal o doga\u0111anjima u gradu Prijedoru","publisher":{"@id":"https:\/\/www.prijedordanas.com\/#organization"},"potentialAction":[{"@type":"SearchAction","target":{"@type":"EntryPoint","urlTemplate":"https:\/\/www.prijedordanas.com\/?s={search_term_string}"},"query-input":"required name=search_term_string"}],"inLanguage":"en-US"},{"@type":"Organization","@id":"https:\/\/www.prijedordanas.com\/#organization","name":"PrijedorDanas.com","url":"https:\/\/www.prijedordanas.com\/","logo":{"@type":"ImageObject","inLanguage":"en-US","@id":"https:\/\/www.prijedordanas.com\/#\/schema\/logo\/image\/","url":"http:\/\/www.prijedordanas.com\/wp-content\/uploads\/2021\/12\/logopng.png","contentUrl":"http:\/\/www.prijedordanas.com\/wp-content\/uploads\/2021\/12\/logopng.png","width":1019,"height":776,"caption":"PrijedorDanas.com"},"image":{"@id":"https:\/\/www.prijedordanas.com\/#\/schema\/logo\/image\/"},"sameAs":["https:\/\/www.facebook.com\/PrijedorDanasCom\/"]},{"@type":"Person","@id":"https:\/\/www.prijedordanas.com\/#\/schema\/person\/4e08ccf29b506ca916ff86d46bb700e6","name":"admin","image":{"@type":"ImageObject","inLanguage":"en-US","@id":"https:\/\/www.prijedordanas.com\/#\/schema\/person\/image\/","url":"https:\/\/secure.gravatar.com\/avatar\/1d3fc949d550f0b53a5f0d51e06dfd79?s=96&d=mm&r=g","contentUrl":"https:\/\/secure.gravatar.com\/avatar\/1d3fc949d550f0b53a5f0d51e06dfd79?s=96&d=mm&r=g","caption":"admin"},"url":"https:\/\/www.prijedordanas.com\/?author=1"}]}},"_links":{"self":[{"href":"https:\/\/www.prijedordanas.com\/index.php?rest_route=\/wp\/v2\/posts\/13072"}],"collection":[{"href":"https:\/\/www.prijedordanas.com\/index.php?rest_route=\/wp\/v2\/posts"}],"about":[{"href":"https:\/\/www.prijedordanas.com\/index.php?rest_route=\/wp\/v2\/types\/post"}],"author":[{"embeddable":true,"href":"https:\/\/www.prijedordanas.com\/index.php?rest_route=\/wp\/v2\/users\/1"}],"replies":[{"embeddable":true,"href":"https:\/\/www.prijedordanas.com\/index.php?rest_route=%2Fwp%2Fv2%2Fcomments&post=13072"}],"version-history":[{"count":1,"href":"https:\/\/www.prijedordanas.com\/index.php?rest_route=\/wp\/v2\/posts\/13072\/revisions"}],"predecessor-version":[{"id":13073,"href":"https:\/\/www.prijedordanas.com\/index.php?rest_route=\/wp\/v2\/posts\/13072\/revisions\/13073"}],"wp:attachment":[{"href":"https:\/\/www.prijedordanas.com\/index.php?rest_route=%2Fwp%2Fv2%2Fmedia&parent=13072"}],"wp:term":[{"taxonomy":"category","embeddable":true,"href":"https:\/\/www.prijedordanas.com\/index.php?rest_route=%2Fwp%2Fv2%2Fcategories&post=13072"},{"taxonomy":"post_tag","embeddable":true,"href":"https:\/\/www.prijedordanas.com\/index.php?rest_route=%2Fwp%2Fv2%2Ftags&post=13072"}],"curies":[{"name":"wp","href":"https:\/\/api.w.org\/{rel}","templated":true}]}}