{"id":130711,"date":"2019-07-26T10:05:14","date_gmt":"2019-07-26T08:05:14","guid":{"rendered":"https:\/\/www.prijedordanas.com\/?p=130711"},"modified":"2019-07-26T10:05:14","modified_gmt":"2019-07-26T08:05:14","slug":"jovo-petrovic-jedan-od-posljednjih-kovaca-u-prijedoru-kod-drveta-se-moze-i-pogrijesiti-ali-kod-zeljeza-ne-foto-video","status":"publish","type":"post","link":"https:\/\/www.prijedordanas.com\/?p=130711","title":{"rendered":"Jovo Petrovi\u0107 jedan od posljednjih kova\u010da u Prijedoru: Kod drveta se mo\u017ee i pogrije\u0161iti, ali kod \u017eeljeza ne &#8211; FOTO\/VIDEO"},"content":{"rendered":"<p><a href=\"https:\/\/www.prijedordanas.com\/wp-content\/uploads\/2019\/07\/anadolija-jovo-petrovic-kovac-1.jpg\"><img loading=\"lazy\" decoding=\"async\" class=\"alignleft size-medium wp-image-131149\" src=\"https:\/\/www.prijedordanas.com\/wp-content\/uploads\/2019\/07\/anadolija-jovo-petrovic-kovac-1-300x217.jpg\" alt=\"\" width=\"300\" height=\"217\" srcset=\"https:\/\/www.prijedordanas.com\/wp-content\/uploads\/2019\/07\/anadolija-jovo-petrovic-kovac-1-300x217.jpg 300w, https:\/\/www.prijedordanas.com\/wp-content\/uploads\/2019\/07\/anadolija-jovo-petrovic-kovac-1-100x72.jpg 100w, https:\/\/www.prijedordanas.com\/wp-content\/uploads\/2019\/07\/anadolija-jovo-petrovic-kovac-1.jpg 690w\" sizes=\"(max-width: 300px) 100vw, 300px\" \/><\/a>Jovo Petrovi\u0107 (78), kojeg svi koji ga znaju zovu Jo\u0161o, jedan je od posljednjih kova\u010da na prostoru prijedorske regije. \u0160to njegove o\u010di vide, spretne ruke i naprave. Osim kova\u010dkog, bavi se i stolarskim zanatom, a njegovo imanje prepuno je raznih predmeta koje je ovaj poznati majstor sam napravio. Samouk je i kako ka\u017ee, muka i potreba su ga natjerale da u\u010di ove zanate, jer otac nije imao novca da ga \u0161koluje. Danas je ponosan na sve \u0161to su njegove ruke stvorile.<\/p>\n<p>Rodom je iz Sanskog Mosta, sela Lipnik, a u izbjegli\u0161tvu je nakon minulog rata promijenio \u010dak osam adresa.<\/p>\n<p>Skrasio se u Prijedoru, na radost mnogih kojima \u010desto zatreba dobar kova\u010d ili stolar. Ka\u017ee da se kova\u010dkim zanatom po\u010deo baviti davne 1961. godine.<\/p>\n<p><a href=\"https:\/\/www.prijedordanas.com\/wp-content\/uploads\/2019\/07\/anadolija-jovo-petrovic-kovac-2.jpg\"><img loading=\"lazy\" decoding=\"async\" class=\"alignleft size-medium wp-image-131150\" src=\"https:\/\/www.prijedordanas.com\/wp-content\/uploads\/2019\/07\/anadolija-jovo-petrovic-kovac-2-300x200.jpg\" alt=\"\" width=\"300\" height=\"200\" srcset=\"https:\/\/www.prijedordanas.com\/wp-content\/uploads\/2019\/07\/anadolija-jovo-petrovic-kovac-2-300x200.jpg 300w, https:\/\/www.prijedordanas.com\/wp-content\/uploads\/2019\/07\/anadolija-jovo-petrovic-kovac-2-100x67.jpg 100w, https:\/\/www.prijedordanas.com\/wp-content\/uploads\/2019\/07\/anadolija-jovo-petrovic-kovac-2-480x320.jpg 480w, https:\/\/www.prijedordanas.com\/wp-content\/uploads\/2019\/07\/anadolija-jovo-petrovic-kovac-2.jpg 600w\" sizes=\"(max-width: 300px) 100vw, 300px\" \/><\/a>\u201eKova\u010dkim zanatom sam se po\u010deo baviti 1961. godine, a nakon odslu\u017eenja vojnog roka i povratka ku\u0107i po\u010deo sam se aktivno baviti ovim poslom. Sve iz potrebe, jer otac nije imao novaca da me \u0161alje na dalje \u0161kolovanje. Malo, pomalo izu\u010dio sam i stolarski i limarski zanat. Radio sam krovove, burad, tako da sam znao sedam, osam zanata koje sam izu\u010dio sam. Ljudi su \u010duli za mene i imao sam dosta posla. Danas ne bih mogao sti\u0107i sav posao i da imam jo\u0161 dva radnika pored sebe. Te\u0161ko je danas na\u0107i dobrog majstora\u201c, rekao je za Anadolu Agency (AA) Jovo Petrovi\u0107.<\/p>\n<p>Ka\u017ee da je jedan od rijetkih kova\u010da u dana\u0161nje vrijeme.<\/p>\n<p>Ovaj zanat, kako navodi polako izumire, a ni njegovi unuci nisu zainteresovani da ga nau\u010de.<\/p>\n<p><a href=\"https:\/\/www.prijedordanas.com\/wp-content\/uploads\/2019\/07\/anadolija-jovo-petrovic-kovac-3.jpg\"><img loading=\"lazy\" decoding=\"async\" class=\"alignleft size-medium wp-image-131151\" src=\"https:\/\/www.prijedordanas.com\/wp-content\/uploads\/2019\/07\/anadolija-jovo-petrovic-kovac-3-300x200.jpg\" alt=\"\" width=\"300\" height=\"200\" srcset=\"https:\/\/www.prijedordanas.com\/wp-content\/uploads\/2019\/07\/anadolija-jovo-petrovic-kovac-3-300x200.jpg 300w, https:\/\/www.prijedordanas.com\/wp-content\/uploads\/2019\/07\/anadolija-jovo-petrovic-kovac-3-100x67.jpg 100w, https:\/\/www.prijedordanas.com\/wp-content\/uploads\/2019\/07\/anadolija-jovo-petrovic-kovac-3-480x320.jpg 480w, https:\/\/www.prijedordanas.com\/wp-content\/uploads\/2019\/07\/anadolija-jovo-petrovic-kovac-3.jpg 600w\" sizes=\"(max-width: 300px) 100vw, 300px\" \/><\/a>\u201eDanas sam me\u0111u najtra\u017eenijim majstorima, zato \u0161to danas na prste jedne ruke mo\u017eete nabrojati kova\u010de. Naj\u010de\u0161\u0107e sad popravljam sjekire, motike i poljoprivredne alatke. Sad mi ljudi donose sjekire iz Banjaluke, Bratunca, pa \u010dak i iz Zagreba. Ne biste vjerovali odakle sve dolaze. Najponosniji i jesam na kovanje, to jeste te\u017eak i prljav posao, ali od \u017eeljeza mo\u017ee\u0161 saviti \u0161to god ho\u0107e\u0161. Kod drveta se mo\u017ee i pogrije\u0161iti, ali kod \u017eeljeza ne\u201d, isti\u010de Petrovi\u0107.<\/p>\n<p>Mno\u0161tvo predmeta od \u017eeljeza i drveta nalazi se oko Jo\u0161ine ku\u0107e i u radionicama.<\/p>\n<p>Ka\u017ee da svoj zanat veoma voli, a kroz njega je i upoznao mnoge ljude i stekao brojne prijatelje.<\/p>\n<p><a href=\"https:\/\/www.prijedordanas.com\/wp-content\/uploads\/2019\/07\/anadolija-jovo-petrovic-kovac-4.jpg\"><img loading=\"lazy\" decoding=\"async\" class=\"alignleft size-medium wp-image-131152\" src=\"https:\/\/www.prijedordanas.com\/wp-content\/uploads\/2019\/07\/anadolija-jovo-petrovic-kovac-4-300x200.jpg\" alt=\"\" width=\"300\" height=\"200\" srcset=\"https:\/\/www.prijedordanas.com\/wp-content\/uploads\/2019\/07\/anadolija-jovo-petrovic-kovac-4-300x200.jpg 300w, https:\/\/www.prijedordanas.com\/wp-content\/uploads\/2019\/07\/anadolija-jovo-petrovic-kovac-4-100x67.jpg 100w, https:\/\/www.prijedordanas.com\/wp-content\/uploads\/2019\/07\/anadolija-jovo-petrovic-kovac-4-480x320.jpg 480w, https:\/\/www.prijedordanas.com\/wp-content\/uploads\/2019\/07\/anadolija-jovo-petrovic-kovac-4.jpg 600w\" sizes=\"(max-width: 300px) 100vw, 300px\" \/><\/a>\u201eUvijek dolaze prijatelji. \u010cesto izniknu lijepa prijateljstva iz slu\u010dajnog poznanstva. Nemam sad potrebu da radim mnogo kao nekad, ali eto, ja to ba\u0161 volim. Napravio sam mnogo stvari, iskopao bunar na vi\u0161e eta\u017ea, jedna mi slu\u017ei kao hladnja\u010da i siguran sam da niko ovdje nema takav bunar. Napravio sam mnogo ku\u0107ica za ptice, ventilatore, pecanu. Ujedno mi je \u017eao \u0161to se gasi ovaj zanat, malo ko danas \u017eeli time da se bavi, a sami znamo da danas i najve\u0107e firme moraju imati kova\u010dku vatru. Na\u017ealost, niko nije zainteresovan da na njega prenesem svoje znanje\u201c, kazao je Petrovi\u0107.<\/p>\n<p><a href=\"https:\/\/www.prijedordanas.com\/wp-content\/uploads\/2019\/07\/anadolija-jovo-petrovic-kovac-5.jpg\"><img loading=\"lazy\" decoding=\"async\" src=\"https:\/\/www.prijedordanas.com\/wp-content\/uploads\/2019\/07\/anadolija-jovo-petrovic-kovac-5-300x179.jpg\" alt=\"\" width=\"300\" height=\"179\" class=\"alignleft size-medium wp-image-131153\" srcset=\"https:\/\/www.prijedordanas.com\/wp-content\/uploads\/2019\/07\/anadolija-jovo-petrovic-kovac-5-300x179.jpg 300w, https:\/\/www.prijedordanas.com\/wp-content\/uploads\/2019\/07\/anadolija-jovo-petrovic-kovac-5-100x60.jpg 100w, https:\/\/www.prijedordanas.com\/wp-content\/uploads\/2019\/07\/anadolija-jovo-petrovic-kovac-5.jpg 600w\" sizes=\"(max-width: 300px) 100vw, 300px\" \/><\/a>Jo\u0161o godinama od drveta izra\u0111uje suvenire, dr\u017ealice za sjekire i poljoprivredne alatke, klupe za sjedenje, drvene kapije i ograde. Vrijedni kova\u010d i stolar ka\u017ee da nema dana da ne uradi ne\u0161to.<\/p>\n<p>\u201eAko ni\u0161ta drugo, odem u radionicu da sla\u017eem stvari. Volim da mi je sve uredno i da se uvijek zna gde se \u0161ta nalazi\u201c, pri\u010dao je Petrovi\u0107 i dodao da je ponosan \u0161to je izumio i valjda najmanji rakijski kotao na svijetu, koji mo\u017ee ponijeti i u cekeru, a jednako je efikasan kao i veliki.<\/p>\n<p>Zanat mu je i ljubav i opu\u0161tanje i razonoda, a u \u017eivotu se, kako sam priznaje, moglo od toga dobro i zaraditi.<\/p>\n<p>Agencija Anadolija<\/p>\n<div style=\"width: 640px;\" class=\"wp-video\"><!--[if lt IE 9]><script>document.createElement('video');<\/script><![endif]-->\n<video class=\"wp-video-shortcode\" id=\"video-130711-1\" width=\"640\" height=\"360\" preload=\"metadata\" controls=\"controls\"><source type=\"video\/mp4\" src=\"https:\/\/cdnuploads.aa.com.tr\/uploads\/VideoGallery\/2019\/07\/13\/304ee18563cd32bad95850d3f7c45a47.mp4?_=1\" \/><a href=\"https:\/\/cdnuploads.aa.com.tr\/uploads\/VideoGallery\/2019\/07\/13\/304ee18563cd32bad95850d3f7c45a47.mp4\">https:\/\/cdnuploads.aa.com.tr\/uploads\/VideoGallery\/2019\/07\/13\/304ee18563cd32bad95850d3f7c45a47.mp4<\/a><\/video><\/div>\n<div id=\"fb-root\"><\/div>\n<p><script async=\"1\" defer=\"1\" crossorigin=\"anonymous\" src=\"https:\/\/connect.facebook.net\/bs_BA\/sdk.js#xfbml=1&amp;version=v3.3\"><\/script><\/p>\n<div class=\"fb-video\" data-href=\"https:\/\/www.facebook.com\/anadolijabalkan\/videos\/373670923335122\/\" data-width=\"500\">\n<blockquote cite=\"https:\/\/www.facebook.com\/anadolijabalkan\/videos\/373670923335122\/\" class=\"fb-xfbml-parse-ignore\"><p><a href=\"https:\/\/www.facebook.com\/anadolijabalkan\/videos\/373670923335122\/\">Jovo Petrovi\u0107 jedan od posljednjih kova\u010da u Prijedoru<\/a><\/p>\n<p>Jovo Petrovi\u0107 jedan od posljednjih kova\u010da u Prijedoru v.aa.com.tr\/1530518<\/p>\n<p>Posted by <a href=\"https:\/\/www.facebook.com\/anadolijabalkan\/\">Anadolija Balkan<\/a> on Subota, 13. July 2019.<\/p><\/blockquote>\n<\/div>\n","protected":false},"excerpt":{"rendered":"<p>Jovo Petrovi\u0107 (78), kojeg svi koji ga znaju zovu Jo\u0161o, jedan je od posljednjih kova\u010da na prostoru prijedorske regije. \u0160to njegove o\u010di vide, spretne ruke i naprave. Osim kova\u010dkog, bavi [&hellip;]<\/p>\n","protected":false},"author":1,"featured_media":0,"comment_status":"closed","ping_status":"open","sticky":false,"template":"","format":"standard","meta":{"_monsterinsights_skip_tracking":false,"_monsterinsights_sitenote_active":false,"_monsterinsights_sitenote_note":"","_monsterinsights_sitenote_category":0,"footnotes":""},"categories":[3],"tags":[10748],"yoast_head":"<!-- This site is optimized with the Yoast SEO plugin v21.6 - https:\/\/yoast.com\/wordpress\/plugins\/seo\/ -->\n<title>Jovo Petrovi\u0107 jedan od posljednjih kova\u010da u Prijedoru: Kod drveta se mo\u017ee i pogrije\u0161iti, ali kod \u017eeljeza ne - FOTO\/VIDEO - PrijedorDanas.com - Prijedorski gradski portal<\/title>\n<meta name=\"robots\" content=\"index, follow, max-snippet:-1, max-image-preview:large, max-video-preview:-1\" \/>\n<link rel=\"canonical\" href=\"https:\/\/www.prijedordanas.com\/?p=130711\" \/>\n<meta property=\"og:locale\" content=\"en_US\" \/>\n<meta property=\"og:type\" content=\"article\" \/>\n<meta property=\"og:title\" content=\"Jovo Petrovi\u0107 jedan od posljednjih kova\u010da u Prijedoru: Kod drveta se mo\u017ee i pogrije\u0161iti, ali kod \u017eeljeza ne - FOTO\/VIDEO - PrijedorDanas.com - Prijedorski gradski portal\" \/>\n<meta property=\"og:description\" content=\"Jovo Petrovi\u0107 (78), kojeg svi koji ga znaju zovu Jo\u0161o, jedan je od posljednjih kova\u010da na prostoru prijedorske regije. \u0160to njegove o\u010di vide, spretne ruke i naprave. Osim kova\u010dkog, bavi [&hellip;]\" \/>\n<meta property=\"og:url\" content=\"https:\/\/www.prijedordanas.com\/?p=130711\" \/>\n<meta property=\"og:site_name\" content=\"PrijedorDanas.com - Prijedorski gradski portal\" \/>\n<meta property=\"article:publisher\" content=\"https:\/\/www.facebook.com\/PrijedorDanasCom\/\" \/>\n<meta property=\"article:published_time\" content=\"2019-07-26T08:05:14+00:00\" \/>\n<meta property=\"og:image\" content=\"https:\/\/www.prijedordanas.com\/wp-content\/uploads\/2019\/07\/anadolija-jovo-petrovic-kovac-1-300x217.jpg\" \/>\n<meta name=\"author\" content=\"admin\" \/>\n<meta name=\"twitter:card\" content=\"summary_large_image\" \/>\n<meta name=\"twitter:label1\" content=\"Written by\" \/>\n\t<meta name=\"twitter:data1\" content=\"admin\" \/>\n\t<meta name=\"twitter:label2\" content=\"Est. reading time\" \/>\n\t<meta name=\"twitter:data2\" content=\"3 minutes\" \/>\n<script type=\"application\/ld+json\" class=\"yoast-schema-graph\">{\"@context\":\"https:\/\/schema.org\",\"@graph\":[{\"@type\":\"Article\",\"@id\":\"https:\/\/www.prijedordanas.com\/?p=130711#article\",\"isPartOf\":{\"@id\":\"https:\/\/www.prijedordanas.com\/?p=130711\"},\"author\":{\"name\":\"admin\",\"@id\":\"https:\/\/www.prijedordanas.com\/#\/schema\/person\/4e08ccf29b506ca916ff86d46bb700e6\"},\"headline\":\"Jovo Petrovi\u0107 jedan od posljednjih kova\u010da u Prijedoru: Kod drveta se mo\u017ee i pogrije\u0161iti, ali kod \u017eeljeza ne &#8211; FOTO\/VIDEO\",\"datePublished\":\"2019-07-26T08:05:14+00:00\",\"dateModified\":\"2019-07-26T08:05:14+00:00\",\"mainEntityOfPage\":{\"@id\":\"https:\/\/www.prijedordanas.com\/?p=130711\"},\"wordCount\":661,\"publisher\":{\"@id\":\"https:\/\/www.prijedordanas.com\/#organization\"},\"keywords\":[\"Jovo Petrovi\u0107\"],\"articleSection\":[\"\u017divot\"],\"inLanguage\":\"en-US\"},{\"@type\":\"WebPage\",\"@id\":\"https:\/\/www.prijedordanas.com\/?p=130711\",\"url\":\"https:\/\/www.prijedordanas.com\/?p=130711\",\"name\":\"Jovo Petrovi\u0107 jedan od posljednjih kova\u010da u Prijedoru: Kod drveta se mo\u017ee i pogrije\u0161iti, ali kod \u017eeljeza ne - FOTO\/VIDEO - PrijedorDanas.com - Prijedorski gradski portal\",\"isPartOf\":{\"@id\":\"https:\/\/www.prijedordanas.com\/#website\"},\"datePublished\":\"2019-07-26T08:05:14+00:00\",\"dateModified\":\"2019-07-26T08:05:14+00:00\",\"breadcrumb\":{\"@id\":\"https:\/\/www.prijedordanas.com\/?p=130711#breadcrumb\"},\"inLanguage\":\"en-US\",\"potentialAction\":[{\"@type\":\"ReadAction\",\"target\":[\"https:\/\/www.prijedordanas.com\/?p=130711\"]}]},{\"@type\":\"BreadcrumbList\",\"@id\":\"https:\/\/www.prijedordanas.com\/?p=130711#breadcrumb\",\"itemListElement\":[{\"@type\":\"ListItem\",\"position\":1,\"name\":\"Home\",\"item\":\"https:\/\/www.prijedordanas.com\/\"},{\"@type\":\"ListItem\",\"position\":2,\"name\":\"Jovo Petrovi\u0107 jedan od posljednjih kova\u010da u Prijedoru: Kod drveta se mo\u017ee i pogrije\u0161iti, ali kod \u017eeljeza ne &#8211; FOTO\/VIDEO\"}]},{\"@type\":\"WebSite\",\"@id\":\"https:\/\/www.prijedordanas.com\/#website\",\"url\":\"https:\/\/www.prijedordanas.com\/\",\"name\":\"PrijedorDanas.com - Prijedorski gradski portal\",\"description\":\"Portal o doga\u0111anjima u gradu Prijedoru\",\"publisher\":{\"@id\":\"https:\/\/www.prijedordanas.com\/#organization\"},\"potentialAction\":[{\"@type\":\"SearchAction\",\"target\":{\"@type\":\"EntryPoint\",\"urlTemplate\":\"https:\/\/www.prijedordanas.com\/?s={search_term_string}\"},\"query-input\":\"required name=search_term_string\"}],\"inLanguage\":\"en-US\"},{\"@type\":\"Organization\",\"@id\":\"https:\/\/www.prijedordanas.com\/#organization\",\"name\":\"PrijedorDanas.com\",\"url\":\"https:\/\/www.prijedordanas.com\/\",\"logo\":{\"@type\":\"ImageObject\",\"inLanguage\":\"en-US\",\"@id\":\"https:\/\/www.prijedordanas.com\/#\/schema\/logo\/image\/\",\"url\":\"http:\/\/www.prijedordanas.com\/wp-content\/uploads\/2021\/12\/logopng.png\",\"contentUrl\":\"http:\/\/www.prijedordanas.com\/wp-content\/uploads\/2021\/12\/logopng.png\",\"width\":1019,\"height\":776,\"caption\":\"PrijedorDanas.com\"},\"image\":{\"@id\":\"https:\/\/www.prijedordanas.com\/#\/schema\/logo\/image\/\"},\"sameAs\":[\"https:\/\/www.facebook.com\/PrijedorDanasCom\/\"]},{\"@type\":\"Person\",\"@id\":\"https:\/\/www.prijedordanas.com\/#\/schema\/person\/4e08ccf29b506ca916ff86d46bb700e6\",\"name\":\"admin\",\"image\":{\"@type\":\"ImageObject\",\"inLanguage\":\"en-US\",\"@id\":\"https:\/\/www.prijedordanas.com\/#\/schema\/person\/image\/\",\"url\":\"https:\/\/secure.gravatar.com\/avatar\/1d3fc949d550f0b53a5f0d51e06dfd79?s=96&d=mm&r=g\",\"contentUrl\":\"https:\/\/secure.gravatar.com\/avatar\/1d3fc949d550f0b53a5f0d51e06dfd79?s=96&d=mm&r=g\",\"caption\":\"admin\"},\"url\":\"https:\/\/www.prijedordanas.com\/?author=1\"}]}<\/script>\n<!-- \/ Yoast SEO plugin. -->","yoast_head_json":{"title":"Jovo Petrovi\u0107 jedan od posljednjih kova\u010da u Prijedoru: Kod drveta se mo\u017ee i pogrije\u0161iti, ali kod \u017eeljeza ne - FOTO\/VIDEO - PrijedorDanas.com - Prijedorski gradski portal","robots":{"index":"index","follow":"follow","max-snippet":"max-snippet:-1","max-image-preview":"max-image-preview:large","max-video-preview":"max-video-preview:-1"},"canonical":"https:\/\/www.prijedordanas.com\/?p=130711","og_locale":"en_US","og_type":"article","og_title":"Jovo Petrovi\u0107 jedan od posljednjih kova\u010da u Prijedoru: Kod drveta se mo\u017ee i pogrije\u0161iti, ali kod \u017eeljeza ne - FOTO\/VIDEO - PrijedorDanas.com - Prijedorski gradski portal","og_description":"Jovo Petrovi\u0107 (78), kojeg svi koji ga znaju zovu Jo\u0161o, jedan je od posljednjih kova\u010da na prostoru prijedorske regije. \u0160to njegove o\u010di vide, spretne ruke i naprave. Osim kova\u010dkog, bavi [&hellip;]","og_url":"https:\/\/www.prijedordanas.com\/?p=130711","og_site_name":"PrijedorDanas.com - Prijedorski gradski portal","article_publisher":"https:\/\/www.facebook.com\/PrijedorDanasCom\/","article_published_time":"2019-07-26T08:05:14+00:00","og_image":[{"url":"https:\/\/www.prijedordanas.com\/wp-content\/uploads\/2019\/07\/anadolija-jovo-petrovic-kovac-1-300x217.jpg"}],"author":"admin","twitter_card":"summary_large_image","twitter_misc":{"Written by":"admin","Est. reading time":"3 minutes"},"schema":{"@context":"https:\/\/schema.org","@graph":[{"@type":"Article","@id":"https:\/\/www.prijedordanas.com\/?p=130711#article","isPartOf":{"@id":"https:\/\/www.prijedordanas.com\/?p=130711"},"author":{"name":"admin","@id":"https:\/\/www.prijedordanas.com\/#\/schema\/person\/4e08ccf29b506ca916ff86d46bb700e6"},"headline":"Jovo Petrovi\u0107 jedan od posljednjih kova\u010da u Prijedoru: Kod drveta se mo\u017ee i pogrije\u0161iti, ali kod \u017eeljeza ne &#8211; FOTO\/VIDEO","datePublished":"2019-07-26T08:05:14+00:00","dateModified":"2019-07-26T08:05:14+00:00","mainEntityOfPage":{"@id":"https:\/\/www.prijedordanas.com\/?p=130711"},"wordCount":661,"publisher":{"@id":"https:\/\/www.prijedordanas.com\/#organization"},"keywords":["Jovo Petrovi\u0107"],"articleSection":["\u017divot"],"inLanguage":"en-US"},{"@type":"WebPage","@id":"https:\/\/www.prijedordanas.com\/?p=130711","url":"https:\/\/www.prijedordanas.com\/?p=130711","name":"Jovo Petrovi\u0107 jedan od posljednjih kova\u010da u Prijedoru: Kod drveta se mo\u017ee i pogrije\u0161iti, ali kod \u017eeljeza ne - FOTO\/VIDEO - PrijedorDanas.com - Prijedorski gradski portal","isPartOf":{"@id":"https:\/\/www.prijedordanas.com\/#website"},"datePublished":"2019-07-26T08:05:14+00:00","dateModified":"2019-07-26T08:05:14+00:00","breadcrumb":{"@id":"https:\/\/www.prijedordanas.com\/?p=130711#breadcrumb"},"inLanguage":"en-US","potentialAction":[{"@type":"ReadAction","target":["https:\/\/www.prijedordanas.com\/?p=130711"]}]},{"@type":"BreadcrumbList","@id":"https:\/\/www.prijedordanas.com\/?p=130711#breadcrumb","itemListElement":[{"@type":"ListItem","position":1,"name":"Home","item":"https:\/\/www.prijedordanas.com\/"},{"@type":"ListItem","position":2,"name":"Jovo Petrovi\u0107 jedan od posljednjih kova\u010da u Prijedoru: Kod drveta se mo\u017ee i pogrije\u0161iti, ali kod \u017eeljeza ne &#8211; FOTO\/VIDEO"}]},{"@type":"WebSite","@id":"https:\/\/www.prijedordanas.com\/#website","url":"https:\/\/www.prijedordanas.com\/","name":"PrijedorDanas.com - Prijedorski gradski portal","description":"Portal o doga\u0111anjima u gradu Prijedoru","publisher":{"@id":"https:\/\/www.prijedordanas.com\/#organization"},"potentialAction":[{"@type":"SearchAction","target":{"@type":"EntryPoint","urlTemplate":"https:\/\/www.prijedordanas.com\/?s={search_term_string}"},"query-input":"required name=search_term_string"}],"inLanguage":"en-US"},{"@type":"Organization","@id":"https:\/\/www.prijedordanas.com\/#organization","name":"PrijedorDanas.com","url":"https:\/\/www.prijedordanas.com\/","logo":{"@type":"ImageObject","inLanguage":"en-US","@id":"https:\/\/www.prijedordanas.com\/#\/schema\/logo\/image\/","url":"http:\/\/www.prijedordanas.com\/wp-content\/uploads\/2021\/12\/logopng.png","contentUrl":"http:\/\/www.prijedordanas.com\/wp-content\/uploads\/2021\/12\/logopng.png","width":1019,"height":776,"caption":"PrijedorDanas.com"},"image":{"@id":"https:\/\/www.prijedordanas.com\/#\/schema\/logo\/image\/"},"sameAs":["https:\/\/www.facebook.com\/PrijedorDanasCom\/"]},{"@type":"Person","@id":"https:\/\/www.prijedordanas.com\/#\/schema\/person\/4e08ccf29b506ca916ff86d46bb700e6","name":"admin","image":{"@type":"ImageObject","inLanguage":"en-US","@id":"https:\/\/www.prijedordanas.com\/#\/schema\/person\/image\/","url":"https:\/\/secure.gravatar.com\/avatar\/1d3fc949d550f0b53a5f0d51e06dfd79?s=96&d=mm&r=g","contentUrl":"https:\/\/secure.gravatar.com\/avatar\/1d3fc949d550f0b53a5f0d51e06dfd79?s=96&d=mm&r=g","caption":"admin"},"url":"https:\/\/www.prijedordanas.com\/?author=1"}]}},"_links":{"self":[{"href":"https:\/\/www.prijedordanas.com\/index.php?rest_route=\/wp\/v2\/posts\/130711"}],"collection":[{"href":"https:\/\/www.prijedordanas.com\/index.php?rest_route=\/wp\/v2\/posts"}],"about":[{"href":"https:\/\/www.prijedordanas.com\/index.php?rest_route=\/wp\/v2\/types\/post"}],"author":[{"embeddable":true,"href":"https:\/\/www.prijedordanas.com\/index.php?rest_route=\/wp\/v2\/users\/1"}],"replies":[{"embeddable":true,"href":"https:\/\/www.prijedordanas.com\/index.php?rest_route=%2Fwp%2Fv2%2Fcomments&post=130711"}],"version-history":[{"count":2,"href":"https:\/\/www.prijedordanas.com\/index.php?rest_route=\/wp\/v2\/posts\/130711\/revisions"}],"predecessor-version":[{"id":131154,"href":"https:\/\/www.prijedordanas.com\/index.php?rest_route=\/wp\/v2\/posts\/130711\/revisions\/131154"}],"wp:attachment":[{"href":"https:\/\/www.prijedordanas.com\/index.php?rest_route=%2Fwp%2Fv2%2Fmedia&parent=130711"}],"wp:term":[{"taxonomy":"category","embeddable":true,"href":"https:\/\/www.prijedordanas.com\/index.php?rest_route=%2Fwp%2Fv2%2Fcategories&post=130711"},{"taxonomy":"post_tag","embeddable":true,"href":"https:\/\/www.prijedordanas.com\/index.php?rest_route=%2Fwp%2Fv2%2Ftags&post=130711"}],"curies":[{"name":"wp","href":"https:\/\/api.w.org\/{rel}","templated":true}]}}