{"id":130694,"date":"2019-07-15T20:13:47","date_gmt":"2019-07-15T18:13:47","guid":{"rendered":"https:\/\/www.prijedordanas.com\/?p=130694"},"modified":"2019-07-15T20:13:47","modified_gmt":"2019-07-15T18:13:47","slug":"arcelormittal-prijedor-radnici-jos-ne-znaju-ko-je-od-njih-visak","status":"publish","type":"post","link":"https:\/\/www.prijedordanas.com\/?p=130694","title":{"rendered":"ArcelorMittal Prijedor: Radnici jo\u0161 ne znaju ko je od njih vi\u0161ak"},"content":{"rendered":"<p><a href=\"https:\/\/www.prijedordanas.com\/wp-content\/uploads\/2019\/06\/amp-radnici-strajk-centralna-radionica-2.jpg\"><img loading=\"lazy\" decoding=\"async\" class=\"alignleft size-medium wp-image-129603\" src=\"https:\/\/www.prijedordanas.com\/wp-content\/uploads\/2019\/06\/amp-radnici-strajk-centralna-radionica-2-300x217.jpg\" alt=\"\" width=\"300\" height=\"217\" srcset=\"https:\/\/www.prijedordanas.com\/wp-content\/uploads\/2019\/06\/amp-radnici-strajk-centralna-radionica-2-300x217.jpg 300w, https:\/\/www.prijedordanas.com\/wp-content\/uploads\/2019\/06\/amp-radnici-strajk-centralna-radionica-2-100x72.jpg 100w, https:\/\/www.prijedordanas.com\/wp-content\/uploads\/2019\/06\/amp-radnici-strajk-centralna-radionica-2.jpg 690w\" sizes=\"(max-width: 300px) 100vw, 300px\" \/><\/a>Iako se bli\u017ei 1. septembar, kada bi trebalo da po\u010dne primjena novog plana rada, koji obuhvata otpu\u0161tanje 300 radnika kompanije &#8220;ArcelorMittal&#8221; Prijedor, niko u toj firmi jo\u0161 ne zna da li je na spisku onih koji bi mogli izgubiti posao.<\/p>\n<p>To je za &#8220;Nezavisne&#8221; potvrdio sindikalni vo\u0111a preduze\u0107a Sa\u0161a Kukolj, koji isti\u010de da su zaposleni na svojim radnim mjestima te da prate situaciju.<\/p>\n<p>&#8220;Pratimo da li \u0107e do\u0107i do kakvih dogovora i u kom smjeru sve ovo ide. Radnici su, naravno, zabrinuti, ne znaju kojom sistematizacijom \u0107e se odlu\u010divati o ostanku broja ljudi u preduze\u0107u niti kako \u0107e se dalje odvijati proces rada&#8221;, napominje predsjednik Sindikata &#8220;ArcelorMittala&#8221; Prijedor.<\/p>\n<p>Koji su naredni potezi kompanije, nije siguran ni Obrad Belenzada, predsjednik Sindikata metalaca i rudara RS, koji isti\u010de da su oni protiv otpu\u0161tanja radnika.<\/p>\n<p>&#8220;Tra\u017eimo i od &#8216;ArcelorMittala&#8217; i od Vlade da probaju na\u0107i na\u010din kako da to prevazi\u0111u. Nadam se da \u0107e se rje\u0161enje izna\u0107i i da do otpu\u0161tanja radnika ne\u0107e do\u0107i&#8221;, rekao je Belenzada za &#8220;Nezavisne&#8221;.<\/p>\n<p>Prema njegovim rije\u010dima, otpu\u0161tanje 300 radnika prouzrokovalo bi vi\u0161estruke posljedice.<\/p>\n<p>&#8220;Pazite, nije u pitanju samo 300 radnika. Neki od njih imaju i kredite. Osim toga, postoji jo\u0161 jedna opasnost, a to je da, ako se radi o mla\u0111im ljudima, oni odu vani&#8221;, upozorio je Belenzada.<\/p>\n<p>Nakon ranijih sastanaka, na kojim je bilo rije\u010di o prevazila\u017eenju novonastale situacije, sve se svelo na \u017eelje.<\/p>\n<p>Tako su predstavnici Vlade Srpske izrazili o\u010dekivanje da \u0107e kompanija &#8220;ArcelorMittal&#8221; Prijedor povu\u0107i najavljenu odluku o otpu\u0161tanju radnika, koja je, kako je ocijenjeno, veoma \u0161tetna, kako za grad Prijedor tako i za RS u cjelini.<\/p>\n<p>Iz kompanije &#8220;ArcelorMittal&#8221; do zaklju\u010denja ovog broja &#8220;Nezavisnih&#8221; nismo uspjeli dobiti komentar, ali su nam ranije rekli da i oni \u017eele na\u0107i najbolja rje\u0161enja i donijeti najracionalnije odluke.<\/p>\n<p>&#8220;Na\u017ealost, suvi\u0161e dugo egzistira neizvjesna i nesigurna situacija i kompanija je opredijeljena da se kona\u010dno do\u0111e do jasnih pozicija i \u010dvr\u0161\u0107e osnove za odre\u0111ivanje strategije i daljih koraka. Mi \u017eelimo zajedno da prona\u0111emo najbolja rje\u0161enja za dugoro\u010dni rad i mislimo da je to mogu\u0107e uz obostrano anga\u017eovanje i iskrenu \u017eelju za prevazila\u017eenje trenutnih problema, a na dobrobit radnika i njihove budu\u0107nosti&#8221;, rekli su ranije iz kompanije &#8220;ArcelorMittal&#8221;.<\/p>\n<p>Podsjetimo, kako je po\u010detkom maja najavljeno, zbog smanjenja proizvodnje \u017eeljezne rude, 300 radnika preduze\u0107a &#8220;ArcelorMittal&#8221; Prijedor osta\u0107e bez posla.<\/p>\n<p>Saop\u0161tila je to kompanija &#8220;ArcelorMittal Europe&#8221;, te zabrinula oko 800 zaposlenih u prijedorskom rudniku.<\/p>\n<p>Kompanija je tada navela da je zbog neizvjesnosti u vezi sa dugoro\u010dnom budu\u0107nosti proizvodnje \u017eeljezne rude u Prijedoru &#8220;ArcelorMittal&#8221; Prijedor morao donijeti te\u0161ku odluku o smanjenju proizvodnje \u017eeljezne rude sa 1,5 miliona na milion tona, a kako bi za\u0161titio \u0161to ve\u0107i broj zaposlenih u du\u017eem periodu.<\/p>\n<p>Dodali su da \u0107e smanjenjem proizvodnje na milion tona godi\u0161nje efektivni vijek rudnika Omarska biti produ\u017een do 10 godina. Bez preduzimanja ovih mjera, kako su istakli, rudnik \u0107e morati da se zatvori 2025. godine.<\/p>\n<p>Nezavisne novine<\/p>\n","protected":false},"excerpt":{"rendered":"<p>Iako se bli\u017ei 1. septembar, kada bi trebalo da po\u010dne primjena novog plana rada, koji obuhvata otpu\u0161tanje 300 radnika kompanije &#8220;ArcelorMittal&#8221; Prijedor, niko u toj firmi jo\u0161 ne zna da [&hellip;]<\/p>\n","protected":false},"author":1,"featured_media":0,"comment_status":"closed","ping_status":"open","sticky":false,"template":"","format":"standard","meta":{"_monsterinsights_skip_tracking":false,"_monsterinsights_sitenote_active":false,"_monsterinsights_sitenote_note":"","_monsterinsights_sitenote_category":0,"footnotes":""},"categories":[4],"tags":[2108],"yoast_head":"<!-- This site is optimized with the Yoast SEO plugin v21.6 - https:\/\/yoast.com\/wordpress\/plugins\/seo\/ -->\n<title>ArcelorMittal Prijedor: Radnici jo\u0161 ne znaju ko je od njih vi\u0161ak - PrijedorDanas.com - Prijedorski gradski portal<\/title>\n<meta name=\"robots\" content=\"index, follow, max-snippet:-1, max-image-preview:large, max-video-preview:-1\" \/>\n<link rel=\"canonical\" href=\"https:\/\/www.prijedordanas.com\/?p=130694\" \/>\n<meta property=\"og:locale\" content=\"en_US\" \/>\n<meta property=\"og:type\" content=\"article\" \/>\n<meta property=\"og:title\" content=\"ArcelorMittal Prijedor: Radnici jo\u0161 ne znaju ko je od njih vi\u0161ak - PrijedorDanas.com - Prijedorski gradski portal\" \/>\n<meta property=\"og:description\" content=\"Iako se bli\u017ei 1. septembar, kada bi trebalo da po\u010dne primjena novog plana rada, koji obuhvata otpu\u0161tanje 300 radnika kompanije &#8220;ArcelorMittal&#8221; Prijedor, niko u toj firmi jo\u0161 ne zna da [&hellip;]\" \/>\n<meta property=\"og:url\" content=\"https:\/\/www.prijedordanas.com\/?p=130694\" \/>\n<meta property=\"og:site_name\" content=\"PrijedorDanas.com - Prijedorski gradski portal\" \/>\n<meta property=\"article:publisher\" content=\"https:\/\/www.facebook.com\/PrijedorDanasCom\/\" \/>\n<meta property=\"article:published_time\" content=\"2019-07-15T18:13:47+00:00\" \/>\n<meta property=\"og:image\" content=\"https:\/\/www.prijedordanas.com\/wp-content\/uploads\/2019\/06\/amp-radnici-strajk-centralna-radionica-2-300x217.jpg\" \/>\n<meta name=\"author\" content=\"admin\" \/>\n<meta name=\"twitter:card\" content=\"summary_large_image\" \/>\n<meta name=\"twitter:label1\" content=\"Written by\" \/>\n\t<meta name=\"twitter:data1\" content=\"admin\" \/>\n\t<meta name=\"twitter:label2\" content=\"Est. reading time\" \/>\n\t<meta name=\"twitter:data2\" content=\"3 minutes\" \/>\n<script type=\"application\/ld+json\" class=\"yoast-schema-graph\">{\"@context\":\"https:\/\/schema.org\",\"@graph\":[{\"@type\":\"Article\",\"@id\":\"https:\/\/www.prijedordanas.com\/?p=130694#article\",\"isPartOf\":{\"@id\":\"https:\/\/www.prijedordanas.com\/?p=130694\"},\"author\":{\"name\":\"admin\",\"@id\":\"https:\/\/www.prijedordanas.com\/#\/schema\/person\/4e08ccf29b506ca916ff86d46bb700e6\"},\"headline\":\"ArcelorMittal Prijedor: Radnici jo\u0161 ne znaju ko je od njih vi\u0161ak\",\"datePublished\":\"2019-07-15T18:13:47+00:00\",\"dateModified\":\"2019-07-15T18:13:47+00:00\",\"mainEntityOfPage\":{\"@id\":\"https:\/\/www.prijedordanas.com\/?p=130694\"},\"wordCount\":534,\"publisher\":{\"@id\":\"https:\/\/www.prijedordanas.com\/#organization\"},\"keywords\":[\"ArcelorMittal Prijedor\"],\"articleSection\":[\"Dru\u0161tvo\"],\"inLanguage\":\"en-US\"},{\"@type\":\"WebPage\",\"@id\":\"https:\/\/www.prijedordanas.com\/?p=130694\",\"url\":\"https:\/\/www.prijedordanas.com\/?p=130694\",\"name\":\"ArcelorMittal Prijedor: Radnici jo\u0161 ne znaju ko je od njih vi\u0161ak - PrijedorDanas.com - Prijedorski gradski portal\",\"isPartOf\":{\"@id\":\"https:\/\/www.prijedordanas.com\/#website\"},\"datePublished\":\"2019-07-15T18:13:47+00:00\",\"dateModified\":\"2019-07-15T18:13:47+00:00\",\"breadcrumb\":{\"@id\":\"https:\/\/www.prijedordanas.com\/?p=130694#breadcrumb\"},\"inLanguage\":\"en-US\",\"potentialAction\":[{\"@type\":\"ReadAction\",\"target\":[\"https:\/\/www.prijedordanas.com\/?p=130694\"]}]},{\"@type\":\"BreadcrumbList\",\"@id\":\"https:\/\/www.prijedordanas.com\/?p=130694#breadcrumb\",\"itemListElement\":[{\"@type\":\"ListItem\",\"position\":1,\"name\":\"Home\",\"item\":\"https:\/\/www.prijedordanas.com\/\"},{\"@type\":\"ListItem\",\"position\":2,\"name\":\"ArcelorMittal Prijedor: Radnici jo\u0161 ne znaju ko je od njih vi\u0161ak\"}]},{\"@type\":\"WebSite\",\"@id\":\"https:\/\/www.prijedordanas.com\/#website\",\"url\":\"https:\/\/www.prijedordanas.com\/\",\"name\":\"PrijedorDanas.com - Prijedorski gradski portal\",\"description\":\"Portal o doga\u0111anjima u gradu Prijedoru\",\"publisher\":{\"@id\":\"https:\/\/www.prijedordanas.com\/#organization\"},\"potentialAction\":[{\"@type\":\"SearchAction\",\"target\":{\"@type\":\"EntryPoint\",\"urlTemplate\":\"https:\/\/www.prijedordanas.com\/?s={search_term_string}\"},\"query-input\":\"required name=search_term_string\"}],\"inLanguage\":\"en-US\"},{\"@type\":\"Organization\",\"@id\":\"https:\/\/www.prijedordanas.com\/#organization\",\"name\":\"PrijedorDanas.com\",\"url\":\"https:\/\/www.prijedordanas.com\/\",\"logo\":{\"@type\":\"ImageObject\",\"inLanguage\":\"en-US\",\"@id\":\"https:\/\/www.prijedordanas.com\/#\/schema\/logo\/image\/\",\"url\":\"http:\/\/www.prijedordanas.com\/wp-content\/uploads\/2021\/12\/logopng.png\",\"contentUrl\":\"http:\/\/www.prijedordanas.com\/wp-content\/uploads\/2021\/12\/logopng.png\",\"width\":1019,\"height\":776,\"caption\":\"PrijedorDanas.com\"},\"image\":{\"@id\":\"https:\/\/www.prijedordanas.com\/#\/schema\/logo\/image\/\"},\"sameAs\":[\"https:\/\/www.facebook.com\/PrijedorDanasCom\/\"]},{\"@type\":\"Person\",\"@id\":\"https:\/\/www.prijedordanas.com\/#\/schema\/person\/4e08ccf29b506ca916ff86d46bb700e6\",\"name\":\"admin\",\"image\":{\"@type\":\"ImageObject\",\"inLanguage\":\"en-US\",\"@id\":\"https:\/\/www.prijedordanas.com\/#\/schema\/person\/image\/\",\"url\":\"https:\/\/secure.gravatar.com\/avatar\/1d3fc949d550f0b53a5f0d51e06dfd79?s=96&d=mm&r=g\",\"contentUrl\":\"https:\/\/secure.gravatar.com\/avatar\/1d3fc949d550f0b53a5f0d51e06dfd79?s=96&d=mm&r=g\",\"caption\":\"admin\"},\"url\":\"https:\/\/www.prijedordanas.com\/?author=1\"}]}<\/script>\n<!-- \/ Yoast SEO plugin. -->","yoast_head_json":{"title":"ArcelorMittal Prijedor: Radnici jo\u0161 ne znaju ko je od njih vi\u0161ak - PrijedorDanas.com - Prijedorski gradski portal","robots":{"index":"index","follow":"follow","max-snippet":"max-snippet:-1","max-image-preview":"max-image-preview:large","max-video-preview":"max-video-preview:-1"},"canonical":"https:\/\/www.prijedordanas.com\/?p=130694","og_locale":"en_US","og_type":"article","og_title":"ArcelorMittal Prijedor: Radnici jo\u0161 ne znaju ko je od njih vi\u0161ak - PrijedorDanas.com - Prijedorski gradski portal","og_description":"Iako se bli\u017ei 1. septembar, kada bi trebalo da po\u010dne primjena novog plana rada, koji obuhvata otpu\u0161tanje 300 radnika kompanije &#8220;ArcelorMittal&#8221; Prijedor, niko u toj firmi jo\u0161 ne zna da [&hellip;]","og_url":"https:\/\/www.prijedordanas.com\/?p=130694","og_site_name":"PrijedorDanas.com - Prijedorski gradski portal","article_publisher":"https:\/\/www.facebook.com\/PrijedorDanasCom\/","article_published_time":"2019-07-15T18:13:47+00:00","og_image":[{"url":"https:\/\/www.prijedordanas.com\/wp-content\/uploads\/2019\/06\/amp-radnici-strajk-centralna-radionica-2-300x217.jpg"}],"author":"admin","twitter_card":"summary_large_image","twitter_misc":{"Written by":"admin","Est. reading time":"3 minutes"},"schema":{"@context":"https:\/\/schema.org","@graph":[{"@type":"Article","@id":"https:\/\/www.prijedordanas.com\/?p=130694#article","isPartOf":{"@id":"https:\/\/www.prijedordanas.com\/?p=130694"},"author":{"name":"admin","@id":"https:\/\/www.prijedordanas.com\/#\/schema\/person\/4e08ccf29b506ca916ff86d46bb700e6"},"headline":"ArcelorMittal Prijedor: Radnici jo\u0161 ne znaju ko je od njih vi\u0161ak","datePublished":"2019-07-15T18:13:47+00:00","dateModified":"2019-07-15T18:13:47+00:00","mainEntityOfPage":{"@id":"https:\/\/www.prijedordanas.com\/?p=130694"},"wordCount":534,"publisher":{"@id":"https:\/\/www.prijedordanas.com\/#organization"},"keywords":["ArcelorMittal Prijedor"],"articleSection":["Dru\u0161tvo"],"inLanguage":"en-US"},{"@type":"WebPage","@id":"https:\/\/www.prijedordanas.com\/?p=130694","url":"https:\/\/www.prijedordanas.com\/?p=130694","name":"ArcelorMittal Prijedor: Radnici jo\u0161 ne znaju ko je od njih vi\u0161ak - PrijedorDanas.com - Prijedorski gradski portal","isPartOf":{"@id":"https:\/\/www.prijedordanas.com\/#website"},"datePublished":"2019-07-15T18:13:47+00:00","dateModified":"2019-07-15T18:13:47+00:00","breadcrumb":{"@id":"https:\/\/www.prijedordanas.com\/?p=130694#breadcrumb"},"inLanguage":"en-US","potentialAction":[{"@type":"ReadAction","target":["https:\/\/www.prijedordanas.com\/?p=130694"]}]},{"@type":"BreadcrumbList","@id":"https:\/\/www.prijedordanas.com\/?p=130694#breadcrumb","itemListElement":[{"@type":"ListItem","position":1,"name":"Home","item":"https:\/\/www.prijedordanas.com\/"},{"@type":"ListItem","position":2,"name":"ArcelorMittal Prijedor: Radnici jo\u0161 ne znaju ko je od njih vi\u0161ak"}]},{"@type":"WebSite","@id":"https:\/\/www.prijedordanas.com\/#website","url":"https:\/\/www.prijedordanas.com\/","name":"PrijedorDanas.com - Prijedorski gradski portal","description":"Portal o doga\u0111anjima u gradu Prijedoru","publisher":{"@id":"https:\/\/www.prijedordanas.com\/#organization"},"potentialAction":[{"@type":"SearchAction","target":{"@type":"EntryPoint","urlTemplate":"https:\/\/www.prijedordanas.com\/?s={search_term_string}"},"query-input":"required name=search_term_string"}],"inLanguage":"en-US"},{"@type":"Organization","@id":"https:\/\/www.prijedordanas.com\/#organization","name":"PrijedorDanas.com","url":"https:\/\/www.prijedordanas.com\/","logo":{"@type":"ImageObject","inLanguage":"en-US","@id":"https:\/\/www.prijedordanas.com\/#\/schema\/logo\/image\/","url":"http:\/\/www.prijedordanas.com\/wp-content\/uploads\/2021\/12\/logopng.png","contentUrl":"http:\/\/www.prijedordanas.com\/wp-content\/uploads\/2021\/12\/logopng.png","width":1019,"height":776,"caption":"PrijedorDanas.com"},"image":{"@id":"https:\/\/www.prijedordanas.com\/#\/schema\/logo\/image\/"},"sameAs":["https:\/\/www.facebook.com\/PrijedorDanasCom\/"]},{"@type":"Person","@id":"https:\/\/www.prijedordanas.com\/#\/schema\/person\/4e08ccf29b506ca916ff86d46bb700e6","name":"admin","image":{"@type":"ImageObject","inLanguage":"en-US","@id":"https:\/\/www.prijedordanas.com\/#\/schema\/person\/image\/","url":"https:\/\/secure.gravatar.com\/avatar\/1d3fc949d550f0b53a5f0d51e06dfd79?s=96&d=mm&r=g","contentUrl":"https:\/\/secure.gravatar.com\/avatar\/1d3fc949d550f0b53a5f0d51e06dfd79?s=96&d=mm&r=g","caption":"admin"},"url":"https:\/\/www.prijedordanas.com\/?author=1"}]}},"_links":{"self":[{"href":"https:\/\/www.prijedordanas.com\/index.php?rest_route=\/wp\/v2\/posts\/130694"}],"collection":[{"href":"https:\/\/www.prijedordanas.com\/index.php?rest_route=\/wp\/v2\/posts"}],"about":[{"href":"https:\/\/www.prijedordanas.com\/index.php?rest_route=\/wp\/v2\/types\/post"}],"author":[{"embeddable":true,"href":"https:\/\/www.prijedordanas.com\/index.php?rest_route=\/wp\/v2\/users\/1"}],"replies":[{"embeddable":true,"href":"https:\/\/www.prijedordanas.com\/index.php?rest_route=%2Fwp%2Fv2%2Fcomments&post=130694"}],"version-history":[{"count":1,"href":"https:\/\/www.prijedordanas.com\/index.php?rest_route=\/wp\/v2\/posts\/130694\/revisions"}],"predecessor-version":[{"id":130695,"href":"https:\/\/www.prijedordanas.com\/index.php?rest_route=\/wp\/v2\/posts\/130694\/revisions\/130695"}],"wp:attachment":[{"href":"https:\/\/www.prijedordanas.com\/index.php?rest_route=%2Fwp%2Fv2%2Fmedia&parent=130694"}],"wp:term":[{"taxonomy":"category","embeddable":true,"href":"https:\/\/www.prijedordanas.com\/index.php?rest_route=%2Fwp%2Fv2%2Fcategories&post=130694"},{"taxonomy":"post_tag","embeddable":true,"href":"https:\/\/www.prijedordanas.com\/index.php?rest_route=%2Fwp%2Fv2%2Ftags&post=130694"}],"curies":[{"name":"wp","href":"https:\/\/api.w.org\/{rel}","templated":true}]}}