{"id":130568,"date":"2019-07-12T19:17:02","date_gmt":"2019-07-12T17:17:02","guid":{"rendered":"https:\/\/www.prijedordanas.com\/?p=130568"},"modified":"2019-07-12T19:17:02","modified_gmt":"2019-07-12T17:17:02","slug":"okupljanje-ispred-crkve-u-donjoj-dragotinji-paljenje-lila-radost-za-najmlade-mjestane-foto","status":"publish","type":"post","link":"https:\/\/www.prijedordanas.com\/?p=130568","title":{"rendered":"Okupljanje ispred crkve u Donjoj Dragotinji: Paljenje lila radost za najmla\u0111e mje\u0161tane \u2013 FOTO"},"content":{"rendered":"<p><a href=\"https:\/\/www.prijedordanas.com\/wp-content\/uploads\/2019\/07\/donja-dragotinja-lile-1.jpg\"><img loading=\"lazy\" decoding=\"async\" class=\"alignleft size-medium wp-image-130569\" src=\"https:\/\/www.prijedordanas.com\/wp-content\/uploads\/2019\/07\/donja-dragotinja-lile-1-300x219.jpg\" alt=\"\" width=\"300\" height=\"219\" srcset=\"https:\/\/www.prijedordanas.com\/wp-content\/uploads\/2019\/07\/donja-dragotinja-lile-1-300x219.jpg 300w, https:\/\/www.prijedordanas.com\/wp-content\/uploads\/2019\/07\/donja-dragotinja-lile-1-100x73.jpg 100w, https:\/\/www.prijedordanas.com\/wp-content\/uploads\/2019\/07\/donja-dragotinja-lile-1.jpg 685w\" sizes=\"(max-width: 300px) 100vw, 300px\" \/><\/a>U prijedorskom selu Donja Dragotinja uo\u010di ovogodi\u0161njeg Petrovdana, uprili\u010deno je organizovano okupljanje mje\u0161tana ispred crkve, nakon \u010dega je slijedila radost za one najmla\u0111e, paljenje lila.<\/p>\n<p>Prisje\u0107aju\u0107i se svog djetinjstva i veselja koji je ovaj obi\u010daj donosio djeci, jedna od mje\u0161tanki Dejana Damjanovi\u0107 do\u0161la je na ideju da se \u0161to vi\u0161e onih najmla\u0111ih okupi kako bi ispo\u0161tovali davna\u0161nju tradiciju.<\/p>\n<p>-U posljednje vrijeme tradicija i obi\u010daji nam se na \u017ealost gase, ali sam sretna \u0161to je moj prijedlog sa odu\u0161evljenjem do\u010dekan od svih roditelja u selu. Okupilo se oko 50-ak djece sa roditeljima uzrasta od pet mjeseci do 12 godina. S obzirom da na\u0161e selo nema igrali\u0161te za djecu mla\u0111eg uzrasta gdje bi se oni mogli svakodnevno okupljati i igrati, ovakav skup je kod djece izazvao radost \u2013 isti\u010de Dejana.<\/p>\n<p><a href=\"https:\/\/www.prijedordanas.com\/wp-content\/uploads\/2019\/07\/donja-dragotinja-lile-2.jpg\"><img loading=\"lazy\" decoding=\"async\" class=\"alignleft size-medium wp-image-130570\" src=\"https:\/\/www.prijedordanas.com\/wp-content\/uploads\/2019\/07\/donja-dragotinja-lile-2-300x201.jpg\" alt=\"\" width=\"300\" height=\"201\" srcset=\"https:\/\/www.prijedordanas.com\/wp-content\/uploads\/2019\/07\/donja-dragotinja-lile-2-300x201.jpg 300w, https:\/\/www.prijedordanas.com\/wp-content\/uploads\/2019\/07\/donja-dragotinja-lile-2-100x67.jpg 100w, https:\/\/www.prijedordanas.com\/wp-content\/uploads\/2019\/07\/donja-dragotinja-lile-2-480x320.jpg 480w, https:\/\/www.prijedordanas.com\/wp-content\/uploads\/2019\/07\/donja-dragotinja-lile-2.jpg 600w\" sizes=\"(max-width: 300px) 100vw, 300px\" \/><\/a>Na\u0161a sagovornica je sa suprugom na paljenje lila dovela i \u010detverogodi\u0161njeg sina Milu te jedanaestomjese\u010dnu k\u0107erku Milu.<\/p>\n<p>-Ovo je prvi put da su se mje\u0161tani okupili u ovako velikom broju na jednom mjestu, jer se do sada \u201clilanje\u201d uglavnom de\u0161avalo pretezno kod ku\u0107a. \u017deljela sam da nas \u0161to vi\u0161e bude na jednom mjestu jer je to najljep\u0161e za na\u0161u djecu \u2013 isti\u010de Damjanovi\u0107eva.<\/p>\n<p>Uz \u017eelju da ovaj doga\u0111aj preraste u tradiciju, ona izra\u017eava nadu da \u0107e ovakvim okupljanjem biti skrenuta pa\u017enja da se pravljenjem igrali\u0161ta djeci ovog kraja omogu\u0107i svakodnevna igra i dru\u017eenje, jer danas je malo perspektivnih sela sa djecom kao \u0161to je Donja Dragotinja.<\/p>\n<p>Tekst I foto \u2013 Aleksandar Drakuli\u0107 \u2013 <a href=\"https:\/\/www.prijedordanas.com\" target=\"_blank\" rel=\"noopener noreferrer\">www.prijedordanas.com<\/a><\/p>\n<p><a href=\"https:\/\/www.prijedordanas.com\/wp-content\/uploads\/2019\/07\/donja-dragotinja-lile-3.jpg\"><img loading=\"lazy\" decoding=\"async\" class=\"alignleft size-medium wp-image-130571\" src=\"https:\/\/www.prijedordanas.com\/wp-content\/uploads\/2019\/07\/donja-dragotinja-lile-3-300x201.jpg\" alt=\"\" width=\"300\" height=\"201\" srcset=\"https:\/\/www.prijedordanas.com\/wp-content\/uploads\/2019\/07\/donja-dragotinja-lile-3-300x201.jpg 300w, https:\/\/www.prijedordanas.com\/wp-content\/uploads\/2019\/07\/donja-dragotinja-lile-3-100x67.jpg 100w, https:\/\/www.prijedordanas.com\/wp-content\/uploads\/2019\/07\/donja-dragotinja-lile-3-480x320.jpg 480w, https:\/\/www.prijedordanas.com\/wp-content\/uploads\/2019\/07\/donja-dragotinja-lile-3.jpg 600w\" sizes=\"(max-width: 300px) 100vw, 300px\" \/><\/a> <a href=\"https:\/\/www.prijedordanas.com\/wp-content\/uploads\/2019\/07\/donja-dragotinja-lile-4.jpg\"><img loading=\"lazy\" decoding=\"async\" class=\"alignleft size-medium wp-image-130572\" src=\"https:\/\/www.prijedordanas.com\/wp-content\/uploads\/2019\/07\/donja-dragotinja-lile-4-300x201.jpg\" alt=\"\" width=\"300\" height=\"201\" srcset=\"https:\/\/www.prijedordanas.com\/wp-content\/uploads\/2019\/07\/donja-dragotinja-lile-4-300x201.jpg 300w, https:\/\/www.prijedordanas.com\/wp-content\/uploads\/2019\/07\/donja-dragotinja-lile-4-100x67.jpg 100w, https:\/\/www.prijedordanas.com\/wp-content\/uploads\/2019\/07\/donja-dragotinja-lile-4-480x320.jpg 480w, https:\/\/www.prijedordanas.com\/wp-content\/uploads\/2019\/07\/donja-dragotinja-lile-4.jpg 600w\" sizes=\"(max-width: 300px) 100vw, 300px\" \/><\/a> <a href=\"https:\/\/www.prijedordanas.com\/wp-content\/uploads\/2019\/07\/donja-dragotinja-lile-5.jpg\"><img loading=\"lazy\" decoding=\"async\" src=\"https:\/\/www.prijedordanas.com\/wp-content\/uploads\/2019\/07\/donja-dragotinja-lile-5-300x201.jpg\" alt=\"\" width=\"300\" height=\"201\" class=\"alignleft size-medium wp-image-130573\" srcset=\"https:\/\/www.prijedordanas.com\/wp-content\/uploads\/2019\/07\/donja-dragotinja-lile-5-300x201.jpg 300w, https:\/\/www.prijedordanas.com\/wp-content\/uploads\/2019\/07\/donja-dragotinja-lile-5-100x67.jpg 100w, https:\/\/www.prijedordanas.com\/wp-content\/uploads\/2019\/07\/donja-dragotinja-lile-5-480x320.jpg 480w, https:\/\/www.prijedordanas.com\/wp-content\/uploads\/2019\/07\/donja-dragotinja-lile-5.jpg 600w\" sizes=\"(max-width: 300px) 100vw, 300px\" \/><\/a><\/p>\n","protected":false},"excerpt":{"rendered":"<p>U prijedorskom selu Donja Dragotinja uo\u010di ovogodi\u0161njeg Petrovdana, uprili\u010deno je organizovano okupljanje mje\u0161tana ispred crkve, nakon \u010dega je slijedila radost za one najmla\u0111e, paljenje lila. Prisje\u0107aju\u0107i se svog djetinjstva i [&hellip;]<\/p>\n","protected":false},"author":1,"featured_media":0,"comment_status":"closed","ping_status":"open","sticky":false,"template":"","format":"standard","meta":{"_monsterinsights_skip_tracking":false,"_monsterinsights_sitenote_active":false,"_monsterinsights_sitenote_note":"","_monsterinsights_sitenote_category":0,"footnotes":""},"categories":[8],"tags":[1763,8338],"yoast_head":"<!-- This site is optimized with the Yoast SEO plugin v21.6 - https:\/\/yoast.com\/wordpress\/plugins\/seo\/ -->\n<title>Okupljanje ispred crkve u Donjoj Dragotinji: Paljenje lila radost za najmla\u0111e mje\u0161tane \u2013 FOTO - PrijedorDanas.com - Prijedorski gradski portal<\/title>\n<meta name=\"robots\" content=\"index, follow, max-snippet:-1, max-image-preview:large, max-video-preview:-1\" \/>\n<link rel=\"canonical\" href=\"https:\/\/www.prijedordanas.com\/?p=130568\" \/>\n<meta property=\"og:locale\" content=\"en_US\" \/>\n<meta property=\"og:type\" content=\"article\" \/>\n<meta property=\"og:title\" content=\"Okupljanje ispred crkve u Donjoj Dragotinji: Paljenje lila radost za najmla\u0111e mje\u0161tane \u2013 FOTO - PrijedorDanas.com - Prijedorski gradski portal\" \/>\n<meta property=\"og:description\" content=\"U prijedorskom selu Donja Dragotinja uo\u010di ovogodi\u0161njeg Petrovdana, uprili\u010deno je organizovano okupljanje mje\u0161tana ispred crkve, nakon \u010dega je slijedila radost za one najmla\u0111e, paljenje lila. Prisje\u0107aju\u0107i se svog djetinjstva i [&hellip;]\" \/>\n<meta property=\"og:url\" content=\"https:\/\/www.prijedordanas.com\/?p=130568\" \/>\n<meta property=\"og:site_name\" content=\"PrijedorDanas.com - Prijedorski gradski portal\" \/>\n<meta property=\"article:publisher\" content=\"https:\/\/www.facebook.com\/PrijedorDanasCom\/\" \/>\n<meta property=\"article:published_time\" content=\"2019-07-12T17:17:02+00:00\" \/>\n<meta property=\"og:image\" content=\"https:\/\/www.prijedordanas.com\/wp-content\/uploads\/2019\/07\/donja-dragotinja-lile-1-300x219.jpg\" \/>\n<meta name=\"author\" content=\"admin\" \/>\n<meta name=\"twitter:card\" content=\"summary_large_image\" \/>\n<meta name=\"twitter:label1\" content=\"Written by\" \/>\n\t<meta name=\"twitter:data1\" content=\"admin\" \/>\n\t<meta name=\"twitter:label2\" content=\"Est. reading time\" \/>\n\t<meta name=\"twitter:data2\" content=\"1 minute\" \/>\n<script type=\"application\/ld+json\" class=\"yoast-schema-graph\">{\"@context\":\"https:\/\/schema.org\",\"@graph\":[{\"@type\":\"Article\",\"@id\":\"https:\/\/www.prijedordanas.com\/?p=130568#article\",\"isPartOf\":{\"@id\":\"https:\/\/www.prijedordanas.com\/?p=130568\"},\"author\":{\"name\":\"admin\",\"@id\":\"https:\/\/www.prijedordanas.com\/#\/schema\/person\/4e08ccf29b506ca916ff86d46bb700e6\"},\"headline\":\"Okupljanje ispred crkve u Donjoj Dragotinji: Paljenje lila radost za najmla\u0111e mje\u0161tane \u2013 FOTO\",\"datePublished\":\"2019-07-12T17:17:02+00:00\",\"dateModified\":\"2019-07-12T17:17:02+00:00\",\"mainEntityOfPage\":{\"@id\":\"https:\/\/www.prijedordanas.com\/?p=130568\"},\"wordCount\":293,\"publisher\":{\"@id\":\"https:\/\/www.prijedordanas.com\/#organization\"},\"keywords\":[\"Donja Dragotinja\",\"lile\"],\"articleSection\":[\"Svakodnevno\"],\"inLanguage\":\"en-US\"},{\"@type\":\"WebPage\",\"@id\":\"https:\/\/www.prijedordanas.com\/?p=130568\",\"url\":\"https:\/\/www.prijedordanas.com\/?p=130568\",\"name\":\"Okupljanje ispred crkve u Donjoj Dragotinji: Paljenje lila radost za najmla\u0111e mje\u0161tane \u2013 FOTO - PrijedorDanas.com - Prijedorski gradski portal\",\"isPartOf\":{\"@id\":\"https:\/\/www.prijedordanas.com\/#website\"},\"datePublished\":\"2019-07-12T17:17:02+00:00\",\"dateModified\":\"2019-07-12T17:17:02+00:00\",\"breadcrumb\":{\"@id\":\"https:\/\/www.prijedordanas.com\/?p=130568#breadcrumb\"},\"inLanguage\":\"en-US\",\"potentialAction\":[{\"@type\":\"ReadAction\",\"target\":[\"https:\/\/www.prijedordanas.com\/?p=130568\"]}]},{\"@type\":\"BreadcrumbList\",\"@id\":\"https:\/\/www.prijedordanas.com\/?p=130568#breadcrumb\",\"itemListElement\":[{\"@type\":\"ListItem\",\"position\":1,\"name\":\"Home\",\"item\":\"https:\/\/www.prijedordanas.com\/\"},{\"@type\":\"ListItem\",\"position\":2,\"name\":\"Okupljanje ispred crkve u Donjoj Dragotinji: Paljenje lila radost za najmla\u0111e mje\u0161tane \u2013 FOTO\"}]},{\"@type\":\"WebSite\",\"@id\":\"https:\/\/www.prijedordanas.com\/#website\",\"url\":\"https:\/\/www.prijedordanas.com\/\",\"name\":\"PrijedorDanas.com - Prijedorski gradski portal\",\"description\":\"Portal o doga\u0111anjima u gradu Prijedoru\",\"publisher\":{\"@id\":\"https:\/\/www.prijedordanas.com\/#organization\"},\"potentialAction\":[{\"@type\":\"SearchAction\",\"target\":{\"@type\":\"EntryPoint\",\"urlTemplate\":\"https:\/\/www.prijedordanas.com\/?s={search_term_string}\"},\"query-input\":\"required name=search_term_string\"}],\"inLanguage\":\"en-US\"},{\"@type\":\"Organization\",\"@id\":\"https:\/\/www.prijedordanas.com\/#organization\",\"name\":\"PrijedorDanas.com\",\"url\":\"https:\/\/www.prijedordanas.com\/\",\"logo\":{\"@type\":\"ImageObject\",\"inLanguage\":\"en-US\",\"@id\":\"https:\/\/www.prijedordanas.com\/#\/schema\/logo\/image\/\",\"url\":\"http:\/\/www.prijedordanas.com\/wp-content\/uploads\/2021\/12\/logopng.png\",\"contentUrl\":\"http:\/\/www.prijedordanas.com\/wp-content\/uploads\/2021\/12\/logopng.png\",\"width\":1019,\"height\":776,\"caption\":\"PrijedorDanas.com\"},\"image\":{\"@id\":\"https:\/\/www.prijedordanas.com\/#\/schema\/logo\/image\/\"},\"sameAs\":[\"https:\/\/www.facebook.com\/PrijedorDanasCom\/\"]},{\"@type\":\"Person\",\"@id\":\"https:\/\/www.prijedordanas.com\/#\/schema\/person\/4e08ccf29b506ca916ff86d46bb700e6\",\"name\":\"admin\",\"image\":{\"@type\":\"ImageObject\",\"inLanguage\":\"en-US\",\"@id\":\"https:\/\/www.prijedordanas.com\/#\/schema\/person\/image\/\",\"url\":\"https:\/\/secure.gravatar.com\/avatar\/1d3fc949d550f0b53a5f0d51e06dfd79?s=96&d=mm&r=g\",\"contentUrl\":\"https:\/\/secure.gravatar.com\/avatar\/1d3fc949d550f0b53a5f0d51e06dfd79?s=96&d=mm&r=g\",\"caption\":\"admin\"},\"url\":\"https:\/\/www.prijedordanas.com\/?author=1\"}]}<\/script>\n<!-- \/ Yoast SEO plugin. -->","yoast_head_json":{"title":"Okupljanje ispred crkve u Donjoj Dragotinji: Paljenje lila radost za najmla\u0111e mje\u0161tane \u2013 FOTO - PrijedorDanas.com - Prijedorski gradski portal","robots":{"index":"index","follow":"follow","max-snippet":"max-snippet:-1","max-image-preview":"max-image-preview:large","max-video-preview":"max-video-preview:-1"},"canonical":"https:\/\/www.prijedordanas.com\/?p=130568","og_locale":"en_US","og_type":"article","og_title":"Okupljanje ispred crkve u Donjoj Dragotinji: Paljenje lila radost za najmla\u0111e mje\u0161tane \u2013 FOTO - PrijedorDanas.com - Prijedorski gradski portal","og_description":"U prijedorskom selu Donja Dragotinja uo\u010di ovogodi\u0161njeg Petrovdana, uprili\u010deno je organizovano okupljanje mje\u0161tana ispred crkve, nakon \u010dega je slijedila radost za one najmla\u0111e, paljenje lila. Prisje\u0107aju\u0107i se svog djetinjstva i [&hellip;]","og_url":"https:\/\/www.prijedordanas.com\/?p=130568","og_site_name":"PrijedorDanas.com - Prijedorski gradski portal","article_publisher":"https:\/\/www.facebook.com\/PrijedorDanasCom\/","article_published_time":"2019-07-12T17:17:02+00:00","og_image":[{"url":"https:\/\/www.prijedordanas.com\/wp-content\/uploads\/2019\/07\/donja-dragotinja-lile-1-300x219.jpg"}],"author":"admin","twitter_card":"summary_large_image","twitter_misc":{"Written by":"admin","Est. reading time":"1 minute"},"schema":{"@context":"https:\/\/schema.org","@graph":[{"@type":"Article","@id":"https:\/\/www.prijedordanas.com\/?p=130568#article","isPartOf":{"@id":"https:\/\/www.prijedordanas.com\/?p=130568"},"author":{"name":"admin","@id":"https:\/\/www.prijedordanas.com\/#\/schema\/person\/4e08ccf29b506ca916ff86d46bb700e6"},"headline":"Okupljanje ispred crkve u Donjoj Dragotinji: Paljenje lila radost za najmla\u0111e mje\u0161tane \u2013 FOTO","datePublished":"2019-07-12T17:17:02+00:00","dateModified":"2019-07-12T17:17:02+00:00","mainEntityOfPage":{"@id":"https:\/\/www.prijedordanas.com\/?p=130568"},"wordCount":293,"publisher":{"@id":"https:\/\/www.prijedordanas.com\/#organization"},"keywords":["Donja Dragotinja","lile"],"articleSection":["Svakodnevno"],"inLanguage":"en-US"},{"@type":"WebPage","@id":"https:\/\/www.prijedordanas.com\/?p=130568","url":"https:\/\/www.prijedordanas.com\/?p=130568","name":"Okupljanje ispred crkve u Donjoj Dragotinji: Paljenje lila radost za najmla\u0111e mje\u0161tane \u2013 FOTO - PrijedorDanas.com - Prijedorski gradski portal","isPartOf":{"@id":"https:\/\/www.prijedordanas.com\/#website"},"datePublished":"2019-07-12T17:17:02+00:00","dateModified":"2019-07-12T17:17:02+00:00","breadcrumb":{"@id":"https:\/\/www.prijedordanas.com\/?p=130568#breadcrumb"},"inLanguage":"en-US","potentialAction":[{"@type":"ReadAction","target":["https:\/\/www.prijedordanas.com\/?p=130568"]}]},{"@type":"BreadcrumbList","@id":"https:\/\/www.prijedordanas.com\/?p=130568#breadcrumb","itemListElement":[{"@type":"ListItem","position":1,"name":"Home","item":"https:\/\/www.prijedordanas.com\/"},{"@type":"ListItem","position":2,"name":"Okupljanje ispred crkve u Donjoj Dragotinji: Paljenje lila radost za najmla\u0111e mje\u0161tane \u2013 FOTO"}]},{"@type":"WebSite","@id":"https:\/\/www.prijedordanas.com\/#website","url":"https:\/\/www.prijedordanas.com\/","name":"PrijedorDanas.com - Prijedorski gradski portal","description":"Portal o doga\u0111anjima u gradu Prijedoru","publisher":{"@id":"https:\/\/www.prijedordanas.com\/#organization"},"potentialAction":[{"@type":"SearchAction","target":{"@type":"EntryPoint","urlTemplate":"https:\/\/www.prijedordanas.com\/?s={search_term_string}"},"query-input":"required name=search_term_string"}],"inLanguage":"en-US"},{"@type":"Organization","@id":"https:\/\/www.prijedordanas.com\/#organization","name":"PrijedorDanas.com","url":"https:\/\/www.prijedordanas.com\/","logo":{"@type":"ImageObject","inLanguage":"en-US","@id":"https:\/\/www.prijedordanas.com\/#\/schema\/logo\/image\/","url":"http:\/\/www.prijedordanas.com\/wp-content\/uploads\/2021\/12\/logopng.png","contentUrl":"http:\/\/www.prijedordanas.com\/wp-content\/uploads\/2021\/12\/logopng.png","width":1019,"height":776,"caption":"PrijedorDanas.com"},"image":{"@id":"https:\/\/www.prijedordanas.com\/#\/schema\/logo\/image\/"},"sameAs":["https:\/\/www.facebook.com\/PrijedorDanasCom\/"]},{"@type":"Person","@id":"https:\/\/www.prijedordanas.com\/#\/schema\/person\/4e08ccf29b506ca916ff86d46bb700e6","name":"admin","image":{"@type":"ImageObject","inLanguage":"en-US","@id":"https:\/\/www.prijedordanas.com\/#\/schema\/person\/image\/","url":"https:\/\/secure.gravatar.com\/avatar\/1d3fc949d550f0b53a5f0d51e06dfd79?s=96&d=mm&r=g","contentUrl":"https:\/\/secure.gravatar.com\/avatar\/1d3fc949d550f0b53a5f0d51e06dfd79?s=96&d=mm&r=g","caption":"admin"},"url":"https:\/\/www.prijedordanas.com\/?author=1"}]}},"_links":{"self":[{"href":"https:\/\/www.prijedordanas.com\/index.php?rest_route=\/wp\/v2\/posts\/130568"}],"collection":[{"href":"https:\/\/www.prijedordanas.com\/index.php?rest_route=\/wp\/v2\/posts"}],"about":[{"href":"https:\/\/www.prijedordanas.com\/index.php?rest_route=\/wp\/v2\/types\/post"}],"author":[{"embeddable":true,"href":"https:\/\/www.prijedordanas.com\/index.php?rest_route=\/wp\/v2\/users\/1"}],"replies":[{"embeddable":true,"href":"https:\/\/www.prijedordanas.com\/index.php?rest_route=%2Fwp%2Fv2%2Fcomments&post=130568"}],"version-history":[{"count":1,"href":"https:\/\/www.prijedordanas.com\/index.php?rest_route=\/wp\/v2\/posts\/130568\/revisions"}],"predecessor-version":[{"id":130574,"href":"https:\/\/www.prijedordanas.com\/index.php?rest_route=\/wp\/v2\/posts\/130568\/revisions\/130574"}],"wp:attachment":[{"href":"https:\/\/www.prijedordanas.com\/index.php?rest_route=%2Fwp%2Fv2%2Fmedia&parent=130568"}],"wp:term":[{"taxonomy":"category","embeddable":true,"href":"https:\/\/www.prijedordanas.com\/index.php?rest_route=%2Fwp%2Fv2%2Fcategories&post=130568"},{"taxonomy":"post_tag","embeddable":true,"href":"https:\/\/www.prijedordanas.com\/index.php?rest_route=%2Fwp%2Fv2%2Ftags&post=130568"}],"curies":[{"name":"wp","href":"https:\/\/api.w.org\/{rel}","templated":true}]}}