{"id":130321,"date":"2019-07-09T09:45:21","date_gmt":"2019-07-09T07:45:21","guid":{"rendered":"https:\/\/www.prijedordanas.com\/?p=130321"},"modified":"2019-07-09T09:45:21","modified_gmt":"2019-07-09T07:45:21","slug":"sudenje-babic-ranko-i-ostali-vojnici-nisu-djelovali-samovoljno","status":"publish","type":"post","link":"https:\/\/www.prijedordanas.com\/?p=130321","title":{"rendered":"Su\u0111enje Babi\u0107 Ranko i ostali: Vojnici nisu djelovali samovoljno"},"content":{"rendered":"<p><a href=\"https:\/\/www.prijedordanas.com\/wp-content\/uploads\/2018\/03\/sud-bih-13.jpg\"><img loading=\"lazy\" decoding=\"async\" src=\"https:\/\/www.prijedordanas.com\/wp-content\/uploads\/2018\/03\/sud-bih-13-300x222.jpg\" alt=\"\" width=\"300\" height=\"222\" class=\"alignleft size-medium wp-image-100303\" srcset=\"https:\/\/www.prijedordanas.com\/wp-content\/uploads\/2018\/03\/sud-bih-13-300x222.jpg 300w, https:\/\/www.prijedordanas.com\/wp-content\/uploads\/2018\/03\/sud-bih-13-100x74.jpg 100w, https:\/\/www.prijedordanas.com\/wp-content\/uploads\/2018\/03\/sud-bih-13.jpg 675w\" sizes=\"(max-width: 300px) 100vw, 300px\" \/><\/a>Na su\u0111enju za zlo\u010dine po\u010dinjene na podru\u010dju Prijedora, svjedok Tu\u017eila\u0161tva BiH, odgovaraju\u0107i na unakrsna pitanja Odbrane Ranka Babi\u0107a, potvrdio je da je \u201cKapetan\u201d poku\u0161ao da sprije\u010di njegovo premla\u0107ivanje.<\/p>\n<p>Za\u0161ti\u0107eni svjedok \u201cA\u201d, kojeg je Tu\u017eila\u0161tvo BiH saslu\u0161alo 1. jula, na pitanja Babi\u0107eve Odbrane odgovorio je da je ta\u010dno da je \u201cKapetan\u201d poku\u0161ao da sprije\u010di njegovo premla\u0107ivanje.<\/p>\n<p>\u201cMoje, da\u201d, kazao je svjedok \u201cA\u201d i dodao da se vojnik koji ga je udarao oglu\u0161io na to.<\/p>\n<p>Kako je potvrdio, on je, kada je pao usljed premla\u0107ivanja, \u010duo da se \u201cKapetan\u201d obratio vojnicima: \u201cPrestanite, \u0161ta vam je\u201d, ali da su se vojnici oglu\u0161ili.<\/p>\n<p>Za\u0161ti\u0107eni svjedok \u201cA\u201d je potvrdio da je \u201cKapetan\u201d, kada je Emsud Kadiri\u0107 ubijen, \u201copsovao Boga\u201d i rekao vojnicima: \u201c\u0160ta ste to uradili!\u201d<\/p>\n<p>On je naveo da se ne sla\u017ee s Babi\u0107evom Odbranom da su vojnici djelovali samovoljno.<\/p>\n<p>\u201cNe bih se slo\u017eio, nisu mogli sve na svoju ruku, opet su se obra\u0107ali izvjesnom Kapetanu\u201d, izjavio je svjedok \u201cA\u201d.<\/p>\n<p>Dodao je da se \u201cKapetan\u201d nije predstavio te da je s njegovim identitetom upoznat kada je pozvan da d\u00e2 izjavu.<\/p>\n<p>Za\u0161ti\u0107eni svjedok \u201cA\u201d je iskaz dao na su\u0111enju Ranku Babi\u0107u, Bratislavu Bilbiji i \u0110uri Adamovi\u0107u, optu\u017eenima za zlo\u010din protiv \u010dovje\u010dnosti po\u010dinjen na podru\u010dju Prijedora. Na teret im je stavljeno da su, kao pripadnici Vojske Republike Srpske (VRS), u augustu 1992. godine u Bukviku odvojili vi\u0161e mu\u0161karaca bo\u0161nja\u010dke nacionalnosti, me\u0111u kojima i maloljetne osobe. Potom su, kako je navedeno, u\u010destvovali u mu\u010denju i ubistvima civila, od kojih su dvije \u017ertve ubijene u Bukviku, a troje ih je odvedeno u nepoznatom pravcu, i od tada im se gubi svaki trag.<\/p>\n<p>Odgovaraju\u0107i na unakrsna pitanja Odbrane Bratislava Bilbije, svjedok je ispri\u010dao da nije vidio ko je ubio Emsuda i Smaila Kadiri\u0107a, ali je naglasio da ih je vidio mrtve.<\/p>\n<p>Za\u0161ti\u0107eni svjedok \u201cA\u201d je kazao da je siguran \u201csto posto\u201d da je Bajica tukao njegovog oca.<\/p>\n<p>Potvrdio je da nije poznavao ni Bajicu ni \u0110uru.<\/p>\n<p>Odbrana \u0110ure Adamovi\u0107a je istaknula da je svjedok, u izjavi koju je 2005. godine dao istra\u017eiteljima Dr\u017eavne agencije za istrage i za\u0161titu (SIPA), naveo da je osoba koja je udarala Smaila Kadiri\u0107a govorila: \u201cGledaj kako Srbin tu\u010de\u201d, a u direktnom ispitivanju: \u201cGledaj kako Srbin \u0110uro tu\u010de.\u201d<\/p>\n<p>Ovu razliku u iskazu svjedok je pojasnio tako da je sam \u0110uro rekao \u201ckako Srbin \u0110uro tu\u010de\u201d.<\/p>\n<p>Odgovaraju\u0107i na dodatna pitanja Tu\u017eila\u0161tva BiH, svjedok je kazao da mu je poslije rata otac ispri\u010dao da je iz njegove \u0161ire porodice ubijeno 16 osoba.<\/p>\n<p>\u201cNeki su odvedeni u logore, neki nisi ni prona\u0111eni, neki su ukopani\u201d, rekao je za\u0161ti\u0107eni svjedok \u201cA\u201d.<\/p>\n<p>Nastavak su\u0111enja zakazan je za 22. juli.<\/p>\n<p>BIRN<\/p>\n","protected":false},"excerpt":{"rendered":"<p>Na su\u0111enju za zlo\u010dine po\u010dinjene na podru\u010dju Prijedora, svjedok Tu\u017eila\u0161tva BiH, odgovaraju\u0107i na unakrsna pitanja Odbrane Ranka Babi\u0107a, potvrdio je da je \u201cKapetan\u201d poku\u0161ao da sprije\u010di njegovo premla\u0107ivanje. Za\u0161ti\u0107eni svjedok [&hellip;]<\/p>\n","protected":false},"author":1,"featured_media":0,"comment_status":"closed","ping_status":"open","sticky":false,"template":"","format":"standard","meta":{"_monsterinsights_skip_tracking":false,"_monsterinsights_sitenote_active":false,"_monsterinsights_sitenote_note":"","_monsterinsights_sitenote_category":0,"footnotes":""},"categories":[5],"tags":[531],"yoast_head":"<!-- This site is optimized with the Yoast SEO plugin v21.6 - https:\/\/yoast.com\/wordpress\/plugins\/seo\/ -->\n<title>Su\u0111enje Babi\u0107 Ranko i ostali: Vojnici nisu djelovali samovoljno - PrijedorDanas.com - Prijedorski gradski portal<\/title>\n<meta name=\"robots\" content=\"index, follow, max-snippet:-1, max-image-preview:large, max-video-preview:-1\" \/>\n<link rel=\"canonical\" href=\"https:\/\/www.prijedordanas.com\/?p=130321\" \/>\n<meta property=\"og:locale\" content=\"en_US\" \/>\n<meta property=\"og:type\" content=\"article\" \/>\n<meta property=\"og:title\" content=\"Su\u0111enje Babi\u0107 Ranko i ostali: Vojnici nisu djelovali samovoljno - PrijedorDanas.com - Prijedorski gradski portal\" \/>\n<meta property=\"og:description\" content=\"Na su\u0111enju za zlo\u010dine po\u010dinjene na podru\u010dju Prijedora, svjedok Tu\u017eila\u0161tva BiH, odgovaraju\u0107i na unakrsna pitanja Odbrane Ranka Babi\u0107a, potvrdio je da je \u201cKapetan\u201d poku\u0161ao da sprije\u010di njegovo premla\u0107ivanje. Za\u0161ti\u0107eni svjedok [&hellip;]\" \/>\n<meta property=\"og:url\" content=\"https:\/\/www.prijedordanas.com\/?p=130321\" \/>\n<meta property=\"og:site_name\" content=\"PrijedorDanas.com - Prijedorski gradski portal\" \/>\n<meta property=\"article:publisher\" content=\"https:\/\/www.facebook.com\/PrijedorDanasCom\/\" \/>\n<meta property=\"article:published_time\" content=\"2019-07-09T07:45:21+00:00\" \/>\n<meta property=\"og:image\" content=\"https:\/\/www.prijedordanas.com\/wp-content\/uploads\/2018\/03\/sud-bih-13-300x222.jpg\" \/>\n<meta name=\"author\" content=\"admin\" \/>\n<meta name=\"twitter:card\" content=\"summary_large_image\" \/>\n<meta name=\"twitter:label1\" content=\"Written by\" \/>\n\t<meta name=\"twitter:data1\" content=\"admin\" \/>\n\t<meta name=\"twitter:label2\" content=\"Est. reading time\" \/>\n\t<meta name=\"twitter:data2\" content=\"2 minutes\" \/>\n<script type=\"application\/ld+json\" class=\"yoast-schema-graph\">{\"@context\":\"https:\/\/schema.org\",\"@graph\":[{\"@type\":\"Article\",\"@id\":\"https:\/\/www.prijedordanas.com\/?p=130321#article\",\"isPartOf\":{\"@id\":\"https:\/\/www.prijedordanas.com\/?p=130321\"},\"author\":{\"name\":\"admin\",\"@id\":\"https:\/\/www.prijedordanas.com\/#\/schema\/person\/4e08ccf29b506ca916ff86d46bb700e6\"},\"headline\":\"Su\u0111enje Babi\u0107 Ranko i ostali: Vojnici nisu djelovali samovoljno\",\"datePublished\":\"2019-07-09T07:45:21+00:00\",\"dateModified\":\"2019-07-09T07:45:21+00:00\",\"mainEntityOfPage\":{\"@id\":\"https:\/\/www.prijedordanas.com\/?p=130321\"},\"wordCount\":503,\"publisher\":{\"@id\":\"https:\/\/www.prijedordanas.com\/#organization\"},\"keywords\":[\"Sud BiH\"],\"articleSection\":[\"Hronika\"],\"inLanguage\":\"en-US\"},{\"@type\":\"WebPage\",\"@id\":\"https:\/\/www.prijedordanas.com\/?p=130321\",\"url\":\"https:\/\/www.prijedordanas.com\/?p=130321\",\"name\":\"Su\u0111enje Babi\u0107 Ranko i ostali: Vojnici nisu djelovali samovoljno - PrijedorDanas.com - Prijedorski gradski portal\",\"isPartOf\":{\"@id\":\"https:\/\/www.prijedordanas.com\/#website\"},\"datePublished\":\"2019-07-09T07:45:21+00:00\",\"dateModified\":\"2019-07-09T07:45:21+00:00\",\"breadcrumb\":{\"@id\":\"https:\/\/www.prijedordanas.com\/?p=130321#breadcrumb\"},\"inLanguage\":\"en-US\",\"potentialAction\":[{\"@type\":\"ReadAction\",\"target\":[\"https:\/\/www.prijedordanas.com\/?p=130321\"]}]},{\"@type\":\"BreadcrumbList\",\"@id\":\"https:\/\/www.prijedordanas.com\/?p=130321#breadcrumb\",\"itemListElement\":[{\"@type\":\"ListItem\",\"position\":1,\"name\":\"Home\",\"item\":\"https:\/\/www.prijedordanas.com\/\"},{\"@type\":\"ListItem\",\"position\":2,\"name\":\"Su\u0111enje Babi\u0107 Ranko i ostali: Vojnici nisu djelovali samovoljno\"}]},{\"@type\":\"WebSite\",\"@id\":\"https:\/\/www.prijedordanas.com\/#website\",\"url\":\"https:\/\/www.prijedordanas.com\/\",\"name\":\"PrijedorDanas.com - Prijedorski gradski portal\",\"description\":\"Portal o doga\u0111anjima u gradu Prijedoru\",\"publisher\":{\"@id\":\"https:\/\/www.prijedordanas.com\/#organization\"},\"potentialAction\":[{\"@type\":\"SearchAction\",\"target\":{\"@type\":\"EntryPoint\",\"urlTemplate\":\"https:\/\/www.prijedordanas.com\/?s={search_term_string}\"},\"query-input\":\"required name=search_term_string\"}],\"inLanguage\":\"en-US\"},{\"@type\":\"Organization\",\"@id\":\"https:\/\/www.prijedordanas.com\/#organization\",\"name\":\"PrijedorDanas.com\",\"url\":\"https:\/\/www.prijedordanas.com\/\",\"logo\":{\"@type\":\"ImageObject\",\"inLanguage\":\"en-US\",\"@id\":\"https:\/\/www.prijedordanas.com\/#\/schema\/logo\/image\/\",\"url\":\"http:\/\/www.prijedordanas.com\/wp-content\/uploads\/2021\/12\/logopng.png\",\"contentUrl\":\"http:\/\/www.prijedordanas.com\/wp-content\/uploads\/2021\/12\/logopng.png\",\"width\":1019,\"height\":776,\"caption\":\"PrijedorDanas.com\"},\"image\":{\"@id\":\"https:\/\/www.prijedordanas.com\/#\/schema\/logo\/image\/\"},\"sameAs\":[\"https:\/\/www.facebook.com\/PrijedorDanasCom\/\"]},{\"@type\":\"Person\",\"@id\":\"https:\/\/www.prijedordanas.com\/#\/schema\/person\/4e08ccf29b506ca916ff86d46bb700e6\",\"name\":\"admin\",\"image\":{\"@type\":\"ImageObject\",\"inLanguage\":\"en-US\",\"@id\":\"https:\/\/www.prijedordanas.com\/#\/schema\/person\/image\/\",\"url\":\"https:\/\/secure.gravatar.com\/avatar\/1d3fc949d550f0b53a5f0d51e06dfd79?s=96&d=mm&r=g\",\"contentUrl\":\"https:\/\/secure.gravatar.com\/avatar\/1d3fc949d550f0b53a5f0d51e06dfd79?s=96&d=mm&r=g\",\"caption\":\"admin\"},\"url\":\"https:\/\/www.prijedordanas.com\/?author=1\"}]}<\/script>\n<!-- \/ Yoast SEO plugin. -->","yoast_head_json":{"title":"Su\u0111enje Babi\u0107 Ranko i ostali: Vojnici nisu djelovali samovoljno - PrijedorDanas.com - Prijedorski gradski portal","robots":{"index":"index","follow":"follow","max-snippet":"max-snippet:-1","max-image-preview":"max-image-preview:large","max-video-preview":"max-video-preview:-1"},"canonical":"https:\/\/www.prijedordanas.com\/?p=130321","og_locale":"en_US","og_type":"article","og_title":"Su\u0111enje Babi\u0107 Ranko i ostali: Vojnici nisu djelovali samovoljno - PrijedorDanas.com - Prijedorski gradski portal","og_description":"Na su\u0111enju za zlo\u010dine po\u010dinjene na podru\u010dju Prijedora, svjedok Tu\u017eila\u0161tva BiH, odgovaraju\u0107i na unakrsna pitanja Odbrane Ranka Babi\u0107a, potvrdio je da je \u201cKapetan\u201d poku\u0161ao da sprije\u010di njegovo premla\u0107ivanje. Za\u0161ti\u0107eni svjedok [&hellip;]","og_url":"https:\/\/www.prijedordanas.com\/?p=130321","og_site_name":"PrijedorDanas.com - Prijedorski gradski portal","article_publisher":"https:\/\/www.facebook.com\/PrijedorDanasCom\/","article_published_time":"2019-07-09T07:45:21+00:00","og_image":[{"url":"https:\/\/www.prijedordanas.com\/wp-content\/uploads\/2018\/03\/sud-bih-13-300x222.jpg"}],"author":"admin","twitter_card":"summary_large_image","twitter_misc":{"Written by":"admin","Est. reading time":"2 minutes"},"schema":{"@context":"https:\/\/schema.org","@graph":[{"@type":"Article","@id":"https:\/\/www.prijedordanas.com\/?p=130321#article","isPartOf":{"@id":"https:\/\/www.prijedordanas.com\/?p=130321"},"author":{"name":"admin","@id":"https:\/\/www.prijedordanas.com\/#\/schema\/person\/4e08ccf29b506ca916ff86d46bb700e6"},"headline":"Su\u0111enje Babi\u0107 Ranko i ostali: Vojnici nisu djelovali samovoljno","datePublished":"2019-07-09T07:45:21+00:00","dateModified":"2019-07-09T07:45:21+00:00","mainEntityOfPage":{"@id":"https:\/\/www.prijedordanas.com\/?p=130321"},"wordCount":503,"publisher":{"@id":"https:\/\/www.prijedordanas.com\/#organization"},"keywords":["Sud BiH"],"articleSection":["Hronika"],"inLanguage":"en-US"},{"@type":"WebPage","@id":"https:\/\/www.prijedordanas.com\/?p=130321","url":"https:\/\/www.prijedordanas.com\/?p=130321","name":"Su\u0111enje Babi\u0107 Ranko i ostali: Vojnici nisu djelovali samovoljno - PrijedorDanas.com - Prijedorski gradski portal","isPartOf":{"@id":"https:\/\/www.prijedordanas.com\/#website"},"datePublished":"2019-07-09T07:45:21+00:00","dateModified":"2019-07-09T07:45:21+00:00","breadcrumb":{"@id":"https:\/\/www.prijedordanas.com\/?p=130321#breadcrumb"},"inLanguage":"en-US","potentialAction":[{"@type":"ReadAction","target":["https:\/\/www.prijedordanas.com\/?p=130321"]}]},{"@type":"BreadcrumbList","@id":"https:\/\/www.prijedordanas.com\/?p=130321#breadcrumb","itemListElement":[{"@type":"ListItem","position":1,"name":"Home","item":"https:\/\/www.prijedordanas.com\/"},{"@type":"ListItem","position":2,"name":"Su\u0111enje Babi\u0107 Ranko i ostali: Vojnici nisu djelovali samovoljno"}]},{"@type":"WebSite","@id":"https:\/\/www.prijedordanas.com\/#website","url":"https:\/\/www.prijedordanas.com\/","name":"PrijedorDanas.com - Prijedorski gradski portal","description":"Portal o doga\u0111anjima u gradu Prijedoru","publisher":{"@id":"https:\/\/www.prijedordanas.com\/#organization"},"potentialAction":[{"@type":"SearchAction","target":{"@type":"EntryPoint","urlTemplate":"https:\/\/www.prijedordanas.com\/?s={search_term_string}"},"query-input":"required name=search_term_string"}],"inLanguage":"en-US"},{"@type":"Organization","@id":"https:\/\/www.prijedordanas.com\/#organization","name":"PrijedorDanas.com","url":"https:\/\/www.prijedordanas.com\/","logo":{"@type":"ImageObject","inLanguage":"en-US","@id":"https:\/\/www.prijedordanas.com\/#\/schema\/logo\/image\/","url":"http:\/\/www.prijedordanas.com\/wp-content\/uploads\/2021\/12\/logopng.png","contentUrl":"http:\/\/www.prijedordanas.com\/wp-content\/uploads\/2021\/12\/logopng.png","width":1019,"height":776,"caption":"PrijedorDanas.com"},"image":{"@id":"https:\/\/www.prijedordanas.com\/#\/schema\/logo\/image\/"},"sameAs":["https:\/\/www.facebook.com\/PrijedorDanasCom\/"]},{"@type":"Person","@id":"https:\/\/www.prijedordanas.com\/#\/schema\/person\/4e08ccf29b506ca916ff86d46bb700e6","name":"admin","image":{"@type":"ImageObject","inLanguage":"en-US","@id":"https:\/\/www.prijedordanas.com\/#\/schema\/person\/image\/","url":"https:\/\/secure.gravatar.com\/avatar\/1d3fc949d550f0b53a5f0d51e06dfd79?s=96&d=mm&r=g","contentUrl":"https:\/\/secure.gravatar.com\/avatar\/1d3fc949d550f0b53a5f0d51e06dfd79?s=96&d=mm&r=g","caption":"admin"},"url":"https:\/\/www.prijedordanas.com\/?author=1"}]}},"_links":{"self":[{"href":"https:\/\/www.prijedordanas.com\/index.php?rest_route=\/wp\/v2\/posts\/130321"}],"collection":[{"href":"https:\/\/www.prijedordanas.com\/index.php?rest_route=\/wp\/v2\/posts"}],"about":[{"href":"https:\/\/www.prijedordanas.com\/index.php?rest_route=\/wp\/v2\/types\/post"}],"author":[{"embeddable":true,"href":"https:\/\/www.prijedordanas.com\/index.php?rest_route=\/wp\/v2\/users\/1"}],"replies":[{"embeddable":true,"href":"https:\/\/www.prijedordanas.com\/index.php?rest_route=%2Fwp%2Fv2%2Fcomments&post=130321"}],"version-history":[{"count":1,"href":"https:\/\/www.prijedordanas.com\/index.php?rest_route=\/wp\/v2\/posts\/130321\/revisions"}],"predecessor-version":[{"id":130322,"href":"https:\/\/www.prijedordanas.com\/index.php?rest_route=\/wp\/v2\/posts\/130321\/revisions\/130322"}],"wp:attachment":[{"href":"https:\/\/www.prijedordanas.com\/index.php?rest_route=%2Fwp%2Fv2%2Fmedia&parent=130321"}],"wp:term":[{"taxonomy":"category","embeddable":true,"href":"https:\/\/www.prijedordanas.com\/index.php?rest_route=%2Fwp%2Fv2%2Fcategories&post=130321"},{"taxonomy":"post_tag","embeddable":true,"href":"https:\/\/www.prijedordanas.com\/index.php?rest_route=%2Fwp%2Fv2%2Ftags&post=130321"}],"curies":[{"name":"wp","href":"https:\/\/api.w.org\/{rel}","templated":true}]}}