{"id":130305,"date":"2019-07-08T11:24:16","date_gmt":"2019-07-08T09:24:16","guid":{"rendered":"https:\/\/www.prijedordanas.com\/?p=130305"},"modified":"2019-07-08T11:24:16","modified_gmt":"2019-07-08T09:24:16","slug":"narodni-zbor-u-gornjoj-ravskoj-fudbalskim-turnirom-jacaju-tradiciju-foto","status":"publish","type":"post","link":"https:\/\/www.prijedordanas.com\/?p=130305","title":{"rendered":"Narodni zbor u Gornjoj Ravskoj: Fudbalskim turnirom ja\u010daju tradiciju &#8211; FOTO"},"content":{"rendered":"<p><a href=\"https:\/\/www.prijedordanas.com\/wp-content\/uploads\/2019\/07\/gornja-ravska-zbor-turnir-1.jpg\"><img loading=\"lazy\" decoding=\"async\" class=\"alignleft size-medium wp-image-130306\" src=\"https:\/\/www.prijedordanas.com\/wp-content\/uploads\/2019\/07\/gornja-ravska-zbor-turnir-1-300x220.jpg\" alt=\"\" width=\"300\" height=\"220\" srcset=\"https:\/\/www.prijedordanas.com\/wp-content\/uploads\/2019\/07\/gornja-ravska-zbor-turnir-1-300x220.jpg 300w, https:\/\/www.prijedordanas.com\/wp-content\/uploads\/2019\/07\/gornja-ravska-zbor-turnir-1-100x73.jpg 100w, https:\/\/www.prijedordanas.com\/wp-content\/uploads\/2019\/07\/gornja-ravska-zbor-turnir-1.jpg 681w\" sizes=\"(max-width: 300px) 100vw, 300px\" \/><\/a>U Gornjoj Ravskoj kod Prijedora, u ponedeljak 24.juna, je obilje\u017een Sveti Ivo, jedan od najve\u0107ih katoli\u010dkih svetitelja u ovoj \u017eupnoj zajednici.<\/p>\n<p>Misnim slavljem kojeg je predvodilo sve\u0161tenstvo banjalu\u010dke biskupije zajedno sa lokalnim sve\u0161tenikom Ilijom Pili\u010di\u0107om poslate su poruke ljubavi, mira i me\u0111usobnog razumjevanja sa akcentom prema \u010dvrstoj vjeri i molitvi prema Bogu.<\/p>\n<p>Sveti Ivo je praznik kada se u Gornjoj Ravskoj sjate brojni posjetioci iz svih zemalja, poput Hrvatske, Slovenije, Njema\u010dke i brojnih drugih.<\/p>\n<p>Dan uo\u010di Svetog Ive, organizovan je i fudbalski turnir u malom fudbalu koji je okupio dosta ekipa i omladine.<\/p>\n<p><a href=\"https:\/\/www.prijedordanas.com\/wp-content\/uploads\/2019\/07\/gornja-ravska-zbor-turnir-2.jpg\"><img loading=\"lazy\" decoding=\"async\" src=\"https:\/\/www.prijedordanas.com\/wp-content\/uploads\/2019\/07\/gornja-ravska-zbor-turnir-2-300x225.jpg\" alt=\"\" width=\"300\" height=\"225\" class=\"alignleft size-medium wp-image-130307\" srcset=\"https:\/\/www.prijedordanas.com\/wp-content\/uploads\/2019\/07\/gornja-ravska-zbor-turnir-2-300x225.jpg 300w, https:\/\/www.prijedordanas.com\/wp-content\/uploads\/2019\/07\/gornja-ravska-zbor-turnir-2-100x75.jpg 100w, https:\/\/www.prijedordanas.com\/wp-content\/uploads\/2019\/07\/gornja-ravska-zbor-turnir-2-640x480.jpg 640w, https:\/\/www.prijedordanas.com\/wp-content\/uploads\/2019\/07\/gornja-ravska-zbor-turnir-2.jpg 667w\" sizes=\"(max-width: 300px) 100vw, 300px\" \/><\/a>Ljubi\u0161a Kajkut i Goran Klari\u0107, tamo\u0161nji mje\u0161tani a ujedno i organizatori ovog turnira istakli su da selo mora da &#8220;\u017eivi&#8221; i &#8220;di\u0161e&#8221; i da se uvijek treba ne\u0161to pozitivno doga\u0111ati u ovom prijedorskom kraju.<\/p>\n<p>-Nismo i ne\u0107emo dozvoliti da se ovaj turnir prekine, odnosno zapostavi kao i ranijih godina &#8211; poru\u010duju organizatori.<\/p>\n<p>Ovogodi\u0161nji pobjednik turnira u Ravskoj je doma\u0107in, ekipa &#8220;Kaffe bar Ravska&#8221;.<\/p>\n<p>Slavljenju Svetog Ive, prethodilo je i narodno veselje pod \u0161atorima do u kasne sate.<\/p>\n<p>Ovoga puta gosti su u\u017eivali uz poznate hitove popularne Grupe Krajina kao i sve poznatijeg Ultra benda.<\/p>\n<p>Tekst I foto \u2013 Mladen Karan \u2013 <a href=\"https:\/\/www.prijedordanas.com\" target=\"_blank\" rel=\"noopener noreferrer\">www.prijedordanas.com<\/a><\/p>\n<p><a href=\"https:\/\/www.prijedordanas.com\/wp-content\/uploads\/2019\/07\/gornja-ravska-zbor-turnir-3.jpg\"><img loading=\"lazy\" decoding=\"async\" src=\"https:\/\/www.prijedordanas.com\/wp-content\/uploads\/2019\/07\/gornja-ravska-zbor-turnir-3-300x225.jpg\" alt=\"\" width=\"300\" height=\"225\" class=\"alignleft size-medium wp-image-130308\" srcset=\"https:\/\/www.prijedordanas.com\/wp-content\/uploads\/2019\/07\/gornja-ravska-zbor-turnir-3-300x225.jpg 300w, https:\/\/www.prijedordanas.com\/wp-content\/uploads\/2019\/07\/gornja-ravska-zbor-turnir-3-100x75.jpg 100w, https:\/\/www.prijedordanas.com\/wp-content\/uploads\/2019\/07\/gornja-ravska-zbor-turnir-3.jpg 600w\" sizes=\"(max-width: 300px) 100vw, 300px\" \/><\/a> <a href=\"https:\/\/www.prijedordanas.com\/wp-content\/uploads\/2019\/07\/gornja-ravska-zbor-turnir-4.jpg\"><img loading=\"lazy\" decoding=\"async\" src=\"https:\/\/www.prijedordanas.com\/wp-content\/uploads\/2019\/07\/gornja-ravska-zbor-turnir-4-300x225.jpg\" alt=\"\" width=\"300\" height=\"225\" class=\"alignleft size-medium wp-image-130309\" srcset=\"https:\/\/www.prijedordanas.com\/wp-content\/uploads\/2019\/07\/gornja-ravska-zbor-turnir-4-300x225.jpg 300w, https:\/\/www.prijedordanas.com\/wp-content\/uploads\/2019\/07\/gornja-ravska-zbor-turnir-4-100x75.jpg 100w, https:\/\/www.prijedordanas.com\/wp-content\/uploads\/2019\/07\/gornja-ravska-zbor-turnir-4.jpg 600w\" sizes=\"(max-width: 300px) 100vw, 300px\" \/><\/a> <a href=\"https:\/\/www.prijedordanas.com\/wp-content\/uploads\/2019\/07\/gornja-ravska-zbor-turnir-5.jpg\"><img loading=\"lazy\" decoding=\"async\" src=\"https:\/\/www.prijedordanas.com\/wp-content\/uploads\/2019\/07\/gornja-ravska-zbor-turnir-5-300x225.jpg\" alt=\"\" width=\"300\" height=\"225\" class=\"alignleft size-medium wp-image-130310\" srcset=\"https:\/\/www.prijedordanas.com\/wp-content\/uploads\/2019\/07\/gornja-ravska-zbor-turnir-5-300x225.jpg 300w, https:\/\/www.prijedordanas.com\/wp-content\/uploads\/2019\/07\/gornja-ravska-zbor-turnir-5-100x75.jpg 100w, https:\/\/www.prijedordanas.com\/wp-content\/uploads\/2019\/07\/gornja-ravska-zbor-turnir-5.jpg 600w\" sizes=\"(max-width: 300px) 100vw, 300px\" \/><\/a> <a href=\"https:\/\/www.prijedordanas.com\/wp-content\/uploads\/2019\/07\/gornja-ravska-zbor-turnir-6.jpg\"><img loading=\"lazy\" decoding=\"async\" src=\"https:\/\/www.prijedordanas.com\/wp-content\/uploads\/2019\/07\/gornja-ravska-zbor-turnir-6-300x169.jpg\" alt=\"\" width=\"300\" height=\"169\" class=\"alignleft size-medium wp-image-130311\" srcset=\"https:\/\/www.prijedordanas.com\/wp-content\/uploads\/2019\/07\/gornja-ravska-zbor-turnir-6-300x169.jpg 300w, https:\/\/www.prijedordanas.com\/wp-content\/uploads\/2019\/07\/gornja-ravska-zbor-turnir-6-100x56.jpg 100w, https:\/\/www.prijedordanas.com\/wp-content\/uploads\/2019\/07\/gornja-ravska-zbor-turnir-6.jpg 600w\" sizes=\"(max-width: 300px) 100vw, 300px\" \/><\/a><\/p>\n","protected":false},"excerpt":{"rendered":"<p>U Gornjoj Ravskoj kod Prijedora, u ponedeljak 24.juna, je obilje\u017een Sveti Ivo, jedan od najve\u0107ih katoli\u010dkih svetitelja u ovoj \u017eupnoj zajednici. Misnim slavljem kojeg je predvodilo sve\u0161tenstvo banjalu\u010dke biskupije zajedno [&hellip;]<\/p>\n","protected":false},"author":1,"featured_media":0,"comment_status":"closed","ping_status":"open","sticky":false,"template":"","format":"standard","meta":{"_monsterinsights_skip_tracking":false,"_monsterinsights_sitenote_active":false,"_monsterinsights_sitenote_note":"","_monsterinsights_sitenote_category":0,"footnotes":""},"categories":[3],"tags":[2897],"yoast_head":"<!-- This site is optimized with the Yoast SEO plugin v21.6 - https:\/\/yoast.com\/wordpress\/plugins\/seo\/ -->\n<title>Narodni zbor u Gornjoj Ravskoj: Fudbalskim turnirom ja\u010daju tradiciju - FOTO - PrijedorDanas.com - Prijedorski gradski portal<\/title>\n<meta name=\"robots\" content=\"index, follow, max-snippet:-1, max-image-preview:large, max-video-preview:-1\" \/>\n<link rel=\"canonical\" href=\"https:\/\/www.prijedordanas.com\/?p=130305\" \/>\n<meta property=\"og:locale\" content=\"en_US\" \/>\n<meta property=\"og:type\" content=\"article\" \/>\n<meta property=\"og:title\" content=\"Narodni zbor u Gornjoj Ravskoj: Fudbalskim turnirom ja\u010daju tradiciju - FOTO - PrijedorDanas.com - Prijedorski gradski portal\" \/>\n<meta property=\"og:description\" content=\"U Gornjoj Ravskoj kod Prijedora, u ponedeljak 24.juna, je obilje\u017een Sveti Ivo, jedan od najve\u0107ih katoli\u010dkih svetitelja u ovoj \u017eupnoj zajednici. Misnim slavljem kojeg je predvodilo sve\u0161tenstvo banjalu\u010dke biskupije zajedno [&hellip;]\" \/>\n<meta property=\"og:url\" content=\"https:\/\/www.prijedordanas.com\/?p=130305\" \/>\n<meta property=\"og:site_name\" content=\"PrijedorDanas.com - Prijedorski gradski portal\" \/>\n<meta property=\"article:publisher\" content=\"https:\/\/www.facebook.com\/PrijedorDanasCom\/\" \/>\n<meta property=\"article:published_time\" content=\"2019-07-08T09:24:16+00:00\" \/>\n<meta property=\"og:image\" content=\"https:\/\/www.prijedordanas.com\/wp-content\/uploads\/2019\/07\/gornja-ravska-zbor-turnir-1-300x220.jpg\" \/>\n<meta name=\"author\" content=\"admin\" \/>\n<meta name=\"twitter:card\" content=\"summary_large_image\" \/>\n<meta name=\"twitter:label1\" content=\"Written by\" \/>\n\t<meta name=\"twitter:data1\" content=\"admin\" \/>\n\t<meta name=\"twitter:label2\" content=\"Est. reading time\" \/>\n\t<meta name=\"twitter:data2\" content=\"1 minute\" \/>\n<script type=\"application\/ld+json\" class=\"yoast-schema-graph\">{\"@context\":\"https:\/\/schema.org\",\"@graph\":[{\"@type\":\"Article\",\"@id\":\"https:\/\/www.prijedordanas.com\/?p=130305#article\",\"isPartOf\":{\"@id\":\"https:\/\/www.prijedordanas.com\/?p=130305\"},\"author\":{\"name\":\"admin\",\"@id\":\"https:\/\/www.prijedordanas.com\/#\/schema\/person\/4e08ccf29b506ca916ff86d46bb700e6\"},\"headline\":\"Narodni zbor u Gornjoj Ravskoj: Fudbalskim turnirom ja\u010daju tradiciju &#8211; FOTO\",\"datePublished\":\"2019-07-08T09:24:16+00:00\",\"dateModified\":\"2019-07-08T09:24:16+00:00\",\"mainEntityOfPage\":{\"@id\":\"https:\/\/www.prijedordanas.com\/?p=130305\"},\"wordCount\":229,\"publisher\":{\"@id\":\"https:\/\/www.prijedordanas.com\/#organization\"},\"keywords\":[\"Gornja Ravska\"],\"articleSection\":[\"\u017divot\"],\"inLanguage\":\"en-US\"},{\"@type\":\"WebPage\",\"@id\":\"https:\/\/www.prijedordanas.com\/?p=130305\",\"url\":\"https:\/\/www.prijedordanas.com\/?p=130305\",\"name\":\"Narodni zbor u Gornjoj Ravskoj: Fudbalskim turnirom ja\u010daju tradiciju - FOTO - PrijedorDanas.com - Prijedorski gradski portal\",\"isPartOf\":{\"@id\":\"https:\/\/www.prijedordanas.com\/#website\"},\"datePublished\":\"2019-07-08T09:24:16+00:00\",\"dateModified\":\"2019-07-08T09:24:16+00:00\",\"breadcrumb\":{\"@id\":\"https:\/\/www.prijedordanas.com\/?p=130305#breadcrumb\"},\"inLanguage\":\"en-US\",\"potentialAction\":[{\"@type\":\"ReadAction\",\"target\":[\"https:\/\/www.prijedordanas.com\/?p=130305\"]}]},{\"@type\":\"BreadcrumbList\",\"@id\":\"https:\/\/www.prijedordanas.com\/?p=130305#breadcrumb\",\"itemListElement\":[{\"@type\":\"ListItem\",\"position\":1,\"name\":\"Home\",\"item\":\"https:\/\/www.prijedordanas.com\/\"},{\"@type\":\"ListItem\",\"position\":2,\"name\":\"Narodni zbor u Gornjoj Ravskoj: Fudbalskim turnirom ja\u010daju tradiciju &#8211; FOTO\"}]},{\"@type\":\"WebSite\",\"@id\":\"https:\/\/www.prijedordanas.com\/#website\",\"url\":\"https:\/\/www.prijedordanas.com\/\",\"name\":\"PrijedorDanas.com - Prijedorski gradski portal\",\"description\":\"Portal o doga\u0111anjima u gradu Prijedoru\",\"publisher\":{\"@id\":\"https:\/\/www.prijedordanas.com\/#organization\"},\"potentialAction\":[{\"@type\":\"SearchAction\",\"target\":{\"@type\":\"EntryPoint\",\"urlTemplate\":\"https:\/\/www.prijedordanas.com\/?s={search_term_string}\"},\"query-input\":\"required name=search_term_string\"}],\"inLanguage\":\"en-US\"},{\"@type\":\"Organization\",\"@id\":\"https:\/\/www.prijedordanas.com\/#organization\",\"name\":\"PrijedorDanas.com\",\"url\":\"https:\/\/www.prijedordanas.com\/\",\"logo\":{\"@type\":\"ImageObject\",\"inLanguage\":\"en-US\",\"@id\":\"https:\/\/www.prijedordanas.com\/#\/schema\/logo\/image\/\",\"url\":\"http:\/\/www.prijedordanas.com\/wp-content\/uploads\/2021\/12\/logopng.png\",\"contentUrl\":\"http:\/\/www.prijedordanas.com\/wp-content\/uploads\/2021\/12\/logopng.png\",\"width\":1019,\"height\":776,\"caption\":\"PrijedorDanas.com\"},\"image\":{\"@id\":\"https:\/\/www.prijedordanas.com\/#\/schema\/logo\/image\/\"},\"sameAs\":[\"https:\/\/www.facebook.com\/PrijedorDanasCom\/\"]},{\"@type\":\"Person\",\"@id\":\"https:\/\/www.prijedordanas.com\/#\/schema\/person\/4e08ccf29b506ca916ff86d46bb700e6\",\"name\":\"admin\",\"image\":{\"@type\":\"ImageObject\",\"inLanguage\":\"en-US\",\"@id\":\"https:\/\/www.prijedordanas.com\/#\/schema\/person\/image\/\",\"url\":\"https:\/\/secure.gravatar.com\/avatar\/1d3fc949d550f0b53a5f0d51e06dfd79?s=96&d=mm&r=g\",\"contentUrl\":\"https:\/\/secure.gravatar.com\/avatar\/1d3fc949d550f0b53a5f0d51e06dfd79?s=96&d=mm&r=g\",\"caption\":\"admin\"},\"url\":\"https:\/\/www.prijedordanas.com\/?author=1\"}]}<\/script>\n<!-- \/ Yoast SEO plugin. -->","yoast_head_json":{"title":"Narodni zbor u Gornjoj Ravskoj: Fudbalskim turnirom ja\u010daju tradiciju - FOTO - PrijedorDanas.com - Prijedorski gradski portal","robots":{"index":"index","follow":"follow","max-snippet":"max-snippet:-1","max-image-preview":"max-image-preview:large","max-video-preview":"max-video-preview:-1"},"canonical":"https:\/\/www.prijedordanas.com\/?p=130305","og_locale":"en_US","og_type":"article","og_title":"Narodni zbor u Gornjoj Ravskoj: Fudbalskim turnirom ja\u010daju tradiciju - FOTO - PrijedorDanas.com - Prijedorski gradski portal","og_description":"U Gornjoj Ravskoj kod Prijedora, u ponedeljak 24.juna, je obilje\u017een Sveti Ivo, jedan od najve\u0107ih katoli\u010dkih svetitelja u ovoj \u017eupnoj zajednici. Misnim slavljem kojeg je predvodilo sve\u0161tenstvo banjalu\u010dke biskupije zajedno [&hellip;]","og_url":"https:\/\/www.prijedordanas.com\/?p=130305","og_site_name":"PrijedorDanas.com - Prijedorski gradski portal","article_publisher":"https:\/\/www.facebook.com\/PrijedorDanasCom\/","article_published_time":"2019-07-08T09:24:16+00:00","og_image":[{"url":"https:\/\/www.prijedordanas.com\/wp-content\/uploads\/2019\/07\/gornja-ravska-zbor-turnir-1-300x220.jpg"}],"author":"admin","twitter_card":"summary_large_image","twitter_misc":{"Written by":"admin","Est. reading time":"1 minute"},"schema":{"@context":"https:\/\/schema.org","@graph":[{"@type":"Article","@id":"https:\/\/www.prijedordanas.com\/?p=130305#article","isPartOf":{"@id":"https:\/\/www.prijedordanas.com\/?p=130305"},"author":{"name":"admin","@id":"https:\/\/www.prijedordanas.com\/#\/schema\/person\/4e08ccf29b506ca916ff86d46bb700e6"},"headline":"Narodni zbor u Gornjoj Ravskoj: Fudbalskim turnirom ja\u010daju tradiciju &#8211; FOTO","datePublished":"2019-07-08T09:24:16+00:00","dateModified":"2019-07-08T09:24:16+00:00","mainEntityOfPage":{"@id":"https:\/\/www.prijedordanas.com\/?p=130305"},"wordCount":229,"publisher":{"@id":"https:\/\/www.prijedordanas.com\/#organization"},"keywords":["Gornja Ravska"],"articleSection":["\u017divot"],"inLanguage":"en-US"},{"@type":"WebPage","@id":"https:\/\/www.prijedordanas.com\/?p=130305","url":"https:\/\/www.prijedordanas.com\/?p=130305","name":"Narodni zbor u Gornjoj Ravskoj: Fudbalskim turnirom ja\u010daju tradiciju - FOTO - PrijedorDanas.com - Prijedorski gradski portal","isPartOf":{"@id":"https:\/\/www.prijedordanas.com\/#website"},"datePublished":"2019-07-08T09:24:16+00:00","dateModified":"2019-07-08T09:24:16+00:00","breadcrumb":{"@id":"https:\/\/www.prijedordanas.com\/?p=130305#breadcrumb"},"inLanguage":"en-US","potentialAction":[{"@type":"ReadAction","target":["https:\/\/www.prijedordanas.com\/?p=130305"]}]},{"@type":"BreadcrumbList","@id":"https:\/\/www.prijedordanas.com\/?p=130305#breadcrumb","itemListElement":[{"@type":"ListItem","position":1,"name":"Home","item":"https:\/\/www.prijedordanas.com\/"},{"@type":"ListItem","position":2,"name":"Narodni zbor u Gornjoj Ravskoj: Fudbalskim turnirom ja\u010daju tradiciju &#8211; FOTO"}]},{"@type":"WebSite","@id":"https:\/\/www.prijedordanas.com\/#website","url":"https:\/\/www.prijedordanas.com\/","name":"PrijedorDanas.com - Prijedorski gradski portal","description":"Portal o doga\u0111anjima u gradu Prijedoru","publisher":{"@id":"https:\/\/www.prijedordanas.com\/#organization"},"potentialAction":[{"@type":"SearchAction","target":{"@type":"EntryPoint","urlTemplate":"https:\/\/www.prijedordanas.com\/?s={search_term_string}"},"query-input":"required name=search_term_string"}],"inLanguage":"en-US"},{"@type":"Organization","@id":"https:\/\/www.prijedordanas.com\/#organization","name":"PrijedorDanas.com","url":"https:\/\/www.prijedordanas.com\/","logo":{"@type":"ImageObject","inLanguage":"en-US","@id":"https:\/\/www.prijedordanas.com\/#\/schema\/logo\/image\/","url":"http:\/\/www.prijedordanas.com\/wp-content\/uploads\/2021\/12\/logopng.png","contentUrl":"http:\/\/www.prijedordanas.com\/wp-content\/uploads\/2021\/12\/logopng.png","width":1019,"height":776,"caption":"PrijedorDanas.com"},"image":{"@id":"https:\/\/www.prijedordanas.com\/#\/schema\/logo\/image\/"},"sameAs":["https:\/\/www.facebook.com\/PrijedorDanasCom\/"]},{"@type":"Person","@id":"https:\/\/www.prijedordanas.com\/#\/schema\/person\/4e08ccf29b506ca916ff86d46bb700e6","name":"admin","image":{"@type":"ImageObject","inLanguage":"en-US","@id":"https:\/\/www.prijedordanas.com\/#\/schema\/person\/image\/","url":"https:\/\/secure.gravatar.com\/avatar\/1d3fc949d550f0b53a5f0d51e06dfd79?s=96&d=mm&r=g","contentUrl":"https:\/\/secure.gravatar.com\/avatar\/1d3fc949d550f0b53a5f0d51e06dfd79?s=96&d=mm&r=g","caption":"admin"},"url":"https:\/\/www.prijedordanas.com\/?author=1"}]}},"_links":{"self":[{"href":"https:\/\/www.prijedordanas.com\/index.php?rest_route=\/wp\/v2\/posts\/130305"}],"collection":[{"href":"https:\/\/www.prijedordanas.com\/index.php?rest_route=\/wp\/v2\/posts"}],"about":[{"href":"https:\/\/www.prijedordanas.com\/index.php?rest_route=\/wp\/v2\/types\/post"}],"author":[{"embeddable":true,"href":"https:\/\/www.prijedordanas.com\/index.php?rest_route=\/wp\/v2\/users\/1"}],"replies":[{"embeddable":true,"href":"https:\/\/www.prijedordanas.com\/index.php?rest_route=%2Fwp%2Fv2%2Fcomments&post=130305"}],"version-history":[{"count":1,"href":"https:\/\/www.prijedordanas.com\/index.php?rest_route=\/wp\/v2\/posts\/130305\/revisions"}],"predecessor-version":[{"id":130312,"href":"https:\/\/www.prijedordanas.com\/index.php?rest_route=\/wp\/v2\/posts\/130305\/revisions\/130312"}],"wp:attachment":[{"href":"https:\/\/www.prijedordanas.com\/index.php?rest_route=%2Fwp%2Fv2%2Fmedia&parent=130305"}],"wp:term":[{"taxonomy":"category","embeddable":true,"href":"https:\/\/www.prijedordanas.com\/index.php?rest_route=%2Fwp%2Fv2%2Fcategories&post=130305"},{"taxonomy":"post_tag","embeddable":true,"href":"https:\/\/www.prijedordanas.com\/index.php?rest_route=%2Fwp%2Fv2%2Ftags&post=130305"}],"curies":[{"name":"wp","href":"https:\/\/api.w.org\/{rel}","templated":true}]}}