{"id":130301,"date":"2019-07-20T07:25:53","date_gmt":"2019-07-20T05:25:53","guid":{"rendered":"https:\/\/www.prijedordanas.com\/?p=130301"},"modified":"2019-07-20T07:25:53","modified_gmt":"2019-07-20T05:25:53","slug":"komunalna-policija-prijedor-pravilnik-o-nacinu-ponasanja-i-izgledu-sluzbenika-stop-zvakama-cigaretama-bradi-dugim-noktima","status":"publish","type":"post","link":"https:\/\/www.prijedordanas.com\/?p=130301","title":{"rendered":"Komunalna policija Prijedor-Pravilnik o na\u010dinu pona\u0161anja i izgledu slu\u017ebenika: Stop \u017evakama, cigaretama, bradi, dugim noktima"},"content":{"rendered":"<p><a href=\"https:\/\/www.prijedordanas.com\/wp-content\/uploads\/2019\/07\/prijedor-iz-vazduha-proljece-2019-7.jpg\"><img loading=\"lazy\" decoding=\"async\" src=\"https:\/\/www.prijedordanas.com\/wp-content\/uploads\/2019\/07\/prijedor-iz-vazduha-proljece-2019-7-300x217.jpg\" alt=\"\" width=\"300\" height=\"217\" class=\"alignleft size-medium wp-image-130900\" srcset=\"https:\/\/www.prijedordanas.com\/wp-content\/uploads\/2019\/07\/prijedor-iz-vazduha-proljece-2019-7-300x217.jpg 300w, https:\/\/www.prijedordanas.com\/wp-content\/uploads\/2019\/07\/prijedor-iz-vazduha-proljece-2019-7-100x72.jpg 100w, https:\/\/www.prijedordanas.com\/wp-content\/uploads\/2019\/07\/prijedor-iz-vazduha-proljece-2019-7.jpg 690w\" sizes=\"(max-width: 300px) 100vw, 300px\" \/><\/a>Prijedorska komunalna policija dobila je Pravilnik o na\u010dinu pona\u0161anja i li\u010dnom izgledu uniformisanih slu\u017ebenika i drugih zaposlenih, prema \u010dijim odredbama se mo\u017ee zaklju\u010diti \u0161ta do sada nije bilo primjereno, te je moralo biti ure\u0111eno posebnim aktom.<\/p>\n<p>Prilikom neposrednog kontakta sa gra\u0111anima, slu\u017ebenik ne smije da \u017eva\u0107e \u017evaka\u0107u gumu, ne smije da pu\u0161i niti da dr\u017ei cigaretu u ruci ili u ustima i ne smije da nosi sun\u010dane nao\u010dale, osim ako su sa dioptrijom.<\/p>\n<p>Slu\u017ebenici se me\u0111usobno oslovljavaju sa &#8220;gospodine&#8221; ili &#8220;gospo\u0111o&#8221; i persiraju svakog starijeg po funkciji ili zvanju, svakog gra\u0111anina persiraju i oslovljavaju sa &#8220;gospodine&#8221; ili &#8220;gospo\u0111o&#8221;, a na slu\u017ebeni telefon, bilo fiksni ili mobilni, javljaju se &#8220;Komunalna policija, izvolite&#8221;.<\/p>\n<p>Neprikladnom odje\u0107om smatraju se kratke pantalone, pocijepane farmerke, upadljive aplikacije, veliki dekoltei, bretele, otvori na le\u0111ima, stomaku i drugim dijelovima tijela, neprimjereno kratke suknje i haljine, veliki \u0161licevi koji otkrivaju dijelove tijela, providna odje\u0107a, sportska odje\u0107a i papu\u010de.<\/p>\n<p>Uniformisani slu\u017ebenik ne mo\u017ee da nosi min\u0111u\u0161e niti vidljivo istaknute narukvice, ogrlice ili lan\u010di\u0107e, osim jednog prstena odnosno burme na ruci. Uniformisane slu\u017ebenice mogu biti diskretno na\u0161minkane i ne mogu nositi vi\u0161e od jednog para min\u0111u\u0161a, neupadljivog oblika, boje i veli\u010dine.<\/p>\n<p>Zabranjeni su pirsing i tetova\u017ea na vidljivim dijelovima tijela, a, ukoliko postoje, treba da budu pokriveni odje\u0107om.<\/p>\n<p>Uniforma se nosi uvijek uredna, \u010dista i ispeglana i zabranjeno je prekrajati je, mijenjati oblike dijelova uniforme, kombinovati je sa civilnom odje\u0107om i nositi oznake mimo propisanih.<\/p>\n<p>Uniformisani slu\u017ebenik mora da bude obrijan, okupan, sa urednim i podrezanim noktima, ne mo\u017ee da nosi bradu, a mo\u017ee brkove, koji ne smiju da prelaze visinu linije gornje usne.<\/p>\n<p>&#8220;Ostali zaposleni koji komunalno-policijske i druge poslove u Odsjeku obavljaju u gra\u0111anskom odijelu mogu nositi brkove i bradu u prirodnoj boji. Brkovi i brada, ako se nose, moraju biti ure\u0111eni i \u010disti i takve veli\u010dine dlake da ne izazivaju veliku pa\u017enju, odnosno da ne prelaze lice&#8221;, navodi se u Pravilniku.<\/p>\n<p>Uniformisani slu\u017ebenik du\u017ean je da odr\u017eava kosu urednom tako da ne pokriva u\u0161nu \u0161koljku i ne pada na kragnu, kao i da zulufi ne prelaze po\u010detak resice u\u0161ne \u0161koljke.<\/p>\n<p>Uniformisanim slu\u017ebenicama kosa ne smije da pada preko ramena. Du\u017ea kosa vezuje se prikladnom gumicom i pri\u010dvr\u0161\u0107uje \u0161nalom neupadljivih boja i oblika.<\/p>\n<p>&#8220;Ukoliko se slu\u017ebenici i drugi zaposleni farbaju, kosa, brkovi i brada moraju biti u prirodnim nijansama. Uniformisani slu\u017ebenici i drugi zaposleni ne mogu da imaju duga\u010dke nokte ni nokte obojene razli\u010ditim i fluorescentnim bojama&#8221;, pi\u0161e u Pravilniku.<\/p>\n<p>Uniformisani slu\u017ebenik na javnom mjestu mo\u017ee nositi rokovnik, notes, ta\u0161nu i, po potrebi, ki\u0161obran, ali bez upadljivih amblema i aplikacija i boje prilago\u0111ene boji uniforme: crna, tamno plava ili siva, a ne mo\u017ee nositi nao\u010dare za sunce upadljivih boja i oblika, ure\u0111aje sa slu\u0161alicama, kese, vre\u0107e, pakete i druge predmete, osim kad je to potrebno radi posla.<\/p>\n<p>Nepridr\u017eavanje odredaba ovog pravilnika, objavljenom u posljednjem Slu\u017ebenom glasniku grada Prijedora, predstavlja\u0107e povredu radnih du\u017enosti.<\/p>\n<p>SRNA<\/p>\n","protected":false},"excerpt":{"rendered":"<p>Prijedorska komunalna policija dobila je Pravilnik o na\u010dinu pona\u0161anja i li\u010dnom izgledu uniformisanih slu\u017ebenika i drugih zaposlenih, prema \u010dijim odredbama se mo\u017ee zaklju\u010diti \u0161ta do sada nije bilo primjereno, te [&hellip;]<\/p>\n","protected":false},"author":1,"featured_media":0,"comment_status":"closed","ping_status":"open","sticky":false,"template":"","format":"standard","meta":{"_monsterinsights_skip_tracking":false,"_monsterinsights_sitenote_active":false,"_monsterinsights_sitenote_note":"","_monsterinsights_sitenote_category":0,"footnotes":""},"categories":[3],"tags":[],"yoast_head":"<!-- This site is optimized with the Yoast SEO plugin v21.6 - https:\/\/yoast.com\/wordpress\/plugins\/seo\/ -->\n<title>Komunalna policija Prijedor-Pravilnik o na\u010dinu pona\u0161anja i izgledu slu\u017ebenika: Stop \u017evakama, cigaretama, bradi, dugim noktima - PrijedorDanas.com - Prijedorski gradski portal<\/title>\n<meta name=\"robots\" content=\"index, follow, max-snippet:-1, max-image-preview:large, max-video-preview:-1\" \/>\n<link rel=\"canonical\" href=\"https:\/\/www.prijedordanas.com\/?p=130301\" \/>\n<meta property=\"og:locale\" content=\"en_US\" \/>\n<meta property=\"og:type\" content=\"article\" \/>\n<meta property=\"og:title\" content=\"Komunalna policija Prijedor-Pravilnik o na\u010dinu pona\u0161anja i izgledu slu\u017ebenika: Stop \u017evakama, cigaretama, bradi, dugim noktima - PrijedorDanas.com - Prijedorski gradski portal\" \/>\n<meta property=\"og:description\" content=\"Prijedorska komunalna policija dobila je Pravilnik o na\u010dinu pona\u0161anja i li\u010dnom izgledu uniformisanih slu\u017ebenika i drugih zaposlenih, prema \u010dijim odredbama se mo\u017ee zaklju\u010diti \u0161ta do sada nije bilo primjereno, te [&hellip;]\" \/>\n<meta property=\"og:url\" content=\"https:\/\/www.prijedordanas.com\/?p=130301\" \/>\n<meta property=\"og:site_name\" content=\"PrijedorDanas.com - Prijedorski gradski portal\" \/>\n<meta property=\"article:publisher\" content=\"https:\/\/www.facebook.com\/PrijedorDanasCom\/\" \/>\n<meta property=\"article:published_time\" content=\"2019-07-20T05:25:53+00:00\" \/>\n<meta property=\"og:image\" content=\"https:\/\/www.prijedordanas.com\/wp-content\/uploads\/2019\/07\/prijedor-iz-vazduha-proljece-2019-7-300x217.jpg\" \/>\n<meta name=\"author\" content=\"admin\" \/>\n<meta name=\"twitter:card\" content=\"summary_large_image\" \/>\n<meta name=\"twitter:label1\" content=\"Written by\" \/>\n\t<meta name=\"twitter:data1\" content=\"admin\" \/>\n\t<meta name=\"twitter:label2\" content=\"Est. reading time\" \/>\n\t<meta name=\"twitter:data2\" content=\"3 minutes\" \/>\n<script type=\"application\/ld+json\" class=\"yoast-schema-graph\">{\"@context\":\"https:\/\/schema.org\",\"@graph\":[{\"@type\":\"Article\",\"@id\":\"https:\/\/www.prijedordanas.com\/?p=130301#article\",\"isPartOf\":{\"@id\":\"https:\/\/www.prijedordanas.com\/?p=130301\"},\"author\":{\"name\":\"admin\",\"@id\":\"https:\/\/www.prijedordanas.com\/#\/schema\/person\/4e08ccf29b506ca916ff86d46bb700e6\"},\"headline\":\"Komunalna policija Prijedor-Pravilnik o na\u010dinu pona\u0161anja i izgledu slu\u017ebenika: Stop \u017evakama, cigaretama, bradi, dugim noktima\",\"datePublished\":\"2019-07-20T05:25:53+00:00\",\"dateModified\":\"2019-07-20T05:25:53+00:00\",\"mainEntityOfPage\":{\"@id\":\"https:\/\/www.prijedordanas.com\/?p=130301\"},\"wordCount\":569,\"publisher\":{\"@id\":\"https:\/\/www.prijedordanas.com\/#organization\"},\"articleSection\":[\"\u017divot\"],\"inLanguage\":\"en-US\"},{\"@type\":\"WebPage\",\"@id\":\"https:\/\/www.prijedordanas.com\/?p=130301\",\"url\":\"https:\/\/www.prijedordanas.com\/?p=130301\",\"name\":\"Komunalna policija Prijedor-Pravilnik o na\u010dinu pona\u0161anja i izgledu slu\u017ebenika: Stop \u017evakama, cigaretama, bradi, dugim noktima - PrijedorDanas.com - Prijedorski gradski portal\",\"isPartOf\":{\"@id\":\"https:\/\/www.prijedordanas.com\/#website\"},\"datePublished\":\"2019-07-20T05:25:53+00:00\",\"dateModified\":\"2019-07-20T05:25:53+00:00\",\"breadcrumb\":{\"@id\":\"https:\/\/www.prijedordanas.com\/?p=130301#breadcrumb\"},\"inLanguage\":\"en-US\",\"potentialAction\":[{\"@type\":\"ReadAction\",\"target\":[\"https:\/\/www.prijedordanas.com\/?p=130301\"]}]},{\"@type\":\"BreadcrumbList\",\"@id\":\"https:\/\/www.prijedordanas.com\/?p=130301#breadcrumb\",\"itemListElement\":[{\"@type\":\"ListItem\",\"position\":1,\"name\":\"Home\",\"item\":\"https:\/\/www.prijedordanas.com\/\"},{\"@type\":\"ListItem\",\"position\":2,\"name\":\"Komunalna policija Prijedor-Pravilnik o na\u010dinu pona\u0161anja i izgledu slu\u017ebenika: Stop \u017evakama, cigaretama, bradi, dugim noktima\"}]},{\"@type\":\"WebSite\",\"@id\":\"https:\/\/www.prijedordanas.com\/#website\",\"url\":\"https:\/\/www.prijedordanas.com\/\",\"name\":\"PrijedorDanas.com - Prijedorski gradski portal\",\"description\":\"Portal o doga\u0111anjima u gradu Prijedoru\",\"publisher\":{\"@id\":\"https:\/\/www.prijedordanas.com\/#organization\"},\"potentialAction\":[{\"@type\":\"SearchAction\",\"target\":{\"@type\":\"EntryPoint\",\"urlTemplate\":\"https:\/\/www.prijedordanas.com\/?s={search_term_string}\"},\"query-input\":\"required name=search_term_string\"}],\"inLanguage\":\"en-US\"},{\"@type\":\"Organization\",\"@id\":\"https:\/\/www.prijedordanas.com\/#organization\",\"name\":\"PrijedorDanas.com\",\"url\":\"https:\/\/www.prijedordanas.com\/\",\"logo\":{\"@type\":\"ImageObject\",\"inLanguage\":\"en-US\",\"@id\":\"https:\/\/www.prijedordanas.com\/#\/schema\/logo\/image\/\",\"url\":\"http:\/\/www.prijedordanas.com\/wp-content\/uploads\/2021\/12\/logopng.png\",\"contentUrl\":\"http:\/\/www.prijedordanas.com\/wp-content\/uploads\/2021\/12\/logopng.png\",\"width\":1019,\"height\":776,\"caption\":\"PrijedorDanas.com\"},\"image\":{\"@id\":\"https:\/\/www.prijedordanas.com\/#\/schema\/logo\/image\/\"},\"sameAs\":[\"https:\/\/www.facebook.com\/PrijedorDanasCom\/\"]},{\"@type\":\"Person\",\"@id\":\"https:\/\/www.prijedordanas.com\/#\/schema\/person\/4e08ccf29b506ca916ff86d46bb700e6\",\"name\":\"admin\",\"image\":{\"@type\":\"ImageObject\",\"inLanguage\":\"en-US\",\"@id\":\"https:\/\/www.prijedordanas.com\/#\/schema\/person\/image\/\",\"url\":\"https:\/\/secure.gravatar.com\/avatar\/1d3fc949d550f0b53a5f0d51e06dfd79?s=96&d=mm&r=g\",\"contentUrl\":\"https:\/\/secure.gravatar.com\/avatar\/1d3fc949d550f0b53a5f0d51e06dfd79?s=96&d=mm&r=g\",\"caption\":\"admin\"},\"url\":\"https:\/\/www.prijedordanas.com\/?author=1\"}]}<\/script>\n<!-- \/ Yoast SEO plugin. -->","yoast_head_json":{"title":"Komunalna policija Prijedor-Pravilnik o na\u010dinu pona\u0161anja i izgledu slu\u017ebenika: Stop \u017evakama, cigaretama, bradi, dugim noktima - PrijedorDanas.com - Prijedorski gradski portal","robots":{"index":"index","follow":"follow","max-snippet":"max-snippet:-1","max-image-preview":"max-image-preview:large","max-video-preview":"max-video-preview:-1"},"canonical":"https:\/\/www.prijedordanas.com\/?p=130301","og_locale":"en_US","og_type":"article","og_title":"Komunalna policija Prijedor-Pravilnik o na\u010dinu pona\u0161anja i izgledu slu\u017ebenika: Stop \u017evakama, cigaretama, bradi, dugim noktima - PrijedorDanas.com - Prijedorski gradski portal","og_description":"Prijedorska komunalna policija dobila je Pravilnik o na\u010dinu pona\u0161anja i li\u010dnom izgledu uniformisanih slu\u017ebenika i drugih zaposlenih, prema \u010dijim odredbama se mo\u017ee zaklju\u010diti \u0161ta do sada nije bilo primjereno, te [&hellip;]","og_url":"https:\/\/www.prijedordanas.com\/?p=130301","og_site_name":"PrijedorDanas.com - Prijedorski gradski portal","article_publisher":"https:\/\/www.facebook.com\/PrijedorDanasCom\/","article_published_time":"2019-07-20T05:25:53+00:00","og_image":[{"url":"https:\/\/www.prijedordanas.com\/wp-content\/uploads\/2019\/07\/prijedor-iz-vazduha-proljece-2019-7-300x217.jpg"}],"author":"admin","twitter_card":"summary_large_image","twitter_misc":{"Written by":"admin","Est. reading time":"3 minutes"},"schema":{"@context":"https:\/\/schema.org","@graph":[{"@type":"Article","@id":"https:\/\/www.prijedordanas.com\/?p=130301#article","isPartOf":{"@id":"https:\/\/www.prijedordanas.com\/?p=130301"},"author":{"name":"admin","@id":"https:\/\/www.prijedordanas.com\/#\/schema\/person\/4e08ccf29b506ca916ff86d46bb700e6"},"headline":"Komunalna policija Prijedor-Pravilnik o na\u010dinu pona\u0161anja i izgledu slu\u017ebenika: Stop \u017evakama, cigaretama, bradi, dugim noktima","datePublished":"2019-07-20T05:25:53+00:00","dateModified":"2019-07-20T05:25:53+00:00","mainEntityOfPage":{"@id":"https:\/\/www.prijedordanas.com\/?p=130301"},"wordCount":569,"publisher":{"@id":"https:\/\/www.prijedordanas.com\/#organization"},"articleSection":["\u017divot"],"inLanguage":"en-US"},{"@type":"WebPage","@id":"https:\/\/www.prijedordanas.com\/?p=130301","url":"https:\/\/www.prijedordanas.com\/?p=130301","name":"Komunalna policija Prijedor-Pravilnik o na\u010dinu pona\u0161anja i izgledu slu\u017ebenika: Stop \u017evakama, cigaretama, bradi, dugim noktima - PrijedorDanas.com - Prijedorski gradski portal","isPartOf":{"@id":"https:\/\/www.prijedordanas.com\/#website"},"datePublished":"2019-07-20T05:25:53+00:00","dateModified":"2019-07-20T05:25:53+00:00","breadcrumb":{"@id":"https:\/\/www.prijedordanas.com\/?p=130301#breadcrumb"},"inLanguage":"en-US","potentialAction":[{"@type":"ReadAction","target":["https:\/\/www.prijedordanas.com\/?p=130301"]}]},{"@type":"BreadcrumbList","@id":"https:\/\/www.prijedordanas.com\/?p=130301#breadcrumb","itemListElement":[{"@type":"ListItem","position":1,"name":"Home","item":"https:\/\/www.prijedordanas.com\/"},{"@type":"ListItem","position":2,"name":"Komunalna policija Prijedor-Pravilnik o na\u010dinu pona\u0161anja i izgledu slu\u017ebenika: Stop \u017evakama, cigaretama, bradi, dugim noktima"}]},{"@type":"WebSite","@id":"https:\/\/www.prijedordanas.com\/#website","url":"https:\/\/www.prijedordanas.com\/","name":"PrijedorDanas.com - Prijedorski gradski portal","description":"Portal o doga\u0111anjima u gradu Prijedoru","publisher":{"@id":"https:\/\/www.prijedordanas.com\/#organization"},"potentialAction":[{"@type":"SearchAction","target":{"@type":"EntryPoint","urlTemplate":"https:\/\/www.prijedordanas.com\/?s={search_term_string}"},"query-input":"required name=search_term_string"}],"inLanguage":"en-US"},{"@type":"Organization","@id":"https:\/\/www.prijedordanas.com\/#organization","name":"PrijedorDanas.com","url":"https:\/\/www.prijedordanas.com\/","logo":{"@type":"ImageObject","inLanguage":"en-US","@id":"https:\/\/www.prijedordanas.com\/#\/schema\/logo\/image\/","url":"http:\/\/www.prijedordanas.com\/wp-content\/uploads\/2021\/12\/logopng.png","contentUrl":"http:\/\/www.prijedordanas.com\/wp-content\/uploads\/2021\/12\/logopng.png","width":1019,"height":776,"caption":"PrijedorDanas.com"},"image":{"@id":"https:\/\/www.prijedordanas.com\/#\/schema\/logo\/image\/"},"sameAs":["https:\/\/www.facebook.com\/PrijedorDanasCom\/"]},{"@type":"Person","@id":"https:\/\/www.prijedordanas.com\/#\/schema\/person\/4e08ccf29b506ca916ff86d46bb700e6","name":"admin","image":{"@type":"ImageObject","inLanguage":"en-US","@id":"https:\/\/www.prijedordanas.com\/#\/schema\/person\/image\/","url":"https:\/\/secure.gravatar.com\/avatar\/1d3fc949d550f0b53a5f0d51e06dfd79?s=96&d=mm&r=g","contentUrl":"https:\/\/secure.gravatar.com\/avatar\/1d3fc949d550f0b53a5f0d51e06dfd79?s=96&d=mm&r=g","caption":"admin"},"url":"https:\/\/www.prijedordanas.com\/?author=1"}]}},"_links":{"self":[{"href":"https:\/\/www.prijedordanas.com\/index.php?rest_route=\/wp\/v2\/posts\/130301"}],"collection":[{"href":"https:\/\/www.prijedordanas.com\/index.php?rest_route=\/wp\/v2\/posts"}],"about":[{"href":"https:\/\/www.prijedordanas.com\/index.php?rest_route=\/wp\/v2\/types\/post"}],"author":[{"embeddable":true,"href":"https:\/\/www.prijedordanas.com\/index.php?rest_route=\/wp\/v2\/users\/1"}],"replies":[{"embeddable":true,"href":"https:\/\/www.prijedordanas.com\/index.php?rest_route=%2Fwp%2Fv2%2Fcomments&post=130301"}],"version-history":[{"count":2,"href":"https:\/\/www.prijedordanas.com\/index.php?rest_route=\/wp\/v2\/posts\/130301\/revisions"}],"predecessor-version":[{"id":130901,"href":"https:\/\/www.prijedordanas.com\/index.php?rest_route=\/wp\/v2\/posts\/130301\/revisions\/130901"}],"wp:attachment":[{"href":"https:\/\/www.prijedordanas.com\/index.php?rest_route=%2Fwp%2Fv2%2Fmedia&parent=130301"}],"wp:term":[{"taxonomy":"category","embeddable":true,"href":"https:\/\/www.prijedordanas.com\/index.php?rest_route=%2Fwp%2Fv2%2Fcategories&post=130301"},{"taxonomy":"post_tag","embeddable":true,"href":"https:\/\/www.prijedordanas.com\/index.php?rest_route=%2Fwp%2Fv2%2Ftags&post=130301"}],"curies":[{"name":"wp","href":"https:\/\/api.w.org\/{rel}","templated":true}]}}