{"id":130283,"date":"2019-07-07T21:20:35","date_gmt":"2019-07-07T19:20:35","guid":{"rendered":"https:\/\/www.prijedordanas.com\/?p=130283"},"modified":"2019-07-07T21:20:35","modified_gmt":"2019-07-07T19:20:35","slug":"obiljezen-ivanjdan-slava-sela-miska-glava","status":"publish","type":"post","link":"https:\/\/www.prijedordanas.com\/?p=130283","title":{"rendered":"Obilje\u017een Ivanjdan &#8211; slava sela Miska Glava"},"content":{"rendered":"<p><a href=\"https:\/\/www.prijedordanas.com\/wp-content\/uploads\/2019\/07\/prijedorgradorg-miska-glava-ivanjdan-1.jpg\"><img loading=\"lazy\" decoding=\"async\" class=\"alignleft size-medium wp-image-130287\" src=\"https:\/\/www.prijedordanas.com\/wp-content\/uploads\/2019\/07\/prijedorgradorg-miska-glava-ivanjdan-1-300x217.jpg\" alt=\"\" width=\"300\" height=\"217\" srcset=\"https:\/\/www.prijedordanas.com\/wp-content\/uploads\/2019\/07\/prijedorgradorg-miska-glava-ivanjdan-1-300x217.jpg 300w, https:\/\/www.prijedordanas.com\/wp-content\/uploads\/2019\/07\/prijedorgradorg-miska-glava-ivanjdan-1-100x72.jpg 100w, https:\/\/www.prijedordanas.com\/wp-content\/uploads\/2019\/07\/prijedorgradorg-miska-glava-ivanjdan-1.jpg 690w\" sizes=\"(max-width: 300px) 100vw, 300px\" \/><\/a>U Miskoj Glavi kod Prijedora i ove godine na Ivanjdan, okupili su se mje\u0161tani i njihovi gosti, kako bi proslavili krsnu slavu ovog sela i tamo\u0161njeg Sabornog hrama Svetog Jovana Krstitelja.<\/p>\n<p>Mje\u0161tani ka\u017eu, radosni su \u0161to se svake godine okupe na ovom mjestu, a jo\u0161 radosniji bi bili kada bi ih bilo vi\u0161e.<\/p>\n<p>Kao i svake godine , slu\u017een je parastos i polo\u017eeni vijenci ispred spomenika i spomen obilje\u017eja u znak sje\u0107anja na svoje sugra\u0111ane koji su \u017eivot dali za slobodu, i to 17 boraca odbrambeno-otad\u017ebinskog rata, 67 boraca NOR-a i 34 civila koji su bili \u017ertve fa\u0161isti\u010dkog terora.<\/p>\n<p>Predsjednik Savjeta mjesne zajednice Miska Glava Milenko Bilbija rekao je da se mje\u0161tani trude da odr\u017ee ovu tradiciju, ali mladosti nema, \u0161kole su pred zatvaranjem \u0161to je negativno za ovo podru\u010dje.<\/p>\n<p><a href=\"https:\/\/www.prijedordanas.com\/wp-content\/uploads\/2019\/07\/prijedorgradorg-miska-glava-ivanjdan-2.jpg\"><img loading=\"lazy\" decoding=\"async\" class=\"alignleft size-medium wp-image-130288\" src=\"https:\/\/www.prijedordanas.com\/wp-content\/uploads\/2019\/07\/prijedorgradorg-miska-glava-ivanjdan-2-300x225.jpg\" alt=\"\" width=\"300\" height=\"225\" srcset=\"https:\/\/www.prijedordanas.com\/wp-content\/uploads\/2019\/07\/prijedorgradorg-miska-glava-ivanjdan-2-300x225.jpg 300w, https:\/\/www.prijedordanas.com\/wp-content\/uploads\/2019\/07\/prijedorgradorg-miska-glava-ivanjdan-2-100x75.jpg 100w, https:\/\/www.prijedordanas.com\/wp-content\/uploads\/2019\/07\/prijedorgradorg-miska-glava-ivanjdan-2.jpg 600w\" sizes=\"(max-width: 300px) 100vw, 300px\" \/><\/a>&#8220;Uz prisje\u0107anje na poginule mje\u0161tane, \u0161to je na\u0161a ljudska obaveza i tekovina za budu\u0107nost, ovo je prilika da se okupimo i da porazgovaramo o aktuelnoj situaciji u na\u0161em selu i o planovima daljeg razvoja. Ali selo kao selo. Svakim danom sve nas je manje, mladosti nema i ono \u0161to ima to odlazi&#8221;, rekao je Bilbija.<\/p>\n<p>Na podru\u010dju ove mjesne zajednice \u017eivi oko 400 stanovnika,a bilo ih je nekada i 1400.<\/p>\n<p>&#8220;To nije samo na\u0161a sudbina, ve\u0107 i drugih sela. Me\u0111utim ovo nas \u0161to ima mi se borimo svim silama da odr\u017eimo tu tradiciju zboravanja i da se sje\u0107amo na\u0161ih palih boraca i junaka&#8221;, istakao je Bilbija.<\/p>\n<p>Gradona\u010delnik Prijedora Milenko \u0110akovi\u0107 koji je danas bio u posjeti mje\u0161tanima Miske Glave naglasio je da se ovdje prvenstveno i dalje njeguje tradicija antifa\u0161izma, ali i brine o budu\u0107em razvoju sela.<\/p>\n<p>&#8220;Grad kontinuirano ula\u017ee u ovu mjesnu zajednicu jer njihova aktivnost i rad to zaslu\u017euju. Ovdje ima jedan potez od pruge koji je ostao nepresvu\u010den zbog problema sa tenderima ,a godinama je u planu .To je ne\u0161to \u0161to je me\u0111u prvim projektima ure\u0111enja putne infrastrukture koji \u0107e se ovdje uraditi pored rje\u0161avnja problema sa elektrifikacijom i makadamskim putevima&#8221;, rekao je \u0110akovi\u0107.<\/p>\n<p>www.prijedorgrad.org<\/p>\n<p><a href=\"https:\/\/www.prijedordanas.com\/wp-content\/uploads\/2019\/07\/prijedorgradorg-miska-glava-ivanjdan-3.jpg\"><img loading=\"lazy\" decoding=\"async\" src=\"https:\/\/www.prijedordanas.com\/wp-content\/uploads\/2019\/07\/prijedorgradorg-miska-glava-ivanjdan-3-300x225.jpg\" alt=\"\" width=\"300\" height=\"225\" class=\"alignleft size-medium wp-image-130289\" srcset=\"https:\/\/www.prijedordanas.com\/wp-content\/uploads\/2019\/07\/prijedorgradorg-miska-glava-ivanjdan-3-300x225.jpg 300w, https:\/\/www.prijedordanas.com\/wp-content\/uploads\/2019\/07\/prijedorgradorg-miska-glava-ivanjdan-3-100x75.jpg 100w, https:\/\/www.prijedordanas.com\/wp-content\/uploads\/2019\/07\/prijedorgradorg-miska-glava-ivanjdan-3.jpg 600w\" sizes=\"(max-width: 300px) 100vw, 300px\" \/><\/a> <a href=\"https:\/\/www.prijedordanas.com\/wp-content\/uploads\/2019\/07\/prijedorgradorg-miska-glava-ivanjdan-4.jpg\"><img loading=\"lazy\" decoding=\"async\" src=\"https:\/\/www.prijedordanas.com\/wp-content\/uploads\/2019\/07\/prijedorgradorg-miska-glava-ivanjdan-4-300x225.jpg\" alt=\"\" width=\"300\" height=\"225\" class=\"alignleft size-medium wp-image-130290\" srcset=\"https:\/\/www.prijedordanas.com\/wp-content\/uploads\/2019\/07\/prijedorgradorg-miska-glava-ivanjdan-4-300x225.jpg 300w, https:\/\/www.prijedordanas.com\/wp-content\/uploads\/2019\/07\/prijedorgradorg-miska-glava-ivanjdan-4-100x75.jpg 100w, https:\/\/www.prijedordanas.com\/wp-content\/uploads\/2019\/07\/prijedorgradorg-miska-glava-ivanjdan-4.jpg 600w\" sizes=\"(max-width: 300px) 100vw, 300px\" \/><\/a><\/p>\n","protected":false},"excerpt":{"rendered":"<p>U Miskoj Glavi kod Prijedora i ove godine na Ivanjdan, okupili su se mje\u0161tani i njihovi gosti, kako bi proslavili krsnu slavu ovog sela i tamo\u0161njeg Sabornog hrama Svetog Jovana [&hellip;]<\/p>\n","protected":false},"author":1,"featured_media":0,"comment_status":"closed","ping_status":"open","sticky":false,"template":"","format":"standard","meta":{"_monsterinsights_skip_tracking":false,"_monsterinsights_sitenote_active":false,"_monsterinsights_sitenote_note":"","_monsterinsights_sitenote_category":0,"footnotes":""},"categories":[8],"tags":[1708],"yoast_head":"<!-- This site is optimized with the Yoast SEO plugin v21.6 - https:\/\/yoast.com\/wordpress\/plugins\/seo\/ -->\n<title>Obilje\u017een Ivanjdan - slava sela Miska Glava - PrijedorDanas.com - Prijedorski gradski portal<\/title>\n<meta name=\"robots\" content=\"index, follow, max-snippet:-1, max-image-preview:large, max-video-preview:-1\" \/>\n<link rel=\"canonical\" href=\"https:\/\/www.prijedordanas.com\/?p=130283\" \/>\n<meta property=\"og:locale\" content=\"en_US\" \/>\n<meta property=\"og:type\" content=\"article\" \/>\n<meta property=\"og:title\" content=\"Obilje\u017een Ivanjdan - slava sela Miska Glava - PrijedorDanas.com - Prijedorski gradski portal\" \/>\n<meta property=\"og:description\" content=\"U Miskoj Glavi kod Prijedora i ove godine na Ivanjdan, okupili su se mje\u0161tani i njihovi gosti, kako bi proslavili krsnu slavu ovog sela i tamo\u0161njeg Sabornog hrama Svetog Jovana [&hellip;]\" \/>\n<meta property=\"og:url\" content=\"https:\/\/www.prijedordanas.com\/?p=130283\" \/>\n<meta property=\"og:site_name\" content=\"PrijedorDanas.com - Prijedorski gradski portal\" \/>\n<meta property=\"article:publisher\" content=\"https:\/\/www.facebook.com\/PrijedorDanasCom\/\" \/>\n<meta property=\"article:published_time\" content=\"2019-07-07T19:20:35+00:00\" \/>\n<meta property=\"og:image\" content=\"https:\/\/www.prijedordanas.com\/wp-content\/uploads\/2019\/07\/prijedorgradorg-miska-glava-ivanjdan-1-300x217.jpg\" \/>\n<meta name=\"author\" content=\"admin\" \/>\n<meta name=\"twitter:card\" content=\"summary_large_image\" \/>\n<meta name=\"twitter:label1\" content=\"Written by\" \/>\n\t<meta name=\"twitter:data1\" content=\"admin\" \/>\n\t<meta name=\"twitter:label2\" content=\"Est. reading time\" \/>\n\t<meta name=\"twitter:data2\" content=\"2 minutes\" \/>\n<script type=\"application\/ld+json\" class=\"yoast-schema-graph\">{\"@context\":\"https:\/\/schema.org\",\"@graph\":[{\"@type\":\"Article\",\"@id\":\"https:\/\/www.prijedordanas.com\/?p=130283#article\",\"isPartOf\":{\"@id\":\"https:\/\/www.prijedordanas.com\/?p=130283\"},\"author\":{\"name\":\"admin\",\"@id\":\"https:\/\/www.prijedordanas.com\/#\/schema\/person\/4e08ccf29b506ca916ff86d46bb700e6\"},\"headline\":\"Obilje\u017een Ivanjdan &#8211; slava sela Miska Glava\",\"datePublished\":\"2019-07-07T19:20:35+00:00\",\"dateModified\":\"2019-07-07T19:20:35+00:00\",\"mainEntityOfPage\":{\"@id\":\"https:\/\/www.prijedordanas.com\/?p=130283\"},\"wordCount\":371,\"publisher\":{\"@id\":\"https:\/\/www.prijedordanas.com\/#organization\"},\"keywords\":[\"Miska Glava\"],\"articleSection\":[\"Svakodnevno\"],\"inLanguage\":\"en-US\"},{\"@type\":\"WebPage\",\"@id\":\"https:\/\/www.prijedordanas.com\/?p=130283\",\"url\":\"https:\/\/www.prijedordanas.com\/?p=130283\",\"name\":\"Obilje\u017een Ivanjdan - slava sela Miska Glava - PrijedorDanas.com - Prijedorski gradski portal\",\"isPartOf\":{\"@id\":\"https:\/\/www.prijedordanas.com\/#website\"},\"datePublished\":\"2019-07-07T19:20:35+00:00\",\"dateModified\":\"2019-07-07T19:20:35+00:00\",\"breadcrumb\":{\"@id\":\"https:\/\/www.prijedordanas.com\/?p=130283#breadcrumb\"},\"inLanguage\":\"en-US\",\"potentialAction\":[{\"@type\":\"ReadAction\",\"target\":[\"https:\/\/www.prijedordanas.com\/?p=130283\"]}]},{\"@type\":\"BreadcrumbList\",\"@id\":\"https:\/\/www.prijedordanas.com\/?p=130283#breadcrumb\",\"itemListElement\":[{\"@type\":\"ListItem\",\"position\":1,\"name\":\"Home\",\"item\":\"https:\/\/www.prijedordanas.com\/\"},{\"@type\":\"ListItem\",\"position\":2,\"name\":\"Obilje\u017een Ivanjdan &#8211; slava sela Miska Glava\"}]},{\"@type\":\"WebSite\",\"@id\":\"https:\/\/www.prijedordanas.com\/#website\",\"url\":\"https:\/\/www.prijedordanas.com\/\",\"name\":\"PrijedorDanas.com - Prijedorski gradski portal\",\"description\":\"Portal o doga\u0111anjima u gradu Prijedoru\",\"publisher\":{\"@id\":\"https:\/\/www.prijedordanas.com\/#organization\"},\"potentialAction\":[{\"@type\":\"SearchAction\",\"target\":{\"@type\":\"EntryPoint\",\"urlTemplate\":\"https:\/\/www.prijedordanas.com\/?s={search_term_string}\"},\"query-input\":\"required name=search_term_string\"}],\"inLanguage\":\"en-US\"},{\"@type\":\"Organization\",\"@id\":\"https:\/\/www.prijedordanas.com\/#organization\",\"name\":\"PrijedorDanas.com\",\"url\":\"https:\/\/www.prijedordanas.com\/\",\"logo\":{\"@type\":\"ImageObject\",\"inLanguage\":\"en-US\",\"@id\":\"https:\/\/www.prijedordanas.com\/#\/schema\/logo\/image\/\",\"url\":\"http:\/\/www.prijedordanas.com\/wp-content\/uploads\/2021\/12\/logopng.png\",\"contentUrl\":\"http:\/\/www.prijedordanas.com\/wp-content\/uploads\/2021\/12\/logopng.png\",\"width\":1019,\"height\":776,\"caption\":\"PrijedorDanas.com\"},\"image\":{\"@id\":\"https:\/\/www.prijedordanas.com\/#\/schema\/logo\/image\/\"},\"sameAs\":[\"https:\/\/www.facebook.com\/PrijedorDanasCom\/\"]},{\"@type\":\"Person\",\"@id\":\"https:\/\/www.prijedordanas.com\/#\/schema\/person\/4e08ccf29b506ca916ff86d46bb700e6\",\"name\":\"admin\",\"image\":{\"@type\":\"ImageObject\",\"inLanguage\":\"en-US\",\"@id\":\"https:\/\/www.prijedordanas.com\/#\/schema\/person\/image\/\",\"url\":\"https:\/\/secure.gravatar.com\/avatar\/1d3fc949d550f0b53a5f0d51e06dfd79?s=96&d=mm&r=g\",\"contentUrl\":\"https:\/\/secure.gravatar.com\/avatar\/1d3fc949d550f0b53a5f0d51e06dfd79?s=96&d=mm&r=g\",\"caption\":\"admin\"},\"url\":\"https:\/\/www.prijedordanas.com\/?author=1\"}]}<\/script>\n<!-- \/ Yoast SEO plugin. -->","yoast_head_json":{"title":"Obilje\u017een Ivanjdan - slava sela Miska Glava - PrijedorDanas.com - Prijedorski gradski portal","robots":{"index":"index","follow":"follow","max-snippet":"max-snippet:-1","max-image-preview":"max-image-preview:large","max-video-preview":"max-video-preview:-1"},"canonical":"https:\/\/www.prijedordanas.com\/?p=130283","og_locale":"en_US","og_type":"article","og_title":"Obilje\u017een Ivanjdan - slava sela Miska Glava - PrijedorDanas.com - Prijedorski gradski portal","og_description":"U Miskoj Glavi kod Prijedora i ove godine na Ivanjdan, okupili su se mje\u0161tani i njihovi gosti, kako bi proslavili krsnu slavu ovog sela i tamo\u0161njeg Sabornog hrama Svetog Jovana [&hellip;]","og_url":"https:\/\/www.prijedordanas.com\/?p=130283","og_site_name":"PrijedorDanas.com - Prijedorski gradski portal","article_publisher":"https:\/\/www.facebook.com\/PrijedorDanasCom\/","article_published_time":"2019-07-07T19:20:35+00:00","og_image":[{"url":"https:\/\/www.prijedordanas.com\/wp-content\/uploads\/2019\/07\/prijedorgradorg-miska-glava-ivanjdan-1-300x217.jpg"}],"author":"admin","twitter_card":"summary_large_image","twitter_misc":{"Written by":"admin","Est. reading time":"2 minutes"},"schema":{"@context":"https:\/\/schema.org","@graph":[{"@type":"Article","@id":"https:\/\/www.prijedordanas.com\/?p=130283#article","isPartOf":{"@id":"https:\/\/www.prijedordanas.com\/?p=130283"},"author":{"name":"admin","@id":"https:\/\/www.prijedordanas.com\/#\/schema\/person\/4e08ccf29b506ca916ff86d46bb700e6"},"headline":"Obilje\u017een Ivanjdan &#8211; slava sela Miska Glava","datePublished":"2019-07-07T19:20:35+00:00","dateModified":"2019-07-07T19:20:35+00:00","mainEntityOfPage":{"@id":"https:\/\/www.prijedordanas.com\/?p=130283"},"wordCount":371,"publisher":{"@id":"https:\/\/www.prijedordanas.com\/#organization"},"keywords":["Miska Glava"],"articleSection":["Svakodnevno"],"inLanguage":"en-US"},{"@type":"WebPage","@id":"https:\/\/www.prijedordanas.com\/?p=130283","url":"https:\/\/www.prijedordanas.com\/?p=130283","name":"Obilje\u017een Ivanjdan - slava sela Miska Glava - PrijedorDanas.com - Prijedorski gradski portal","isPartOf":{"@id":"https:\/\/www.prijedordanas.com\/#website"},"datePublished":"2019-07-07T19:20:35+00:00","dateModified":"2019-07-07T19:20:35+00:00","breadcrumb":{"@id":"https:\/\/www.prijedordanas.com\/?p=130283#breadcrumb"},"inLanguage":"en-US","potentialAction":[{"@type":"ReadAction","target":["https:\/\/www.prijedordanas.com\/?p=130283"]}]},{"@type":"BreadcrumbList","@id":"https:\/\/www.prijedordanas.com\/?p=130283#breadcrumb","itemListElement":[{"@type":"ListItem","position":1,"name":"Home","item":"https:\/\/www.prijedordanas.com\/"},{"@type":"ListItem","position":2,"name":"Obilje\u017een Ivanjdan &#8211; slava sela Miska Glava"}]},{"@type":"WebSite","@id":"https:\/\/www.prijedordanas.com\/#website","url":"https:\/\/www.prijedordanas.com\/","name":"PrijedorDanas.com - Prijedorski gradski portal","description":"Portal o doga\u0111anjima u gradu Prijedoru","publisher":{"@id":"https:\/\/www.prijedordanas.com\/#organization"},"potentialAction":[{"@type":"SearchAction","target":{"@type":"EntryPoint","urlTemplate":"https:\/\/www.prijedordanas.com\/?s={search_term_string}"},"query-input":"required name=search_term_string"}],"inLanguage":"en-US"},{"@type":"Organization","@id":"https:\/\/www.prijedordanas.com\/#organization","name":"PrijedorDanas.com","url":"https:\/\/www.prijedordanas.com\/","logo":{"@type":"ImageObject","inLanguage":"en-US","@id":"https:\/\/www.prijedordanas.com\/#\/schema\/logo\/image\/","url":"http:\/\/www.prijedordanas.com\/wp-content\/uploads\/2021\/12\/logopng.png","contentUrl":"http:\/\/www.prijedordanas.com\/wp-content\/uploads\/2021\/12\/logopng.png","width":1019,"height":776,"caption":"PrijedorDanas.com"},"image":{"@id":"https:\/\/www.prijedordanas.com\/#\/schema\/logo\/image\/"},"sameAs":["https:\/\/www.facebook.com\/PrijedorDanasCom\/"]},{"@type":"Person","@id":"https:\/\/www.prijedordanas.com\/#\/schema\/person\/4e08ccf29b506ca916ff86d46bb700e6","name":"admin","image":{"@type":"ImageObject","inLanguage":"en-US","@id":"https:\/\/www.prijedordanas.com\/#\/schema\/person\/image\/","url":"https:\/\/secure.gravatar.com\/avatar\/1d3fc949d550f0b53a5f0d51e06dfd79?s=96&d=mm&r=g","contentUrl":"https:\/\/secure.gravatar.com\/avatar\/1d3fc949d550f0b53a5f0d51e06dfd79?s=96&d=mm&r=g","caption":"admin"},"url":"https:\/\/www.prijedordanas.com\/?author=1"}]}},"_links":{"self":[{"href":"https:\/\/www.prijedordanas.com\/index.php?rest_route=\/wp\/v2\/posts\/130283"}],"collection":[{"href":"https:\/\/www.prijedordanas.com\/index.php?rest_route=\/wp\/v2\/posts"}],"about":[{"href":"https:\/\/www.prijedordanas.com\/index.php?rest_route=\/wp\/v2\/types\/post"}],"author":[{"embeddable":true,"href":"https:\/\/www.prijedordanas.com\/index.php?rest_route=\/wp\/v2\/users\/1"}],"replies":[{"embeddable":true,"href":"https:\/\/www.prijedordanas.com\/index.php?rest_route=%2Fwp%2Fv2%2Fcomments&post=130283"}],"version-history":[{"count":1,"href":"https:\/\/www.prijedordanas.com\/index.php?rest_route=\/wp\/v2\/posts\/130283\/revisions"}],"predecessor-version":[{"id":130291,"href":"https:\/\/www.prijedordanas.com\/index.php?rest_route=\/wp\/v2\/posts\/130283\/revisions\/130291"}],"wp:attachment":[{"href":"https:\/\/www.prijedordanas.com\/index.php?rest_route=%2Fwp%2Fv2%2Fmedia&parent=130283"}],"wp:term":[{"taxonomy":"category","embeddable":true,"href":"https:\/\/www.prijedordanas.com\/index.php?rest_route=%2Fwp%2Fv2%2Fcategories&post=130283"},{"taxonomy":"post_tag","embeddable":true,"href":"https:\/\/www.prijedordanas.com\/index.php?rest_route=%2Fwp%2Fv2%2Ftags&post=130283"}],"curies":[{"name":"wp","href":"https:\/\/api.w.org\/{rel}","templated":true}]}}