{"id":130125,"date":"2019-07-04T20:52:10","date_gmt":"2019-07-04T18:52:10","guid":{"rendered":"https:\/\/www.prijedordanas.com\/?p=130125"},"modified":"2019-07-04T20:52:10","modified_gmt":"2019-07-04T18:52:10","slug":"prijedoru-200-000-evra-za-rekonstrukciju-os-petar-kocic-video","status":"publish","type":"post","link":"https:\/\/www.prijedordanas.com\/?p=130125","title":{"rendered":"Prijedoru 200.000 evra za rekonstrukciju O\u0160 &#8220;Petar Ko\u010di\u0107&#8221; &#8211; VIDEO"},"content":{"rendered":"<p><a href=\"https:\/\/www.prijedordanas.com\/wp-content\/uploads\/2019\/07\/rtrs-os-petar-kocic.jpg\"><img loading=\"lazy\" decoding=\"async\" src=\"https:\/\/www.prijedordanas.com\/wp-content\/uploads\/2019\/07\/rtrs-os-petar-kocic-300x225.jpg\" alt=\"\" width=\"300\" height=\"225\" class=\"alignleft size-medium wp-image-130126\" srcset=\"https:\/\/www.prijedordanas.com\/wp-content\/uploads\/2019\/07\/rtrs-os-petar-kocic-300x225.jpg 300w, https:\/\/www.prijedordanas.com\/wp-content\/uploads\/2019\/07\/rtrs-os-petar-kocic-100x75.jpg 100w, https:\/\/www.prijedordanas.com\/wp-content\/uploads\/2019\/07\/rtrs-os-petar-kocic-640x480.jpg 640w, https:\/\/www.prijedordanas.com\/wp-content\/uploads\/2019\/07\/rtrs-os-petar-kocic.jpg 666w\" sizes=\"(max-width: 300px) 100vw, 300px\" \/><\/a>Vlada Srbije ulo\u017ei\u0107e 200.000 evra u rekonstrukciju prijedorske Osnovne \u0161kole &#8220;Petar Ko\u010di\u0107&#8221;.<\/p>\n<p>Zahvaljuju\u0107i donaciji, koju su inicirali Vlada Srpske i srpski \u010dlan Predsjedni\u0161tva Milorad Dodik, uslovi u najve\u0107oj osnovnoj \u0161koli u Prijedoru, bi\u0107e zna\u010dajno pobolj\u0161ani.<\/p>\n<p>Od 1998. godine kada je \u0161kolski objekat izgra\u0111en, ulaganja u njegovu rekonstrukciju bila su minimalna. Dotrajali su stolarija i sistem grijanja.<\/p>\n<p>&#8211; Grijanje nikad nije bilo optimalno, nije se mogao ovoliki prostor zagrijati. Mi se nalazimo u dijelu grada koji nema centralno grijanje, za razliku od drugih \u0161kola &#8211; ka\u017ee Gorana Bosan\u010di\u0107, direktorka O\u0160 &#8220;Petar Ko\u010di\u0107&#8221;, Prijedor.<\/p>\n<p>Zahvaljuju\u0107i donaciji Vlade Srbije, radijatori \u0107e u novoj \u0161kolskoj godini biti topliji, a stolarija kvalitetnija. U planu je i rekonstrukcija u\u010dionica i mokrog \u010dvora. Rekonstruisana \u0107e biti i vi\u0161enamjenska \u0161kolska sala, u kojoj je krov proki\u0161njavao.<\/p>\n<p>&#8211; Tu odr\u017eavamo i sjednice i priredbe koji posje\u0107uje veliki broj u\u010denika i roditelja, tako da \u0107emo i tu imati jedan komfor i ugodno jedno mjesto &#8211; naveo je Zoran Mr\u0161i\u0107, pedagog u O\u0160 &#8220;Petar Ko\u010di\u0107&#8221;, Prijedor.<\/p>\n<p>Dio sredstava bi\u0107e ulo\u017een u rekonstrukciju i izgradnju sportskih terena u dvori\u0161to ove \u0161kole.<\/p>\n<p>Nakon 21 godinu \u010dekanja, u\u010denici \u0107e u \u0161kolskom dvori\u0161tu dobiti ko\u0161arka\u0161ki i teniski teren, i modernu atletsku stazu. Ve\u0107 je potpisan ugovor Ministarstva finansija i Grada.<\/p>\n<p>&#8211; Od sad \u0107e grad Prijedor biti nadle\u017ean da pomogne da se ostvari, realizuje ova donacija, i za svu drugu metodologiju ostvarivanja i pravljenja projekata i tender izvo\u0111a\u010da &#8211; pojasnila je Bosan\u010di\u0107eva.<\/p>\n<p>Ovu \u0161kolu u protekloj \u0161kolskoj godini poha\u0111alo je 1.187 u\u010denika u 52 odjeljenja, \u0161to je \u010dini najve\u0107om osnovnom \u0161kolom u Prijedoru, ali i u Srpskoj.<\/p>\n<p>RTRS<\/p>\n<div style=\"width: 640px;\" class=\"wp-video\"><!--[if lt IE 9]><script>document.createElement('video');<\/script><![endif]-->\n<video class=\"wp-video-shortcode\" id=\"video-130125-1\" width=\"640\" height=\"360\" preload=\"metadata\" controls=\"controls\"><source type=\"video\/mp4\" src=\"https:\/\/arh3.rtrs.tv\/arhiva\/2019\/07\/04\/tvclip037487.mp4?_=1\" \/><a href=\"https:\/\/arh3.rtrs.tv\/arhiva\/2019\/07\/04\/tvclip037487.mp4\">https:\/\/arh3.rtrs.tv\/arhiva\/2019\/07\/04\/tvclip037487.mp4<\/a><\/video><\/div>\n","protected":false},"excerpt":{"rendered":"<p>Vlada Srbije ulo\u017ei\u0107e 200.000 evra u rekonstrukciju prijedorske Osnovne \u0161kole &#8220;Petar Ko\u010di\u0107&#8221;. Zahvaljuju\u0107i donaciji, koju su inicirali Vlada Srpske i srpski \u010dlan Predsjedni\u0161tva Milorad Dodik, uslovi u najve\u0107oj osnovnoj \u0161koli [&hellip;]<\/p>\n","protected":false},"author":1,"featured_media":0,"comment_status":"closed","ping_status":"open","sticky":false,"template":"","format":"standard","meta":{"_monsterinsights_skip_tracking":false,"_monsterinsights_sitenote_active":false,"_monsterinsights_sitenote_note":"","_monsterinsights_sitenote_category":0,"footnotes":""},"categories":[8],"tags":[],"yoast_head":"<!-- This site is optimized with the Yoast SEO plugin v21.6 - https:\/\/yoast.com\/wordpress\/plugins\/seo\/ -->\n<title>Prijedoru 200.000 evra za rekonstrukciju O\u0160 &quot;Petar Ko\u010di\u0107&quot; - VIDEO - PrijedorDanas.com - Prijedorski gradski portal<\/title>\n<meta name=\"robots\" content=\"index, follow, max-snippet:-1, max-image-preview:large, max-video-preview:-1\" \/>\n<link rel=\"canonical\" href=\"https:\/\/www.prijedordanas.com\/?p=130125\" \/>\n<meta property=\"og:locale\" content=\"en_US\" \/>\n<meta property=\"og:type\" content=\"article\" \/>\n<meta property=\"og:title\" content=\"Prijedoru 200.000 evra za rekonstrukciju O\u0160 &quot;Petar Ko\u010di\u0107&quot; - VIDEO - PrijedorDanas.com - Prijedorski gradski portal\" \/>\n<meta property=\"og:description\" content=\"Vlada Srbije ulo\u017ei\u0107e 200.000 evra u rekonstrukciju prijedorske Osnovne \u0161kole &#8220;Petar Ko\u010di\u0107&#8221;. Zahvaljuju\u0107i donaciji, koju su inicirali Vlada Srpske i srpski \u010dlan Predsjedni\u0161tva Milorad Dodik, uslovi u najve\u0107oj osnovnoj \u0161koli [&hellip;]\" \/>\n<meta property=\"og:url\" content=\"https:\/\/www.prijedordanas.com\/?p=130125\" \/>\n<meta property=\"og:site_name\" content=\"PrijedorDanas.com - Prijedorski gradski portal\" \/>\n<meta property=\"article:publisher\" content=\"https:\/\/www.facebook.com\/PrijedorDanasCom\/\" \/>\n<meta property=\"article:published_time\" content=\"2019-07-04T18:52:10+00:00\" \/>\n<meta property=\"og:image\" content=\"https:\/\/www.prijedordanas.com\/wp-content\/uploads\/2019\/07\/rtrs-os-petar-kocic-300x225.jpg\" \/>\n<meta name=\"author\" content=\"admin\" \/>\n<meta name=\"twitter:card\" content=\"summary_large_image\" \/>\n<meta name=\"twitter:label1\" content=\"Written by\" \/>\n\t<meta name=\"twitter:data1\" content=\"admin\" \/>\n\t<meta name=\"twitter:label2\" content=\"Est. reading time\" \/>\n\t<meta name=\"twitter:data2\" content=\"2 minutes\" \/>\n<script type=\"application\/ld+json\" class=\"yoast-schema-graph\">{\"@context\":\"https:\/\/schema.org\",\"@graph\":[{\"@type\":\"Article\",\"@id\":\"https:\/\/www.prijedordanas.com\/?p=130125#article\",\"isPartOf\":{\"@id\":\"https:\/\/www.prijedordanas.com\/?p=130125\"},\"author\":{\"name\":\"admin\",\"@id\":\"https:\/\/www.prijedordanas.com\/#\/schema\/person\/4e08ccf29b506ca916ff86d46bb700e6\"},\"headline\":\"Prijedoru 200.000 evra za rekonstrukciju O\u0160 &#8220;Petar Ko\u010di\u0107&#8221; &#8211; VIDEO\",\"datePublished\":\"2019-07-04T18:52:10+00:00\",\"dateModified\":\"2019-07-04T18:52:10+00:00\",\"mainEntityOfPage\":{\"@id\":\"https:\/\/www.prijedordanas.com\/?p=130125\"},\"wordCount\":312,\"publisher\":{\"@id\":\"https:\/\/www.prijedordanas.com\/#organization\"},\"articleSection\":[\"Svakodnevno\"],\"inLanguage\":\"en-US\"},{\"@type\":\"WebPage\",\"@id\":\"https:\/\/www.prijedordanas.com\/?p=130125\",\"url\":\"https:\/\/www.prijedordanas.com\/?p=130125\",\"name\":\"Prijedoru 200.000 evra za rekonstrukciju O\u0160 \\\"Petar Ko\u010di\u0107\\\" - VIDEO - PrijedorDanas.com - Prijedorski gradski portal\",\"isPartOf\":{\"@id\":\"https:\/\/www.prijedordanas.com\/#website\"},\"datePublished\":\"2019-07-04T18:52:10+00:00\",\"dateModified\":\"2019-07-04T18:52:10+00:00\",\"breadcrumb\":{\"@id\":\"https:\/\/www.prijedordanas.com\/?p=130125#breadcrumb\"},\"inLanguage\":\"en-US\",\"potentialAction\":[{\"@type\":\"ReadAction\",\"target\":[\"https:\/\/www.prijedordanas.com\/?p=130125\"]}]},{\"@type\":\"BreadcrumbList\",\"@id\":\"https:\/\/www.prijedordanas.com\/?p=130125#breadcrumb\",\"itemListElement\":[{\"@type\":\"ListItem\",\"position\":1,\"name\":\"Home\",\"item\":\"https:\/\/www.prijedordanas.com\/\"},{\"@type\":\"ListItem\",\"position\":2,\"name\":\"Prijedoru 200.000 evra za rekonstrukciju O\u0160 &#8220;Petar Ko\u010di\u0107&#8221; &#8211; VIDEO\"}]},{\"@type\":\"WebSite\",\"@id\":\"https:\/\/www.prijedordanas.com\/#website\",\"url\":\"https:\/\/www.prijedordanas.com\/\",\"name\":\"PrijedorDanas.com - Prijedorski gradski portal\",\"description\":\"Portal o doga\u0111anjima u gradu Prijedoru\",\"publisher\":{\"@id\":\"https:\/\/www.prijedordanas.com\/#organization\"},\"potentialAction\":[{\"@type\":\"SearchAction\",\"target\":{\"@type\":\"EntryPoint\",\"urlTemplate\":\"https:\/\/www.prijedordanas.com\/?s={search_term_string}\"},\"query-input\":\"required name=search_term_string\"}],\"inLanguage\":\"en-US\"},{\"@type\":\"Organization\",\"@id\":\"https:\/\/www.prijedordanas.com\/#organization\",\"name\":\"PrijedorDanas.com\",\"url\":\"https:\/\/www.prijedordanas.com\/\",\"logo\":{\"@type\":\"ImageObject\",\"inLanguage\":\"en-US\",\"@id\":\"https:\/\/www.prijedordanas.com\/#\/schema\/logo\/image\/\",\"url\":\"http:\/\/www.prijedordanas.com\/wp-content\/uploads\/2021\/12\/logopng.png\",\"contentUrl\":\"http:\/\/www.prijedordanas.com\/wp-content\/uploads\/2021\/12\/logopng.png\",\"width\":1019,\"height\":776,\"caption\":\"PrijedorDanas.com\"},\"image\":{\"@id\":\"https:\/\/www.prijedordanas.com\/#\/schema\/logo\/image\/\"},\"sameAs\":[\"https:\/\/www.facebook.com\/PrijedorDanasCom\/\"]},{\"@type\":\"Person\",\"@id\":\"https:\/\/www.prijedordanas.com\/#\/schema\/person\/4e08ccf29b506ca916ff86d46bb700e6\",\"name\":\"admin\",\"image\":{\"@type\":\"ImageObject\",\"inLanguage\":\"en-US\",\"@id\":\"https:\/\/www.prijedordanas.com\/#\/schema\/person\/image\/\",\"url\":\"https:\/\/secure.gravatar.com\/avatar\/1d3fc949d550f0b53a5f0d51e06dfd79?s=96&d=mm&r=g\",\"contentUrl\":\"https:\/\/secure.gravatar.com\/avatar\/1d3fc949d550f0b53a5f0d51e06dfd79?s=96&d=mm&r=g\",\"caption\":\"admin\"},\"url\":\"https:\/\/www.prijedordanas.com\/?author=1\"}]}<\/script>\n<!-- \/ Yoast SEO plugin. -->","yoast_head_json":{"title":"Prijedoru 200.000 evra za rekonstrukciju O\u0160 \"Petar Ko\u010di\u0107\" - VIDEO - PrijedorDanas.com - Prijedorski gradski portal","robots":{"index":"index","follow":"follow","max-snippet":"max-snippet:-1","max-image-preview":"max-image-preview:large","max-video-preview":"max-video-preview:-1"},"canonical":"https:\/\/www.prijedordanas.com\/?p=130125","og_locale":"en_US","og_type":"article","og_title":"Prijedoru 200.000 evra za rekonstrukciju O\u0160 \"Petar Ko\u010di\u0107\" - VIDEO - PrijedorDanas.com - Prijedorski gradski portal","og_description":"Vlada Srbije ulo\u017ei\u0107e 200.000 evra u rekonstrukciju prijedorske Osnovne \u0161kole &#8220;Petar Ko\u010di\u0107&#8221;. Zahvaljuju\u0107i donaciji, koju su inicirali Vlada Srpske i srpski \u010dlan Predsjedni\u0161tva Milorad Dodik, uslovi u najve\u0107oj osnovnoj \u0161koli [&hellip;]","og_url":"https:\/\/www.prijedordanas.com\/?p=130125","og_site_name":"PrijedorDanas.com - Prijedorski gradski portal","article_publisher":"https:\/\/www.facebook.com\/PrijedorDanasCom\/","article_published_time":"2019-07-04T18:52:10+00:00","og_image":[{"url":"https:\/\/www.prijedordanas.com\/wp-content\/uploads\/2019\/07\/rtrs-os-petar-kocic-300x225.jpg"}],"author":"admin","twitter_card":"summary_large_image","twitter_misc":{"Written by":"admin","Est. reading time":"2 minutes"},"schema":{"@context":"https:\/\/schema.org","@graph":[{"@type":"Article","@id":"https:\/\/www.prijedordanas.com\/?p=130125#article","isPartOf":{"@id":"https:\/\/www.prijedordanas.com\/?p=130125"},"author":{"name":"admin","@id":"https:\/\/www.prijedordanas.com\/#\/schema\/person\/4e08ccf29b506ca916ff86d46bb700e6"},"headline":"Prijedoru 200.000 evra za rekonstrukciju O\u0160 &#8220;Petar Ko\u010di\u0107&#8221; &#8211; VIDEO","datePublished":"2019-07-04T18:52:10+00:00","dateModified":"2019-07-04T18:52:10+00:00","mainEntityOfPage":{"@id":"https:\/\/www.prijedordanas.com\/?p=130125"},"wordCount":312,"publisher":{"@id":"https:\/\/www.prijedordanas.com\/#organization"},"articleSection":["Svakodnevno"],"inLanguage":"en-US"},{"@type":"WebPage","@id":"https:\/\/www.prijedordanas.com\/?p=130125","url":"https:\/\/www.prijedordanas.com\/?p=130125","name":"Prijedoru 200.000 evra za rekonstrukciju O\u0160 \"Petar Ko\u010di\u0107\" - VIDEO - PrijedorDanas.com - Prijedorski gradski portal","isPartOf":{"@id":"https:\/\/www.prijedordanas.com\/#website"},"datePublished":"2019-07-04T18:52:10+00:00","dateModified":"2019-07-04T18:52:10+00:00","breadcrumb":{"@id":"https:\/\/www.prijedordanas.com\/?p=130125#breadcrumb"},"inLanguage":"en-US","potentialAction":[{"@type":"ReadAction","target":["https:\/\/www.prijedordanas.com\/?p=130125"]}]},{"@type":"BreadcrumbList","@id":"https:\/\/www.prijedordanas.com\/?p=130125#breadcrumb","itemListElement":[{"@type":"ListItem","position":1,"name":"Home","item":"https:\/\/www.prijedordanas.com\/"},{"@type":"ListItem","position":2,"name":"Prijedoru 200.000 evra za rekonstrukciju O\u0160 &#8220;Petar Ko\u010di\u0107&#8221; &#8211; VIDEO"}]},{"@type":"WebSite","@id":"https:\/\/www.prijedordanas.com\/#website","url":"https:\/\/www.prijedordanas.com\/","name":"PrijedorDanas.com - Prijedorski gradski portal","description":"Portal o doga\u0111anjima u gradu Prijedoru","publisher":{"@id":"https:\/\/www.prijedordanas.com\/#organization"},"potentialAction":[{"@type":"SearchAction","target":{"@type":"EntryPoint","urlTemplate":"https:\/\/www.prijedordanas.com\/?s={search_term_string}"},"query-input":"required name=search_term_string"}],"inLanguage":"en-US"},{"@type":"Organization","@id":"https:\/\/www.prijedordanas.com\/#organization","name":"PrijedorDanas.com","url":"https:\/\/www.prijedordanas.com\/","logo":{"@type":"ImageObject","inLanguage":"en-US","@id":"https:\/\/www.prijedordanas.com\/#\/schema\/logo\/image\/","url":"http:\/\/www.prijedordanas.com\/wp-content\/uploads\/2021\/12\/logopng.png","contentUrl":"http:\/\/www.prijedordanas.com\/wp-content\/uploads\/2021\/12\/logopng.png","width":1019,"height":776,"caption":"PrijedorDanas.com"},"image":{"@id":"https:\/\/www.prijedordanas.com\/#\/schema\/logo\/image\/"},"sameAs":["https:\/\/www.facebook.com\/PrijedorDanasCom\/"]},{"@type":"Person","@id":"https:\/\/www.prijedordanas.com\/#\/schema\/person\/4e08ccf29b506ca916ff86d46bb700e6","name":"admin","image":{"@type":"ImageObject","inLanguage":"en-US","@id":"https:\/\/www.prijedordanas.com\/#\/schema\/person\/image\/","url":"https:\/\/secure.gravatar.com\/avatar\/1d3fc949d550f0b53a5f0d51e06dfd79?s=96&d=mm&r=g","contentUrl":"https:\/\/secure.gravatar.com\/avatar\/1d3fc949d550f0b53a5f0d51e06dfd79?s=96&d=mm&r=g","caption":"admin"},"url":"https:\/\/www.prijedordanas.com\/?author=1"}]}},"_links":{"self":[{"href":"https:\/\/www.prijedordanas.com\/index.php?rest_route=\/wp\/v2\/posts\/130125"}],"collection":[{"href":"https:\/\/www.prijedordanas.com\/index.php?rest_route=\/wp\/v2\/posts"}],"about":[{"href":"https:\/\/www.prijedordanas.com\/index.php?rest_route=\/wp\/v2\/types\/post"}],"author":[{"embeddable":true,"href":"https:\/\/www.prijedordanas.com\/index.php?rest_route=\/wp\/v2\/users\/1"}],"replies":[{"embeddable":true,"href":"https:\/\/www.prijedordanas.com\/index.php?rest_route=%2Fwp%2Fv2%2Fcomments&post=130125"}],"version-history":[{"count":1,"href":"https:\/\/www.prijedordanas.com\/index.php?rest_route=\/wp\/v2\/posts\/130125\/revisions"}],"predecessor-version":[{"id":130127,"href":"https:\/\/www.prijedordanas.com\/index.php?rest_route=\/wp\/v2\/posts\/130125\/revisions\/130127"}],"wp:attachment":[{"href":"https:\/\/www.prijedordanas.com\/index.php?rest_route=%2Fwp%2Fv2%2Fmedia&parent=130125"}],"wp:term":[{"taxonomy":"category","embeddable":true,"href":"https:\/\/www.prijedordanas.com\/index.php?rest_route=%2Fwp%2Fv2%2Fcategories&post=130125"},{"taxonomy":"post_tag","embeddable":true,"href":"https:\/\/www.prijedordanas.com\/index.php?rest_route=%2Fwp%2Fv2%2Ftags&post=130125"}],"curies":[{"name":"wp","href":"https:\/\/api.w.org\/{rel}","templated":true}]}}