{"id":13002,"date":"2014-12-24T22:42:19","date_gmt":"2014-12-24T21:42:19","guid":{"rendered":"https:\/\/www.prijedordanas.com\/?p=13002"},"modified":"2014-12-24T22:42:19","modified_gmt":"2014-12-24T21:42:19","slug":"ena-brisevac-sportista-godine-grada-prijedora-foto-2","status":"publish","type":"post","link":"https:\/\/www.prijedordanas.com\/?p=13002","title":{"rendered":"ENA BRI\u0160EVAC-SPORTISTA GODINE GRADA PRIJEDORA \u2013 FOTO"},"content":{"rendered":"<p><a href=\"https:\/\/www.prijedordanas.com\/wp-content\/uploads\/2014\/12\/izbor-sportiste-prijedora-2014-1.jpg\"><img loading=\"lazy\" decoding=\"async\" class=\"alignleft size-medium wp-image-12984\" src=\"https:\/\/www.prijedordanas.com\/wp-content\/uploads\/2014\/12\/izbor-sportiste-prijedora-2014-1-300x199.jpg\" alt=\"izbor sportiste prijedora 2014 (1)\" width=\"300\" height=\"199\" srcset=\"https:\/\/www.prijedordanas.com\/wp-content\/uploads\/2014\/12\/izbor-sportiste-prijedora-2014-1-300x199.jpg 300w, https:\/\/www.prijedordanas.com\/wp-content\/uploads\/2014\/12\/izbor-sportiste-prijedora-2014-1-624x414.jpg 624w, https:\/\/www.prijedordanas.com\/wp-content\/uploads\/2014\/12\/izbor-sportiste-prijedora-2014-1.jpg 800w\" sizes=\"(max-width: 300px) 100vw, 300px\" \/><\/a>Ena Bri\u0161evac iz \u017denskog rukometnog kluba &#8220;Mira&#8221; iz Prijedora najbolji je sportista grada Prijedora za 2014. godinu.<\/p>\n<p>Povelja, medalja, pehar i nov\u010dana nagrada uru\u010deni su Eni Bi\u0161evac ve\u010deras na sve\u010danosti 45. izbora sportiste godine u Pozori\u0161tu Prijedor.<\/p>\n<p>Ona je jedan od najuspje\u0161nijih golmana u Premijer ligi BiH. Me\u0111u najzaslu\u017enijim je igra\u010dicama &#8220;Mire&#8221; u osvajanju titule \u0161ampiona Premijer lige BiH i kupova Republike Srpske i BiH. Dugogodi\u0161nji je kapiten ekipe, u kojoj je prije 14 godina zapo\u010dela karijeru.<\/p>\n<p>&#8220;Volim svoj grad i ovo priznanje mi puno zna\u010di, a nagradu posve\u0107ujem svojim saigra\u010dicama sa kojima treniram dugo godina&#8221;, rekla je Ena Bri\u0161evac.<\/p>\n<p>Na rang-listi deset najboljih seniora su i Bo\u017eidar Vuji\u0107, \u010dlan Atletskog kluba &#8220;Prijedor&#8221;, Miljana Antoni\u0107 iz Stonoteniskog kluba &#8220;Prijedor&#8221;, Aleksa Milojica i Teniskog kluba &#8220;Dr Mladen Stojanovi\u0107&#8221;, Sini\u0161a Sani\u010danin iz Fudbalskog kluba &#8220;Rudar-Prijedor&#8221; Prijedor, Andrea Vujanovi\u0107 iz Tekvondo kluba &#8220;LJubija&#8221;, Milo\u0161 Karan iz Karate kluba &#8220;\u0160odan&#8221;, Jovica Radakovi\u0107 iz Rukometnog kluba &#8220;Prijedor&#8221; Mladen Toma\u0161, Klub borila\u010dkih sportova &#8220;Rudar&#8221; i Nikola Ivkovi\u0107 iz Bokserskog kluba &#8220;Rodi\u0107&#8221;.<\/p>\n<p><a href=\"https:\/\/www.prijedordanas.com\/wp-content\/uploads\/2014\/12\/izbor-sportiste-prijedora-2014-6.jpg\"><img loading=\"lazy\" decoding=\"async\" class=\"alignleft size-medium wp-image-12985\" src=\"https:\/\/www.prijedordanas.com\/wp-content\/uploads\/2014\/12\/izbor-sportiste-prijedora-2014-6-300x241.jpg\" alt=\"izbor sportiste prijedora 2014 (6)\" width=\"300\" height=\"241\" srcset=\"https:\/\/www.prijedordanas.com\/wp-content\/uploads\/2014\/12\/izbor-sportiste-prijedora-2014-6-300x241.jpg 300w, https:\/\/www.prijedordanas.com\/wp-content\/uploads\/2014\/12\/izbor-sportiste-prijedora-2014-6-624x502.jpg 624w, https:\/\/www.prijedordanas.com\/wp-content\/uploads\/2014\/12\/izbor-sportiste-prijedora-2014-6.jpg 800w\" sizes=\"(max-width: 300px) 100vw, 300px\" \/><\/a>Najuspje\u0161nija mu\u0161ka ekipa u 2014. godine je ekipa Teniskog kluba &#8220;Dr Mladen Stojanovi\u0107&#8221;, a najuspje\u0161nija \u017eenska ekipa je ekipa \u017denskog rukometnog kluba &#8220;Mira&#8221;.<\/p>\n<p>Najuspje\u0161niji mladi sportista grada Prijedora u 2014. godini je Anja Trebovac iz Atletskog kluba &#8220;Prijedor&#8221;. Ona je juniorska i pionirska \u0161ampionka BiH, \u010dlan juniorske reprezentacije BiH i u\u010desnica Balkanskog prvenstva.<\/p>\n<p>Plaketa za najuspje\u0161nijeg sportskog radnika u 2014. godini dodijeljena je Elvisu Mar\u010deti\u0107u, nekada jednom od najboljih rukometa\u0161a koji je danas me\u0111u najboljim rukometnim sudijama Prve lige Republike Srpske i Premijer lige BiH.<\/p>\n<p>Najuspje\u0161niji sportski trener u 2014. godini je Velemir \u0110uri\u0107, dugogodi\u0161nji trener Karate kluba &#8220;\u0160odan&#8221;.<\/p>\n<p>Nauspje\u0161niji sportski novinar u 2014. godini je Nenad \u0110eri\u0107, dopisnik &#8220;Glasa Srpske&#8221;, &#8220;Sportskog \u017eurnala&#8221; i vi\u0161e portala.<\/p>\n<p>Dobitnik posebnog priznanja za sveukupan doprinos razvoju sporta u Prijedoru je Radovan Latinovi\u0107, a posebno priznanje dodijeljena su Teniskom klubu &#8220;Dr Mladen Stojanovi\u0107&#8221;, sportskom kolektivu koji je ove godine proslavio 100 godina postojanja.<\/p>\n<p><a href=\"https:\/\/www.prijedordanas.com\/wp-content\/uploads\/2014\/12\/izbor-sportiste-prijedora-2014-2.jpg\"><img loading=\"lazy\" decoding=\"async\" class=\"alignleft size-medium wp-image-12986\" src=\"https:\/\/www.prijedordanas.com\/wp-content\/uploads\/2014\/12\/izbor-sportiste-prijedora-2014-2-300x199.jpg\" alt=\"izbor sportiste prijedora 2014 (2)\" width=\"300\" height=\"199\" srcset=\"https:\/\/www.prijedordanas.com\/wp-content\/uploads\/2014\/12\/izbor-sportiste-prijedora-2014-2-300x199.jpg 300w, https:\/\/www.prijedordanas.com\/wp-content\/uploads\/2014\/12\/izbor-sportiste-prijedora-2014-2-624x414.jpg 624w, https:\/\/www.prijedordanas.com\/wp-content\/uploads\/2014\/12\/izbor-sportiste-prijedora-2014-2.jpg 800w\" sizes=\"(max-width: 300px) 100vw, 300px\" \/><\/a>Posebna priznanja za ostvarene rezultate dodijeljena su Fudbalskom klubu &#8220;Brdo&#8221; iz Hambarina, Rajki \u0110uki\u0107 za promociju rekreativnog tr\u010danja \u2013 diciplina maraton i Adnanu \u017dili\u0107u za ostvarene rezultate u profesionalnom boksu.<\/p>\n<p>Za iskazanu humanost, solidarnost i pomo\u0107 stanovnicima poplavljenih naselja u Prijedoru zahvalnica je dodijeljena Rukometnom klubu veterana &#8220;\u0160kofija Loka&#8221; iz Slovenije. Rije\u010d je o klubu koji du\u017ee od decenije u\u010destvuju na me\u0111unarodnom rukometnom turniru u Prijedoru i koji je tokom majske poplave u Prijedoru pru\u017eio pomo\u0107 u hrani, garderobi, za\u0161titnoj opremi, gra\u0111evinskom materijalu i namje\u0161taju.<\/p>\n<p>\u010cestitaju\u0107i nagra\u0111enim sportistima, gradona\u010delnik Prijedora Marko Pavi\u0107 je istakao da ova manifestacija traje 45 godina i da to zna\u010di da ovaj grad voli sport i svoje sportiste.<\/p>\n<p>&#8220;Svim sportistima, naro\u010dito dobitnicima nagrada, \u010destitam, a grad Prijedor \u0107e i dalje podr\u017eavati sport i sportiste, jer mlad i zdrav \u010dovjek predstavlja budu\u0107nost i na\u0161eg grada i Republike Srpske&#8221;, izjavio je Pavi\u0107 novinarima nakon ceremonije dodjele nagrada.<\/p>\n<p>Pokrovitelj 45. izbora sportiste godine manifestacije koja ima za cilj afirmaciju i promociju sporta, sportista i njihovih dostignu\u0107a, je grad Prijedor, a organizator Informativno-poslovni centar &#8220;Kozarski vjesnik&#8221;.<\/p>\n<p>Tekst \u2013 SRNA<br \/>\nFoto \u2013 Aleksandar Drakuli\u0107 \u2013 www.prijedordanas.com<br \/>\n<a href=\"https:\/\/www.prijedordanas.com\/wp-content\/uploads\/2014\/12\/izbor-sportiste-prijedora-2014-3.jpg\"><img loading=\"lazy\" decoding=\"async\" class=\"alignleft size-medium wp-image-12996\" src=\"https:\/\/www.prijedordanas.com\/wp-content\/uploads\/2014\/12\/izbor-sportiste-prijedora-2014-3-300x198.jpg\" alt=\"izbor sportiste prijedora 2014 (3)\" width=\"300\" height=\"198\" srcset=\"https:\/\/www.prijedordanas.com\/wp-content\/uploads\/2014\/12\/izbor-sportiste-prijedora-2014-3-300x198.jpg 300w, https:\/\/www.prijedordanas.com\/wp-content\/uploads\/2014\/12\/izbor-sportiste-prijedora-2014-3-624x413.jpg 624w, https:\/\/www.prijedordanas.com\/wp-content\/uploads\/2014\/12\/izbor-sportiste-prijedora-2014-3.jpg 800w\" sizes=\"(max-width: 300px) 100vw, 300px\" \/><\/a> <a href=\"https:\/\/www.prijedordanas.com\/wp-content\/uploads\/2014\/12\/izbor-sportiste-prijedora-2014-4.jpg\"><img loading=\"lazy\" decoding=\"async\" class=\"alignleft size-medium wp-image-12997\" src=\"https:\/\/www.prijedordanas.com\/wp-content\/uploads\/2014\/12\/izbor-sportiste-prijedora-2014-4-300x198.jpg\" alt=\"izbor sportiste prijedora 2014 (4)\" width=\"300\" height=\"198\" srcset=\"https:\/\/www.prijedordanas.com\/wp-content\/uploads\/2014\/12\/izbor-sportiste-prijedora-2014-4-300x198.jpg 300w, https:\/\/www.prijedordanas.com\/wp-content\/uploads\/2014\/12\/izbor-sportiste-prijedora-2014-4-624x413.jpg 624w, https:\/\/www.prijedordanas.com\/wp-content\/uploads\/2014\/12\/izbor-sportiste-prijedora-2014-4.jpg 800w\" sizes=\"(max-width: 300px) 100vw, 300px\" \/><\/a> <a href=\"https:\/\/www.prijedordanas.com\/wp-content\/uploads\/2014\/12\/izbor-sportiste-prijedora-2014-5.jpg\"><img loading=\"lazy\" decoding=\"async\" class=\"alignleft size-medium wp-image-12998\" src=\"https:\/\/www.prijedordanas.com\/wp-content\/uploads\/2014\/12\/izbor-sportiste-prijedora-2014-5-300x198.jpg\" alt=\"izbor sportiste prijedora 2014 (5)\" width=\"300\" height=\"198\" srcset=\"https:\/\/www.prijedordanas.com\/wp-content\/uploads\/2014\/12\/izbor-sportiste-prijedora-2014-5-300x198.jpg 300w, https:\/\/www.prijedordanas.com\/wp-content\/uploads\/2014\/12\/izbor-sportiste-prijedora-2014-5-624x413.jpg 624w, https:\/\/www.prijedordanas.com\/wp-content\/uploads\/2014\/12\/izbor-sportiste-prijedora-2014-5.jpg 800w\" sizes=\"(max-width: 300px) 100vw, 300px\" \/><\/a><\/p>\n","protected":false},"excerpt":{"rendered":"<p>Ena Bri\u0161evac iz \u017denskog rukometnog kluba &#8220;Mira&#8221; iz Prijedora najbolji je sportista grada Prijedora za 2014. godinu. Povelja, medalja, pehar i nov\u010dana nagrada uru\u010deni su Eni Bi\u0161evac ve\u010deras na sve\u010danosti [&hellip;]<\/p>\n","protected":false},"author":1,"featured_media":0,"comment_status":"closed","ping_status":"open","sticky":false,"template":"","format":"standard","meta":{"_monsterinsights_skip_tracking":false,"_monsterinsights_sitenote_active":false,"_monsterinsights_sitenote_note":"","_monsterinsights_sitenote_category":0,"footnotes":""},"categories":[7],"tags":[],"yoast_head":"<!-- This site is optimized with the Yoast SEO plugin v21.6 - https:\/\/yoast.com\/wordpress\/plugins\/seo\/ -->\n<title>ENA BRI\u0160EVAC-SPORTISTA GODINE GRADA PRIJEDORA \u2013 FOTO - PrijedorDanas.com - Prijedorski gradski portal<\/title>\n<meta name=\"robots\" content=\"index, follow, max-snippet:-1, max-image-preview:large, max-video-preview:-1\" \/>\n<link rel=\"canonical\" href=\"https:\/\/www.prijedordanas.com\/?p=13002\" \/>\n<meta property=\"og:locale\" content=\"en_US\" \/>\n<meta property=\"og:type\" content=\"article\" \/>\n<meta property=\"og:title\" content=\"ENA BRI\u0160EVAC-SPORTISTA GODINE GRADA PRIJEDORA \u2013 FOTO - PrijedorDanas.com - Prijedorski gradski portal\" \/>\n<meta property=\"og:description\" content=\"Ena Bri\u0161evac iz \u017denskog rukometnog kluba &#8220;Mira&#8221; iz Prijedora najbolji je sportista grada Prijedora za 2014. godinu. Povelja, medalja, pehar i nov\u010dana nagrada uru\u010deni su Eni Bi\u0161evac ve\u010deras na sve\u010danosti [&hellip;]\" \/>\n<meta property=\"og:url\" content=\"https:\/\/www.prijedordanas.com\/?p=13002\" \/>\n<meta property=\"og:site_name\" content=\"PrijedorDanas.com - Prijedorski gradski portal\" \/>\n<meta property=\"article:publisher\" content=\"https:\/\/www.facebook.com\/PrijedorDanasCom\/\" \/>\n<meta property=\"article:published_time\" content=\"2014-12-24T21:42:19+00:00\" \/>\n<meta property=\"og:image\" content=\"https:\/\/www.prijedordanas.com\/wp-content\/uploads\/2014\/12\/izbor-sportiste-prijedora-2014-1-300x199.jpg\" \/>\n<meta name=\"author\" content=\"admin\" \/>\n<meta name=\"twitter:card\" content=\"summary_large_image\" \/>\n<meta name=\"twitter:label1\" content=\"Written by\" \/>\n\t<meta name=\"twitter:data1\" content=\"admin\" \/>\n\t<meta name=\"twitter:label2\" content=\"Est. reading time\" \/>\n\t<meta name=\"twitter:data2\" content=\"3 minutes\" \/>\n<script type=\"application\/ld+json\" class=\"yoast-schema-graph\">{\"@context\":\"https:\/\/schema.org\",\"@graph\":[{\"@type\":\"Article\",\"@id\":\"https:\/\/www.prijedordanas.com\/?p=13002#article\",\"isPartOf\":{\"@id\":\"https:\/\/www.prijedordanas.com\/?p=13002\"},\"author\":{\"name\":\"admin\",\"@id\":\"https:\/\/www.prijedordanas.com\/#\/schema\/person\/4e08ccf29b506ca916ff86d46bb700e6\"},\"headline\":\"ENA BRI\u0160EVAC-SPORTISTA GODINE GRADA PRIJEDORA \u2013 FOTO\",\"datePublished\":\"2014-12-24T21:42:19+00:00\",\"dateModified\":\"2014-12-24T21:42:19+00:00\",\"mainEntityOfPage\":{\"@id\":\"https:\/\/www.prijedordanas.com\/?p=13002\"},\"wordCount\":546,\"publisher\":{\"@id\":\"https:\/\/www.prijedordanas.com\/#organization\"},\"articleSection\":[\"Sport\"],\"inLanguage\":\"en-US\"},{\"@type\":\"WebPage\",\"@id\":\"https:\/\/www.prijedordanas.com\/?p=13002\",\"url\":\"https:\/\/www.prijedordanas.com\/?p=13002\",\"name\":\"ENA BRI\u0160EVAC-SPORTISTA GODINE GRADA PRIJEDORA \u2013 FOTO - PrijedorDanas.com - Prijedorski gradski portal\",\"isPartOf\":{\"@id\":\"https:\/\/www.prijedordanas.com\/#website\"},\"datePublished\":\"2014-12-24T21:42:19+00:00\",\"dateModified\":\"2014-12-24T21:42:19+00:00\",\"breadcrumb\":{\"@id\":\"https:\/\/www.prijedordanas.com\/?p=13002#breadcrumb\"},\"inLanguage\":\"en-US\",\"potentialAction\":[{\"@type\":\"ReadAction\",\"target\":[\"https:\/\/www.prijedordanas.com\/?p=13002\"]}]},{\"@type\":\"BreadcrumbList\",\"@id\":\"https:\/\/www.prijedordanas.com\/?p=13002#breadcrumb\",\"itemListElement\":[{\"@type\":\"ListItem\",\"position\":1,\"name\":\"Home\",\"item\":\"https:\/\/www.prijedordanas.com\/\"},{\"@type\":\"ListItem\",\"position\":2,\"name\":\"ENA BRI\u0160EVAC-SPORTISTA GODINE GRADA PRIJEDORA \u2013 FOTO\"}]},{\"@type\":\"WebSite\",\"@id\":\"https:\/\/www.prijedordanas.com\/#website\",\"url\":\"https:\/\/www.prijedordanas.com\/\",\"name\":\"PrijedorDanas.com - Prijedorski gradski portal\",\"description\":\"Portal o doga\u0111anjima u gradu Prijedoru\",\"publisher\":{\"@id\":\"https:\/\/www.prijedordanas.com\/#organization\"},\"potentialAction\":[{\"@type\":\"SearchAction\",\"target\":{\"@type\":\"EntryPoint\",\"urlTemplate\":\"https:\/\/www.prijedordanas.com\/?s={search_term_string}\"},\"query-input\":\"required name=search_term_string\"}],\"inLanguage\":\"en-US\"},{\"@type\":\"Organization\",\"@id\":\"https:\/\/www.prijedordanas.com\/#organization\",\"name\":\"PrijedorDanas.com\",\"url\":\"https:\/\/www.prijedordanas.com\/\",\"logo\":{\"@type\":\"ImageObject\",\"inLanguage\":\"en-US\",\"@id\":\"https:\/\/www.prijedordanas.com\/#\/schema\/logo\/image\/\",\"url\":\"http:\/\/www.prijedordanas.com\/wp-content\/uploads\/2021\/12\/logopng.png\",\"contentUrl\":\"http:\/\/www.prijedordanas.com\/wp-content\/uploads\/2021\/12\/logopng.png\",\"width\":1019,\"height\":776,\"caption\":\"PrijedorDanas.com\"},\"image\":{\"@id\":\"https:\/\/www.prijedordanas.com\/#\/schema\/logo\/image\/\"},\"sameAs\":[\"https:\/\/www.facebook.com\/PrijedorDanasCom\/\"]},{\"@type\":\"Person\",\"@id\":\"https:\/\/www.prijedordanas.com\/#\/schema\/person\/4e08ccf29b506ca916ff86d46bb700e6\",\"name\":\"admin\",\"image\":{\"@type\":\"ImageObject\",\"inLanguage\":\"en-US\",\"@id\":\"https:\/\/www.prijedordanas.com\/#\/schema\/person\/image\/\",\"url\":\"https:\/\/secure.gravatar.com\/avatar\/1d3fc949d550f0b53a5f0d51e06dfd79?s=96&d=mm&r=g\",\"contentUrl\":\"https:\/\/secure.gravatar.com\/avatar\/1d3fc949d550f0b53a5f0d51e06dfd79?s=96&d=mm&r=g\",\"caption\":\"admin\"},\"url\":\"https:\/\/www.prijedordanas.com\/?author=1\"}]}<\/script>\n<!-- \/ Yoast SEO plugin. -->","yoast_head_json":{"title":"ENA BRI\u0160EVAC-SPORTISTA GODINE GRADA PRIJEDORA \u2013 FOTO - PrijedorDanas.com - Prijedorski gradski portal","robots":{"index":"index","follow":"follow","max-snippet":"max-snippet:-1","max-image-preview":"max-image-preview:large","max-video-preview":"max-video-preview:-1"},"canonical":"https:\/\/www.prijedordanas.com\/?p=13002","og_locale":"en_US","og_type":"article","og_title":"ENA BRI\u0160EVAC-SPORTISTA GODINE GRADA PRIJEDORA \u2013 FOTO - PrijedorDanas.com - Prijedorski gradski portal","og_description":"Ena Bri\u0161evac iz \u017denskog rukometnog kluba &#8220;Mira&#8221; iz Prijedora najbolji je sportista grada Prijedora za 2014. godinu. Povelja, medalja, pehar i nov\u010dana nagrada uru\u010deni su Eni Bi\u0161evac ve\u010deras na sve\u010danosti [&hellip;]","og_url":"https:\/\/www.prijedordanas.com\/?p=13002","og_site_name":"PrijedorDanas.com - Prijedorski gradski portal","article_publisher":"https:\/\/www.facebook.com\/PrijedorDanasCom\/","article_published_time":"2014-12-24T21:42:19+00:00","og_image":[{"url":"https:\/\/www.prijedordanas.com\/wp-content\/uploads\/2014\/12\/izbor-sportiste-prijedora-2014-1-300x199.jpg"}],"author":"admin","twitter_card":"summary_large_image","twitter_misc":{"Written by":"admin","Est. reading time":"3 minutes"},"schema":{"@context":"https:\/\/schema.org","@graph":[{"@type":"Article","@id":"https:\/\/www.prijedordanas.com\/?p=13002#article","isPartOf":{"@id":"https:\/\/www.prijedordanas.com\/?p=13002"},"author":{"name":"admin","@id":"https:\/\/www.prijedordanas.com\/#\/schema\/person\/4e08ccf29b506ca916ff86d46bb700e6"},"headline":"ENA BRI\u0160EVAC-SPORTISTA GODINE GRADA PRIJEDORA \u2013 FOTO","datePublished":"2014-12-24T21:42:19+00:00","dateModified":"2014-12-24T21:42:19+00:00","mainEntityOfPage":{"@id":"https:\/\/www.prijedordanas.com\/?p=13002"},"wordCount":546,"publisher":{"@id":"https:\/\/www.prijedordanas.com\/#organization"},"articleSection":["Sport"],"inLanguage":"en-US"},{"@type":"WebPage","@id":"https:\/\/www.prijedordanas.com\/?p=13002","url":"https:\/\/www.prijedordanas.com\/?p=13002","name":"ENA BRI\u0160EVAC-SPORTISTA GODINE GRADA PRIJEDORA \u2013 FOTO - PrijedorDanas.com - Prijedorski gradski portal","isPartOf":{"@id":"https:\/\/www.prijedordanas.com\/#website"},"datePublished":"2014-12-24T21:42:19+00:00","dateModified":"2014-12-24T21:42:19+00:00","breadcrumb":{"@id":"https:\/\/www.prijedordanas.com\/?p=13002#breadcrumb"},"inLanguage":"en-US","potentialAction":[{"@type":"ReadAction","target":["https:\/\/www.prijedordanas.com\/?p=13002"]}]},{"@type":"BreadcrumbList","@id":"https:\/\/www.prijedordanas.com\/?p=13002#breadcrumb","itemListElement":[{"@type":"ListItem","position":1,"name":"Home","item":"https:\/\/www.prijedordanas.com\/"},{"@type":"ListItem","position":2,"name":"ENA BRI\u0160EVAC-SPORTISTA GODINE GRADA PRIJEDORA \u2013 FOTO"}]},{"@type":"WebSite","@id":"https:\/\/www.prijedordanas.com\/#website","url":"https:\/\/www.prijedordanas.com\/","name":"PrijedorDanas.com - Prijedorski gradski portal","description":"Portal o doga\u0111anjima u gradu Prijedoru","publisher":{"@id":"https:\/\/www.prijedordanas.com\/#organization"},"potentialAction":[{"@type":"SearchAction","target":{"@type":"EntryPoint","urlTemplate":"https:\/\/www.prijedordanas.com\/?s={search_term_string}"},"query-input":"required name=search_term_string"}],"inLanguage":"en-US"},{"@type":"Organization","@id":"https:\/\/www.prijedordanas.com\/#organization","name":"PrijedorDanas.com","url":"https:\/\/www.prijedordanas.com\/","logo":{"@type":"ImageObject","inLanguage":"en-US","@id":"https:\/\/www.prijedordanas.com\/#\/schema\/logo\/image\/","url":"http:\/\/www.prijedordanas.com\/wp-content\/uploads\/2021\/12\/logopng.png","contentUrl":"http:\/\/www.prijedordanas.com\/wp-content\/uploads\/2021\/12\/logopng.png","width":1019,"height":776,"caption":"PrijedorDanas.com"},"image":{"@id":"https:\/\/www.prijedordanas.com\/#\/schema\/logo\/image\/"},"sameAs":["https:\/\/www.facebook.com\/PrijedorDanasCom\/"]},{"@type":"Person","@id":"https:\/\/www.prijedordanas.com\/#\/schema\/person\/4e08ccf29b506ca916ff86d46bb700e6","name":"admin","image":{"@type":"ImageObject","inLanguage":"en-US","@id":"https:\/\/www.prijedordanas.com\/#\/schema\/person\/image\/","url":"https:\/\/secure.gravatar.com\/avatar\/1d3fc949d550f0b53a5f0d51e06dfd79?s=96&d=mm&r=g","contentUrl":"https:\/\/secure.gravatar.com\/avatar\/1d3fc949d550f0b53a5f0d51e06dfd79?s=96&d=mm&r=g","caption":"admin"},"url":"https:\/\/www.prijedordanas.com\/?author=1"}]}},"_links":{"self":[{"href":"https:\/\/www.prijedordanas.com\/index.php?rest_route=\/wp\/v2\/posts\/13002"}],"collection":[{"href":"https:\/\/www.prijedordanas.com\/index.php?rest_route=\/wp\/v2\/posts"}],"about":[{"href":"https:\/\/www.prijedordanas.com\/index.php?rest_route=\/wp\/v2\/types\/post"}],"author":[{"embeddable":true,"href":"https:\/\/www.prijedordanas.com\/index.php?rest_route=\/wp\/v2\/users\/1"}],"replies":[{"embeddable":true,"href":"https:\/\/www.prijedordanas.com\/index.php?rest_route=%2Fwp%2Fv2%2Fcomments&post=13002"}],"version-history":[{"count":1,"href":"https:\/\/www.prijedordanas.com\/index.php?rest_route=\/wp\/v2\/posts\/13002\/revisions"}],"predecessor-version":[{"id":13003,"href":"https:\/\/www.prijedordanas.com\/index.php?rest_route=\/wp\/v2\/posts\/13002\/revisions\/13003"}],"wp:attachment":[{"href":"https:\/\/www.prijedordanas.com\/index.php?rest_route=%2Fwp%2Fv2%2Fmedia&parent=13002"}],"wp:term":[{"taxonomy":"category","embeddable":true,"href":"https:\/\/www.prijedordanas.com\/index.php?rest_route=%2Fwp%2Fv2%2Fcategories&post=13002"},{"taxonomy":"post_tag","embeddable":true,"href":"https:\/\/www.prijedordanas.com\/index.php?rest_route=%2Fwp%2Fv2%2Ftags&post=13002"}],"curies":[{"name":"wp","href":"https:\/\/api.w.org\/{rel}","templated":true}]}}