{"id":129698,"date":"2019-06-26T10:45:54","date_gmt":"2019-06-26T08:45:54","guid":{"rendered":"https:\/\/www.prijedordanas.com\/?p=129698"},"modified":"2019-06-26T10:45:54","modified_gmt":"2019-06-26T08:45:54","slug":"jos-dva-dana-do-pocetka-3-nektar-puls-festa-u-nacionalnom-parku-kozara","status":"publish","type":"post","link":"https:\/\/www.prijedordanas.com\/?p=129698","title":{"rendered":"Jo\u0161 dva dana do po\u010detka 3. Nektar Puls Festa u Nacionalnom parku &#8220;Kozara&#8221;"},"content":{"rendered":"<p><a href=\"https:\/\/www.prijedordanas.com\/wp-content\/uploads\/2019\/06\/nektar-puls-fest-2019-1.jpg\"><img loading=\"lazy\" decoding=\"async\" class=\"alignleft size-medium wp-image-129696\" src=\"https:\/\/www.prijedordanas.com\/wp-content\/uploads\/2019\/06\/nektar-puls-fest-2019-1-300x217.jpg\" alt=\"\" width=\"300\" height=\"217\" srcset=\"https:\/\/www.prijedordanas.com\/wp-content\/uploads\/2019\/06\/nektar-puls-fest-2019-1-300x217.jpg 300w, https:\/\/www.prijedordanas.com\/wp-content\/uploads\/2019\/06\/nektar-puls-fest-2019-1-100x72.jpg 100w, https:\/\/www.prijedordanas.com\/wp-content\/uploads\/2019\/06\/nektar-puls-fest-2019-1.jpg 690w\" sizes=\"(max-width: 300px) 100vw, 300px\" \/><\/a>Tre\u0107i Nektar Puls Fest bi\u0107e odr\u017ean 28. i 29. juna u srcu Nacionalnog parka Kozara, a osim nestvarnog prirodnog ambijenta, nadaleko poznate (tradicionalne i doma\u0107e) hrane i pi\u0107a, okupi\u0107e najve\u0107a regionalna muzi\u010dka imena, te svim generacijama prirediti atmosferu i program za pam\u0107enje.<\/p>\n<p>Na Kozaru 28. i 29. juna sti\u017eu: Unfluid, Elektri\u010dni Orgazam, Partibrejkers, Kerber, Fijasko, Balkan Express, Kepa &amp; Free Spirits (SMAK), S.A.R.S i Psihomodo Pop.<\/p>\n<p>Osim koncerata, svim posjetiocima ponudi\u0107e zanimljiv dnevni sadr\u017eaj u prirodi &#8211; prilago\u0111en pojedincima i porodicama. 29. juna, u subotu \u2013 drugog dana festivala, bi\u0107e organizovan moto defile i rekreativna vo\u017enja biciklima u Nacionalnom parku Kozara. Moto defile je planiran za 11 sati kada \u0107e \u010dlanovi Moto kluba &#8220;Otpisani&#8221; zajedno sa gostima \u2013 predstavnicima drugih moto klubova krenuti ka Prijedoru. Kraj defila planiran je za 17 \u010dasova u festivalskoj zoni.<\/p>\n<p>Po\u010detak rekreativne vo\u017enje biciklima planiran je za 12 \u010dasova na platou Benkovac, a planirana ruta je Benkovac \u2013 Mrakovica \u2013 Benkovac. Vo\u017enja traje sve do 15 \u010dasova, nakon \u010dega su planirane slobodne aktivnosti, u\u017eivanje u nestvarnom prirodnom ambijentu, te uvertira u (bogat) ve\u010dernji program.<\/p>\n<p><a href=\"https:\/\/www.prijedordanas.com\/wp-content\/uploads\/2019\/06\/nektar-puls-fest-plakat.jpg\"><img loading=\"lazy\" decoding=\"async\" class=\"alignleft size-medium wp-image-128969\" src=\"https:\/\/www.prijedordanas.com\/wp-content\/uploads\/2019\/06\/nektar-puls-fest-plakat-212x300.jpg\" alt=\"\" width=\"212\" height=\"300\" srcset=\"https:\/\/www.prijedordanas.com\/wp-content\/uploads\/2019\/06\/nektar-puls-fest-plakat-212x300.jpg 212w, https:\/\/www.prijedordanas.com\/wp-content\/uploads\/2019\/06\/nektar-puls-fest-plakat-71x100.jpg 71w, https:\/\/www.prijedordanas.com\/wp-content\/uploads\/2019\/06\/nektar-puls-fest-plakat.jpg 453w\" sizes=\"(max-width: 212px) 100vw, 212px\" \/><\/a>&#8220;Sigurni smo da \u0107e 3. Nektar Puls Fest nadma\u0161iti prethodne, ali i postaviti visoke standarde za sve naredne godine. Besplatan kamp, parking, prevoz iz Banjaluke i Prijedora, vrhunski muzi\u010dki program, te prate\u0107i dnevni i drugi sadr\u017eaji za sve generacije \u010dine (na\u0161u) festivalsku ponudu izuzetno atraktivnom. Nektar Puls Fest je mnogo vi\u0161e od festivala \u2013 to je pri\u010da koja se gradi i pi\u0161e godinama, a uzev\u0161i u obzir nestvarni prirodni ambijent u kojem se odr\u017eava, pred nama su (tek) godine u kojima \u0107emo ispisati novu tradiciju&#8221;, isti\u010de Dejan Stupar, PR menad\u017eer festivala.<\/p>\n<p>Priroda koja oduzima dah, hrana i pi\u0107e poznati po svom kvalitetu i autenti\u010dnosti, bezvremenski hitovi regionalnih muzi\u010dara, jo\u0161 uvijek besplatan kamp sa oko 10.000 mjesta, dostupan i obezbje\u0111en (besplatan) parking za oko 5.000 automobila, organizovan prevoz, te ure\u0111ena infrastruktura, nakon samo 2 izdanja \u2013 festival svrstavaju u sam vrh regionalne festivalske ponude.<\/p>\n<p>Ove godine, za sve posjetioce Nektar Puls Festa bi\u0107e organizovan besplatan prevoz iz Banjaluke i Prijedora.<\/p>\n<p>Besplatan prevoz bi\u0107e organizovan u istim terminima tokom oba dana festivala: polasci iz Banjaluke su planirani za 18 i 19 sati sa stare autobuske stanice, dok je povratak planiran za 24 sata; polasci iz Prijedora su planirani za 18 i 19 sati sa terminala autobuske stanice, dok je povratak planiran za 24 sata.<\/p>\n<p>Dodatna pogodnost je i organizovan prevoz iz Prijedora u subotu, sa polaskom u 10 sati i povratkom u 16 sati.<\/p>\n<p>Festivalske ulaznice po cijeni od 15 KM (jednodnevna) i 25 KM (dvodnevna) su u prodaji putem servisa www.kupikartu.ba, na banjalu\u010dkom Trgu Krajine i u Studentskom centru \u201eNikola Tesla\u201c.<\/p>\n<p>Ulaznice su dostupne i u gradovima i op\u0161tinama \u0161irom Republike Srpske i BiH. Informacije o paketima, ulaznicama i prodajnim mjestima su na dru\u0161tvenim mre\u017eama (@PulsFest) i na www.pulsfest.com.<\/p>\n<p>Osjeti puls prirode, zvuka i okusa \u2013 do\u0111i 28. i 29. juna 2019. u NP Kozara!<\/p>\n","protected":false},"excerpt":{"rendered":"<p>Tre\u0107i Nektar Puls Fest bi\u0107e odr\u017ean 28. i 29. juna u srcu Nacionalnog parka Kozara, a osim nestvarnog prirodnog ambijenta, nadaleko poznate (tradicionalne i doma\u0107e) hrane i pi\u0107a, okupi\u0107e najve\u0107a [&hellip;]<\/p>\n","protected":false},"author":1,"featured_media":0,"comment_status":"closed","ping_status":"open","sticky":false,"template":"","format":"standard","meta":{"_monsterinsights_skip_tracking":false,"_monsterinsights_sitenote_active":false,"_monsterinsights_sitenote_note":"","_monsterinsights_sitenote_category":0,"footnotes":""},"categories":[4],"tags":[10878],"yoast_head":"<!-- This site is optimized with the Yoast SEO plugin v21.6 - https:\/\/yoast.com\/wordpress\/plugins\/seo\/ -->\n<title>Jo\u0161 dva dana do po\u010detka 3. Nektar Puls Festa u Nacionalnom parku &quot;Kozara&quot; - PrijedorDanas.com - Prijedorski gradski portal<\/title>\n<meta name=\"robots\" content=\"index, follow, max-snippet:-1, max-image-preview:large, max-video-preview:-1\" \/>\n<link rel=\"canonical\" href=\"https:\/\/www.prijedordanas.com\/?p=129698\" \/>\n<meta property=\"og:locale\" content=\"en_US\" \/>\n<meta property=\"og:type\" content=\"article\" \/>\n<meta property=\"og:title\" content=\"Jo\u0161 dva dana do po\u010detka 3. Nektar Puls Festa u Nacionalnom parku &quot;Kozara&quot; - PrijedorDanas.com - Prijedorski gradski portal\" \/>\n<meta property=\"og:description\" content=\"Tre\u0107i Nektar Puls Fest bi\u0107e odr\u017ean 28. i 29. juna u srcu Nacionalnog parka Kozara, a osim nestvarnog prirodnog ambijenta, nadaleko poznate (tradicionalne i doma\u0107e) hrane i pi\u0107a, okupi\u0107e najve\u0107a [&hellip;]\" \/>\n<meta property=\"og:url\" content=\"https:\/\/www.prijedordanas.com\/?p=129698\" \/>\n<meta property=\"og:site_name\" content=\"PrijedorDanas.com - Prijedorski gradski portal\" \/>\n<meta property=\"article:publisher\" content=\"https:\/\/www.facebook.com\/PrijedorDanasCom\/\" \/>\n<meta property=\"article:published_time\" content=\"2019-06-26T08:45:54+00:00\" \/>\n<meta property=\"og:image\" content=\"https:\/\/www.prijedordanas.com\/wp-content\/uploads\/2019\/06\/nektar-puls-fest-2019-1-300x217.jpg\" \/>\n<meta name=\"author\" content=\"admin\" \/>\n<meta name=\"twitter:card\" content=\"summary_large_image\" \/>\n<meta name=\"twitter:label1\" content=\"Written by\" \/>\n\t<meta name=\"twitter:data1\" content=\"admin\" \/>\n\t<meta name=\"twitter:label2\" content=\"Est. reading time\" \/>\n\t<meta name=\"twitter:data2\" content=\"3 minutes\" \/>\n<script type=\"application\/ld+json\" class=\"yoast-schema-graph\">{\"@context\":\"https:\/\/schema.org\",\"@graph\":[{\"@type\":\"Article\",\"@id\":\"https:\/\/www.prijedordanas.com\/?p=129698#article\",\"isPartOf\":{\"@id\":\"https:\/\/www.prijedordanas.com\/?p=129698\"},\"author\":{\"name\":\"admin\",\"@id\":\"https:\/\/www.prijedordanas.com\/#\/schema\/person\/4e08ccf29b506ca916ff86d46bb700e6\"},\"headline\":\"Jo\u0161 dva dana do po\u010detka 3. Nektar Puls Festa u Nacionalnom parku &#8220;Kozara&#8221;\",\"datePublished\":\"2019-06-26T08:45:54+00:00\",\"dateModified\":\"2019-06-26T08:45:54+00:00\",\"mainEntityOfPage\":{\"@id\":\"https:\/\/www.prijedordanas.com\/?p=129698\"},\"wordCount\":515,\"publisher\":{\"@id\":\"https:\/\/www.prijedordanas.com\/#organization\"},\"keywords\":[\"Nektar Puls Fest 2019\"],\"articleSection\":[\"Dru\u0161tvo\"],\"inLanguage\":\"en-US\"},{\"@type\":\"WebPage\",\"@id\":\"https:\/\/www.prijedordanas.com\/?p=129698\",\"url\":\"https:\/\/www.prijedordanas.com\/?p=129698\",\"name\":\"Jo\u0161 dva dana do po\u010detka 3. Nektar Puls Festa u Nacionalnom parku \\\"Kozara\\\" - PrijedorDanas.com - Prijedorski gradski portal\",\"isPartOf\":{\"@id\":\"https:\/\/www.prijedordanas.com\/#website\"},\"datePublished\":\"2019-06-26T08:45:54+00:00\",\"dateModified\":\"2019-06-26T08:45:54+00:00\",\"breadcrumb\":{\"@id\":\"https:\/\/www.prijedordanas.com\/?p=129698#breadcrumb\"},\"inLanguage\":\"en-US\",\"potentialAction\":[{\"@type\":\"ReadAction\",\"target\":[\"https:\/\/www.prijedordanas.com\/?p=129698\"]}]},{\"@type\":\"BreadcrumbList\",\"@id\":\"https:\/\/www.prijedordanas.com\/?p=129698#breadcrumb\",\"itemListElement\":[{\"@type\":\"ListItem\",\"position\":1,\"name\":\"Home\",\"item\":\"https:\/\/www.prijedordanas.com\/\"},{\"@type\":\"ListItem\",\"position\":2,\"name\":\"Jo\u0161 dva dana do po\u010detka 3. Nektar Puls Festa u Nacionalnom parku &#8220;Kozara&#8221;\"}]},{\"@type\":\"WebSite\",\"@id\":\"https:\/\/www.prijedordanas.com\/#website\",\"url\":\"https:\/\/www.prijedordanas.com\/\",\"name\":\"PrijedorDanas.com - Prijedorski gradski portal\",\"description\":\"Portal o doga\u0111anjima u gradu Prijedoru\",\"publisher\":{\"@id\":\"https:\/\/www.prijedordanas.com\/#organization\"},\"potentialAction\":[{\"@type\":\"SearchAction\",\"target\":{\"@type\":\"EntryPoint\",\"urlTemplate\":\"https:\/\/www.prijedordanas.com\/?s={search_term_string}\"},\"query-input\":\"required name=search_term_string\"}],\"inLanguage\":\"en-US\"},{\"@type\":\"Organization\",\"@id\":\"https:\/\/www.prijedordanas.com\/#organization\",\"name\":\"PrijedorDanas.com\",\"url\":\"https:\/\/www.prijedordanas.com\/\",\"logo\":{\"@type\":\"ImageObject\",\"inLanguage\":\"en-US\",\"@id\":\"https:\/\/www.prijedordanas.com\/#\/schema\/logo\/image\/\",\"url\":\"http:\/\/www.prijedordanas.com\/wp-content\/uploads\/2021\/12\/logopng.png\",\"contentUrl\":\"http:\/\/www.prijedordanas.com\/wp-content\/uploads\/2021\/12\/logopng.png\",\"width\":1019,\"height\":776,\"caption\":\"PrijedorDanas.com\"},\"image\":{\"@id\":\"https:\/\/www.prijedordanas.com\/#\/schema\/logo\/image\/\"},\"sameAs\":[\"https:\/\/www.facebook.com\/PrijedorDanasCom\/\"]},{\"@type\":\"Person\",\"@id\":\"https:\/\/www.prijedordanas.com\/#\/schema\/person\/4e08ccf29b506ca916ff86d46bb700e6\",\"name\":\"admin\",\"image\":{\"@type\":\"ImageObject\",\"inLanguage\":\"en-US\",\"@id\":\"https:\/\/www.prijedordanas.com\/#\/schema\/person\/image\/\",\"url\":\"https:\/\/secure.gravatar.com\/avatar\/1d3fc949d550f0b53a5f0d51e06dfd79?s=96&d=mm&r=g\",\"contentUrl\":\"https:\/\/secure.gravatar.com\/avatar\/1d3fc949d550f0b53a5f0d51e06dfd79?s=96&d=mm&r=g\",\"caption\":\"admin\"},\"url\":\"https:\/\/www.prijedordanas.com\/?author=1\"}]}<\/script>\n<!-- \/ Yoast SEO plugin. -->","yoast_head_json":{"title":"Jo\u0161 dva dana do po\u010detka 3. Nektar Puls Festa u Nacionalnom parku \"Kozara\" - PrijedorDanas.com - Prijedorski gradski portal","robots":{"index":"index","follow":"follow","max-snippet":"max-snippet:-1","max-image-preview":"max-image-preview:large","max-video-preview":"max-video-preview:-1"},"canonical":"https:\/\/www.prijedordanas.com\/?p=129698","og_locale":"en_US","og_type":"article","og_title":"Jo\u0161 dva dana do po\u010detka 3. Nektar Puls Festa u Nacionalnom parku \"Kozara\" - PrijedorDanas.com - Prijedorski gradski portal","og_description":"Tre\u0107i Nektar Puls Fest bi\u0107e odr\u017ean 28. i 29. juna u srcu Nacionalnog parka Kozara, a osim nestvarnog prirodnog ambijenta, nadaleko poznate (tradicionalne i doma\u0107e) hrane i pi\u0107a, okupi\u0107e najve\u0107a [&hellip;]","og_url":"https:\/\/www.prijedordanas.com\/?p=129698","og_site_name":"PrijedorDanas.com - Prijedorski gradski portal","article_publisher":"https:\/\/www.facebook.com\/PrijedorDanasCom\/","article_published_time":"2019-06-26T08:45:54+00:00","og_image":[{"url":"https:\/\/www.prijedordanas.com\/wp-content\/uploads\/2019\/06\/nektar-puls-fest-2019-1-300x217.jpg"}],"author":"admin","twitter_card":"summary_large_image","twitter_misc":{"Written by":"admin","Est. reading time":"3 minutes"},"schema":{"@context":"https:\/\/schema.org","@graph":[{"@type":"Article","@id":"https:\/\/www.prijedordanas.com\/?p=129698#article","isPartOf":{"@id":"https:\/\/www.prijedordanas.com\/?p=129698"},"author":{"name":"admin","@id":"https:\/\/www.prijedordanas.com\/#\/schema\/person\/4e08ccf29b506ca916ff86d46bb700e6"},"headline":"Jo\u0161 dva dana do po\u010detka 3. Nektar Puls Festa u Nacionalnom parku &#8220;Kozara&#8221;","datePublished":"2019-06-26T08:45:54+00:00","dateModified":"2019-06-26T08:45:54+00:00","mainEntityOfPage":{"@id":"https:\/\/www.prijedordanas.com\/?p=129698"},"wordCount":515,"publisher":{"@id":"https:\/\/www.prijedordanas.com\/#organization"},"keywords":["Nektar Puls Fest 2019"],"articleSection":["Dru\u0161tvo"],"inLanguage":"en-US"},{"@type":"WebPage","@id":"https:\/\/www.prijedordanas.com\/?p=129698","url":"https:\/\/www.prijedordanas.com\/?p=129698","name":"Jo\u0161 dva dana do po\u010detka 3. Nektar Puls Festa u Nacionalnom parku \"Kozara\" - PrijedorDanas.com - Prijedorski gradski portal","isPartOf":{"@id":"https:\/\/www.prijedordanas.com\/#website"},"datePublished":"2019-06-26T08:45:54+00:00","dateModified":"2019-06-26T08:45:54+00:00","breadcrumb":{"@id":"https:\/\/www.prijedordanas.com\/?p=129698#breadcrumb"},"inLanguage":"en-US","potentialAction":[{"@type":"ReadAction","target":["https:\/\/www.prijedordanas.com\/?p=129698"]}]},{"@type":"BreadcrumbList","@id":"https:\/\/www.prijedordanas.com\/?p=129698#breadcrumb","itemListElement":[{"@type":"ListItem","position":1,"name":"Home","item":"https:\/\/www.prijedordanas.com\/"},{"@type":"ListItem","position":2,"name":"Jo\u0161 dva dana do po\u010detka 3. Nektar Puls Festa u Nacionalnom parku &#8220;Kozara&#8221;"}]},{"@type":"WebSite","@id":"https:\/\/www.prijedordanas.com\/#website","url":"https:\/\/www.prijedordanas.com\/","name":"PrijedorDanas.com - Prijedorski gradski portal","description":"Portal o doga\u0111anjima u gradu Prijedoru","publisher":{"@id":"https:\/\/www.prijedordanas.com\/#organization"},"potentialAction":[{"@type":"SearchAction","target":{"@type":"EntryPoint","urlTemplate":"https:\/\/www.prijedordanas.com\/?s={search_term_string}"},"query-input":"required name=search_term_string"}],"inLanguage":"en-US"},{"@type":"Organization","@id":"https:\/\/www.prijedordanas.com\/#organization","name":"PrijedorDanas.com","url":"https:\/\/www.prijedordanas.com\/","logo":{"@type":"ImageObject","inLanguage":"en-US","@id":"https:\/\/www.prijedordanas.com\/#\/schema\/logo\/image\/","url":"http:\/\/www.prijedordanas.com\/wp-content\/uploads\/2021\/12\/logopng.png","contentUrl":"http:\/\/www.prijedordanas.com\/wp-content\/uploads\/2021\/12\/logopng.png","width":1019,"height":776,"caption":"PrijedorDanas.com"},"image":{"@id":"https:\/\/www.prijedordanas.com\/#\/schema\/logo\/image\/"},"sameAs":["https:\/\/www.facebook.com\/PrijedorDanasCom\/"]},{"@type":"Person","@id":"https:\/\/www.prijedordanas.com\/#\/schema\/person\/4e08ccf29b506ca916ff86d46bb700e6","name":"admin","image":{"@type":"ImageObject","inLanguage":"en-US","@id":"https:\/\/www.prijedordanas.com\/#\/schema\/person\/image\/","url":"https:\/\/secure.gravatar.com\/avatar\/1d3fc949d550f0b53a5f0d51e06dfd79?s=96&d=mm&r=g","contentUrl":"https:\/\/secure.gravatar.com\/avatar\/1d3fc949d550f0b53a5f0d51e06dfd79?s=96&d=mm&r=g","caption":"admin"},"url":"https:\/\/www.prijedordanas.com\/?author=1"}]}},"_links":{"self":[{"href":"https:\/\/www.prijedordanas.com\/index.php?rest_route=\/wp\/v2\/posts\/129698"}],"collection":[{"href":"https:\/\/www.prijedordanas.com\/index.php?rest_route=\/wp\/v2\/posts"}],"about":[{"href":"https:\/\/www.prijedordanas.com\/index.php?rest_route=\/wp\/v2\/types\/post"}],"author":[{"embeddable":true,"href":"https:\/\/www.prijedordanas.com\/index.php?rest_route=\/wp\/v2\/users\/1"}],"replies":[{"embeddable":true,"href":"https:\/\/www.prijedordanas.com\/index.php?rest_route=%2Fwp%2Fv2%2Fcomments&post=129698"}],"version-history":[{"count":1,"href":"https:\/\/www.prijedordanas.com\/index.php?rest_route=\/wp\/v2\/posts\/129698\/revisions"}],"predecessor-version":[{"id":129699,"href":"https:\/\/www.prijedordanas.com\/index.php?rest_route=\/wp\/v2\/posts\/129698\/revisions\/129699"}],"wp:attachment":[{"href":"https:\/\/www.prijedordanas.com\/index.php?rest_route=%2Fwp%2Fv2%2Fmedia&parent=129698"}],"wp:term":[{"taxonomy":"category","embeddable":true,"href":"https:\/\/www.prijedordanas.com\/index.php?rest_route=%2Fwp%2Fv2%2Fcategories&post=129698"},{"taxonomy":"post_tag","embeddable":true,"href":"https:\/\/www.prijedordanas.com\/index.php?rest_route=%2Fwp%2Fv2%2Ftags&post=129698"}],"curies":[{"name":"wp","href":"https:\/\/api.w.org\/{rel}","templated":true}]}}