{"id":129692,"date":"2019-06-26T10:19:01","date_gmt":"2019-06-26T08:19:01","guid":{"rendered":"https:\/\/www.prijedordanas.com\/?p=129692"},"modified":"2019-06-26T10:19:01","modified_gmt":"2019-06-26T08:19:01","slug":"pu-prijedor-izvuceno-bezivotno-tijelo-nepoznatog-muskarca-iz-rijeke-save","status":"publish","type":"post","link":"https:\/\/www.prijedordanas.com\/?p=129692","title":{"rendered":"PU PRIJEDOR: IZVU\u010cENO BE\u017dIVOTNO TIJELO NEPOZNATOG MU\u0160KARCA IZ RIJEKE SAVE"},"content":{"rendered":"<p><a href=\"https:\/\/www.prijedordanas.com\/wp-content\/uploads\/2019\/06\/ilustracija-potraga-rijeka-1.jpg\"><img loading=\"lazy\" decoding=\"async\" src=\"https:\/\/www.prijedordanas.com\/wp-content\/uploads\/2019\/06\/ilustracija-potraga-rijeka-1-300x222.jpg\" alt=\"\" width=\"300\" height=\"222\" class=\"alignleft size-medium wp-image-129693\" srcset=\"https:\/\/www.prijedordanas.com\/wp-content\/uploads\/2019\/06\/ilustracija-potraga-rijeka-1-300x222.jpg 300w, https:\/\/www.prijedordanas.com\/wp-content\/uploads\/2019\/06\/ilustracija-potraga-rijeka-1-100x74.jpg 100w, https:\/\/www.prijedordanas.com\/wp-content\/uploads\/2019\/06\/ilustracija-potraga-rijeka-1.jpg 677w\" sizes=\"(max-width: 300px) 100vw, 300px\" \/><\/a>Policijskim slu\u017ebenicima Policijske uprave Prijedor, dana 25.06.2019. godine, oko 19.30 \u010dasova, prijavljeno je da je u mjestu Mlinarice, op\u0161tina Kozarska Dubica, iz rijeke Save izvu\u010deno be\u017eivotno tijelo nepoznatog mu\u0161karca. <\/p>\n<p>Uvi\u0111aj na licu mjesta izvr\u0161ili su policijski slu\u017ebenici Policijske stanice Kozarska Dubica u prisustvu doktora JZU Dom zdravlja Kozarska Dubica. <\/p>\n<p>Na osnovu izvr\u0161enog uvi\u0111aja i spolja\u0161njeg pregleda be\u017eivotnog tijela, nisu prona\u0111eni tragovi koji bi upuc\u0301ivali da se radi o krivi\u010dnom djelu. <\/p>\n<p>Policijski slu\u017ebenici po nalogu okru\u017enog javnog tu\u017eioca Okru\u017enog javnog tu\u017eila\u0161tva Prijedor preduzimaju neophodne mjere i radnje na utvr\u0111ivanju svih okolnosti navedenog doga\u0111aja.<\/p>\n<p>Od strane postupajuc\u0301eg tu\u017eioca nalo\u017eena je obdukcija be\u017eivotnog tijela radi utvr\u0111ivanja identiteta lica kao i ta\u010dnog uzroka smrti a koja c\u0301e biti obavljena u Zavodu za sudsku medicinu Republike Srpske u Banjaluci. <\/p>\n<p>PU Priejdor<br \/>\nFoto &#8211; ilustracija<\/p>\n","protected":false},"excerpt":{"rendered":"<p>Policijskim slu\u017ebenicima Policijske uprave Prijedor, dana 25.06.2019. godine, oko 19.30 \u010dasova, prijavljeno je da je u mjestu Mlinarice, op\u0161tina Kozarska Dubica, iz rijeke Save izvu\u010deno be\u017eivotno tijelo nepoznatog mu\u0161karca. Uvi\u0111aj [&hellip;]<\/p>\n","protected":false},"author":1,"featured_media":0,"comment_status":"closed","ping_status":"open","sticky":false,"template":"","format":"standard","meta":{"_monsterinsights_skip_tracking":false,"_monsterinsights_sitenote_active":false,"_monsterinsights_sitenote_note":"","_monsterinsights_sitenote_category":0,"footnotes":""},"categories":[5],"tags":[9834],"yoast_head":"<!-- This site is optimized with the Yoast SEO plugin v21.6 - https:\/\/yoast.com\/wordpress\/plugins\/seo\/ -->\n<title>PU PRIJEDOR: IZVU\u010cENO BE\u017dIVOTNO TIJELO NEPOZNATOG MU\u0160KARCA IZ RIJEKE SAVE - PrijedorDanas.com - Prijedorski gradski portal<\/title>\n<meta name=\"robots\" content=\"index, follow, max-snippet:-1, max-image-preview:large, max-video-preview:-1\" \/>\n<link rel=\"canonical\" href=\"https:\/\/www.prijedordanas.com\/?p=129692\" \/>\n<meta property=\"og:locale\" content=\"en_US\" \/>\n<meta property=\"og:type\" content=\"article\" \/>\n<meta property=\"og:title\" content=\"PU PRIJEDOR: IZVU\u010cENO BE\u017dIVOTNO TIJELO NEPOZNATOG MU\u0160KARCA IZ RIJEKE SAVE - PrijedorDanas.com - Prijedorski gradski portal\" \/>\n<meta property=\"og:description\" content=\"Policijskim slu\u017ebenicima Policijske uprave Prijedor, dana 25.06.2019. godine, oko 19.30 \u010dasova, prijavljeno je da je u mjestu Mlinarice, op\u0161tina Kozarska Dubica, iz rijeke Save izvu\u010deno be\u017eivotno tijelo nepoznatog mu\u0161karca. Uvi\u0111aj [&hellip;]\" \/>\n<meta property=\"og:url\" content=\"https:\/\/www.prijedordanas.com\/?p=129692\" \/>\n<meta property=\"og:site_name\" content=\"PrijedorDanas.com - Prijedorski gradski portal\" \/>\n<meta property=\"article:publisher\" content=\"https:\/\/www.facebook.com\/PrijedorDanasCom\/\" \/>\n<meta property=\"article:published_time\" content=\"2019-06-26T08:19:01+00:00\" \/>\n<meta property=\"og:image\" content=\"https:\/\/www.prijedordanas.com\/wp-content\/uploads\/2019\/06\/ilustracija-potraga-rijeka-1-300x222.jpg\" \/>\n<meta name=\"author\" content=\"admin\" \/>\n<meta name=\"twitter:card\" content=\"summary_large_image\" \/>\n<meta name=\"twitter:label1\" content=\"Written by\" \/>\n\t<meta name=\"twitter:data1\" content=\"admin\" \/>\n\t<meta name=\"twitter:label2\" content=\"Est. reading time\" \/>\n\t<meta name=\"twitter:data2\" content=\"1 minute\" \/>\n<script type=\"application\/ld+json\" class=\"yoast-schema-graph\">{\"@context\":\"https:\/\/schema.org\",\"@graph\":[{\"@type\":\"Article\",\"@id\":\"https:\/\/www.prijedordanas.com\/?p=129692#article\",\"isPartOf\":{\"@id\":\"https:\/\/www.prijedordanas.com\/?p=129692\"},\"author\":{\"name\":\"admin\",\"@id\":\"https:\/\/www.prijedordanas.com\/#\/schema\/person\/4e08ccf29b506ca916ff86d46bb700e6\"},\"headline\":\"PU PRIJEDOR: IZVU\u010cENO BE\u017dIVOTNO TIJELO NEPOZNATOG MU\u0160KARCA IZ RIJEKE SAVE\",\"datePublished\":\"2019-06-26T08:19:01+00:00\",\"dateModified\":\"2019-06-26T08:19:01+00:00\",\"mainEntityOfPage\":{\"@id\":\"https:\/\/www.prijedordanas.com\/?p=129692\"},\"wordCount\":170,\"publisher\":{\"@id\":\"https:\/\/www.prijedordanas.com\/#organization\"},\"keywords\":[\"PU Prijedor\"],\"articleSection\":[\"Hronika\"],\"inLanguage\":\"en-US\"},{\"@type\":\"WebPage\",\"@id\":\"https:\/\/www.prijedordanas.com\/?p=129692\",\"url\":\"https:\/\/www.prijedordanas.com\/?p=129692\",\"name\":\"PU PRIJEDOR: IZVU\u010cENO BE\u017dIVOTNO TIJELO NEPOZNATOG MU\u0160KARCA IZ RIJEKE SAVE - PrijedorDanas.com - Prijedorski gradski portal\",\"isPartOf\":{\"@id\":\"https:\/\/www.prijedordanas.com\/#website\"},\"datePublished\":\"2019-06-26T08:19:01+00:00\",\"dateModified\":\"2019-06-26T08:19:01+00:00\",\"breadcrumb\":{\"@id\":\"https:\/\/www.prijedordanas.com\/?p=129692#breadcrumb\"},\"inLanguage\":\"en-US\",\"potentialAction\":[{\"@type\":\"ReadAction\",\"target\":[\"https:\/\/www.prijedordanas.com\/?p=129692\"]}]},{\"@type\":\"BreadcrumbList\",\"@id\":\"https:\/\/www.prijedordanas.com\/?p=129692#breadcrumb\",\"itemListElement\":[{\"@type\":\"ListItem\",\"position\":1,\"name\":\"Home\",\"item\":\"https:\/\/www.prijedordanas.com\/\"},{\"@type\":\"ListItem\",\"position\":2,\"name\":\"PU PRIJEDOR: IZVU\u010cENO BE\u017dIVOTNO TIJELO NEPOZNATOG MU\u0160KARCA IZ RIJEKE SAVE\"}]},{\"@type\":\"WebSite\",\"@id\":\"https:\/\/www.prijedordanas.com\/#website\",\"url\":\"https:\/\/www.prijedordanas.com\/\",\"name\":\"PrijedorDanas.com - Prijedorski gradski portal\",\"description\":\"Portal o doga\u0111anjima u gradu Prijedoru\",\"publisher\":{\"@id\":\"https:\/\/www.prijedordanas.com\/#organization\"},\"potentialAction\":[{\"@type\":\"SearchAction\",\"target\":{\"@type\":\"EntryPoint\",\"urlTemplate\":\"https:\/\/www.prijedordanas.com\/?s={search_term_string}\"},\"query-input\":\"required name=search_term_string\"}],\"inLanguage\":\"en-US\"},{\"@type\":\"Organization\",\"@id\":\"https:\/\/www.prijedordanas.com\/#organization\",\"name\":\"PrijedorDanas.com\",\"url\":\"https:\/\/www.prijedordanas.com\/\",\"logo\":{\"@type\":\"ImageObject\",\"inLanguage\":\"en-US\",\"@id\":\"https:\/\/www.prijedordanas.com\/#\/schema\/logo\/image\/\",\"url\":\"http:\/\/www.prijedordanas.com\/wp-content\/uploads\/2021\/12\/logopng.png\",\"contentUrl\":\"http:\/\/www.prijedordanas.com\/wp-content\/uploads\/2021\/12\/logopng.png\",\"width\":1019,\"height\":776,\"caption\":\"PrijedorDanas.com\"},\"image\":{\"@id\":\"https:\/\/www.prijedordanas.com\/#\/schema\/logo\/image\/\"},\"sameAs\":[\"https:\/\/www.facebook.com\/PrijedorDanasCom\/\"]},{\"@type\":\"Person\",\"@id\":\"https:\/\/www.prijedordanas.com\/#\/schema\/person\/4e08ccf29b506ca916ff86d46bb700e6\",\"name\":\"admin\",\"image\":{\"@type\":\"ImageObject\",\"inLanguage\":\"en-US\",\"@id\":\"https:\/\/www.prijedordanas.com\/#\/schema\/person\/image\/\",\"url\":\"https:\/\/secure.gravatar.com\/avatar\/1d3fc949d550f0b53a5f0d51e06dfd79?s=96&d=mm&r=g\",\"contentUrl\":\"https:\/\/secure.gravatar.com\/avatar\/1d3fc949d550f0b53a5f0d51e06dfd79?s=96&d=mm&r=g\",\"caption\":\"admin\"},\"url\":\"https:\/\/www.prijedordanas.com\/?author=1\"}]}<\/script>\n<!-- \/ Yoast SEO plugin. -->","yoast_head_json":{"title":"PU PRIJEDOR: IZVU\u010cENO BE\u017dIVOTNO TIJELO NEPOZNATOG MU\u0160KARCA IZ RIJEKE SAVE - PrijedorDanas.com - Prijedorski gradski portal","robots":{"index":"index","follow":"follow","max-snippet":"max-snippet:-1","max-image-preview":"max-image-preview:large","max-video-preview":"max-video-preview:-1"},"canonical":"https:\/\/www.prijedordanas.com\/?p=129692","og_locale":"en_US","og_type":"article","og_title":"PU PRIJEDOR: IZVU\u010cENO BE\u017dIVOTNO TIJELO NEPOZNATOG MU\u0160KARCA IZ RIJEKE SAVE - PrijedorDanas.com - Prijedorski gradski portal","og_description":"Policijskim slu\u017ebenicima Policijske uprave Prijedor, dana 25.06.2019. godine, oko 19.30 \u010dasova, prijavljeno je da je u mjestu Mlinarice, op\u0161tina Kozarska Dubica, iz rijeke Save izvu\u010deno be\u017eivotno tijelo nepoznatog mu\u0161karca. Uvi\u0111aj [&hellip;]","og_url":"https:\/\/www.prijedordanas.com\/?p=129692","og_site_name":"PrijedorDanas.com - Prijedorski gradski portal","article_publisher":"https:\/\/www.facebook.com\/PrijedorDanasCom\/","article_published_time":"2019-06-26T08:19:01+00:00","og_image":[{"url":"https:\/\/www.prijedordanas.com\/wp-content\/uploads\/2019\/06\/ilustracija-potraga-rijeka-1-300x222.jpg"}],"author":"admin","twitter_card":"summary_large_image","twitter_misc":{"Written by":"admin","Est. reading time":"1 minute"},"schema":{"@context":"https:\/\/schema.org","@graph":[{"@type":"Article","@id":"https:\/\/www.prijedordanas.com\/?p=129692#article","isPartOf":{"@id":"https:\/\/www.prijedordanas.com\/?p=129692"},"author":{"name":"admin","@id":"https:\/\/www.prijedordanas.com\/#\/schema\/person\/4e08ccf29b506ca916ff86d46bb700e6"},"headline":"PU PRIJEDOR: IZVU\u010cENO BE\u017dIVOTNO TIJELO NEPOZNATOG MU\u0160KARCA IZ RIJEKE SAVE","datePublished":"2019-06-26T08:19:01+00:00","dateModified":"2019-06-26T08:19:01+00:00","mainEntityOfPage":{"@id":"https:\/\/www.prijedordanas.com\/?p=129692"},"wordCount":170,"publisher":{"@id":"https:\/\/www.prijedordanas.com\/#organization"},"keywords":["PU Prijedor"],"articleSection":["Hronika"],"inLanguage":"en-US"},{"@type":"WebPage","@id":"https:\/\/www.prijedordanas.com\/?p=129692","url":"https:\/\/www.prijedordanas.com\/?p=129692","name":"PU PRIJEDOR: IZVU\u010cENO BE\u017dIVOTNO TIJELO NEPOZNATOG MU\u0160KARCA IZ RIJEKE SAVE - PrijedorDanas.com - Prijedorski gradski portal","isPartOf":{"@id":"https:\/\/www.prijedordanas.com\/#website"},"datePublished":"2019-06-26T08:19:01+00:00","dateModified":"2019-06-26T08:19:01+00:00","breadcrumb":{"@id":"https:\/\/www.prijedordanas.com\/?p=129692#breadcrumb"},"inLanguage":"en-US","potentialAction":[{"@type":"ReadAction","target":["https:\/\/www.prijedordanas.com\/?p=129692"]}]},{"@type":"BreadcrumbList","@id":"https:\/\/www.prijedordanas.com\/?p=129692#breadcrumb","itemListElement":[{"@type":"ListItem","position":1,"name":"Home","item":"https:\/\/www.prijedordanas.com\/"},{"@type":"ListItem","position":2,"name":"PU PRIJEDOR: IZVU\u010cENO BE\u017dIVOTNO TIJELO NEPOZNATOG MU\u0160KARCA IZ RIJEKE SAVE"}]},{"@type":"WebSite","@id":"https:\/\/www.prijedordanas.com\/#website","url":"https:\/\/www.prijedordanas.com\/","name":"PrijedorDanas.com - Prijedorski gradski portal","description":"Portal o doga\u0111anjima u gradu Prijedoru","publisher":{"@id":"https:\/\/www.prijedordanas.com\/#organization"},"potentialAction":[{"@type":"SearchAction","target":{"@type":"EntryPoint","urlTemplate":"https:\/\/www.prijedordanas.com\/?s={search_term_string}"},"query-input":"required name=search_term_string"}],"inLanguage":"en-US"},{"@type":"Organization","@id":"https:\/\/www.prijedordanas.com\/#organization","name":"PrijedorDanas.com","url":"https:\/\/www.prijedordanas.com\/","logo":{"@type":"ImageObject","inLanguage":"en-US","@id":"https:\/\/www.prijedordanas.com\/#\/schema\/logo\/image\/","url":"http:\/\/www.prijedordanas.com\/wp-content\/uploads\/2021\/12\/logopng.png","contentUrl":"http:\/\/www.prijedordanas.com\/wp-content\/uploads\/2021\/12\/logopng.png","width":1019,"height":776,"caption":"PrijedorDanas.com"},"image":{"@id":"https:\/\/www.prijedordanas.com\/#\/schema\/logo\/image\/"},"sameAs":["https:\/\/www.facebook.com\/PrijedorDanasCom\/"]},{"@type":"Person","@id":"https:\/\/www.prijedordanas.com\/#\/schema\/person\/4e08ccf29b506ca916ff86d46bb700e6","name":"admin","image":{"@type":"ImageObject","inLanguage":"en-US","@id":"https:\/\/www.prijedordanas.com\/#\/schema\/person\/image\/","url":"https:\/\/secure.gravatar.com\/avatar\/1d3fc949d550f0b53a5f0d51e06dfd79?s=96&d=mm&r=g","contentUrl":"https:\/\/secure.gravatar.com\/avatar\/1d3fc949d550f0b53a5f0d51e06dfd79?s=96&d=mm&r=g","caption":"admin"},"url":"https:\/\/www.prijedordanas.com\/?author=1"}]}},"_links":{"self":[{"href":"https:\/\/www.prijedordanas.com\/index.php?rest_route=\/wp\/v2\/posts\/129692"}],"collection":[{"href":"https:\/\/www.prijedordanas.com\/index.php?rest_route=\/wp\/v2\/posts"}],"about":[{"href":"https:\/\/www.prijedordanas.com\/index.php?rest_route=\/wp\/v2\/types\/post"}],"author":[{"embeddable":true,"href":"https:\/\/www.prijedordanas.com\/index.php?rest_route=\/wp\/v2\/users\/1"}],"replies":[{"embeddable":true,"href":"https:\/\/www.prijedordanas.com\/index.php?rest_route=%2Fwp%2Fv2%2Fcomments&post=129692"}],"version-history":[{"count":1,"href":"https:\/\/www.prijedordanas.com\/index.php?rest_route=\/wp\/v2\/posts\/129692\/revisions"}],"predecessor-version":[{"id":129694,"href":"https:\/\/www.prijedordanas.com\/index.php?rest_route=\/wp\/v2\/posts\/129692\/revisions\/129694"}],"wp:attachment":[{"href":"https:\/\/www.prijedordanas.com\/index.php?rest_route=%2Fwp%2Fv2%2Fmedia&parent=129692"}],"wp:term":[{"taxonomy":"category","embeddable":true,"href":"https:\/\/www.prijedordanas.com\/index.php?rest_route=%2Fwp%2Fv2%2Fcategories&post=129692"},{"taxonomy":"post_tag","embeddable":true,"href":"https:\/\/www.prijedordanas.com\/index.php?rest_route=%2Fwp%2Fv2%2Ftags&post=129692"}],"curies":[{"name":"wp","href":"https:\/\/api.w.org\/{rel}","templated":true}]}}