{"id":129646,"date":"2019-06-25T05:06:58","date_gmt":"2019-06-25T03:06:58","guid":{"rendered":"https:\/\/www.prijedordanas.com\/?p=129646"},"modified":"2019-06-25T05:06:58","modified_gmt":"2019-06-25T03:06:58","slug":"sve-spremno-za-nektar-puls-fest","status":"publish","type":"post","link":"https:\/\/www.prijedordanas.com\/?p=129646","title":{"rendered":"SVE SPREMNO ZA NEKTAR PULS FEST"},"content":{"rendered":"<p><a href=\"https:\/\/www.prijedordanas.com\/wp-content\/uploads\/2019\/06\/nektar-puls-fest-2019.jpg\"><img loading=\"lazy\" decoding=\"async\" class=\"alignleft size-medium wp-image-129648\" src=\"https:\/\/www.prijedordanas.com\/wp-content\/uploads\/2019\/06\/nektar-puls-fest-2019-300x217.jpg\" alt=\"\" width=\"300\" height=\"217\" srcset=\"https:\/\/www.prijedordanas.com\/wp-content\/uploads\/2019\/06\/nektar-puls-fest-2019-300x217.jpg 300w, https:\/\/www.prijedordanas.com\/wp-content\/uploads\/2019\/06\/nektar-puls-fest-2019-100x72.jpg 100w, https:\/\/www.prijedordanas.com\/wp-content\/uploads\/2019\/06\/nektar-puls-fest-2019.jpg 690w\" sizes=\"(max-width: 300px) 100vw, 300px\" \/><\/a>Sve je spremno za ovogodi\u0161nje, tre\u0107e izdanje Nektar Puls Festa.<\/p>\n<p>Kraj juna je rezervisan za najve\u0107i muzi\u010dki doga\u0111aj na kraji\u0161koj ljepotici Kozari koji \u0107e okupiti brojna muzi\u010dka imena iz regiona.<\/p>\n<p>Elektri\u010dni Orgazam, Partibrejkersi, Kerber, S.A.R.S., Psihomodo Pop i drugi, sigurno garantuju dobar provod u sjajnom ambijentu.<\/p>\n<p>Prema rije\u010dima portparola Nektar Puls Festa Dejana Stupara, organizatori su se potrudili da osim koncerata, ove godine svim posjetiocima ponude zanimljiv dnevni sadr\u017eaj u prirodi.<\/p>\n<p><a href=\"https:\/\/www.prijedordanas.com\/wp-content\/uploads\/2019\/06\/nektar-puls-fest-promocija-1.jpg\"><img loading=\"lazy\" decoding=\"async\" class=\"alignleft size-medium wp-image-129649\" src=\"https:\/\/www.prijedordanas.com\/wp-content\/uploads\/2019\/06\/nektar-puls-fest-promocija-1-300x217.jpg\" alt=\"\" width=\"300\" height=\"217\" srcset=\"https:\/\/www.prijedordanas.com\/wp-content\/uploads\/2019\/06\/nektar-puls-fest-promocija-1-300x217.jpg 300w, https:\/\/www.prijedordanas.com\/wp-content\/uploads\/2019\/06\/nektar-puls-fest-promocija-1-100x72.jpg 100w, https:\/\/www.prijedordanas.com\/wp-content\/uploads\/2019\/06\/nektar-puls-fest-promocija-1.jpg 690w\" sizes=\"(max-width: 300px) 100vw, 300px\" \/><\/a>-Sve koji do\u0111u na Kozaru o\u010dekuju bogati muzi\u010dki, ali i drugi sadr\u017eaji. Osim nastupa poznatih muzi\u010dkih imena, tu su i biciklisti\u010dka trka kao i moto-defile. Tre\u0107i dan Festivala (nedjelja 30. juni) predvi\u0111en je za u\u017eivanje u Nacionalnom parku \u201eKozara\u201c i bogatoj tradicionalnoj trpezi \u2013 rekao je Stupar na centralnoj promociji \u201eNektar Puls Festa\u201c, koja je odr\u017eana u Caffe Intermezzo u Prijedoru.<\/p>\n<p>\u010clanovi Moto kluba \u201cOtpisani\u201d Prijedor, koji su partneri u organizaciji \u201eNektar Puls Festa\u201c, pozvali su svoje kolege bajkere da im se pridru\u017ee predstoje\u0107eg vikenda i u\u017eivaju u kvalitetnoj rok muzici.<\/p>\n<p><a href=\"https:\/\/www.prijedordanas.com\/wp-content\/uploads\/2019\/06\/nektar-puls-fest-promocija-2.jpg\"><img loading=\"lazy\" decoding=\"async\" src=\"https:\/\/www.prijedordanas.com\/wp-content\/uploads\/2019\/06\/nektar-puls-fest-promocija-2-300x217.jpg\" alt=\"\" width=\"300\" height=\"217\" class=\"alignleft size-medium wp-image-129650\" srcset=\"https:\/\/www.prijedordanas.com\/wp-content\/uploads\/2019\/06\/nektar-puls-fest-promocija-2-300x217.jpg 300w, https:\/\/www.prijedordanas.com\/wp-content\/uploads\/2019\/06\/nektar-puls-fest-promocija-2-100x72.jpg 100w, https:\/\/www.prijedordanas.com\/wp-content\/uploads\/2019\/06\/nektar-puls-fest-promocija-2.jpg 690w\" sizes=\"(max-width: 300px) 100vw, 300px\" \/><\/a>Vidimo se na, najboljem do sada, Nektar Puls Festu!<\/p>\n<p>U petak, 28. juna nastupaju Unfluid, Elektri\u010dni Orgazam, Partibrejkersi i Kerber.<\/p>\n<p>Druge festivalske ve\u010deri 29. juna nastupaju Balkan Express, Kepa &amp; Free Spirits (SMAK), S.A.R.S. i Psihomodo Pop.<\/p>\n<p>Festivalske ulaznice po cijeni od 15 KM (jednodnevna) i 25 KM (dvodnevna) su u prodaji putem servisa www.kupikartu.ba.<\/p>\n<p>Informacije o paketima, ulaznicama i prodajnim mjestima su na dru\u0161tvenim mre\u017eama i na www.pulsfest.com.<\/p>\n<p>Osjeti puls prirode, zvuka i okusa \u2013 do\u0111i 28. i 29. juna 2019. u NP Kozara!<\/p>\n<p><a href=\"https:\/\/www.prijedordanas.com\/wp-content\/uploads\/2019\/06\/nektar-puls-fest-promocija-8.jpg\"><img loading=\"lazy\" decoding=\"async\" src=\"https:\/\/www.prijedordanas.com\/wp-content\/uploads\/2019\/06\/nektar-puls-fest-promocija-8-300x200.jpg\" alt=\"\" width=\"300\" height=\"200\" class=\"alignleft size-medium wp-image-129651\" srcset=\"https:\/\/www.prijedordanas.com\/wp-content\/uploads\/2019\/06\/nektar-puls-fest-promocija-8-300x200.jpg 300w, https:\/\/www.prijedordanas.com\/wp-content\/uploads\/2019\/06\/nektar-puls-fest-promocija-8-100x67.jpg 100w, https:\/\/www.prijedordanas.com\/wp-content\/uploads\/2019\/06\/nektar-puls-fest-promocija-8-480x320.jpg 480w, https:\/\/www.prijedordanas.com\/wp-content\/uploads\/2019\/06\/nektar-puls-fest-promocija-8.jpg 600w\" sizes=\"(max-width: 300px) 100vw, 300px\" \/><\/a> <a href=\"https:\/\/www.prijedordanas.com\/wp-content\/uploads\/2019\/06\/nektar-puls-fest-promocija-3.jpg\"><img loading=\"lazy\" decoding=\"async\" src=\"https:\/\/www.prijedordanas.com\/wp-content\/uploads\/2019\/06\/nektar-puls-fest-promocija-3-300x200.jpg\" alt=\"\" width=\"300\" height=\"200\" class=\"alignleft size-medium wp-image-129652\" srcset=\"https:\/\/www.prijedordanas.com\/wp-content\/uploads\/2019\/06\/nektar-puls-fest-promocija-3-300x200.jpg 300w, https:\/\/www.prijedordanas.com\/wp-content\/uploads\/2019\/06\/nektar-puls-fest-promocija-3-100x67.jpg 100w, https:\/\/www.prijedordanas.com\/wp-content\/uploads\/2019\/06\/nektar-puls-fest-promocija-3-480x320.jpg 480w, https:\/\/www.prijedordanas.com\/wp-content\/uploads\/2019\/06\/nektar-puls-fest-promocija-3.jpg 600w\" sizes=\"(max-width: 300px) 100vw, 300px\" \/><\/a> <a href=\"https:\/\/www.prijedordanas.com\/wp-content\/uploads\/2019\/06\/nektar-puls-fest-promocija-5.jpg\"><img loading=\"lazy\" decoding=\"async\" src=\"https:\/\/www.prijedordanas.com\/wp-content\/uploads\/2019\/06\/nektar-puls-fest-promocija-5-300x200.jpg\" alt=\"\" width=\"300\" height=\"200\" class=\"alignleft size-medium wp-image-129653\" srcset=\"https:\/\/www.prijedordanas.com\/wp-content\/uploads\/2019\/06\/nektar-puls-fest-promocija-5-300x200.jpg 300w, https:\/\/www.prijedordanas.com\/wp-content\/uploads\/2019\/06\/nektar-puls-fest-promocija-5-100x67.jpg 100w, https:\/\/www.prijedordanas.com\/wp-content\/uploads\/2019\/06\/nektar-puls-fest-promocija-5-480x320.jpg 480w, https:\/\/www.prijedordanas.com\/wp-content\/uploads\/2019\/06\/nektar-puls-fest-promocija-5.jpg 600w\" sizes=\"(max-width: 300px) 100vw, 300px\" \/><\/a> <a href=\"https:\/\/www.prijedordanas.com\/wp-content\/uploads\/2019\/06\/nektar-puls-fest-promocija-4.jpg\"><img loading=\"lazy\" decoding=\"async\" src=\"https:\/\/www.prijedordanas.com\/wp-content\/uploads\/2019\/06\/nektar-puls-fest-promocija-4-300x200.jpg\" alt=\"\" width=\"300\" height=\"200\" class=\"alignleft size-medium wp-image-129654\" srcset=\"https:\/\/www.prijedordanas.com\/wp-content\/uploads\/2019\/06\/nektar-puls-fest-promocija-4-300x200.jpg 300w, https:\/\/www.prijedordanas.com\/wp-content\/uploads\/2019\/06\/nektar-puls-fest-promocija-4-100x67.jpg 100w, https:\/\/www.prijedordanas.com\/wp-content\/uploads\/2019\/06\/nektar-puls-fest-promocija-4-480x320.jpg 480w, https:\/\/www.prijedordanas.com\/wp-content\/uploads\/2019\/06\/nektar-puls-fest-promocija-4.jpg 600w\" sizes=\"(max-width: 300px) 100vw, 300px\" \/><\/a> <a href=\"https:\/\/www.prijedordanas.com\/wp-content\/uploads\/2019\/06\/nektar-puls-fest-promocija-7.jpg\"><img loading=\"lazy\" decoding=\"async\" src=\"https:\/\/www.prijedordanas.com\/wp-content\/uploads\/2019\/06\/nektar-puls-fest-promocija-7-300x200.jpg\" alt=\"\" width=\"300\" height=\"200\" class=\"alignleft size-medium wp-image-129655\" srcset=\"https:\/\/www.prijedordanas.com\/wp-content\/uploads\/2019\/06\/nektar-puls-fest-promocija-7-300x200.jpg 300w, https:\/\/www.prijedordanas.com\/wp-content\/uploads\/2019\/06\/nektar-puls-fest-promocija-7-100x67.jpg 100w, https:\/\/www.prijedordanas.com\/wp-content\/uploads\/2019\/06\/nektar-puls-fest-promocija-7-480x320.jpg 480w, https:\/\/www.prijedordanas.com\/wp-content\/uploads\/2019\/06\/nektar-puls-fest-promocija-7.jpg 600w\" sizes=\"(max-width: 300px) 100vw, 300px\" \/><\/a> <a href=\"https:\/\/www.prijedordanas.com\/wp-content\/uploads\/2019\/06\/nektar-puls-fest-promocija-6.jpg\"><img loading=\"lazy\" decoding=\"async\" src=\"https:\/\/www.prijedordanas.com\/wp-content\/uploads\/2019\/06\/nektar-puls-fest-promocija-6-300x200.jpg\" alt=\"\" width=\"300\" height=\"200\" class=\"alignleft size-medium wp-image-129656\" srcset=\"https:\/\/www.prijedordanas.com\/wp-content\/uploads\/2019\/06\/nektar-puls-fest-promocija-6-300x200.jpg 300w, https:\/\/www.prijedordanas.com\/wp-content\/uploads\/2019\/06\/nektar-puls-fest-promocija-6-100x67.jpg 100w, https:\/\/www.prijedordanas.com\/wp-content\/uploads\/2019\/06\/nektar-puls-fest-promocija-6-480x320.jpg 480w, https:\/\/www.prijedordanas.com\/wp-content\/uploads\/2019\/06\/nektar-puls-fest-promocija-6.jpg 600w\" sizes=\"(max-width: 300px) 100vw, 300px\" \/><\/a><\/p>\n","protected":false},"excerpt":{"rendered":"<p>Sve je spremno za ovogodi\u0161nje, tre\u0107e izdanje Nektar Puls Festa. Kraj juna je rezervisan za najve\u0107i muzi\u010dki doga\u0111aj na kraji\u0161koj ljepotici Kozari koji \u0107e okupiti brojna muzi\u010dka imena iz regiona. [&hellip;]<\/p>\n","protected":false},"author":1,"featured_media":0,"comment_status":"closed","ping_status":"open","sticky":false,"template":"","format":"standard","meta":{"_monsterinsights_skip_tracking":false,"_monsterinsights_sitenote_active":false,"_monsterinsights_sitenote_note":"","_monsterinsights_sitenote_category":0,"footnotes":""},"categories":[4],"tags":[10841],"yoast_head":"<!-- This site is optimized with the Yoast SEO plugin v21.6 - https:\/\/yoast.com\/wordpress\/plugins\/seo\/ -->\n<title>SVE SPREMNO ZA NEKTAR PULS FEST - PrijedorDanas.com - Prijedorski gradski portal<\/title>\n<meta name=\"robots\" content=\"index, follow, max-snippet:-1, max-image-preview:large, max-video-preview:-1\" \/>\n<link rel=\"canonical\" href=\"https:\/\/www.prijedordanas.com\/?p=129646\" \/>\n<meta property=\"og:locale\" content=\"en_US\" \/>\n<meta property=\"og:type\" content=\"article\" \/>\n<meta property=\"og:title\" content=\"SVE SPREMNO ZA NEKTAR PULS FEST - PrijedorDanas.com - Prijedorski gradski portal\" \/>\n<meta property=\"og:description\" content=\"Sve je spremno za ovogodi\u0161nje, tre\u0107e izdanje Nektar Puls Festa. Kraj juna je rezervisan za najve\u0107i muzi\u010dki doga\u0111aj na kraji\u0161koj ljepotici Kozari koji \u0107e okupiti brojna muzi\u010dka imena iz regiona. [&hellip;]\" \/>\n<meta property=\"og:url\" content=\"https:\/\/www.prijedordanas.com\/?p=129646\" \/>\n<meta property=\"og:site_name\" content=\"PrijedorDanas.com - Prijedorski gradski portal\" \/>\n<meta property=\"article:publisher\" content=\"https:\/\/www.facebook.com\/PrijedorDanasCom\/\" \/>\n<meta property=\"article:published_time\" content=\"2019-06-25T03:06:58+00:00\" \/>\n<meta property=\"og:image\" content=\"https:\/\/www.prijedordanas.com\/wp-content\/uploads\/2019\/06\/nektar-puls-fest-2019-300x217.jpg\" \/>\n<meta name=\"author\" content=\"admin\" \/>\n<meta name=\"twitter:card\" content=\"summary_large_image\" \/>\n<meta name=\"twitter:label1\" content=\"Written by\" \/>\n\t<meta name=\"twitter:data1\" content=\"admin\" \/>\n\t<meta name=\"twitter:label2\" content=\"Est. reading time\" \/>\n\t<meta name=\"twitter:data2\" content=\"1 minute\" \/>\n<script type=\"application\/ld+json\" class=\"yoast-schema-graph\">{\"@context\":\"https:\/\/schema.org\",\"@graph\":[{\"@type\":\"Article\",\"@id\":\"https:\/\/www.prijedordanas.com\/?p=129646#article\",\"isPartOf\":{\"@id\":\"https:\/\/www.prijedordanas.com\/?p=129646\"},\"author\":{\"name\":\"admin\",\"@id\":\"https:\/\/www.prijedordanas.com\/#\/schema\/person\/4e08ccf29b506ca916ff86d46bb700e6\"},\"headline\":\"SVE SPREMNO ZA NEKTAR PULS FEST\",\"datePublished\":\"2019-06-25T03:06:58+00:00\",\"dateModified\":\"2019-06-25T03:06:58+00:00\",\"mainEntityOfPage\":{\"@id\":\"https:\/\/www.prijedordanas.com\/?p=129646\"},\"wordCount\":281,\"publisher\":{\"@id\":\"https:\/\/www.prijedordanas.com\/#organization\"},\"keywords\":[\"Nektar Puls Fest\"],\"articleSection\":[\"Dru\u0161tvo\"],\"inLanguage\":\"en-US\"},{\"@type\":\"WebPage\",\"@id\":\"https:\/\/www.prijedordanas.com\/?p=129646\",\"url\":\"https:\/\/www.prijedordanas.com\/?p=129646\",\"name\":\"SVE SPREMNO ZA NEKTAR PULS FEST - PrijedorDanas.com - Prijedorski gradski portal\",\"isPartOf\":{\"@id\":\"https:\/\/www.prijedordanas.com\/#website\"},\"datePublished\":\"2019-06-25T03:06:58+00:00\",\"dateModified\":\"2019-06-25T03:06:58+00:00\",\"breadcrumb\":{\"@id\":\"https:\/\/www.prijedordanas.com\/?p=129646#breadcrumb\"},\"inLanguage\":\"en-US\",\"potentialAction\":[{\"@type\":\"ReadAction\",\"target\":[\"https:\/\/www.prijedordanas.com\/?p=129646\"]}]},{\"@type\":\"BreadcrumbList\",\"@id\":\"https:\/\/www.prijedordanas.com\/?p=129646#breadcrumb\",\"itemListElement\":[{\"@type\":\"ListItem\",\"position\":1,\"name\":\"Home\",\"item\":\"https:\/\/www.prijedordanas.com\/\"},{\"@type\":\"ListItem\",\"position\":2,\"name\":\"SVE SPREMNO ZA NEKTAR PULS FEST\"}]},{\"@type\":\"WebSite\",\"@id\":\"https:\/\/www.prijedordanas.com\/#website\",\"url\":\"https:\/\/www.prijedordanas.com\/\",\"name\":\"PrijedorDanas.com - Prijedorski gradski portal\",\"description\":\"Portal o doga\u0111anjima u gradu Prijedoru\",\"publisher\":{\"@id\":\"https:\/\/www.prijedordanas.com\/#organization\"},\"potentialAction\":[{\"@type\":\"SearchAction\",\"target\":{\"@type\":\"EntryPoint\",\"urlTemplate\":\"https:\/\/www.prijedordanas.com\/?s={search_term_string}\"},\"query-input\":\"required name=search_term_string\"}],\"inLanguage\":\"en-US\"},{\"@type\":\"Organization\",\"@id\":\"https:\/\/www.prijedordanas.com\/#organization\",\"name\":\"PrijedorDanas.com\",\"url\":\"https:\/\/www.prijedordanas.com\/\",\"logo\":{\"@type\":\"ImageObject\",\"inLanguage\":\"en-US\",\"@id\":\"https:\/\/www.prijedordanas.com\/#\/schema\/logo\/image\/\",\"url\":\"http:\/\/www.prijedordanas.com\/wp-content\/uploads\/2021\/12\/logopng.png\",\"contentUrl\":\"http:\/\/www.prijedordanas.com\/wp-content\/uploads\/2021\/12\/logopng.png\",\"width\":1019,\"height\":776,\"caption\":\"PrijedorDanas.com\"},\"image\":{\"@id\":\"https:\/\/www.prijedordanas.com\/#\/schema\/logo\/image\/\"},\"sameAs\":[\"https:\/\/www.facebook.com\/PrijedorDanasCom\/\"]},{\"@type\":\"Person\",\"@id\":\"https:\/\/www.prijedordanas.com\/#\/schema\/person\/4e08ccf29b506ca916ff86d46bb700e6\",\"name\":\"admin\",\"image\":{\"@type\":\"ImageObject\",\"inLanguage\":\"en-US\",\"@id\":\"https:\/\/www.prijedordanas.com\/#\/schema\/person\/image\/\",\"url\":\"https:\/\/secure.gravatar.com\/avatar\/1d3fc949d550f0b53a5f0d51e06dfd79?s=96&d=mm&r=g\",\"contentUrl\":\"https:\/\/secure.gravatar.com\/avatar\/1d3fc949d550f0b53a5f0d51e06dfd79?s=96&d=mm&r=g\",\"caption\":\"admin\"},\"url\":\"https:\/\/www.prijedordanas.com\/?author=1\"}]}<\/script>\n<!-- \/ Yoast SEO plugin. -->","yoast_head_json":{"title":"SVE SPREMNO ZA NEKTAR PULS FEST - PrijedorDanas.com - Prijedorski gradski portal","robots":{"index":"index","follow":"follow","max-snippet":"max-snippet:-1","max-image-preview":"max-image-preview:large","max-video-preview":"max-video-preview:-1"},"canonical":"https:\/\/www.prijedordanas.com\/?p=129646","og_locale":"en_US","og_type":"article","og_title":"SVE SPREMNO ZA NEKTAR PULS FEST - PrijedorDanas.com - Prijedorski gradski portal","og_description":"Sve je spremno za ovogodi\u0161nje, tre\u0107e izdanje Nektar Puls Festa. Kraj juna je rezervisan za najve\u0107i muzi\u010dki doga\u0111aj na kraji\u0161koj ljepotici Kozari koji \u0107e okupiti brojna muzi\u010dka imena iz regiona. [&hellip;]","og_url":"https:\/\/www.prijedordanas.com\/?p=129646","og_site_name":"PrijedorDanas.com - Prijedorski gradski portal","article_publisher":"https:\/\/www.facebook.com\/PrijedorDanasCom\/","article_published_time":"2019-06-25T03:06:58+00:00","og_image":[{"url":"https:\/\/www.prijedordanas.com\/wp-content\/uploads\/2019\/06\/nektar-puls-fest-2019-300x217.jpg"}],"author":"admin","twitter_card":"summary_large_image","twitter_misc":{"Written by":"admin","Est. reading time":"1 minute"},"schema":{"@context":"https:\/\/schema.org","@graph":[{"@type":"Article","@id":"https:\/\/www.prijedordanas.com\/?p=129646#article","isPartOf":{"@id":"https:\/\/www.prijedordanas.com\/?p=129646"},"author":{"name":"admin","@id":"https:\/\/www.prijedordanas.com\/#\/schema\/person\/4e08ccf29b506ca916ff86d46bb700e6"},"headline":"SVE SPREMNO ZA NEKTAR PULS FEST","datePublished":"2019-06-25T03:06:58+00:00","dateModified":"2019-06-25T03:06:58+00:00","mainEntityOfPage":{"@id":"https:\/\/www.prijedordanas.com\/?p=129646"},"wordCount":281,"publisher":{"@id":"https:\/\/www.prijedordanas.com\/#organization"},"keywords":["Nektar Puls Fest"],"articleSection":["Dru\u0161tvo"],"inLanguage":"en-US"},{"@type":"WebPage","@id":"https:\/\/www.prijedordanas.com\/?p=129646","url":"https:\/\/www.prijedordanas.com\/?p=129646","name":"SVE SPREMNO ZA NEKTAR PULS FEST - PrijedorDanas.com - Prijedorski gradski portal","isPartOf":{"@id":"https:\/\/www.prijedordanas.com\/#website"},"datePublished":"2019-06-25T03:06:58+00:00","dateModified":"2019-06-25T03:06:58+00:00","breadcrumb":{"@id":"https:\/\/www.prijedordanas.com\/?p=129646#breadcrumb"},"inLanguage":"en-US","potentialAction":[{"@type":"ReadAction","target":["https:\/\/www.prijedordanas.com\/?p=129646"]}]},{"@type":"BreadcrumbList","@id":"https:\/\/www.prijedordanas.com\/?p=129646#breadcrumb","itemListElement":[{"@type":"ListItem","position":1,"name":"Home","item":"https:\/\/www.prijedordanas.com\/"},{"@type":"ListItem","position":2,"name":"SVE SPREMNO ZA NEKTAR PULS FEST"}]},{"@type":"WebSite","@id":"https:\/\/www.prijedordanas.com\/#website","url":"https:\/\/www.prijedordanas.com\/","name":"PrijedorDanas.com - Prijedorski gradski portal","description":"Portal o doga\u0111anjima u gradu Prijedoru","publisher":{"@id":"https:\/\/www.prijedordanas.com\/#organization"},"potentialAction":[{"@type":"SearchAction","target":{"@type":"EntryPoint","urlTemplate":"https:\/\/www.prijedordanas.com\/?s={search_term_string}"},"query-input":"required name=search_term_string"}],"inLanguage":"en-US"},{"@type":"Organization","@id":"https:\/\/www.prijedordanas.com\/#organization","name":"PrijedorDanas.com","url":"https:\/\/www.prijedordanas.com\/","logo":{"@type":"ImageObject","inLanguage":"en-US","@id":"https:\/\/www.prijedordanas.com\/#\/schema\/logo\/image\/","url":"http:\/\/www.prijedordanas.com\/wp-content\/uploads\/2021\/12\/logopng.png","contentUrl":"http:\/\/www.prijedordanas.com\/wp-content\/uploads\/2021\/12\/logopng.png","width":1019,"height":776,"caption":"PrijedorDanas.com"},"image":{"@id":"https:\/\/www.prijedordanas.com\/#\/schema\/logo\/image\/"},"sameAs":["https:\/\/www.facebook.com\/PrijedorDanasCom\/"]},{"@type":"Person","@id":"https:\/\/www.prijedordanas.com\/#\/schema\/person\/4e08ccf29b506ca916ff86d46bb700e6","name":"admin","image":{"@type":"ImageObject","inLanguage":"en-US","@id":"https:\/\/www.prijedordanas.com\/#\/schema\/person\/image\/","url":"https:\/\/secure.gravatar.com\/avatar\/1d3fc949d550f0b53a5f0d51e06dfd79?s=96&d=mm&r=g","contentUrl":"https:\/\/secure.gravatar.com\/avatar\/1d3fc949d550f0b53a5f0d51e06dfd79?s=96&d=mm&r=g","caption":"admin"},"url":"https:\/\/www.prijedordanas.com\/?author=1"}]}},"_links":{"self":[{"href":"https:\/\/www.prijedordanas.com\/index.php?rest_route=\/wp\/v2\/posts\/129646"}],"collection":[{"href":"https:\/\/www.prijedordanas.com\/index.php?rest_route=\/wp\/v2\/posts"}],"about":[{"href":"https:\/\/www.prijedordanas.com\/index.php?rest_route=\/wp\/v2\/types\/post"}],"author":[{"embeddable":true,"href":"https:\/\/www.prijedordanas.com\/index.php?rest_route=\/wp\/v2\/users\/1"}],"replies":[{"embeddable":true,"href":"https:\/\/www.prijedordanas.com\/index.php?rest_route=%2Fwp%2Fv2%2Fcomments&post=129646"}],"version-history":[{"count":2,"href":"https:\/\/www.prijedordanas.com\/index.php?rest_route=\/wp\/v2\/posts\/129646\/revisions"}],"predecessor-version":[{"id":129657,"href":"https:\/\/www.prijedordanas.com\/index.php?rest_route=\/wp\/v2\/posts\/129646\/revisions\/129657"}],"wp:attachment":[{"href":"https:\/\/www.prijedordanas.com\/index.php?rest_route=%2Fwp%2Fv2%2Fmedia&parent=129646"}],"wp:term":[{"taxonomy":"category","embeddable":true,"href":"https:\/\/www.prijedordanas.com\/index.php?rest_route=%2Fwp%2Fv2%2Fcategories&post=129646"},{"taxonomy":"post_tag","embeddable":true,"href":"https:\/\/www.prijedordanas.com\/index.php?rest_route=%2Fwp%2Fv2%2Ftags&post=129646"}],"curies":[{"name":"wp","href":"https:\/\/api.w.org\/{rel}","templated":true}]}}