{"id":129640,"date":"2019-06-25T03:04:14","date_gmt":"2019-06-25T01:04:14","guid":{"rendered":"https:\/\/www.prijedordanas.com\/?p=129640"},"modified":"2019-06-25T03:04:14","modified_gmt":"2019-06-25T01:04:14","slug":"nova-sjednica-skupstine-grada-prijedora-odbornici-raspravljaju-o-rebalansu-budzeta-za-2019-godinu","status":"publish","type":"post","link":"https:\/\/www.prijedordanas.com\/?p=129640","title":{"rendered":"NOVA SJEDNICA SKUP\u0160TINE GRADA PRIJEDORA: ODBORNICI RASPRAVLJAJU O REBALANSU BUD\u017dETA ZA 2019. GODINU"},"content":{"rendered":"<p><a href=\"https:\/\/www.prijedordanas.com\/wp-content\/uploads\/2016\/10\/skupstina-grada-prijedora-sala.jpg\"><img loading=\"lazy\" decoding=\"async\" class=\"alignleft size-medium wp-image-63688\" src=\"https:\/\/www.prijedordanas.com\/wp-content\/uploads\/2016\/10\/skupstina-grada-prijedora-sala-300x234.jpg\" alt=\"\" width=\"300\" height=\"234\" srcset=\"https:\/\/www.prijedordanas.com\/wp-content\/uploads\/2016\/10\/skupstina-grada-prijedora-sala-300x234.jpg 300w, https:\/\/www.prijedordanas.com\/wp-content\/uploads\/2016\/10\/skupstina-grada-prijedora-sala-100x78.jpg 100w, https:\/\/www.prijedordanas.com\/wp-content\/uploads\/2016\/10\/skupstina-grada-prijedora-sala.jpg 640w\" sizes=\"(max-width: 300px) 100vw, 300px\" \/><\/a>Za utorak, 25. juni 2019.godine, sa po\u010detkom od 10:00 \u010dasova, zakazana je 25. Sjednica Skup\u0161tine grada Prijedora.<\/p>\n<p>Kako je najavljeno na sajtu grada Prijedora (www.prijedorgrad.org), pred odbornicima \u0107e se na\u0107i Dnevni red sa 13 ta\u010daka.<\/p>\n<p>Me\u0111utim, s obzirom na praksu na prethodnim sjednicama mogu\u0107a je i dopuna sa novim ta\u010dkama.<\/p>\n<p>Ovo zasjedanje lokalnog parlamenta je na rasporedu svega nekoliko dana nakon kraja maratonskog zasjedanja, koje je po\u010delo jo\u0161 28. maja a zavr\u0161eno 21.juna.<\/p>\n<p>DNEVNI RED<br \/>\n1. Aktuelni \u010das;<br \/>\n2. Prijedlog Odluke o raspodjeli neutro\u0161enih namjenskih sredstava utvr\u0111enih po godi\u0161njem obra\u010dunu za 2018.godinu,<br \/>\n3. Prijedlog Odluke o izmjeni Odluke o kreditnom zadu\u017eenju Grada Prijedora, broj: 01-022-123\/15 od 04.11.2015.godine radi realizacije kapitalnih projekata Grada Prijedora,<br \/>\n4. Prijedlog Odluke o izmjeni Odluke o kreditnom zadu\u017eenju Grada Prijedora, broj: 01-022-80\/17 od 21.06.2017.godine radi realizacije projekata iz oblasti komunalne infrastrukture,<br \/>\n5. Prijedlog Odluke o izmjeni Odluke o kreditnom zadu\u017eenju Grada Prijedora, broj: 01-022-34\/18 od 07.03.2018.godine radi realizacije kapitalnih projekata Grada Prijedora,<br \/>\n6. Nacrt Odluke o usvajanju I Rebalansa bud\u017eeta Grada Prijedora za 2019.godinu,<br \/>\n7. Prijedlog Programa kori\u0161c\u0301enja prihoda po osnovu vodnih naknada za 2019.godinu,<br \/>\n8. Prijedlog Odluke o utvr\u0111ivanju visine sredstava za stipendiranje u\u010denika i studenata iz Bud\u017eeta grada Prijedora za \u0161kolsku 2019\/2020. godinu.<br \/>\n9. Prijedlog Odluke o dono\u0161enju Urbanisti\u010dkog plana Ljubije 2016-2036.godina<br \/>\n10. Prijedlog Zaklju\u010dka o utvr\u0111ivanju nacrta plana parcelacije \u201ePa\u0161ini konaci\u201c,<br \/>\n11. Prijedlog Odluke o izradi Strate\u0161ke procjene uticaja na \u017eivotnu sredinu Izmjene dijela Regulacionog plana rudnika \u017eeljezne rude \u201eOmarska\u201c i preostalog dijela podru\u010dja obuhvata Regulacionog plana rudnika \u017eeljezne rude \u201eOmarska\u201c,<br \/>\n12. Prijedlog Rje\u0161enja o imenovanju Savjeta za izradu Izmjene dijela Regulacionog plana rudnika \u017eeljezne rude \u201eOmarska\u201c,<br \/>\n13. Referati iz imovinsko-pravne oblasti.<\/p>\n<p>Priredio &#8211; Aleksandar Drakuli\u0107 \u2013 <a href=\"https:\/\/www.prijedordanas.com\" target=\"_blank\" rel=\"noopener noreferrer\">www.prijedordanas.com<\/a><\/p>\n","protected":false},"excerpt":{"rendered":"<p>Za utorak, 25. juni 2019.godine, sa po\u010detkom od 10:00 \u010dasova, zakazana je 25. Sjednica Skup\u0161tine grada Prijedora. Kako je najavljeno na sajtu grada Prijedora (www.prijedorgrad.org), pred odbornicima \u0107e se na\u0107i [&hellip;]<\/p>\n","protected":false},"author":1,"featured_media":0,"comment_status":"closed","ping_status":"open","sticky":false,"template":"","format":"standard","meta":{"_monsterinsights_skip_tracking":false,"_monsterinsights_sitenote_active":false,"_monsterinsights_sitenote_note":"","_monsterinsights_sitenote_category":0,"footnotes":""},"categories":[4],"tags":[238],"yoast_head":"<!-- This site is optimized with the Yoast SEO plugin v21.6 - https:\/\/yoast.com\/wordpress\/plugins\/seo\/ -->\n<title>NOVA SJEDNICA SKUP\u0160TINE GRADA PRIJEDORA: ODBORNICI RASPRAVLJAJU O REBALANSU BUD\u017dETA ZA 2019. GODINU - PrijedorDanas.com - Prijedorski gradski portal<\/title>\n<meta name=\"robots\" content=\"index, follow, max-snippet:-1, max-image-preview:large, max-video-preview:-1\" \/>\n<link rel=\"canonical\" href=\"https:\/\/www.prijedordanas.com\/?p=129640\" \/>\n<meta property=\"og:locale\" content=\"en_US\" \/>\n<meta property=\"og:type\" content=\"article\" \/>\n<meta property=\"og:title\" content=\"NOVA SJEDNICA SKUP\u0160TINE GRADA PRIJEDORA: ODBORNICI RASPRAVLJAJU O REBALANSU BUD\u017dETA ZA 2019. GODINU - PrijedorDanas.com - Prijedorski gradski portal\" \/>\n<meta property=\"og:description\" content=\"Za utorak, 25. juni 2019.godine, sa po\u010detkom od 10:00 \u010dasova, zakazana je 25. Sjednica Skup\u0161tine grada Prijedora. Kako je najavljeno na sajtu grada Prijedora (www.prijedorgrad.org), pred odbornicima \u0107e se na\u0107i [&hellip;]\" \/>\n<meta property=\"og:url\" content=\"https:\/\/www.prijedordanas.com\/?p=129640\" \/>\n<meta property=\"og:site_name\" content=\"PrijedorDanas.com - Prijedorski gradski portal\" \/>\n<meta property=\"article:publisher\" content=\"https:\/\/www.facebook.com\/PrijedorDanasCom\/\" \/>\n<meta property=\"article:published_time\" content=\"2019-06-25T01:04:14+00:00\" \/>\n<meta property=\"og:image\" content=\"https:\/\/www.prijedordanas.com\/wp-content\/uploads\/2016\/10\/skupstina-grada-prijedora-sala-300x234.jpg\" \/>\n<meta name=\"author\" content=\"admin\" \/>\n<meta name=\"twitter:card\" content=\"summary_large_image\" \/>\n<meta name=\"twitter:label1\" content=\"Written by\" \/>\n\t<meta name=\"twitter:data1\" content=\"admin\" \/>\n\t<meta name=\"twitter:label2\" content=\"Est. reading time\" \/>\n\t<meta name=\"twitter:data2\" content=\"1 minute\" \/>\n<script type=\"application\/ld+json\" class=\"yoast-schema-graph\">{\"@context\":\"https:\/\/schema.org\",\"@graph\":[{\"@type\":\"Article\",\"@id\":\"https:\/\/www.prijedordanas.com\/?p=129640#article\",\"isPartOf\":{\"@id\":\"https:\/\/www.prijedordanas.com\/?p=129640\"},\"author\":{\"name\":\"admin\",\"@id\":\"https:\/\/www.prijedordanas.com\/#\/schema\/person\/4e08ccf29b506ca916ff86d46bb700e6\"},\"headline\":\"NOVA SJEDNICA SKUP\u0160TINE GRADA PRIJEDORA: ODBORNICI RASPRAVLJAJU O REBALANSU BUD\u017dETA ZA 2019. GODINU\",\"datePublished\":\"2019-06-25T01:04:14+00:00\",\"dateModified\":\"2019-06-25T01:04:14+00:00\",\"mainEntityOfPage\":{\"@id\":\"https:\/\/www.prijedordanas.com\/?p=129640\"},\"wordCount\":307,\"publisher\":{\"@id\":\"https:\/\/www.prijedordanas.com\/#organization\"},\"keywords\":[\"Skup\u0161tina grada Prijedora\"],\"articleSection\":[\"Dru\u0161tvo\"],\"inLanguage\":\"en-US\"},{\"@type\":\"WebPage\",\"@id\":\"https:\/\/www.prijedordanas.com\/?p=129640\",\"url\":\"https:\/\/www.prijedordanas.com\/?p=129640\",\"name\":\"NOVA SJEDNICA SKUP\u0160TINE GRADA PRIJEDORA: ODBORNICI RASPRAVLJAJU O REBALANSU BUD\u017dETA ZA 2019. GODINU - PrijedorDanas.com - Prijedorski gradski portal\",\"isPartOf\":{\"@id\":\"https:\/\/www.prijedordanas.com\/#website\"},\"datePublished\":\"2019-06-25T01:04:14+00:00\",\"dateModified\":\"2019-06-25T01:04:14+00:00\",\"breadcrumb\":{\"@id\":\"https:\/\/www.prijedordanas.com\/?p=129640#breadcrumb\"},\"inLanguage\":\"en-US\",\"potentialAction\":[{\"@type\":\"ReadAction\",\"target\":[\"https:\/\/www.prijedordanas.com\/?p=129640\"]}]},{\"@type\":\"BreadcrumbList\",\"@id\":\"https:\/\/www.prijedordanas.com\/?p=129640#breadcrumb\",\"itemListElement\":[{\"@type\":\"ListItem\",\"position\":1,\"name\":\"Home\",\"item\":\"https:\/\/www.prijedordanas.com\/\"},{\"@type\":\"ListItem\",\"position\":2,\"name\":\"NOVA SJEDNICA SKUP\u0160TINE GRADA PRIJEDORA: ODBORNICI RASPRAVLJAJU O REBALANSU BUD\u017dETA ZA 2019. GODINU\"}]},{\"@type\":\"WebSite\",\"@id\":\"https:\/\/www.prijedordanas.com\/#website\",\"url\":\"https:\/\/www.prijedordanas.com\/\",\"name\":\"PrijedorDanas.com - Prijedorski gradski portal\",\"description\":\"Portal o doga\u0111anjima u gradu Prijedoru\",\"publisher\":{\"@id\":\"https:\/\/www.prijedordanas.com\/#organization\"},\"potentialAction\":[{\"@type\":\"SearchAction\",\"target\":{\"@type\":\"EntryPoint\",\"urlTemplate\":\"https:\/\/www.prijedordanas.com\/?s={search_term_string}\"},\"query-input\":\"required name=search_term_string\"}],\"inLanguage\":\"en-US\"},{\"@type\":\"Organization\",\"@id\":\"https:\/\/www.prijedordanas.com\/#organization\",\"name\":\"PrijedorDanas.com\",\"url\":\"https:\/\/www.prijedordanas.com\/\",\"logo\":{\"@type\":\"ImageObject\",\"inLanguage\":\"en-US\",\"@id\":\"https:\/\/www.prijedordanas.com\/#\/schema\/logo\/image\/\",\"url\":\"http:\/\/www.prijedordanas.com\/wp-content\/uploads\/2021\/12\/logopng.png\",\"contentUrl\":\"http:\/\/www.prijedordanas.com\/wp-content\/uploads\/2021\/12\/logopng.png\",\"width\":1019,\"height\":776,\"caption\":\"PrijedorDanas.com\"},\"image\":{\"@id\":\"https:\/\/www.prijedordanas.com\/#\/schema\/logo\/image\/\"},\"sameAs\":[\"https:\/\/www.facebook.com\/PrijedorDanasCom\/\"]},{\"@type\":\"Person\",\"@id\":\"https:\/\/www.prijedordanas.com\/#\/schema\/person\/4e08ccf29b506ca916ff86d46bb700e6\",\"name\":\"admin\",\"image\":{\"@type\":\"ImageObject\",\"inLanguage\":\"en-US\",\"@id\":\"https:\/\/www.prijedordanas.com\/#\/schema\/person\/image\/\",\"url\":\"https:\/\/secure.gravatar.com\/avatar\/1d3fc949d550f0b53a5f0d51e06dfd79?s=96&d=mm&r=g\",\"contentUrl\":\"https:\/\/secure.gravatar.com\/avatar\/1d3fc949d550f0b53a5f0d51e06dfd79?s=96&d=mm&r=g\",\"caption\":\"admin\"},\"url\":\"https:\/\/www.prijedordanas.com\/?author=1\"}]}<\/script>\n<!-- \/ Yoast SEO plugin. -->","yoast_head_json":{"title":"NOVA SJEDNICA SKUP\u0160TINE GRADA PRIJEDORA: ODBORNICI RASPRAVLJAJU O REBALANSU BUD\u017dETA ZA 2019. GODINU - PrijedorDanas.com - Prijedorski gradski portal","robots":{"index":"index","follow":"follow","max-snippet":"max-snippet:-1","max-image-preview":"max-image-preview:large","max-video-preview":"max-video-preview:-1"},"canonical":"https:\/\/www.prijedordanas.com\/?p=129640","og_locale":"en_US","og_type":"article","og_title":"NOVA SJEDNICA SKUP\u0160TINE GRADA PRIJEDORA: ODBORNICI RASPRAVLJAJU O REBALANSU BUD\u017dETA ZA 2019. GODINU - PrijedorDanas.com - Prijedorski gradski portal","og_description":"Za utorak, 25. juni 2019.godine, sa po\u010detkom od 10:00 \u010dasova, zakazana je 25. Sjednica Skup\u0161tine grada Prijedora. Kako je najavljeno na sajtu grada Prijedora (www.prijedorgrad.org), pred odbornicima \u0107e se na\u0107i [&hellip;]","og_url":"https:\/\/www.prijedordanas.com\/?p=129640","og_site_name":"PrijedorDanas.com - Prijedorski gradski portal","article_publisher":"https:\/\/www.facebook.com\/PrijedorDanasCom\/","article_published_time":"2019-06-25T01:04:14+00:00","og_image":[{"url":"https:\/\/www.prijedordanas.com\/wp-content\/uploads\/2016\/10\/skupstina-grada-prijedora-sala-300x234.jpg"}],"author":"admin","twitter_card":"summary_large_image","twitter_misc":{"Written by":"admin","Est. reading time":"1 minute"},"schema":{"@context":"https:\/\/schema.org","@graph":[{"@type":"Article","@id":"https:\/\/www.prijedordanas.com\/?p=129640#article","isPartOf":{"@id":"https:\/\/www.prijedordanas.com\/?p=129640"},"author":{"name":"admin","@id":"https:\/\/www.prijedordanas.com\/#\/schema\/person\/4e08ccf29b506ca916ff86d46bb700e6"},"headline":"NOVA SJEDNICA SKUP\u0160TINE GRADA PRIJEDORA: ODBORNICI RASPRAVLJAJU O REBALANSU BUD\u017dETA ZA 2019. GODINU","datePublished":"2019-06-25T01:04:14+00:00","dateModified":"2019-06-25T01:04:14+00:00","mainEntityOfPage":{"@id":"https:\/\/www.prijedordanas.com\/?p=129640"},"wordCount":307,"publisher":{"@id":"https:\/\/www.prijedordanas.com\/#organization"},"keywords":["Skup\u0161tina grada Prijedora"],"articleSection":["Dru\u0161tvo"],"inLanguage":"en-US"},{"@type":"WebPage","@id":"https:\/\/www.prijedordanas.com\/?p=129640","url":"https:\/\/www.prijedordanas.com\/?p=129640","name":"NOVA SJEDNICA SKUP\u0160TINE GRADA PRIJEDORA: ODBORNICI RASPRAVLJAJU O REBALANSU BUD\u017dETA ZA 2019. GODINU - PrijedorDanas.com - Prijedorski gradski portal","isPartOf":{"@id":"https:\/\/www.prijedordanas.com\/#website"},"datePublished":"2019-06-25T01:04:14+00:00","dateModified":"2019-06-25T01:04:14+00:00","breadcrumb":{"@id":"https:\/\/www.prijedordanas.com\/?p=129640#breadcrumb"},"inLanguage":"en-US","potentialAction":[{"@type":"ReadAction","target":["https:\/\/www.prijedordanas.com\/?p=129640"]}]},{"@type":"BreadcrumbList","@id":"https:\/\/www.prijedordanas.com\/?p=129640#breadcrumb","itemListElement":[{"@type":"ListItem","position":1,"name":"Home","item":"https:\/\/www.prijedordanas.com\/"},{"@type":"ListItem","position":2,"name":"NOVA SJEDNICA SKUP\u0160TINE GRADA PRIJEDORA: ODBORNICI RASPRAVLJAJU O REBALANSU BUD\u017dETA ZA 2019. GODINU"}]},{"@type":"WebSite","@id":"https:\/\/www.prijedordanas.com\/#website","url":"https:\/\/www.prijedordanas.com\/","name":"PrijedorDanas.com - Prijedorski gradski portal","description":"Portal o doga\u0111anjima u gradu Prijedoru","publisher":{"@id":"https:\/\/www.prijedordanas.com\/#organization"},"potentialAction":[{"@type":"SearchAction","target":{"@type":"EntryPoint","urlTemplate":"https:\/\/www.prijedordanas.com\/?s={search_term_string}"},"query-input":"required name=search_term_string"}],"inLanguage":"en-US"},{"@type":"Organization","@id":"https:\/\/www.prijedordanas.com\/#organization","name":"PrijedorDanas.com","url":"https:\/\/www.prijedordanas.com\/","logo":{"@type":"ImageObject","inLanguage":"en-US","@id":"https:\/\/www.prijedordanas.com\/#\/schema\/logo\/image\/","url":"http:\/\/www.prijedordanas.com\/wp-content\/uploads\/2021\/12\/logopng.png","contentUrl":"http:\/\/www.prijedordanas.com\/wp-content\/uploads\/2021\/12\/logopng.png","width":1019,"height":776,"caption":"PrijedorDanas.com"},"image":{"@id":"https:\/\/www.prijedordanas.com\/#\/schema\/logo\/image\/"},"sameAs":["https:\/\/www.facebook.com\/PrijedorDanasCom\/"]},{"@type":"Person","@id":"https:\/\/www.prijedordanas.com\/#\/schema\/person\/4e08ccf29b506ca916ff86d46bb700e6","name":"admin","image":{"@type":"ImageObject","inLanguage":"en-US","@id":"https:\/\/www.prijedordanas.com\/#\/schema\/person\/image\/","url":"https:\/\/secure.gravatar.com\/avatar\/1d3fc949d550f0b53a5f0d51e06dfd79?s=96&d=mm&r=g","contentUrl":"https:\/\/secure.gravatar.com\/avatar\/1d3fc949d550f0b53a5f0d51e06dfd79?s=96&d=mm&r=g","caption":"admin"},"url":"https:\/\/www.prijedordanas.com\/?author=1"}]}},"_links":{"self":[{"href":"https:\/\/www.prijedordanas.com\/index.php?rest_route=\/wp\/v2\/posts\/129640"}],"collection":[{"href":"https:\/\/www.prijedordanas.com\/index.php?rest_route=\/wp\/v2\/posts"}],"about":[{"href":"https:\/\/www.prijedordanas.com\/index.php?rest_route=\/wp\/v2\/types\/post"}],"author":[{"embeddable":true,"href":"https:\/\/www.prijedordanas.com\/index.php?rest_route=\/wp\/v2\/users\/1"}],"replies":[{"embeddable":true,"href":"https:\/\/www.prijedordanas.com\/index.php?rest_route=%2Fwp%2Fv2%2Fcomments&post=129640"}],"version-history":[{"count":1,"href":"https:\/\/www.prijedordanas.com\/index.php?rest_route=\/wp\/v2\/posts\/129640\/revisions"}],"predecessor-version":[{"id":129641,"href":"https:\/\/www.prijedordanas.com\/index.php?rest_route=\/wp\/v2\/posts\/129640\/revisions\/129641"}],"wp:attachment":[{"href":"https:\/\/www.prijedordanas.com\/index.php?rest_route=%2Fwp%2Fv2%2Fmedia&parent=129640"}],"wp:term":[{"taxonomy":"category","embeddable":true,"href":"https:\/\/www.prijedordanas.com\/index.php?rest_route=%2Fwp%2Fv2%2Fcategories&post=129640"},{"taxonomy":"post_tag","embeddable":true,"href":"https:\/\/www.prijedordanas.com\/index.php?rest_route=%2Fwp%2Fv2%2Ftags&post=129640"}],"curies":[{"name":"wp","href":"https:\/\/api.w.org\/{rel}","templated":true}]}}