{"id":129622,"date":"2019-06-25T05:07:44","date_gmt":"2019-06-25T03:07:44","guid":{"rendered":"https:\/\/www.prijedordanas.com\/?p=129622"},"modified":"2019-06-25T05:07:44","modified_gmt":"2019-06-25T03:07:44","slug":"i-drvo-ima-dusu-motorkom-pravi-umjetnost-a-najvise-zivaca-mu-je-uzela-ona-foto","status":"publish","type":"post","link":"https:\/\/www.prijedordanas.com\/?p=129622","title":{"rendered":"\u201cI DRVO IMA DU\u0160U\u201d: MOTORKOM PRAVI UMJETNOST, A NAJVI\u0160E \u017dIVACA MU JE UZELA ONA &#8211; FOTO"},"content":{"rendered":"<p><a href=\"https:\/\/www.prijedordanas.com\/wp-content\/uploads\/2019\/06\/blic-izlozba-mladen-stakic-1.jpg\"><img loading=\"lazy\" decoding=\"async\" class=\"alignleft size-medium wp-image-129626\" src=\"https:\/\/www.prijedordanas.com\/wp-content\/uploads\/2019\/06\/blic-izlozba-mladen-stakic-1-300x225.jpg\" alt=\"\" width=\"300\" height=\"225\" srcset=\"https:\/\/www.prijedordanas.com\/wp-content\/uploads\/2019\/06\/blic-izlozba-mladen-stakic-1-300x225.jpg 300w, https:\/\/www.prijedordanas.com\/wp-content\/uploads\/2019\/06\/blic-izlozba-mladen-stakic-1-100x75.jpg 100w, https:\/\/www.prijedordanas.com\/wp-content\/uploads\/2019\/06\/blic-izlozba-mladen-stakic-1-640x480.jpg 640w, https:\/\/www.prijedordanas.com\/wp-content\/uploads\/2019\/06\/blic-izlozba-mladen-stakic-1.jpg 667w\" sizes=\"(max-width: 300px) 100vw, 300px\" \/><\/a>U prostorijama Mjesne zajednice \u010cirkin Polje u Prijedoru sino\u0107 je otvorena izlo\u017eba radova Mladena Staki\u0107a pod nazivom \u201cI drvo ima du\u0161u\u201d.<\/p>\n<p>Rije\u010d je o predmetima koje ovaj Prijedor\u010danin pravi od drveta i to motorkom. Staki\u0107 ka\u017ee da je prije dvije godine imao prvu samostalnu izlo\u017ebu u prijedorskom \u201cPozori\u0161tu\u201d, te da je odlu\u010dio da ova druga samostalna izlo\u017eba bude u \u010cirkin Polju.<\/p>\n<p>\u2013 Po\u0161to se poprili\u010dno nakupilo eksponata odlu\u010dio sam da ih poka\u017eem stanovnicima u svom \u010cirkin Polju. Vjerujem da \u0107e u\u017eivati i biti zadovoljni \u2013 ka\u017ee Staki\u0107. Navodi da 95 odsto svojih radova izradi samo pomo\u0107u motorne pile te da ih onda \u0161mrgla.<\/p>\n<p><a href=\"https:\/\/www.prijedordanas.com\/wp-content\/uploads\/2019\/06\/blic-izlozba-mladen-stakic-2.jpg\"><img loading=\"lazy\" decoding=\"async\" class=\"alignleft size-medium wp-image-129627\" src=\"https:\/\/www.prijedordanas.com\/wp-content\/uploads\/2019\/06\/blic-izlozba-mladen-stakic-2-300x225.jpg\" alt=\"\" width=\"300\" height=\"225\" srcset=\"https:\/\/www.prijedordanas.com\/wp-content\/uploads\/2019\/06\/blic-izlozba-mladen-stakic-2-300x225.jpg 300w, https:\/\/www.prijedordanas.com\/wp-content\/uploads\/2019\/06\/blic-izlozba-mladen-stakic-2-100x75.jpg 100w, https:\/\/www.prijedordanas.com\/wp-content\/uploads\/2019\/06\/blic-izlozba-mladen-stakic-2-640x480.jpg 640w, https:\/\/www.prijedordanas.com\/wp-content\/uploads\/2019\/06\/blic-izlozba-mladen-stakic-2.jpg 667w\" sizes=\"(max-width: 300px) 100vw, 300px\" \/><\/a>\u2013 Dugo sam se spremao za ovu izlo\u017ebu. Pripremao sam djevojku \u201cCiganku\u201d koja mi je oduzela mnogo vremena i \u017eivaca. Ja sam zadovoljan i vjerujem da \u0107e \u201cCiganka\u201d imati pro\u0111e \u2013 ka\u017ee on. Dodaje da su ova djela nastajala iz njegove umjetni\u010dke du\u0161e i glave u pro\u0161lih pet godina.<\/p>\n<p>\u2013 Kada mi \u201c\u0161une\u201d iza\u0111em i upalim motorku. Dio po dio se odvaljuje od klade i dolazim do predmeta koji sam zamislio da radim \u2013 isti\u010de on.<\/p>\n<p>Pored Staki\u0107evih umjetnina u ovoj prostoriji je izlo\u017eena i etno zbirka alata i predmeta za doma\u0107instvo iz okoline Prijedora.<\/p>\n<p>Milorad Latinovi\u0107, ka\u017ee da su ovo predmeti iz srpske istorije.<\/p>\n<p><a href=\"https:\/\/www.prijedordanas.com\/wp-content\/uploads\/2019\/06\/blic-izlozba-mladen-stakic-3.jpg\"><img loading=\"lazy\" decoding=\"async\" src=\"https:\/\/www.prijedordanas.com\/wp-content\/uploads\/2019\/06\/blic-izlozba-mladen-stakic-3-300x225.jpg\" alt=\"\" width=\"300\" height=\"225\" class=\"alignleft size-medium wp-image-129628\" srcset=\"https:\/\/www.prijedordanas.com\/wp-content\/uploads\/2019\/06\/blic-izlozba-mladen-stakic-3-300x225.jpg 300w, https:\/\/www.prijedordanas.com\/wp-content\/uploads\/2019\/06\/blic-izlozba-mladen-stakic-3-100x75.jpg 100w, https:\/\/www.prijedordanas.com\/wp-content\/uploads\/2019\/06\/blic-izlozba-mladen-stakic-3-640x480.jpg 640w, https:\/\/www.prijedordanas.com\/wp-content\/uploads\/2019\/06\/blic-izlozba-mladen-stakic-3.jpg 667w\" sizes=\"(max-width: 300px) 100vw, 300px\" \/><\/a>\u2013 To su ljudi koristili i ne tako davno. Naravno tehnologija je i\u0161la naprijed, ali te predmete treba sa\u010duvati kako bismo djeci pokazali kako se nekada \u017eivjelo i sa koliko muke i patnje. Bili su primitivni alati, ali ljudi su radili, imali porodice i stvarali lijep svijet oko sebe \u2013 isti\u010de Latinovi\u0107.<\/p>\n<p>Navodi da bi trebalo vi\u0161e pa\u017enje posvetiti \u010duvanju ovih predmeta koje su koristili na\u0161i preci.<\/p>\n<p>\u2013 Ako se ne\u0161to ne vidi ne mo\u017ee se ni do\u010darati ljudima kako je stvarano \u2013 ka\u017ee on. Dodaje da ovdje ima predmeta iz Prijedora, Sankog Mosta, Kozarske Dubice i raznih mjesta Podgrme\u010da i Potkozarja.<\/p>\n<p>\u2013 Te\u0161ko ih je sa\u010duvati. Vremenom propadaju i te\u0161ko je obezbijediti za njih prostor. Nismo nai\u0161li na muzej koji \u017eeli da se uklju\u010di u ovu pri\u010du i da predstavimo ljudima \u0161ta je to, a bilo bi dobro jer ovi predmeti nestaju. Bilo bi dobro da ovo bude stalna postavka u na\u0161em gradu \u2013 smatra Latinovi\u0107.<\/p>\n<p>EuroBlic-srpskainfo.com<\/p>\n<p><a href=\"https:\/\/www.prijedordanas.com\/wp-content\/uploads\/2019\/06\/blic-izlozba-mladen-stakic-4.jpg\"><img loading=\"lazy\" decoding=\"async\" src=\"https:\/\/www.prijedordanas.com\/wp-content\/uploads\/2019\/06\/blic-izlozba-mladen-stakic-4-300x225.jpg\" alt=\"\" width=\"300\" height=\"225\" class=\"alignleft size-medium wp-image-129629\" srcset=\"https:\/\/www.prijedordanas.com\/wp-content\/uploads\/2019\/06\/blic-izlozba-mladen-stakic-4-300x225.jpg 300w, https:\/\/www.prijedordanas.com\/wp-content\/uploads\/2019\/06\/blic-izlozba-mladen-stakic-4-100x75.jpg 100w, https:\/\/www.prijedordanas.com\/wp-content\/uploads\/2019\/06\/blic-izlozba-mladen-stakic-4.jpg 600w\" sizes=\"(max-width: 300px) 100vw, 300px\" \/><\/a> <a href=\"https:\/\/www.prijedordanas.com\/wp-content\/uploads\/2019\/06\/blic-izlozba-mladen-stakic-5.jpg\"><img loading=\"lazy\" decoding=\"async\" src=\"https:\/\/www.prijedordanas.com\/wp-content\/uploads\/2019\/06\/blic-izlozba-mladen-stakic-5-300x225.jpg\" alt=\"\" width=\"300\" height=\"225\" class=\"alignleft size-medium wp-image-129630\" srcset=\"https:\/\/www.prijedordanas.com\/wp-content\/uploads\/2019\/06\/blic-izlozba-mladen-stakic-5-300x225.jpg 300w, https:\/\/www.prijedordanas.com\/wp-content\/uploads\/2019\/06\/blic-izlozba-mladen-stakic-5-100x75.jpg 100w, https:\/\/www.prijedordanas.com\/wp-content\/uploads\/2019\/06\/blic-izlozba-mladen-stakic-5.jpg 600w\" sizes=\"(max-width: 300px) 100vw, 300px\" \/><\/a> <a href=\"https:\/\/www.prijedordanas.com\/wp-content\/uploads\/2019\/06\/blic-izlozba-mladen-stakic-6.jpg\"><img loading=\"lazy\" decoding=\"async\" src=\"https:\/\/www.prijedordanas.com\/wp-content\/uploads\/2019\/06\/blic-izlozba-mladen-stakic-6-300x225.jpg\" alt=\"\" width=\"300\" height=\"225\" class=\"alignleft size-medium wp-image-129631\" srcset=\"https:\/\/www.prijedordanas.com\/wp-content\/uploads\/2019\/06\/blic-izlozba-mladen-stakic-6-300x225.jpg 300w, https:\/\/www.prijedordanas.com\/wp-content\/uploads\/2019\/06\/blic-izlozba-mladen-stakic-6-100x75.jpg 100w, https:\/\/www.prijedordanas.com\/wp-content\/uploads\/2019\/06\/blic-izlozba-mladen-stakic-6.jpg 600w\" sizes=\"(max-width: 300px) 100vw, 300px\" \/><\/a><\/p>\n","protected":false},"excerpt":{"rendered":"<p>U prostorijama Mjesne zajednice \u010cirkin Polje u Prijedoru sino\u0107 je otvorena izlo\u017eba radova Mladena Staki\u0107a pod nazivom \u201cI drvo ima du\u0161u\u201d. Rije\u010d je o predmetima koje ovaj Prijedor\u010danin pravi od [&hellip;]<\/p>\n","protected":false},"author":1,"featured_media":0,"comment_status":"closed","ping_status":"open","sticky":false,"template":"","format":"standard","meta":{"_monsterinsights_skip_tracking":false,"_monsterinsights_sitenote_active":false,"_monsterinsights_sitenote_note":"","_monsterinsights_sitenote_category":0,"footnotes":""},"categories":[3],"tags":[10882,4456],"yoast_head":"<!-- This site is optimized with the Yoast SEO plugin v21.6 - https:\/\/yoast.com\/wordpress\/plugins\/seo\/ -->\n<title>\u201cI DRVO IMA DU\u0160U\u201d: MOTORKOM PRAVI UMJETNOST, A NAJVI\u0160E \u017dIVACA MU JE UZELA ONA - FOTO - PrijedorDanas.com - Prijedorski gradski portal<\/title>\n<meta name=\"robots\" content=\"index, follow, max-snippet:-1, max-image-preview:large, max-video-preview:-1\" \/>\n<link rel=\"canonical\" href=\"https:\/\/www.prijedordanas.com\/?p=129622\" \/>\n<meta property=\"og:locale\" content=\"en_US\" \/>\n<meta property=\"og:type\" content=\"article\" \/>\n<meta property=\"og:title\" content=\"\u201cI DRVO IMA DU\u0160U\u201d: MOTORKOM PRAVI UMJETNOST, A NAJVI\u0160E \u017dIVACA MU JE UZELA ONA - FOTO - PrijedorDanas.com - Prijedorski gradski portal\" \/>\n<meta property=\"og:description\" content=\"U prostorijama Mjesne zajednice \u010cirkin Polje u Prijedoru sino\u0107 je otvorena izlo\u017eba radova Mladena Staki\u0107a pod nazivom \u201cI drvo ima du\u0161u\u201d. Rije\u010d je o predmetima koje ovaj Prijedor\u010danin pravi od [&hellip;]\" \/>\n<meta property=\"og:url\" content=\"https:\/\/www.prijedordanas.com\/?p=129622\" \/>\n<meta property=\"og:site_name\" content=\"PrijedorDanas.com - Prijedorski gradski portal\" \/>\n<meta property=\"article:publisher\" content=\"https:\/\/www.facebook.com\/PrijedorDanasCom\/\" \/>\n<meta property=\"article:published_time\" content=\"2019-06-25T03:07:44+00:00\" \/>\n<meta property=\"og:image\" content=\"https:\/\/www.prijedordanas.com\/wp-content\/uploads\/2019\/06\/blic-izlozba-mladen-stakic-1-300x225.jpg\" \/>\n<meta name=\"author\" content=\"admin\" \/>\n<meta name=\"twitter:card\" content=\"summary_large_image\" \/>\n<meta name=\"twitter:label1\" content=\"Written by\" \/>\n\t<meta name=\"twitter:data1\" content=\"admin\" \/>\n\t<meta name=\"twitter:label2\" content=\"Est. reading time\" \/>\n\t<meta name=\"twitter:data2\" content=\"2 minutes\" \/>\n<script type=\"application\/ld+json\" class=\"yoast-schema-graph\">{\"@context\":\"https:\/\/schema.org\",\"@graph\":[{\"@type\":\"Article\",\"@id\":\"https:\/\/www.prijedordanas.com\/?p=129622#article\",\"isPartOf\":{\"@id\":\"https:\/\/www.prijedordanas.com\/?p=129622\"},\"author\":{\"name\":\"admin\",\"@id\":\"https:\/\/www.prijedordanas.com\/#\/schema\/person\/4e08ccf29b506ca916ff86d46bb700e6\"},\"headline\":\"\u201cI DRVO IMA DU\u0160U\u201d: MOTORKOM PRAVI UMJETNOST, A NAJVI\u0160E \u017dIVACA MU JE UZELA ONA &#8211; FOTO\",\"datePublished\":\"2019-06-25T03:07:44+00:00\",\"dateModified\":\"2019-06-25T03:07:44+00:00\",\"mainEntityOfPage\":{\"@id\":\"https:\/\/www.prijedordanas.com\/?p=129622\"},\"wordCount\":418,\"publisher\":{\"@id\":\"https:\/\/www.prijedordanas.com\/#organization\"},\"keywords\":[\"motorka\",\"umjetnost\"],\"articleSection\":[\"\u017divot\"],\"inLanguage\":\"en-US\"},{\"@type\":\"WebPage\",\"@id\":\"https:\/\/www.prijedordanas.com\/?p=129622\",\"url\":\"https:\/\/www.prijedordanas.com\/?p=129622\",\"name\":\"\u201cI DRVO IMA DU\u0160U\u201d: MOTORKOM PRAVI UMJETNOST, A NAJVI\u0160E \u017dIVACA MU JE UZELA ONA - FOTO - PrijedorDanas.com - Prijedorski gradski portal\",\"isPartOf\":{\"@id\":\"https:\/\/www.prijedordanas.com\/#website\"},\"datePublished\":\"2019-06-25T03:07:44+00:00\",\"dateModified\":\"2019-06-25T03:07:44+00:00\",\"breadcrumb\":{\"@id\":\"https:\/\/www.prijedordanas.com\/?p=129622#breadcrumb\"},\"inLanguage\":\"en-US\",\"potentialAction\":[{\"@type\":\"ReadAction\",\"target\":[\"https:\/\/www.prijedordanas.com\/?p=129622\"]}]},{\"@type\":\"BreadcrumbList\",\"@id\":\"https:\/\/www.prijedordanas.com\/?p=129622#breadcrumb\",\"itemListElement\":[{\"@type\":\"ListItem\",\"position\":1,\"name\":\"Home\",\"item\":\"https:\/\/www.prijedordanas.com\/\"},{\"@type\":\"ListItem\",\"position\":2,\"name\":\"\u201cI DRVO IMA DU\u0160U\u201d: MOTORKOM PRAVI UMJETNOST, A NAJVI\u0160E \u017dIVACA MU JE UZELA ONA &#8211; FOTO\"}]},{\"@type\":\"WebSite\",\"@id\":\"https:\/\/www.prijedordanas.com\/#website\",\"url\":\"https:\/\/www.prijedordanas.com\/\",\"name\":\"PrijedorDanas.com - Prijedorski gradski portal\",\"description\":\"Portal o doga\u0111anjima u gradu Prijedoru\",\"publisher\":{\"@id\":\"https:\/\/www.prijedordanas.com\/#organization\"},\"potentialAction\":[{\"@type\":\"SearchAction\",\"target\":{\"@type\":\"EntryPoint\",\"urlTemplate\":\"https:\/\/www.prijedordanas.com\/?s={search_term_string}\"},\"query-input\":\"required name=search_term_string\"}],\"inLanguage\":\"en-US\"},{\"@type\":\"Organization\",\"@id\":\"https:\/\/www.prijedordanas.com\/#organization\",\"name\":\"PrijedorDanas.com\",\"url\":\"https:\/\/www.prijedordanas.com\/\",\"logo\":{\"@type\":\"ImageObject\",\"inLanguage\":\"en-US\",\"@id\":\"https:\/\/www.prijedordanas.com\/#\/schema\/logo\/image\/\",\"url\":\"http:\/\/www.prijedordanas.com\/wp-content\/uploads\/2021\/12\/logopng.png\",\"contentUrl\":\"http:\/\/www.prijedordanas.com\/wp-content\/uploads\/2021\/12\/logopng.png\",\"width\":1019,\"height\":776,\"caption\":\"PrijedorDanas.com\"},\"image\":{\"@id\":\"https:\/\/www.prijedordanas.com\/#\/schema\/logo\/image\/\"},\"sameAs\":[\"https:\/\/www.facebook.com\/PrijedorDanasCom\/\"]},{\"@type\":\"Person\",\"@id\":\"https:\/\/www.prijedordanas.com\/#\/schema\/person\/4e08ccf29b506ca916ff86d46bb700e6\",\"name\":\"admin\",\"image\":{\"@type\":\"ImageObject\",\"inLanguage\":\"en-US\",\"@id\":\"https:\/\/www.prijedordanas.com\/#\/schema\/person\/image\/\",\"url\":\"https:\/\/secure.gravatar.com\/avatar\/1d3fc949d550f0b53a5f0d51e06dfd79?s=96&d=mm&r=g\",\"contentUrl\":\"https:\/\/secure.gravatar.com\/avatar\/1d3fc949d550f0b53a5f0d51e06dfd79?s=96&d=mm&r=g\",\"caption\":\"admin\"},\"url\":\"https:\/\/www.prijedordanas.com\/?author=1\"}]}<\/script>\n<!-- \/ Yoast SEO plugin. -->","yoast_head_json":{"title":"\u201cI DRVO IMA DU\u0160U\u201d: MOTORKOM PRAVI UMJETNOST, A NAJVI\u0160E \u017dIVACA MU JE UZELA ONA - FOTO - PrijedorDanas.com - Prijedorski gradski portal","robots":{"index":"index","follow":"follow","max-snippet":"max-snippet:-1","max-image-preview":"max-image-preview:large","max-video-preview":"max-video-preview:-1"},"canonical":"https:\/\/www.prijedordanas.com\/?p=129622","og_locale":"en_US","og_type":"article","og_title":"\u201cI DRVO IMA DU\u0160U\u201d: MOTORKOM PRAVI UMJETNOST, A NAJVI\u0160E \u017dIVACA MU JE UZELA ONA - FOTO - PrijedorDanas.com - Prijedorski gradski portal","og_description":"U prostorijama Mjesne zajednice \u010cirkin Polje u Prijedoru sino\u0107 je otvorena izlo\u017eba radova Mladena Staki\u0107a pod nazivom \u201cI drvo ima du\u0161u\u201d. Rije\u010d je o predmetima koje ovaj Prijedor\u010danin pravi od [&hellip;]","og_url":"https:\/\/www.prijedordanas.com\/?p=129622","og_site_name":"PrijedorDanas.com - Prijedorski gradski portal","article_publisher":"https:\/\/www.facebook.com\/PrijedorDanasCom\/","article_published_time":"2019-06-25T03:07:44+00:00","og_image":[{"url":"https:\/\/www.prijedordanas.com\/wp-content\/uploads\/2019\/06\/blic-izlozba-mladen-stakic-1-300x225.jpg"}],"author":"admin","twitter_card":"summary_large_image","twitter_misc":{"Written by":"admin","Est. reading time":"2 minutes"},"schema":{"@context":"https:\/\/schema.org","@graph":[{"@type":"Article","@id":"https:\/\/www.prijedordanas.com\/?p=129622#article","isPartOf":{"@id":"https:\/\/www.prijedordanas.com\/?p=129622"},"author":{"name":"admin","@id":"https:\/\/www.prijedordanas.com\/#\/schema\/person\/4e08ccf29b506ca916ff86d46bb700e6"},"headline":"\u201cI DRVO IMA DU\u0160U\u201d: MOTORKOM PRAVI UMJETNOST, A NAJVI\u0160E \u017dIVACA MU JE UZELA ONA &#8211; FOTO","datePublished":"2019-06-25T03:07:44+00:00","dateModified":"2019-06-25T03:07:44+00:00","mainEntityOfPage":{"@id":"https:\/\/www.prijedordanas.com\/?p=129622"},"wordCount":418,"publisher":{"@id":"https:\/\/www.prijedordanas.com\/#organization"},"keywords":["motorka","umjetnost"],"articleSection":["\u017divot"],"inLanguage":"en-US"},{"@type":"WebPage","@id":"https:\/\/www.prijedordanas.com\/?p=129622","url":"https:\/\/www.prijedordanas.com\/?p=129622","name":"\u201cI DRVO IMA DU\u0160U\u201d: MOTORKOM PRAVI UMJETNOST, A NAJVI\u0160E \u017dIVACA MU JE UZELA ONA - FOTO - PrijedorDanas.com - Prijedorski gradski portal","isPartOf":{"@id":"https:\/\/www.prijedordanas.com\/#website"},"datePublished":"2019-06-25T03:07:44+00:00","dateModified":"2019-06-25T03:07:44+00:00","breadcrumb":{"@id":"https:\/\/www.prijedordanas.com\/?p=129622#breadcrumb"},"inLanguage":"en-US","potentialAction":[{"@type":"ReadAction","target":["https:\/\/www.prijedordanas.com\/?p=129622"]}]},{"@type":"BreadcrumbList","@id":"https:\/\/www.prijedordanas.com\/?p=129622#breadcrumb","itemListElement":[{"@type":"ListItem","position":1,"name":"Home","item":"https:\/\/www.prijedordanas.com\/"},{"@type":"ListItem","position":2,"name":"\u201cI DRVO IMA DU\u0160U\u201d: MOTORKOM PRAVI UMJETNOST, A NAJVI\u0160E \u017dIVACA MU JE UZELA ONA &#8211; FOTO"}]},{"@type":"WebSite","@id":"https:\/\/www.prijedordanas.com\/#website","url":"https:\/\/www.prijedordanas.com\/","name":"PrijedorDanas.com - Prijedorski gradski portal","description":"Portal o doga\u0111anjima u gradu Prijedoru","publisher":{"@id":"https:\/\/www.prijedordanas.com\/#organization"},"potentialAction":[{"@type":"SearchAction","target":{"@type":"EntryPoint","urlTemplate":"https:\/\/www.prijedordanas.com\/?s={search_term_string}"},"query-input":"required name=search_term_string"}],"inLanguage":"en-US"},{"@type":"Organization","@id":"https:\/\/www.prijedordanas.com\/#organization","name":"PrijedorDanas.com","url":"https:\/\/www.prijedordanas.com\/","logo":{"@type":"ImageObject","inLanguage":"en-US","@id":"https:\/\/www.prijedordanas.com\/#\/schema\/logo\/image\/","url":"http:\/\/www.prijedordanas.com\/wp-content\/uploads\/2021\/12\/logopng.png","contentUrl":"http:\/\/www.prijedordanas.com\/wp-content\/uploads\/2021\/12\/logopng.png","width":1019,"height":776,"caption":"PrijedorDanas.com"},"image":{"@id":"https:\/\/www.prijedordanas.com\/#\/schema\/logo\/image\/"},"sameAs":["https:\/\/www.facebook.com\/PrijedorDanasCom\/"]},{"@type":"Person","@id":"https:\/\/www.prijedordanas.com\/#\/schema\/person\/4e08ccf29b506ca916ff86d46bb700e6","name":"admin","image":{"@type":"ImageObject","inLanguage":"en-US","@id":"https:\/\/www.prijedordanas.com\/#\/schema\/person\/image\/","url":"https:\/\/secure.gravatar.com\/avatar\/1d3fc949d550f0b53a5f0d51e06dfd79?s=96&d=mm&r=g","contentUrl":"https:\/\/secure.gravatar.com\/avatar\/1d3fc949d550f0b53a5f0d51e06dfd79?s=96&d=mm&r=g","caption":"admin"},"url":"https:\/\/www.prijedordanas.com\/?author=1"}]}},"_links":{"self":[{"href":"https:\/\/www.prijedordanas.com\/index.php?rest_route=\/wp\/v2\/posts\/129622"}],"collection":[{"href":"https:\/\/www.prijedordanas.com\/index.php?rest_route=\/wp\/v2\/posts"}],"about":[{"href":"https:\/\/www.prijedordanas.com\/index.php?rest_route=\/wp\/v2\/types\/post"}],"author":[{"embeddable":true,"href":"https:\/\/www.prijedordanas.com\/index.php?rest_route=\/wp\/v2\/users\/1"}],"replies":[{"embeddable":true,"href":"https:\/\/www.prijedordanas.com\/index.php?rest_route=%2Fwp%2Fv2%2Fcomments&post=129622"}],"version-history":[{"count":2,"href":"https:\/\/www.prijedordanas.com\/index.php?rest_route=\/wp\/v2\/posts\/129622\/revisions"}],"predecessor-version":[{"id":129632,"href":"https:\/\/www.prijedordanas.com\/index.php?rest_route=\/wp\/v2\/posts\/129622\/revisions\/129632"}],"wp:attachment":[{"href":"https:\/\/www.prijedordanas.com\/index.php?rest_route=%2Fwp%2Fv2%2Fmedia&parent=129622"}],"wp:term":[{"taxonomy":"category","embeddable":true,"href":"https:\/\/www.prijedordanas.com\/index.php?rest_route=%2Fwp%2Fv2%2Fcategories&post=129622"},{"taxonomy":"post_tag","embeddable":true,"href":"https:\/\/www.prijedordanas.com\/index.php?rest_route=%2Fwp%2Fv2%2Ftags&post=129622"}],"curies":[{"name":"wp","href":"https:\/\/api.w.org\/{rel}","templated":true}]}}