{"id":129619,"date":"2019-06-25T19:18:15","date_gmt":"2019-06-25T17:18:15","guid":{"rendered":"https:\/\/www.prijedordanas.com\/?p=129619"},"modified":"2019-06-25T19:18:15","modified_gmt":"2019-06-25T17:18:15","slug":"arselor-mital-prijedor-povecati-plate-i-sprijeciti-najavljeno-otpustanje-radnika-video","status":"publish","type":"post","link":"https:\/\/www.prijedordanas.com\/?p=129619","title":{"rendered":"ARSELOR MITAL PRIJEDOR: POVE\u0106ATI PLATE I SPRIJE\u010cITI NAJAVLJENO OTPU\u0160TANJE RADNIKA &#8211; VIDEO"},"content":{"rendered":"<p><a href=\"https:\/\/www.prijedordanas.com\/wp-content\/uploads\/2019\/06\/amp-radnici-strajk-zahtjevi.jpg\"><img loading=\"lazy\" decoding=\"async\" src=\"https:\/\/www.prijedordanas.com\/wp-content\/uploads\/2019\/06\/amp-radnici-strajk-zahtjevi-300x222.jpg\" alt=\"\" width=\"300\" height=\"222\" class=\"alignleft size-medium wp-image-129676\" srcset=\"https:\/\/www.prijedordanas.com\/wp-content\/uploads\/2019\/06\/amp-radnici-strajk-zahtjevi-300x222.jpg 300w, https:\/\/www.prijedordanas.com\/wp-content\/uploads\/2019\/06\/amp-radnici-strajk-zahtjevi-100x74.jpg 100w, https:\/\/www.prijedordanas.com\/wp-content\/uploads\/2019\/06\/amp-radnici-strajk-zahtjevi.jpg 675w\" sizes=\"(max-width: 300px) 100vw, 300px\" \/><\/a>Pove\u0107ati plate i sprije\u010diti najavaljeno otpu\u0161tanje 300 radnika.<\/p>\n<p>Ovo su zahtjevi Sindikata Arselor Mitala iz Prijedora, upu\u0107eni upravi kompanije sa jedno\u010dasovnog \u0161trajka upozorenja.<\/p>\n<p>Na ovakav potez sindikalci su se odlu\u010dili kako bi skrenuli pa\u017enju na probleme radnika, ali i dali rok za odgovor ina\u010de , kako je najavljaeno, slijede radikalniji potezi.<\/p>\n<p>\u0408edno\u010dasovni \u0161trajk na dvije lokacije \u2013 ma\u0161ine su stale na kopu u Omarskoj i Centralnoj radionici u Prijedoru. Otpustiti 300 radnika, \u0161to je kompanija Arselor Mital najavila u Republici Srpskoj zna\u010dilo bi kolaps \u2013 ukazuju sindikalci Mitala.Od rukovodstva tra\u017ee i pove\u0107anje plate za deset odsto, te uvo\u0111enje naknade za rad vikendom.<\/p>\n<p>&#8211; Ovakvim na\u010dinom borbe u okviru zakona \u017eelimo da se te odluke povuku i da se taj na\u0161 zajhtjev o pove\u0107anjau plata \u0161to prije prihvati jer bojimo se da \u0107emo do\u0107i u situaciju totalnog odlaska ljudi sa ovih prostora i napu\u0161tanja na\u0161e firme &#8211; istakao je Sa\u0161a Kukolj, predsjenik sindikata radnika Arseol Mital Prijedor.<\/p>\n<p>Podr\u0161ka okupljenim radnicima Mitala sti\u017ee od Sindikata metalaca i rudara i Konfederacije sindikata Republike Srpske.<\/p>\n<p>&#8211; S pravom ljudi tra\u017ee, \u0161to sindikat i postoji ve\u0107 da se bori za ve\u0107e plate, uslove rada i radna mjesta i u su\u0161tini su ta tri zahtjeva koja ovdje provejavaju svi uslovi postoje i mislimo da se opravdano tra\u017ee ve\u0107e plate &#8211; poru\u010dio je Obrad Belenzada, predsjednik Sindikata metalaca i rudara Republike Srpske.<\/p>\n<p>Ovim intenzitetom eksploatacije rude u Omarskoj, bilo je za o\u010dekivati ovakav rasplet doga\u0111aja,kategori\u010dan je resorni ministar. Vlada Srpske prepoznala je to prije nekoliko godina, zbog \u010dega se i odlu\u010dila na prodaju ve\u0107inskog paketa akcija R\u017dR \u2013 Ljubija, a to bi zna\u010dilo pokretanje rudarenja na ljubijskim kopovima, \u0161to je jedino rje\u0161enje ka\u017ee, Petar \u0110oki\u0107, ministar energetike i rudarstva Srpske.<\/p>\n<p>Pregovori sa Mitalom su u toku i bi\u0107e nastavljeni, ka\u017ee premijer Radovan Vi\u0161kovi\u0107. \u0160to bude do Vlade, bi\u0107e ura\u0111eno &#8211; kategori\u010dan je Vi\u0161kovi\u0107.<\/p>\n<p>&#8211; \u0408a \u017eelim samo da dobijem informaciju \u0161ta Mital odnosno njihovi vlasnici o\u010dekuju od Vlade Srpske i mi \u0107emo se tako i odrediti, prema tome tamo \u0161to se de\u0161ava prema tim ljudima, prema tim radnicima Vlada \u0107e maksimalno za\u0161titi radnike \u0161to je u domenu Vlade &#8211; kategori\u010dan je premijer.<\/p>\n<p>Ako uprava Mitala ne prihvati zahtjeve sindikata radnika,bi\u0107e prinu\u0111eni ,kako ka\u017eu sindikalci, na radikalniji na\u010din borbe \u0161to ne isklju\u010duje ni prekid proizvodnje na mjesec dana. Rukovodstvo Arselor Mitala Prijedor ,danas bez komentara.<\/p>\n<p>RTRS<\/p>\n<div style=\"width: 640px;\" class=\"wp-video\"><!--[if lt IE 9]><script>document.createElement('video');<\/script><![endif]-->\n<video class=\"wp-video-shortcode\" id=\"video-129619-1\" width=\"640\" height=\"360\" preload=\"metadata\" controls=\"controls\"><source type=\"video\/mp4\" src=\"https:\/\/arh3.rtrs.tv\/arhiva\/2019\/06\/24\/tvclip037270.mp4?_=1\" \/><a href=\"https:\/\/arh3.rtrs.tv\/arhiva\/2019\/06\/24\/tvclip037270.mp4\">https:\/\/arh3.rtrs.tv\/arhiva\/2019\/06\/24\/tvclip037270.mp4<\/a><\/video><\/div>\n","protected":false},"excerpt":{"rendered":"<p>Pove\u0107ati plate i sprije\u010diti najavaljeno otpu\u0161tanje 300 radnika. Ovo su zahtjevi Sindikata Arselor Mitala iz Prijedora, upu\u0107eni upravi kompanije sa jedno\u010dasovnog \u0161trajka upozorenja. Na ovakav potez sindikalci su se odlu\u010dili [&hellip;]<\/p>\n","protected":false},"author":1,"featured_media":0,"comment_status":"closed","ping_status":"open","sticky":false,"template":"","format":"standard","meta":{"_monsterinsights_skip_tracking":false,"_monsterinsights_sitenote_active":false,"_monsterinsights_sitenote_note":"","_monsterinsights_sitenote_category":0,"footnotes":""},"categories":[4],"tags":[9066],"yoast_head":"<!-- This site is optimized with the Yoast SEO plugin v21.6 - https:\/\/yoast.com\/wordpress\/plugins\/seo\/ -->\n<title>ARSELOR MITAL PRIJEDOR: POVE\u0106ATI PLATE I SPRIJE\u010cITI NAJAVLJENO OTPU\u0160TANJE RADNIKA - VIDEO - PrijedorDanas.com - Prijedorski gradski portal<\/title>\n<meta name=\"robots\" content=\"index, follow, max-snippet:-1, max-image-preview:large, max-video-preview:-1\" \/>\n<link rel=\"canonical\" href=\"https:\/\/www.prijedordanas.com\/?p=129619\" \/>\n<meta property=\"og:locale\" content=\"en_US\" \/>\n<meta property=\"og:type\" content=\"article\" \/>\n<meta property=\"og:title\" content=\"ARSELOR MITAL PRIJEDOR: POVE\u0106ATI PLATE I SPRIJE\u010cITI NAJAVLJENO OTPU\u0160TANJE RADNIKA - VIDEO - PrijedorDanas.com - Prijedorski gradski portal\" \/>\n<meta property=\"og:description\" content=\"Pove\u0107ati plate i sprije\u010diti najavaljeno otpu\u0161tanje 300 radnika. Ovo su zahtjevi Sindikata Arselor Mitala iz Prijedora, upu\u0107eni upravi kompanije sa jedno\u010dasovnog \u0161trajka upozorenja. Na ovakav potez sindikalci su se odlu\u010dili [&hellip;]\" \/>\n<meta property=\"og:url\" content=\"https:\/\/www.prijedordanas.com\/?p=129619\" \/>\n<meta property=\"og:site_name\" content=\"PrijedorDanas.com - Prijedorski gradski portal\" \/>\n<meta property=\"article:publisher\" content=\"https:\/\/www.facebook.com\/PrijedorDanasCom\/\" \/>\n<meta property=\"article:published_time\" content=\"2019-06-25T17:18:15+00:00\" \/>\n<meta property=\"og:image\" content=\"https:\/\/www.prijedordanas.com\/wp-content\/uploads\/2019\/06\/amp-radnici-strajk-zahtjevi-300x222.jpg\" \/>\n<meta name=\"author\" content=\"admin\" \/>\n<meta name=\"twitter:card\" content=\"summary_large_image\" \/>\n<meta name=\"twitter:label1\" content=\"Written by\" \/>\n\t<meta name=\"twitter:data1\" content=\"admin\" \/>\n\t<meta name=\"twitter:label2\" content=\"Est. reading time\" \/>\n\t<meta name=\"twitter:data2\" content=\"2 minutes\" \/>\n<script type=\"application\/ld+json\" class=\"yoast-schema-graph\">{\"@context\":\"https:\/\/schema.org\",\"@graph\":[{\"@type\":\"Article\",\"@id\":\"https:\/\/www.prijedordanas.com\/?p=129619#article\",\"isPartOf\":{\"@id\":\"https:\/\/www.prijedordanas.com\/?p=129619\"},\"author\":{\"name\":\"admin\",\"@id\":\"https:\/\/www.prijedordanas.com\/#\/schema\/person\/4e08ccf29b506ca916ff86d46bb700e6\"},\"headline\":\"ARSELOR MITAL PRIJEDOR: POVE\u0106ATI PLATE I SPRIJE\u010cITI NAJAVLJENO OTPU\u0160TANJE RADNIKA &#8211; VIDEO\",\"datePublished\":\"2019-06-25T17:18:15+00:00\",\"dateModified\":\"2019-06-25T17:18:15+00:00\",\"mainEntityOfPage\":{\"@id\":\"https:\/\/www.prijedordanas.com\/?p=129619\"},\"wordCount\":460,\"publisher\":{\"@id\":\"https:\/\/www.prijedordanas.com\/#organization\"},\"keywords\":[\"\u0161trajk\"],\"articleSection\":[\"Dru\u0161tvo\"],\"inLanguage\":\"en-US\"},{\"@type\":\"WebPage\",\"@id\":\"https:\/\/www.prijedordanas.com\/?p=129619\",\"url\":\"https:\/\/www.prijedordanas.com\/?p=129619\",\"name\":\"ARSELOR MITAL PRIJEDOR: POVE\u0106ATI PLATE I SPRIJE\u010cITI NAJAVLJENO OTPU\u0160TANJE RADNIKA - VIDEO - PrijedorDanas.com - Prijedorski gradski portal\",\"isPartOf\":{\"@id\":\"https:\/\/www.prijedordanas.com\/#website\"},\"datePublished\":\"2019-06-25T17:18:15+00:00\",\"dateModified\":\"2019-06-25T17:18:15+00:00\",\"breadcrumb\":{\"@id\":\"https:\/\/www.prijedordanas.com\/?p=129619#breadcrumb\"},\"inLanguage\":\"en-US\",\"potentialAction\":[{\"@type\":\"ReadAction\",\"target\":[\"https:\/\/www.prijedordanas.com\/?p=129619\"]}]},{\"@type\":\"BreadcrumbList\",\"@id\":\"https:\/\/www.prijedordanas.com\/?p=129619#breadcrumb\",\"itemListElement\":[{\"@type\":\"ListItem\",\"position\":1,\"name\":\"Home\",\"item\":\"https:\/\/www.prijedordanas.com\/\"},{\"@type\":\"ListItem\",\"position\":2,\"name\":\"ARSELOR MITAL PRIJEDOR: POVE\u0106ATI PLATE I SPRIJE\u010cITI NAJAVLJENO OTPU\u0160TANJE RADNIKA &#8211; VIDEO\"}]},{\"@type\":\"WebSite\",\"@id\":\"https:\/\/www.prijedordanas.com\/#website\",\"url\":\"https:\/\/www.prijedordanas.com\/\",\"name\":\"PrijedorDanas.com - Prijedorski gradski portal\",\"description\":\"Portal o doga\u0111anjima u gradu Prijedoru\",\"publisher\":{\"@id\":\"https:\/\/www.prijedordanas.com\/#organization\"},\"potentialAction\":[{\"@type\":\"SearchAction\",\"target\":{\"@type\":\"EntryPoint\",\"urlTemplate\":\"https:\/\/www.prijedordanas.com\/?s={search_term_string}\"},\"query-input\":\"required name=search_term_string\"}],\"inLanguage\":\"en-US\"},{\"@type\":\"Organization\",\"@id\":\"https:\/\/www.prijedordanas.com\/#organization\",\"name\":\"PrijedorDanas.com\",\"url\":\"https:\/\/www.prijedordanas.com\/\",\"logo\":{\"@type\":\"ImageObject\",\"inLanguage\":\"en-US\",\"@id\":\"https:\/\/www.prijedordanas.com\/#\/schema\/logo\/image\/\",\"url\":\"http:\/\/www.prijedordanas.com\/wp-content\/uploads\/2021\/12\/logopng.png\",\"contentUrl\":\"http:\/\/www.prijedordanas.com\/wp-content\/uploads\/2021\/12\/logopng.png\",\"width\":1019,\"height\":776,\"caption\":\"PrijedorDanas.com\"},\"image\":{\"@id\":\"https:\/\/www.prijedordanas.com\/#\/schema\/logo\/image\/\"},\"sameAs\":[\"https:\/\/www.facebook.com\/PrijedorDanasCom\/\"]},{\"@type\":\"Person\",\"@id\":\"https:\/\/www.prijedordanas.com\/#\/schema\/person\/4e08ccf29b506ca916ff86d46bb700e6\",\"name\":\"admin\",\"image\":{\"@type\":\"ImageObject\",\"inLanguage\":\"en-US\",\"@id\":\"https:\/\/www.prijedordanas.com\/#\/schema\/person\/image\/\",\"url\":\"https:\/\/secure.gravatar.com\/avatar\/1d3fc949d550f0b53a5f0d51e06dfd79?s=96&d=mm&r=g\",\"contentUrl\":\"https:\/\/secure.gravatar.com\/avatar\/1d3fc949d550f0b53a5f0d51e06dfd79?s=96&d=mm&r=g\",\"caption\":\"admin\"},\"url\":\"https:\/\/www.prijedordanas.com\/?author=1\"}]}<\/script>\n<!-- \/ Yoast SEO plugin. -->","yoast_head_json":{"title":"ARSELOR MITAL PRIJEDOR: POVE\u0106ATI PLATE I SPRIJE\u010cITI NAJAVLJENO OTPU\u0160TANJE RADNIKA - VIDEO - PrijedorDanas.com - Prijedorski gradski portal","robots":{"index":"index","follow":"follow","max-snippet":"max-snippet:-1","max-image-preview":"max-image-preview:large","max-video-preview":"max-video-preview:-1"},"canonical":"https:\/\/www.prijedordanas.com\/?p=129619","og_locale":"en_US","og_type":"article","og_title":"ARSELOR MITAL PRIJEDOR: POVE\u0106ATI PLATE I SPRIJE\u010cITI NAJAVLJENO OTPU\u0160TANJE RADNIKA - VIDEO - PrijedorDanas.com - Prijedorski gradski portal","og_description":"Pove\u0107ati plate i sprije\u010diti najavaljeno otpu\u0161tanje 300 radnika. Ovo su zahtjevi Sindikata Arselor Mitala iz Prijedora, upu\u0107eni upravi kompanije sa jedno\u010dasovnog \u0161trajka upozorenja. Na ovakav potez sindikalci su se odlu\u010dili [&hellip;]","og_url":"https:\/\/www.prijedordanas.com\/?p=129619","og_site_name":"PrijedorDanas.com - Prijedorski gradski portal","article_publisher":"https:\/\/www.facebook.com\/PrijedorDanasCom\/","article_published_time":"2019-06-25T17:18:15+00:00","og_image":[{"url":"https:\/\/www.prijedordanas.com\/wp-content\/uploads\/2019\/06\/amp-radnici-strajk-zahtjevi-300x222.jpg"}],"author":"admin","twitter_card":"summary_large_image","twitter_misc":{"Written by":"admin","Est. reading time":"2 minutes"},"schema":{"@context":"https:\/\/schema.org","@graph":[{"@type":"Article","@id":"https:\/\/www.prijedordanas.com\/?p=129619#article","isPartOf":{"@id":"https:\/\/www.prijedordanas.com\/?p=129619"},"author":{"name":"admin","@id":"https:\/\/www.prijedordanas.com\/#\/schema\/person\/4e08ccf29b506ca916ff86d46bb700e6"},"headline":"ARSELOR MITAL PRIJEDOR: POVE\u0106ATI PLATE I SPRIJE\u010cITI NAJAVLJENO OTPU\u0160TANJE RADNIKA &#8211; VIDEO","datePublished":"2019-06-25T17:18:15+00:00","dateModified":"2019-06-25T17:18:15+00:00","mainEntityOfPage":{"@id":"https:\/\/www.prijedordanas.com\/?p=129619"},"wordCount":460,"publisher":{"@id":"https:\/\/www.prijedordanas.com\/#organization"},"keywords":["\u0161trajk"],"articleSection":["Dru\u0161tvo"],"inLanguage":"en-US"},{"@type":"WebPage","@id":"https:\/\/www.prijedordanas.com\/?p=129619","url":"https:\/\/www.prijedordanas.com\/?p=129619","name":"ARSELOR MITAL PRIJEDOR: POVE\u0106ATI PLATE I SPRIJE\u010cITI NAJAVLJENO OTPU\u0160TANJE RADNIKA - VIDEO - PrijedorDanas.com - Prijedorski gradski portal","isPartOf":{"@id":"https:\/\/www.prijedordanas.com\/#website"},"datePublished":"2019-06-25T17:18:15+00:00","dateModified":"2019-06-25T17:18:15+00:00","breadcrumb":{"@id":"https:\/\/www.prijedordanas.com\/?p=129619#breadcrumb"},"inLanguage":"en-US","potentialAction":[{"@type":"ReadAction","target":["https:\/\/www.prijedordanas.com\/?p=129619"]}]},{"@type":"BreadcrumbList","@id":"https:\/\/www.prijedordanas.com\/?p=129619#breadcrumb","itemListElement":[{"@type":"ListItem","position":1,"name":"Home","item":"https:\/\/www.prijedordanas.com\/"},{"@type":"ListItem","position":2,"name":"ARSELOR MITAL PRIJEDOR: POVE\u0106ATI PLATE I SPRIJE\u010cITI NAJAVLJENO OTPU\u0160TANJE RADNIKA &#8211; VIDEO"}]},{"@type":"WebSite","@id":"https:\/\/www.prijedordanas.com\/#website","url":"https:\/\/www.prijedordanas.com\/","name":"PrijedorDanas.com - Prijedorski gradski portal","description":"Portal o doga\u0111anjima u gradu Prijedoru","publisher":{"@id":"https:\/\/www.prijedordanas.com\/#organization"},"potentialAction":[{"@type":"SearchAction","target":{"@type":"EntryPoint","urlTemplate":"https:\/\/www.prijedordanas.com\/?s={search_term_string}"},"query-input":"required name=search_term_string"}],"inLanguage":"en-US"},{"@type":"Organization","@id":"https:\/\/www.prijedordanas.com\/#organization","name":"PrijedorDanas.com","url":"https:\/\/www.prijedordanas.com\/","logo":{"@type":"ImageObject","inLanguage":"en-US","@id":"https:\/\/www.prijedordanas.com\/#\/schema\/logo\/image\/","url":"http:\/\/www.prijedordanas.com\/wp-content\/uploads\/2021\/12\/logopng.png","contentUrl":"http:\/\/www.prijedordanas.com\/wp-content\/uploads\/2021\/12\/logopng.png","width":1019,"height":776,"caption":"PrijedorDanas.com"},"image":{"@id":"https:\/\/www.prijedordanas.com\/#\/schema\/logo\/image\/"},"sameAs":["https:\/\/www.facebook.com\/PrijedorDanasCom\/"]},{"@type":"Person","@id":"https:\/\/www.prijedordanas.com\/#\/schema\/person\/4e08ccf29b506ca916ff86d46bb700e6","name":"admin","image":{"@type":"ImageObject","inLanguage":"en-US","@id":"https:\/\/www.prijedordanas.com\/#\/schema\/person\/image\/","url":"https:\/\/secure.gravatar.com\/avatar\/1d3fc949d550f0b53a5f0d51e06dfd79?s=96&d=mm&r=g","contentUrl":"https:\/\/secure.gravatar.com\/avatar\/1d3fc949d550f0b53a5f0d51e06dfd79?s=96&d=mm&r=g","caption":"admin"},"url":"https:\/\/www.prijedordanas.com\/?author=1"}]}},"_links":{"self":[{"href":"https:\/\/www.prijedordanas.com\/index.php?rest_route=\/wp\/v2\/posts\/129619"}],"collection":[{"href":"https:\/\/www.prijedordanas.com\/index.php?rest_route=\/wp\/v2\/posts"}],"about":[{"href":"https:\/\/www.prijedordanas.com\/index.php?rest_route=\/wp\/v2\/types\/post"}],"author":[{"embeddable":true,"href":"https:\/\/www.prijedordanas.com\/index.php?rest_route=\/wp\/v2\/users\/1"}],"replies":[{"embeddable":true,"href":"https:\/\/www.prijedordanas.com\/index.php?rest_route=%2Fwp%2Fv2%2Fcomments&post=129619"}],"version-history":[{"count":2,"href":"https:\/\/www.prijedordanas.com\/index.php?rest_route=\/wp\/v2\/posts\/129619\/revisions"}],"predecessor-version":[{"id":129677,"href":"https:\/\/www.prijedordanas.com\/index.php?rest_route=\/wp\/v2\/posts\/129619\/revisions\/129677"}],"wp:attachment":[{"href":"https:\/\/www.prijedordanas.com\/index.php?rest_route=%2Fwp%2Fv2%2Fmedia&parent=129619"}],"wp:term":[{"taxonomy":"category","embeddable":true,"href":"https:\/\/www.prijedordanas.com\/index.php?rest_route=%2Fwp%2Fv2%2Fcategories&post=129619"},{"taxonomy":"post_tag","embeddable":true,"href":"https:\/\/www.prijedordanas.com\/index.php?rest_route=%2Fwp%2Fv2%2Ftags&post=129619"}],"curies":[{"name":"wp","href":"https:\/\/api.w.org\/{rel}","templated":true}]}}