{"id":129590,"date":"2019-06-24T19:33:32","date_gmt":"2019-06-24T17:33:32","guid":{"rendered":"https:\/\/www.prijedordanas.com\/?p=129590"},"modified":"2019-06-24T19:33:32","modified_gmt":"2019-06-24T17:33:32","slug":"rudari-strajkom-upozorili-traze-povecanje-plata-i-odustajanje-od-otpustanja-300-radnika","status":"publish","type":"post","link":"https:\/\/www.prijedordanas.com\/?p=129590","title":{"rendered":"RUDARI \u0160TRAJKOM UPOZORILI: TRA\u017dE POVE\u0106ANJE PLATA I ODUSTAJANJE OD OTPU\u0160TANJA 300 RADNIKA"},"content":{"rendered":"<p><a href=\"https:\/\/www.prijedordanas.com\/wp-content\/uploads\/2019\/06\/amp-radnici-strajk-centralna-radionica-1.jpg\"><img loading=\"lazy\" decoding=\"async\" class=\"alignleft size-medium wp-image-129602\" src=\"https:\/\/www.prijedordanas.com\/wp-content\/uploads\/2019\/06\/amp-radnici-strajk-centralna-radionica-1-300x217.jpg\" alt=\"\" width=\"300\" height=\"217\" srcset=\"https:\/\/www.prijedordanas.com\/wp-content\/uploads\/2019\/06\/amp-radnici-strajk-centralna-radionica-1-300x217.jpg 300w, https:\/\/www.prijedordanas.com\/wp-content\/uploads\/2019\/06\/amp-radnici-strajk-centralna-radionica-1-100x72.jpg 100w, https:\/\/www.prijedordanas.com\/wp-content\/uploads\/2019\/06\/amp-radnici-strajk-centralna-radionica-1.jpg 690w\" sizes=\"(max-width: 300px) 100vw, 300px\" \/><\/a>\u0160trajkom upozorenja, prijedorski rudari danas su uputili zahtjeve kompaniji za pove\u0107anje plate radnika za 10 odsto i odustajanje od najave otpu\u0161tanja 300 radnika kao i za\u0161titu radnih mjesta te spre\u010davanje odlaska zaposlenih u inostranstvo.<\/p>\n<p>Skup\u0161tina sindikalne organizacije \u201cArselor Mitala\u201d iz Prijedora mo\u017eda \u0107e donijeti odluku o obustavi proizvodnje na mjesec dana ukoliko se ovi zahtjevi radnika ne ispune, poru\u010dili su rudari.<\/p>\n<p>Predsjednik Sindikalne organizacije \u201cArselor Mitala\u201d, Sa\u0161a Kukolj ka\u017ee da \u0161trajkovima upozorenja koji su trajali po jedan sat u rudniku Omarska a potom ispred centralne radionice u Prijedoru, radnici skre\u0107u pa\u017enju rukovodstva na svoje probleme.<\/p>\n<p><a href=\"https:\/\/www.prijedordanas.com\/wp-content\/uploads\/2019\/06\/amp-radnici-strajk-centralna-radionica-2.jpg\"><img loading=\"lazy\" decoding=\"async\" class=\"alignleft size-medium wp-image-129603\" src=\"https:\/\/www.prijedordanas.com\/wp-content\/uploads\/2019\/06\/amp-radnici-strajk-centralna-radionica-2-300x217.jpg\" alt=\"\" width=\"300\" height=\"217\" srcset=\"https:\/\/www.prijedordanas.com\/wp-content\/uploads\/2019\/06\/amp-radnici-strajk-centralna-radionica-2-300x217.jpg 300w, https:\/\/www.prijedordanas.com\/wp-content\/uploads\/2019\/06\/amp-radnici-strajk-centralna-radionica-2-100x72.jpg 100w, https:\/\/www.prijedordanas.com\/wp-content\/uploads\/2019\/06\/amp-radnici-strajk-centralna-radionica-2.jpg 690w\" sizes=\"(max-width: 300px) 100vw, 300px\" \/><\/a>\u2013 Ovdje je prevashodno jedan od osnovnih ciljeva, onaj na\u0161 sa po\u010detka godine kada smo mi, kao i svake godine, istakli zahtjev za pove\u0107anje plata. Ove godine smo isto to na vrijeme uradili i zahtjevali pove\u0107anje kako bi zadr\u017eali radnike ovdje, kako ljudi ne bi odlazili sa ovih prostora isklju\u010divo zbog malih primanja i nemogu\u0107nosti ispunjavanja svojih obaveza- izjavio je Kukolj.<\/p>\n<p>Dodaje da se pored borbe za ve\u0107a primanja pojavio i drugi problem.<\/p>\n<p>\u2013 To je najava Kompanije da \u0107e do prvog septembra otpustiti 300 radnika. Mi smo taj problem tako\u0111e razmotrili i poslali jasnu poruku da se 300 radnika mo\u017ee otpu\u0161tati u ure\u0111enim zemljama, a definitivno u BiH i RS otpustiti 300 radnika predstavlja cijeli kolaps. Tako da se ni sa tom odlukom ne sla\u017eemo \u2013 istakao je on.<\/p>\n<p><a href=\"https:\/\/www.prijedordanas.com\/wp-content\/uploads\/2019\/06\/amp-radnici-strajk-centralna-radionica-3.jpg\"><img loading=\"lazy\" decoding=\"async\" class=\"alignleft size-medium wp-image-129604\" src=\"https:\/\/www.prijedordanas.com\/wp-content\/uploads\/2019\/06\/amp-radnici-strajk-centralna-radionica-3-300x217.jpg\" alt=\"\" width=\"300\" height=\"217\" srcset=\"https:\/\/www.prijedordanas.com\/wp-content\/uploads\/2019\/06\/amp-radnici-strajk-centralna-radionica-3-300x217.jpg 300w, https:\/\/www.prijedordanas.com\/wp-content\/uploads\/2019\/06\/amp-radnici-strajk-centralna-radionica-3-100x72.jpg 100w, https:\/\/www.prijedordanas.com\/wp-content\/uploads\/2019\/06\/amp-radnici-strajk-centralna-radionica-3.jpg 690w\" sizes=\"(max-width: 300px) 100vw, 300px\" \/><\/a>Dodao je da dozvoljenim na\u010dinima borbe, \u017eele da se ova odluka povu\u010de a zahtjev za pove\u0107anje plata prihvati.<\/p>\n<p>\u2013 Bojimo se da \u0107emo do\u0107i u situaciju potpunog odlaska ljudi sa ovih prostora i iz na\u0161e fiorme i da \u0107e ljudi do\u0107i u situaciju da \u0107e im biti ugro\u017eena budu\u0107nost \u2013 ka\u017ee Kukolj.<\/p>\n<p>U prijedorskom \u201cArselor MItalu\u201d ima oko 800 radnika. Kukolj obja\u0161njava da su prosje\u010dna primanja radnika oko 1.000 KM te da je Sindikat tra\u017eio pove\u0107anje plate za 10 odsto.<\/p>\n<p>\u2013 Smatrali smo da je to realno pove\u0107anje. Mo\u017eda bi bilo i oslanac da ljudi ostanu ovdje da rade u na\u0161em gradu i na\u0161oj Republici. Pored tog pove\u0107anja od 10 odsto, tra\u017eili smo i naknadu od 20 odsto za rad vikendom, zbog te\u017eine posla i vrijednosti posla koji obavljamo cijelo vrijeme, korektno ispunjavaju\u0107i sve planove i rokove. Do sada tu naknadu nismo imali \u2013 tvrdi Kukolj.<\/p>\n<p><a href=\"https:\/\/www.prijedordanas.com\/wp-content\/uploads\/2019\/06\/amp-radnici-strajk-centralna-radionica-4.jpg\"><img loading=\"lazy\" decoding=\"async\" class=\"alignleft size-medium wp-image-129605\" src=\"https:\/\/www.prijedordanas.com\/wp-content\/uploads\/2019\/06\/amp-radnici-strajk-centralna-radionica-4-300x199.jpg\" alt=\"\" width=\"300\" height=\"199\" srcset=\"https:\/\/www.prijedordanas.com\/wp-content\/uploads\/2019\/06\/amp-radnici-strajk-centralna-radionica-4-300x199.jpg 300w, https:\/\/www.prijedordanas.com\/wp-content\/uploads\/2019\/06\/amp-radnici-strajk-centralna-radionica-4-100x66.jpg 100w, https:\/\/www.prijedordanas.com\/wp-content\/uploads\/2019\/06\/amp-radnici-strajk-centralna-radionica-4-480x320.jpg 480w, https:\/\/www.prijedordanas.com\/wp-content\/uploads\/2019\/06\/amp-radnici-strajk-centralna-radionica-4.jpg 600w\" sizes=\"(max-width: 300px) 100vw, 300px\" \/><\/a>Isti\u010de da su na \u0161trajkovi upozorenja poru\u010dili svim radnicima da narednih 10 dana razmisle o tome na koji na\u010din \u017eele da se nastavi njihova borba,<\/p>\n<p>\u2013 Ne \u017eelimo da \u010dekamo pet do 12 ve\u0107 ho\u0107emo da se na\u0161i zahtjevi ispo\u0161tuju. Ho\u0107emo da se Skup\u0161tina Sindikalne organizacije \u201cArselor Mitala\u201d opet sastane za desetak dana i donese odluku, o mo\u017eda jo\u0161 radikalnijem na\u010dinu borbe, \u010dak i da zaustivimo proizvodnju na mjesec dana, jednostavno da se ovo jednom presje\u010de i prelomi \u2013 zaklju\u010duje Kukolj.<\/p>\n<p>Predsjednik Sindikata metalaca i rudara RS, Obrad Belenzada je poru\u010dio da ovaj Sindikat podr\u017eava borbu prijedorskih rudara.<\/p>\n<p><a href=\"https:\/\/www.prijedordanas.com\/wp-content\/uploads\/2019\/06\/amp-radnici-strajk-centralna-radionica-5.jpg\"><img loading=\"lazy\" decoding=\"async\" class=\"alignleft size-medium wp-image-129606\" src=\"https:\/\/www.prijedordanas.com\/wp-content\/uploads\/2019\/06\/amp-radnici-strajk-centralna-radionica-5-300x199.jpg\" alt=\"\" width=\"300\" height=\"199\" srcset=\"https:\/\/www.prijedordanas.com\/wp-content\/uploads\/2019\/06\/amp-radnici-strajk-centralna-radionica-5-300x199.jpg 300w, https:\/\/www.prijedordanas.com\/wp-content\/uploads\/2019\/06\/amp-radnici-strajk-centralna-radionica-5-100x66.jpg 100w, https:\/\/www.prijedordanas.com\/wp-content\/uploads\/2019\/06\/amp-radnici-strajk-centralna-radionica-5-480x320.jpg 480w, https:\/\/www.prijedordanas.com\/wp-content\/uploads\/2019\/06\/amp-radnici-strajk-centralna-radionica-5.jpg 600w\" sizes=\"(max-width: 300px) 100vw, 300px\" \/><\/a>\u2013 Sa pravom ljudi tra\u017ee pove\u0107anje plata, Sindikat i postoji da se bori za ve\u0107e plate, uslove rada i radna mjesta. U su\u0161tini to su ta tri zahtjeva ovdje. Svi uslovi postoje i mi mislimo da se opravdano tra\u017ee ve\u0107e plate. U nas je gre\u0161ka u dr\u017eavi \u0161to se plate ne mjere sa tro\u0161kovima \u017eivota, ve\u0107 se mjere fiktivno, plata \u0107e biti hiljadu ili ovoliko. Ako \u010dovjek mo\u017ee pre\u017eivjeti plata nije bitna, a ako pove\u0107amo platu 10 odsto a tro\u0161kove \u017eivota 15 odsto radnik je uvijek donji \u2013 izjavio je Belenzada.<\/p>\n<p>Dodao je da ima prostora i za zapo\u0161ljavanje novih radnika u prijedorskim rudnicima.<\/p>\n<p>\u2013 Da se ne otpu\u0161taju ljudi nego da se kopa ruda u Ljubiji i i da se primaju novi ljudi. Mislim da Vlada RS to mora ra\u0161\u010distiti sa Mitalom, ili Mital sa Vladom, kako god ho\u0107e, ali da se \u0161to prije pokrene kopanje rude u Ljubiji, jer tr\u017ei\u0161te za to postoji. Imamo rudu koja se ne kopa, a Zenica uvozi rudu sa strane. Te odnose treba ra\u0161\u010distiti \u2013 istakao je Belenzada.<\/p>\n<p>Zaklju\u010dio je da je Vlada RS klju\u010dna za rje\u0161avanje problema prijedorskih ruadar jer je ve\u0107inski vlasnik R\u017dR Ljubije.<\/p>\n<p>EuroBlic-srpskainfo.com<\/p>\n<p><a href=\"https:\/\/www.prijedordanas.com\/wp-content\/uploads\/2019\/06\/amp-radnici-strajk-centralna-radionica-6.jpg\"><img loading=\"lazy\" decoding=\"async\" src=\"https:\/\/www.prijedordanas.com\/wp-content\/uploads\/2019\/06\/amp-radnici-strajk-centralna-radionica-6-300x199.jpg\" alt=\"\" width=\"300\" height=\"199\" class=\"alignleft size-medium wp-image-129607\" srcset=\"https:\/\/www.prijedordanas.com\/wp-content\/uploads\/2019\/06\/amp-radnici-strajk-centralna-radionica-6-300x199.jpg 300w, https:\/\/www.prijedordanas.com\/wp-content\/uploads\/2019\/06\/amp-radnici-strajk-centralna-radionica-6-100x66.jpg 100w, https:\/\/www.prijedordanas.com\/wp-content\/uploads\/2019\/06\/amp-radnici-strajk-centralna-radionica-6-480x320.jpg 480w, https:\/\/www.prijedordanas.com\/wp-content\/uploads\/2019\/06\/amp-radnici-strajk-centralna-radionica-6.jpg 600w\" sizes=\"(max-width: 300px) 100vw, 300px\" \/><\/a> <a href=\"https:\/\/www.prijedordanas.com\/wp-content\/uploads\/2019\/06\/amp-radnici-strajk-centralna-radionica-7.jpg\"><img loading=\"lazy\" decoding=\"async\" src=\"https:\/\/www.prijedordanas.com\/wp-content\/uploads\/2019\/06\/amp-radnici-strajk-centralna-radionica-7-300x199.jpg\" alt=\"\" width=\"300\" height=\"199\" class=\"alignleft size-medium wp-image-129608\" srcset=\"https:\/\/www.prijedordanas.com\/wp-content\/uploads\/2019\/06\/amp-radnici-strajk-centralna-radionica-7-300x199.jpg 300w, https:\/\/www.prijedordanas.com\/wp-content\/uploads\/2019\/06\/amp-radnici-strajk-centralna-radionica-7-100x66.jpg 100w, https:\/\/www.prijedordanas.com\/wp-content\/uploads\/2019\/06\/amp-radnici-strajk-centralna-radionica-7-480x320.jpg 480w, https:\/\/www.prijedordanas.com\/wp-content\/uploads\/2019\/06\/amp-radnici-strajk-centralna-radionica-7.jpg 600w\" sizes=\"(max-width: 300px) 100vw, 300px\" \/><\/a><\/p>\n","protected":false},"excerpt":{"rendered":"<p>\u0160trajkom upozorenja, prijedorski rudari danas su uputili zahtjeve kompaniji za pove\u0107anje plate radnika za 10 odsto i odustajanje od najave otpu\u0161tanja 300 radnika kao i za\u0161titu radnih mjesta te spre\u010davanje [&hellip;]<\/p>\n","protected":false},"author":1,"featured_media":0,"comment_status":"closed","ping_status":"open","sticky":false,"template":"","format":"standard","meta":{"_monsterinsights_skip_tracking":false,"_monsterinsights_sitenote_active":false,"_monsterinsights_sitenote_note":"","_monsterinsights_sitenote_category":0,"footnotes":""},"categories":[4],"tags":[9066],"yoast_head":"<!-- This site is optimized with the Yoast SEO plugin v21.6 - https:\/\/yoast.com\/wordpress\/plugins\/seo\/ -->\n<title>RUDARI \u0160TRAJKOM UPOZORILI: TRA\u017dE POVE\u0106ANJE PLATA I ODUSTAJANJE OD OTPU\u0160TANJA 300 RADNIKA - PrijedorDanas.com - Prijedorski gradski portal<\/title>\n<meta name=\"robots\" content=\"index, follow, max-snippet:-1, max-image-preview:large, max-video-preview:-1\" \/>\n<link rel=\"canonical\" href=\"https:\/\/www.prijedordanas.com\/?p=129590\" \/>\n<meta property=\"og:locale\" content=\"en_US\" \/>\n<meta property=\"og:type\" content=\"article\" \/>\n<meta property=\"og:title\" content=\"RUDARI \u0160TRAJKOM UPOZORILI: TRA\u017dE POVE\u0106ANJE PLATA I ODUSTAJANJE OD OTPU\u0160TANJA 300 RADNIKA - PrijedorDanas.com - Prijedorski gradski portal\" \/>\n<meta property=\"og:description\" content=\"\u0160trajkom upozorenja, prijedorski rudari danas su uputili zahtjeve kompaniji za pove\u0107anje plate radnika za 10 odsto i odustajanje od najave otpu\u0161tanja 300 radnika kao i za\u0161titu radnih mjesta te spre\u010davanje [&hellip;]\" \/>\n<meta property=\"og:url\" content=\"https:\/\/www.prijedordanas.com\/?p=129590\" \/>\n<meta property=\"og:site_name\" content=\"PrijedorDanas.com - Prijedorski gradski portal\" \/>\n<meta property=\"article:publisher\" content=\"https:\/\/www.facebook.com\/PrijedorDanasCom\/\" \/>\n<meta property=\"article:published_time\" content=\"2019-06-24T17:33:32+00:00\" \/>\n<meta property=\"og:image\" content=\"https:\/\/www.prijedordanas.com\/wp-content\/uploads\/2019\/06\/amp-radnici-strajk-centralna-radionica-1-300x217.jpg\" \/>\n<meta name=\"author\" content=\"admin\" \/>\n<meta name=\"twitter:card\" content=\"summary_large_image\" \/>\n<meta name=\"twitter:label1\" content=\"Written by\" \/>\n\t<meta name=\"twitter:data1\" content=\"admin\" \/>\n\t<meta name=\"twitter:label2\" content=\"Est. reading time\" \/>\n\t<meta name=\"twitter:data2\" content=\"4 minutes\" \/>\n<script type=\"application\/ld+json\" class=\"yoast-schema-graph\">{\"@context\":\"https:\/\/schema.org\",\"@graph\":[{\"@type\":\"Article\",\"@id\":\"https:\/\/www.prijedordanas.com\/?p=129590#article\",\"isPartOf\":{\"@id\":\"https:\/\/www.prijedordanas.com\/?p=129590\"},\"author\":{\"name\":\"admin\",\"@id\":\"https:\/\/www.prijedordanas.com\/#\/schema\/person\/4e08ccf29b506ca916ff86d46bb700e6\"},\"headline\":\"RUDARI \u0160TRAJKOM UPOZORILI: TRA\u017dE POVE\u0106ANJE PLATA I ODUSTAJANJE OD OTPU\u0160TANJA 300 RADNIKA\",\"datePublished\":\"2019-06-24T17:33:32+00:00\",\"dateModified\":\"2019-06-24T17:33:32+00:00\",\"mainEntityOfPage\":{\"@id\":\"https:\/\/www.prijedordanas.com\/?p=129590\"},\"wordCount\":734,\"publisher\":{\"@id\":\"https:\/\/www.prijedordanas.com\/#organization\"},\"keywords\":[\"\u0161trajk\"],\"articleSection\":[\"Dru\u0161tvo\"],\"inLanguage\":\"en-US\"},{\"@type\":\"WebPage\",\"@id\":\"https:\/\/www.prijedordanas.com\/?p=129590\",\"url\":\"https:\/\/www.prijedordanas.com\/?p=129590\",\"name\":\"RUDARI \u0160TRAJKOM UPOZORILI: TRA\u017dE POVE\u0106ANJE PLATA I ODUSTAJANJE OD OTPU\u0160TANJA 300 RADNIKA - PrijedorDanas.com - Prijedorski gradski portal\",\"isPartOf\":{\"@id\":\"https:\/\/www.prijedordanas.com\/#website\"},\"datePublished\":\"2019-06-24T17:33:32+00:00\",\"dateModified\":\"2019-06-24T17:33:32+00:00\",\"breadcrumb\":{\"@id\":\"https:\/\/www.prijedordanas.com\/?p=129590#breadcrumb\"},\"inLanguage\":\"en-US\",\"potentialAction\":[{\"@type\":\"ReadAction\",\"target\":[\"https:\/\/www.prijedordanas.com\/?p=129590\"]}]},{\"@type\":\"BreadcrumbList\",\"@id\":\"https:\/\/www.prijedordanas.com\/?p=129590#breadcrumb\",\"itemListElement\":[{\"@type\":\"ListItem\",\"position\":1,\"name\":\"Home\",\"item\":\"https:\/\/www.prijedordanas.com\/\"},{\"@type\":\"ListItem\",\"position\":2,\"name\":\"RUDARI \u0160TRAJKOM UPOZORILI: TRA\u017dE POVE\u0106ANJE PLATA I ODUSTAJANJE OD OTPU\u0160TANJA 300 RADNIKA\"}]},{\"@type\":\"WebSite\",\"@id\":\"https:\/\/www.prijedordanas.com\/#website\",\"url\":\"https:\/\/www.prijedordanas.com\/\",\"name\":\"PrijedorDanas.com - Prijedorski gradski portal\",\"description\":\"Portal o doga\u0111anjima u gradu Prijedoru\",\"publisher\":{\"@id\":\"https:\/\/www.prijedordanas.com\/#organization\"},\"potentialAction\":[{\"@type\":\"SearchAction\",\"target\":{\"@type\":\"EntryPoint\",\"urlTemplate\":\"https:\/\/www.prijedordanas.com\/?s={search_term_string}\"},\"query-input\":\"required name=search_term_string\"}],\"inLanguage\":\"en-US\"},{\"@type\":\"Organization\",\"@id\":\"https:\/\/www.prijedordanas.com\/#organization\",\"name\":\"PrijedorDanas.com\",\"url\":\"https:\/\/www.prijedordanas.com\/\",\"logo\":{\"@type\":\"ImageObject\",\"inLanguage\":\"en-US\",\"@id\":\"https:\/\/www.prijedordanas.com\/#\/schema\/logo\/image\/\",\"url\":\"http:\/\/www.prijedordanas.com\/wp-content\/uploads\/2021\/12\/logopng.png\",\"contentUrl\":\"http:\/\/www.prijedordanas.com\/wp-content\/uploads\/2021\/12\/logopng.png\",\"width\":1019,\"height\":776,\"caption\":\"PrijedorDanas.com\"},\"image\":{\"@id\":\"https:\/\/www.prijedordanas.com\/#\/schema\/logo\/image\/\"},\"sameAs\":[\"https:\/\/www.facebook.com\/PrijedorDanasCom\/\"]},{\"@type\":\"Person\",\"@id\":\"https:\/\/www.prijedordanas.com\/#\/schema\/person\/4e08ccf29b506ca916ff86d46bb700e6\",\"name\":\"admin\",\"image\":{\"@type\":\"ImageObject\",\"inLanguage\":\"en-US\",\"@id\":\"https:\/\/www.prijedordanas.com\/#\/schema\/person\/image\/\",\"url\":\"https:\/\/secure.gravatar.com\/avatar\/1d3fc949d550f0b53a5f0d51e06dfd79?s=96&d=mm&r=g\",\"contentUrl\":\"https:\/\/secure.gravatar.com\/avatar\/1d3fc949d550f0b53a5f0d51e06dfd79?s=96&d=mm&r=g\",\"caption\":\"admin\"},\"url\":\"https:\/\/www.prijedordanas.com\/?author=1\"}]}<\/script>\n<!-- \/ Yoast SEO plugin. -->","yoast_head_json":{"title":"RUDARI \u0160TRAJKOM UPOZORILI: TRA\u017dE POVE\u0106ANJE PLATA I ODUSTAJANJE OD OTPU\u0160TANJA 300 RADNIKA - PrijedorDanas.com - Prijedorski gradski portal","robots":{"index":"index","follow":"follow","max-snippet":"max-snippet:-1","max-image-preview":"max-image-preview:large","max-video-preview":"max-video-preview:-1"},"canonical":"https:\/\/www.prijedordanas.com\/?p=129590","og_locale":"en_US","og_type":"article","og_title":"RUDARI \u0160TRAJKOM UPOZORILI: TRA\u017dE POVE\u0106ANJE PLATA I ODUSTAJANJE OD OTPU\u0160TANJA 300 RADNIKA - PrijedorDanas.com - Prijedorski gradski portal","og_description":"\u0160trajkom upozorenja, prijedorski rudari danas su uputili zahtjeve kompaniji za pove\u0107anje plate radnika za 10 odsto i odustajanje od najave otpu\u0161tanja 300 radnika kao i za\u0161titu radnih mjesta te spre\u010davanje [&hellip;]","og_url":"https:\/\/www.prijedordanas.com\/?p=129590","og_site_name":"PrijedorDanas.com - Prijedorski gradski portal","article_publisher":"https:\/\/www.facebook.com\/PrijedorDanasCom\/","article_published_time":"2019-06-24T17:33:32+00:00","og_image":[{"url":"https:\/\/www.prijedordanas.com\/wp-content\/uploads\/2019\/06\/amp-radnici-strajk-centralna-radionica-1-300x217.jpg"}],"author":"admin","twitter_card":"summary_large_image","twitter_misc":{"Written by":"admin","Est. reading time":"4 minutes"},"schema":{"@context":"https:\/\/schema.org","@graph":[{"@type":"Article","@id":"https:\/\/www.prijedordanas.com\/?p=129590#article","isPartOf":{"@id":"https:\/\/www.prijedordanas.com\/?p=129590"},"author":{"name":"admin","@id":"https:\/\/www.prijedordanas.com\/#\/schema\/person\/4e08ccf29b506ca916ff86d46bb700e6"},"headline":"RUDARI \u0160TRAJKOM UPOZORILI: TRA\u017dE POVE\u0106ANJE PLATA I ODUSTAJANJE OD OTPU\u0160TANJA 300 RADNIKA","datePublished":"2019-06-24T17:33:32+00:00","dateModified":"2019-06-24T17:33:32+00:00","mainEntityOfPage":{"@id":"https:\/\/www.prijedordanas.com\/?p=129590"},"wordCount":734,"publisher":{"@id":"https:\/\/www.prijedordanas.com\/#organization"},"keywords":["\u0161trajk"],"articleSection":["Dru\u0161tvo"],"inLanguage":"en-US"},{"@type":"WebPage","@id":"https:\/\/www.prijedordanas.com\/?p=129590","url":"https:\/\/www.prijedordanas.com\/?p=129590","name":"RUDARI \u0160TRAJKOM UPOZORILI: TRA\u017dE POVE\u0106ANJE PLATA I ODUSTAJANJE OD OTPU\u0160TANJA 300 RADNIKA - PrijedorDanas.com - Prijedorski gradski portal","isPartOf":{"@id":"https:\/\/www.prijedordanas.com\/#website"},"datePublished":"2019-06-24T17:33:32+00:00","dateModified":"2019-06-24T17:33:32+00:00","breadcrumb":{"@id":"https:\/\/www.prijedordanas.com\/?p=129590#breadcrumb"},"inLanguage":"en-US","potentialAction":[{"@type":"ReadAction","target":["https:\/\/www.prijedordanas.com\/?p=129590"]}]},{"@type":"BreadcrumbList","@id":"https:\/\/www.prijedordanas.com\/?p=129590#breadcrumb","itemListElement":[{"@type":"ListItem","position":1,"name":"Home","item":"https:\/\/www.prijedordanas.com\/"},{"@type":"ListItem","position":2,"name":"RUDARI \u0160TRAJKOM UPOZORILI: TRA\u017dE POVE\u0106ANJE PLATA I ODUSTAJANJE OD OTPU\u0160TANJA 300 RADNIKA"}]},{"@type":"WebSite","@id":"https:\/\/www.prijedordanas.com\/#website","url":"https:\/\/www.prijedordanas.com\/","name":"PrijedorDanas.com - Prijedorski gradski portal","description":"Portal o doga\u0111anjima u gradu Prijedoru","publisher":{"@id":"https:\/\/www.prijedordanas.com\/#organization"},"potentialAction":[{"@type":"SearchAction","target":{"@type":"EntryPoint","urlTemplate":"https:\/\/www.prijedordanas.com\/?s={search_term_string}"},"query-input":"required name=search_term_string"}],"inLanguage":"en-US"},{"@type":"Organization","@id":"https:\/\/www.prijedordanas.com\/#organization","name":"PrijedorDanas.com","url":"https:\/\/www.prijedordanas.com\/","logo":{"@type":"ImageObject","inLanguage":"en-US","@id":"https:\/\/www.prijedordanas.com\/#\/schema\/logo\/image\/","url":"http:\/\/www.prijedordanas.com\/wp-content\/uploads\/2021\/12\/logopng.png","contentUrl":"http:\/\/www.prijedordanas.com\/wp-content\/uploads\/2021\/12\/logopng.png","width":1019,"height":776,"caption":"PrijedorDanas.com"},"image":{"@id":"https:\/\/www.prijedordanas.com\/#\/schema\/logo\/image\/"},"sameAs":["https:\/\/www.facebook.com\/PrijedorDanasCom\/"]},{"@type":"Person","@id":"https:\/\/www.prijedordanas.com\/#\/schema\/person\/4e08ccf29b506ca916ff86d46bb700e6","name":"admin","image":{"@type":"ImageObject","inLanguage":"en-US","@id":"https:\/\/www.prijedordanas.com\/#\/schema\/person\/image\/","url":"https:\/\/secure.gravatar.com\/avatar\/1d3fc949d550f0b53a5f0d51e06dfd79?s=96&d=mm&r=g","contentUrl":"https:\/\/secure.gravatar.com\/avatar\/1d3fc949d550f0b53a5f0d51e06dfd79?s=96&d=mm&r=g","caption":"admin"},"url":"https:\/\/www.prijedordanas.com\/?author=1"}]}},"_links":{"self":[{"href":"https:\/\/www.prijedordanas.com\/index.php?rest_route=\/wp\/v2\/posts\/129590"}],"collection":[{"href":"https:\/\/www.prijedordanas.com\/index.php?rest_route=\/wp\/v2\/posts"}],"about":[{"href":"https:\/\/www.prijedordanas.com\/index.php?rest_route=\/wp\/v2\/types\/post"}],"author":[{"embeddable":true,"href":"https:\/\/www.prijedordanas.com\/index.php?rest_route=\/wp\/v2\/users\/1"}],"replies":[{"embeddable":true,"href":"https:\/\/www.prijedordanas.com\/index.php?rest_route=%2Fwp%2Fv2%2Fcomments&post=129590"}],"version-history":[{"count":3,"href":"https:\/\/www.prijedordanas.com\/index.php?rest_route=\/wp\/v2\/posts\/129590\/revisions"}],"predecessor-version":[{"id":129609,"href":"https:\/\/www.prijedordanas.com\/index.php?rest_route=\/wp\/v2\/posts\/129590\/revisions\/129609"}],"wp:attachment":[{"href":"https:\/\/www.prijedordanas.com\/index.php?rest_route=%2Fwp%2Fv2%2Fmedia&parent=129590"}],"wp:term":[{"taxonomy":"category","embeddable":true,"href":"https:\/\/www.prijedordanas.com\/index.php?rest_route=%2Fwp%2Fv2%2Fcategories&post=129590"},{"taxonomy":"post_tag","embeddable":true,"href":"https:\/\/www.prijedordanas.com\/index.php?rest_route=%2Fwp%2Fv2%2Ftags&post=129590"}],"curies":[{"name":"wp","href":"https:\/\/api.w.org\/{rel}","templated":true}]}}