{"id":129552,"date":"2019-06-24T09:49:44","date_gmt":"2019-06-24T07:49:44","guid":{"rendered":"https:\/\/www.prijedordanas.com\/?p=129552"},"modified":"2019-06-24T09:49:44","modified_gmt":"2019-06-24T07:49:44","slug":"prijedor-odrzan-narodni-zbor-na-patriji-mjestu-proboja-iz-opkoljene-kozare","status":"publish","type":"post","link":"https:\/\/www.prijedordanas.com\/?p=129552","title":{"rendered":"PRIJEDOR: ODR\u017dAN NARODNI ZBOR NA PATRIJI &#8211; MJESTU PROBOJA IZ OPKOLJENE KOZARE"},"content":{"rendered":"<p><a href=\"https:\/\/www.prijedordanas.com\/wp-content\/uploads\/2019\/06\/prijedorgradorg-patrija-zbor-2019-1.jpg\"><img loading=\"lazy\" decoding=\"async\" class=\"alignleft size-medium wp-image-129553\" src=\"https:\/\/www.prijedordanas.com\/wp-content\/uploads\/2019\/06\/prijedorgradorg-patrija-zbor-2019-1-300x217.jpg\" alt=\"\" width=\"300\" height=\"217\" srcset=\"https:\/\/www.prijedordanas.com\/wp-content\/uploads\/2019\/06\/prijedorgradorg-patrija-zbor-2019-1-300x217.jpg 300w, https:\/\/www.prijedordanas.com\/wp-content\/uploads\/2019\/06\/prijedorgradorg-patrija-zbor-2019-1-100x72.jpg 100w, https:\/\/www.prijedordanas.com\/wp-content\/uploads\/2019\/06\/prijedorgradorg-patrija-zbor-2019-1.jpg 690w\" sizes=\"(max-width: 300px) 100vw, 300px\" \/><\/a>Delegacije grada Prijedora i gradskog odbora SUBNOR-a polo\u017eile su u nedjelju vijence na spomenik na Patriji kod Prijedora gdje su prije 77 godina partizanski odredi izvr\u0161ili proboj iz opkoljene Kozare u vrijeme velike neprijateljske ofanzive 1942. godine.<\/p>\n<p>Predsjednik Gradskog odbora SUBNOR-a Veljko Rodi\u0107 rekao je da je proboj na Patriji jedan je od najzna\u010dajnijih momenata bitke na Kozari, koja je vo\u0111ena od juna do po\u010detka jula 1942. godine.<\/p>\n<p>&#8220;Prilikom proboja obru\u010da 4. i 5. jula 1942. godine poginulo je oko 600 civila i oko 900 boraca, a mnogi stanovnici ovih krajeva koji nisu uspjeli da iza\u0111u iz obru\u010da, sprovedeni su u Jasenovac i druge logore&#8221;, istakao je Rodi\u0107.<\/p>\n<p><a href=\"https:\/\/www.prijedordanas.com\/wp-content\/uploads\/2019\/06\/prijedorgradorg-patrija-zbor-2019-2.jpg\"><img loading=\"lazy\" decoding=\"async\" class=\"alignleft size-medium wp-image-129554\" src=\"https:\/\/www.prijedordanas.com\/wp-content\/uploads\/2019\/06\/prijedorgradorg-patrija-zbor-2019-2-300x169.jpg\" alt=\"\" width=\"300\" height=\"169\" srcset=\"https:\/\/www.prijedordanas.com\/wp-content\/uploads\/2019\/06\/prijedorgradorg-patrija-zbor-2019-2-300x169.jpg 300w, https:\/\/www.prijedordanas.com\/wp-content\/uploads\/2019\/06\/prijedorgradorg-patrija-zbor-2019-2-100x56.jpg 100w, https:\/\/www.prijedordanas.com\/wp-content\/uploads\/2019\/06\/prijedorgradorg-patrija-zbor-2019-2.jpg 600w\" sizes=\"(max-width: 300px) 100vw, 300px\" \/><\/a>Na\u010delnik gradskog odjeljenja za bora\u010dko-invalidsku za\u0161titu Mi\u0161o Rodi\u0107 je obra\u0107aju\u0107i se prisutnima istakao da je posebno va\u017eno njegovati sje\u0107anja na ovakve doga\u0111aje, jer je to opomena da se ovakvo stradanje vi\u0161e nikada ne ponovi.<\/p>\n<p>&#8220;Ovim \u010dinom sje\u0107anja i narodnog zborovanja dana\u0161nje generacije izra\u017eavaju svoje po\u0161tovanje i odaju po\u010dast precima, borcima Narodnooslobodila\u010dkog rata \/NOR\/ \u010dija hrabrost, slobodarski duh i patriotizam i danas izazivaju divljenje&#8221;, naglasio je Rodi\u0107.<\/p>\n<p>Nakon polaganja vijenaca i istorijskog \u010dasa u zaseoku Macure, mjestu gdje je probijen neprijateljski obru\u010d, sve\u010danost je zavr\u0161ena velikim narodnim zborom.<br \/>\nOvoj sve\u010danosti prisustvovali su pre\u017eivjeli u\u010desnici NOR-a iz Prijedora, potomci u\u010desnika NOR-a i \u010dlanovi gradskih bora\u010dkih organizacija iz Prijedora, \u010dlanovi gradskog Udru\u017eenja penzionera te \u010dlanovi KUD &#8220;Kozara&#8221; i \u010dlanice \u017denskog odbojka\u0161kog kluba &#8221; Prijedor&#8221;.<\/p>\n<p>www.prijedorgrad.org<\/p>\n<p><a href=\"https:\/\/www.prijedordanas.com\/wp-content\/uploads\/2019\/06\/prijedorgradorg-patrija-zbor-2019-3.jpg\"><img loading=\"lazy\" decoding=\"async\" class=\"alignleft size-medium wp-image-129555\" src=\"https:\/\/www.prijedordanas.com\/wp-content\/uploads\/2019\/06\/prijedorgradorg-patrija-zbor-2019-3-300x169.jpg\" alt=\"\" width=\"300\" height=\"169\" srcset=\"https:\/\/www.prijedordanas.com\/wp-content\/uploads\/2019\/06\/prijedorgradorg-patrija-zbor-2019-3-300x169.jpg 300w, https:\/\/www.prijedordanas.com\/wp-content\/uploads\/2019\/06\/prijedorgradorg-patrija-zbor-2019-3-100x56.jpg 100w, https:\/\/www.prijedordanas.com\/wp-content\/uploads\/2019\/06\/prijedorgradorg-patrija-zbor-2019-3.jpg 600w\" sizes=\"(max-width: 300px) 100vw, 300px\" \/><\/a> <a href=\"https:\/\/www.prijedordanas.com\/wp-content\/uploads\/2019\/06\/prijedorgradorg-patrija-zbor-2019-4.jpg\"><img loading=\"lazy\" decoding=\"async\" class=\"alignleft size-medium wp-image-129556\" src=\"https:\/\/www.prijedordanas.com\/wp-content\/uploads\/2019\/06\/prijedorgradorg-patrija-zbor-2019-4-300x169.jpg\" alt=\"\" width=\"300\" height=\"169\" srcset=\"https:\/\/www.prijedordanas.com\/wp-content\/uploads\/2019\/06\/prijedorgradorg-patrija-zbor-2019-4-300x169.jpg 300w, https:\/\/www.prijedordanas.com\/wp-content\/uploads\/2019\/06\/prijedorgradorg-patrija-zbor-2019-4-100x56.jpg 100w, https:\/\/www.prijedordanas.com\/wp-content\/uploads\/2019\/06\/prijedorgradorg-patrija-zbor-2019-4.jpg 600w\" sizes=\"(max-width: 300px) 100vw, 300px\" \/><\/a><\/p>\n","protected":false},"excerpt":{"rendered":"<p>Delegacije grada Prijedora i gradskog odbora SUBNOR-a polo\u017eile su u nedjelju vijence na spomenik na Patriji kod Prijedora gdje su prije 77 godina partizanski odredi izvr\u0161ili proboj iz opkoljene Kozare [&hellip;]<\/p>\n","protected":false},"author":1,"featured_media":0,"comment_status":"closed","ping_status":"open","sticky":false,"template":"","format":"standard","meta":{"_monsterinsights_skip_tracking":false,"_monsterinsights_sitenote_active":false,"_monsterinsights_sitenote_note":"","_monsterinsights_sitenote_category":0,"footnotes":""},"categories":[8],"tags":[427,1650],"yoast_head":"<!-- This site is optimized with the Yoast SEO plugin v21.6 - https:\/\/yoast.com\/wordpress\/plugins\/seo\/ -->\n<title>PRIJEDOR: ODR\u017dAN NARODNI ZBOR NA PATRIJI - MJESTU PROBOJA IZ OPKOLJENE KOZARE - PrijedorDanas.com - Prijedorski gradski portal<\/title>\n<meta name=\"robots\" content=\"index, follow, max-snippet:-1, max-image-preview:large, max-video-preview:-1\" \/>\n<link rel=\"canonical\" href=\"https:\/\/www.prijedordanas.com\/?p=129552\" \/>\n<meta property=\"og:locale\" content=\"en_US\" \/>\n<meta property=\"og:type\" content=\"article\" \/>\n<meta property=\"og:title\" content=\"PRIJEDOR: ODR\u017dAN NARODNI ZBOR NA PATRIJI - MJESTU PROBOJA IZ OPKOLJENE KOZARE - PrijedorDanas.com - Prijedorski gradski portal\" \/>\n<meta property=\"og:description\" content=\"Delegacije grada Prijedora i gradskog odbora SUBNOR-a polo\u017eile su u nedjelju vijence na spomenik na Patriji kod Prijedora gdje su prije 77 godina partizanski odredi izvr\u0161ili proboj iz opkoljene Kozare [&hellip;]\" \/>\n<meta property=\"og:url\" content=\"https:\/\/www.prijedordanas.com\/?p=129552\" \/>\n<meta property=\"og:site_name\" content=\"PrijedorDanas.com - Prijedorski gradski portal\" \/>\n<meta property=\"article:publisher\" content=\"https:\/\/www.facebook.com\/PrijedorDanasCom\/\" \/>\n<meta property=\"article:published_time\" content=\"2019-06-24T07:49:44+00:00\" \/>\n<meta property=\"og:image\" content=\"https:\/\/www.prijedordanas.com\/wp-content\/uploads\/2019\/06\/prijedorgradorg-patrija-zbor-2019-1-300x217.jpg\" \/>\n<meta name=\"author\" content=\"admin\" \/>\n<meta name=\"twitter:card\" content=\"summary_large_image\" \/>\n<meta name=\"twitter:label1\" content=\"Written by\" \/>\n\t<meta name=\"twitter:data1\" content=\"admin\" \/>\n\t<meta name=\"twitter:label2\" content=\"Est. reading time\" \/>\n\t<meta name=\"twitter:data2\" content=\"1 minute\" \/>\n<script type=\"application\/ld+json\" class=\"yoast-schema-graph\">{\"@context\":\"https:\/\/schema.org\",\"@graph\":[{\"@type\":\"Article\",\"@id\":\"https:\/\/www.prijedordanas.com\/?p=129552#article\",\"isPartOf\":{\"@id\":\"https:\/\/www.prijedordanas.com\/?p=129552\"},\"author\":{\"name\":\"admin\",\"@id\":\"https:\/\/www.prijedordanas.com\/#\/schema\/person\/4e08ccf29b506ca916ff86d46bb700e6\"},\"headline\":\"PRIJEDOR: ODR\u017dAN NARODNI ZBOR NA PATRIJI &#8211; MJESTU PROBOJA IZ OPKOLJENE KOZARE\",\"datePublished\":\"2019-06-24T07:49:44+00:00\",\"dateModified\":\"2019-06-24T07:49:44+00:00\",\"mainEntityOfPage\":{\"@id\":\"https:\/\/www.prijedordanas.com\/?p=129552\"},\"wordCount\":269,\"publisher\":{\"@id\":\"https:\/\/www.prijedordanas.com\/#organization\"},\"keywords\":[\"Kozara\",\"Patrija\"],\"articleSection\":[\"Svakodnevno\"],\"inLanguage\":\"en-US\"},{\"@type\":\"WebPage\",\"@id\":\"https:\/\/www.prijedordanas.com\/?p=129552\",\"url\":\"https:\/\/www.prijedordanas.com\/?p=129552\",\"name\":\"PRIJEDOR: ODR\u017dAN NARODNI ZBOR NA PATRIJI - MJESTU PROBOJA IZ OPKOLJENE KOZARE - PrijedorDanas.com - Prijedorski gradski portal\",\"isPartOf\":{\"@id\":\"https:\/\/www.prijedordanas.com\/#website\"},\"datePublished\":\"2019-06-24T07:49:44+00:00\",\"dateModified\":\"2019-06-24T07:49:44+00:00\",\"breadcrumb\":{\"@id\":\"https:\/\/www.prijedordanas.com\/?p=129552#breadcrumb\"},\"inLanguage\":\"en-US\",\"potentialAction\":[{\"@type\":\"ReadAction\",\"target\":[\"https:\/\/www.prijedordanas.com\/?p=129552\"]}]},{\"@type\":\"BreadcrumbList\",\"@id\":\"https:\/\/www.prijedordanas.com\/?p=129552#breadcrumb\",\"itemListElement\":[{\"@type\":\"ListItem\",\"position\":1,\"name\":\"Home\",\"item\":\"https:\/\/www.prijedordanas.com\/\"},{\"@type\":\"ListItem\",\"position\":2,\"name\":\"PRIJEDOR: ODR\u017dAN NARODNI ZBOR NA PATRIJI &#8211; MJESTU PROBOJA IZ OPKOLJENE KOZARE\"}]},{\"@type\":\"WebSite\",\"@id\":\"https:\/\/www.prijedordanas.com\/#website\",\"url\":\"https:\/\/www.prijedordanas.com\/\",\"name\":\"PrijedorDanas.com - Prijedorski gradski portal\",\"description\":\"Portal o doga\u0111anjima u gradu Prijedoru\",\"publisher\":{\"@id\":\"https:\/\/www.prijedordanas.com\/#organization\"},\"potentialAction\":[{\"@type\":\"SearchAction\",\"target\":{\"@type\":\"EntryPoint\",\"urlTemplate\":\"https:\/\/www.prijedordanas.com\/?s={search_term_string}\"},\"query-input\":\"required name=search_term_string\"}],\"inLanguage\":\"en-US\"},{\"@type\":\"Organization\",\"@id\":\"https:\/\/www.prijedordanas.com\/#organization\",\"name\":\"PrijedorDanas.com\",\"url\":\"https:\/\/www.prijedordanas.com\/\",\"logo\":{\"@type\":\"ImageObject\",\"inLanguage\":\"en-US\",\"@id\":\"https:\/\/www.prijedordanas.com\/#\/schema\/logo\/image\/\",\"url\":\"http:\/\/www.prijedordanas.com\/wp-content\/uploads\/2021\/12\/logopng.png\",\"contentUrl\":\"http:\/\/www.prijedordanas.com\/wp-content\/uploads\/2021\/12\/logopng.png\",\"width\":1019,\"height\":776,\"caption\":\"PrijedorDanas.com\"},\"image\":{\"@id\":\"https:\/\/www.prijedordanas.com\/#\/schema\/logo\/image\/\"},\"sameAs\":[\"https:\/\/www.facebook.com\/PrijedorDanasCom\/\"]},{\"@type\":\"Person\",\"@id\":\"https:\/\/www.prijedordanas.com\/#\/schema\/person\/4e08ccf29b506ca916ff86d46bb700e6\",\"name\":\"admin\",\"image\":{\"@type\":\"ImageObject\",\"inLanguage\":\"en-US\",\"@id\":\"https:\/\/www.prijedordanas.com\/#\/schema\/person\/image\/\",\"url\":\"https:\/\/secure.gravatar.com\/avatar\/1d3fc949d550f0b53a5f0d51e06dfd79?s=96&d=mm&r=g\",\"contentUrl\":\"https:\/\/secure.gravatar.com\/avatar\/1d3fc949d550f0b53a5f0d51e06dfd79?s=96&d=mm&r=g\",\"caption\":\"admin\"},\"url\":\"https:\/\/www.prijedordanas.com\/?author=1\"}]}<\/script>\n<!-- \/ Yoast SEO plugin. -->","yoast_head_json":{"title":"PRIJEDOR: ODR\u017dAN NARODNI ZBOR NA PATRIJI - MJESTU PROBOJA IZ OPKOLJENE KOZARE - PrijedorDanas.com - Prijedorski gradski portal","robots":{"index":"index","follow":"follow","max-snippet":"max-snippet:-1","max-image-preview":"max-image-preview:large","max-video-preview":"max-video-preview:-1"},"canonical":"https:\/\/www.prijedordanas.com\/?p=129552","og_locale":"en_US","og_type":"article","og_title":"PRIJEDOR: ODR\u017dAN NARODNI ZBOR NA PATRIJI - MJESTU PROBOJA IZ OPKOLJENE KOZARE - PrijedorDanas.com - Prijedorski gradski portal","og_description":"Delegacije grada Prijedora i gradskog odbora SUBNOR-a polo\u017eile su u nedjelju vijence na spomenik na Patriji kod Prijedora gdje su prije 77 godina partizanski odredi izvr\u0161ili proboj iz opkoljene Kozare [&hellip;]","og_url":"https:\/\/www.prijedordanas.com\/?p=129552","og_site_name":"PrijedorDanas.com - Prijedorski gradski portal","article_publisher":"https:\/\/www.facebook.com\/PrijedorDanasCom\/","article_published_time":"2019-06-24T07:49:44+00:00","og_image":[{"url":"https:\/\/www.prijedordanas.com\/wp-content\/uploads\/2019\/06\/prijedorgradorg-patrija-zbor-2019-1-300x217.jpg"}],"author":"admin","twitter_card":"summary_large_image","twitter_misc":{"Written by":"admin","Est. reading time":"1 minute"},"schema":{"@context":"https:\/\/schema.org","@graph":[{"@type":"Article","@id":"https:\/\/www.prijedordanas.com\/?p=129552#article","isPartOf":{"@id":"https:\/\/www.prijedordanas.com\/?p=129552"},"author":{"name":"admin","@id":"https:\/\/www.prijedordanas.com\/#\/schema\/person\/4e08ccf29b506ca916ff86d46bb700e6"},"headline":"PRIJEDOR: ODR\u017dAN NARODNI ZBOR NA PATRIJI &#8211; MJESTU PROBOJA IZ OPKOLJENE KOZARE","datePublished":"2019-06-24T07:49:44+00:00","dateModified":"2019-06-24T07:49:44+00:00","mainEntityOfPage":{"@id":"https:\/\/www.prijedordanas.com\/?p=129552"},"wordCount":269,"publisher":{"@id":"https:\/\/www.prijedordanas.com\/#organization"},"keywords":["Kozara","Patrija"],"articleSection":["Svakodnevno"],"inLanguage":"en-US"},{"@type":"WebPage","@id":"https:\/\/www.prijedordanas.com\/?p=129552","url":"https:\/\/www.prijedordanas.com\/?p=129552","name":"PRIJEDOR: ODR\u017dAN NARODNI ZBOR NA PATRIJI - MJESTU PROBOJA IZ OPKOLJENE KOZARE - PrijedorDanas.com - Prijedorski gradski portal","isPartOf":{"@id":"https:\/\/www.prijedordanas.com\/#website"},"datePublished":"2019-06-24T07:49:44+00:00","dateModified":"2019-06-24T07:49:44+00:00","breadcrumb":{"@id":"https:\/\/www.prijedordanas.com\/?p=129552#breadcrumb"},"inLanguage":"en-US","potentialAction":[{"@type":"ReadAction","target":["https:\/\/www.prijedordanas.com\/?p=129552"]}]},{"@type":"BreadcrumbList","@id":"https:\/\/www.prijedordanas.com\/?p=129552#breadcrumb","itemListElement":[{"@type":"ListItem","position":1,"name":"Home","item":"https:\/\/www.prijedordanas.com\/"},{"@type":"ListItem","position":2,"name":"PRIJEDOR: ODR\u017dAN NARODNI ZBOR NA PATRIJI &#8211; MJESTU PROBOJA IZ OPKOLJENE KOZARE"}]},{"@type":"WebSite","@id":"https:\/\/www.prijedordanas.com\/#website","url":"https:\/\/www.prijedordanas.com\/","name":"PrijedorDanas.com - Prijedorski gradski portal","description":"Portal o doga\u0111anjima u gradu Prijedoru","publisher":{"@id":"https:\/\/www.prijedordanas.com\/#organization"},"potentialAction":[{"@type":"SearchAction","target":{"@type":"EntryPoint","urlTemplate":"https:\/\/www.prijedordanas.com\/?s={search_term_string}"},"query-input":"required name=search_term_string"}],"inLanguage":"en-US"},{"@type":"Organization","@id":"https:\/\/www.prijedordanas.com\/#organization","name":"PrijedorDanas.com","url":"https:\/\/www.prijedordanas.com\/","logo":{"@type":"ImageObject","inLanguage":"en-US","@id":"https:\/\/www.prijedordanas.com\/#\/schema\/logo\/image\/","url":"http:\/\/www.prijedordanas.com\/wp-content\/uploads\/2021\/12\/logopng.png","contentUrl":"http:\/\/www.prijedordanas.com\/wp-content\/uploads\/2021\/12\/logopng.png","width":1019,"height":776,"caption":"PrijedorDanas.com"},"image":{"@id":"https:\/\/www.prijedordanas.com\/#\/schema\/logo\/image\/"},"sameAs":["https:\/\/www.facebook.com\/PrijedorDanasCom\/"]},{"@type":"Person","@id":"https:\/\/www.prijedordanas.com\/#\/schema\/person\/4e08ccf29b506ca916ff86d46bb700e6","name":"admin","image":{"@type":"ImageObject","inLanguage":"en-US","@id":"https:\/\/www.prijedordanas.com\/#\/schema\/person\/image\/","url":"https:\/\/secure.gravatar.com\/avatar\/1d3fc949d550f0b53a5f0d51e06dfd79?s=96&d=mm&r=g","contentUrl":"https:\/\/secure.gravatar.com\/avatar\/1d3fc949d550f0b53a5f0d51e06dfd79?s=96&d=mm&r=g","caption":"admin"},"url":"https:\/\/www.prijedordanas.com\/?author=1"}]}},"_links":{"self":[{"href":"https:\/\/www.prijedordanas.com\/index.php?rest_route=\/wp\/v2\/posts\/129552"}],"collection":[{"href":"https:\/\/www.prijedordanas.com\/index.php?rest_route=\/wp\/v2\/posts"}],"about":[{"href":"https:\/\/www.prijedordanas.com\/index.php?rest_route=\/wp\/v2\/types\/post"}],"author":[{"embeddable":true,"href":"https:\/\/www.prijedordanas.com\/index.php?rest_route=\/wp\/v2\/users\/1"}],"replies":[{"embeddable":true,"href":"https:\/\/www.prijedordanas.com\/index.php?rest_route=%2Fwp%2Fv2%2Fcomments&post=129552"}],"version-history":[{"count":1,"href":"https:\/\/www.prijedordanas.com\/index.php?rest_route=\/wp\/v2\/posts\/129552\/revisions"}],"predecessor-version":[{"id":129557,"href":"https:\/\/www.prijedordanas.com\/index.php?rest_route=\/wp\/v2\/posts\/129552\/revisions\/129557"}],"wp:attachment":[{"href":"https:\/\/www.prijedordanas.com\/index.php?rest_route=%2Fwp%2Fv2%2Fmedia&parent=129552"}],"wp:term":[{"taxonomy":"category","embeddable":true,"href":"https:\/\/www.prijedordanas.com\/index.php?rest_route=%2Fwp%2Fv2%2Fcategories&post=129552"},{"taxonomy":"post_tag","embeddable":true,"href":"https:\/\/www.prijedordanas.com\/index.php?rest_route=%2Fwp%2Fv2%2Ftags&post=129552"}],"curies":[{"name":"wp","href":"https:\/\/api.w.org\/{rel}","templated":true}]}}