{"id":129454,"date":"2019-06-21T21:33:53","date_gmt":"2019-06-21T19:33:53","guid":{"rendered":"https:\/\/www.prijedordanas.com\/?p=129454"},"modified":"2019-06-21T21:33:53","modified_gmt":"2019-06-21T19:33:53","slug":"prijedor-odbornici-ukazali-na-propuste-u-radu-javnih-preduzeca-video","status":"publish","type":"post","link":"https:\/\/www.prijedordanas.com\/?p=129454","title":{"rendered":"PRIJEDOR: ODBORNICI UKAZALI NA PROPUSTE U RADU JAVNIH PREDUZE\u0106A &#8211; VIDEO"},"content":{"rendered":"<p><a href=\"https:\/\/www.prijedordanas.com\/wp-content\/uploads\/2019\/06\/rtrs-skupstina-grada-21juni.jpg\"><img loading=\"lazy\" decoding=\"async\" class=\"alignleft size-medium wp-image-129455\" src=\"https:\/\/www.prijedordanas.com\/wp-content\/uploads\/2019\/06\/rtrs-skupstina-grada-21juni-300x223.jpg\" alt=\"\" width=\"300\" height=\"223\" srcset=\"https:\/\/www.prijedordanas.com\/wp-content\/uploads\/2019\/06\/rtrs-skupstina-grada-21juni-300x223.jpg 300w, https:\/\/www.prijedordanas.com\/wp-content\/uploads\/2019\/06\/rtrs-skupstina-grada-21juni-100x74.jpg 100w, https:\/\/www.prijedordanas.com\/wp-content\/uploads\/2019\/06\/rtrs-skupstina-grada-21juni.jpg 674w\" sizes=\"(max-width: 300px) 100vw, 300px\" \/><\/a>U skup\u0161tinskim klupama u Prijedoru burno. Odbornici nisu usvojili izvje\u0161taje o radu za 2018. Sportske dvorane Mladost, Zavoda za izgradnju grada i Informativno-poslovnog centra Kozarski vijesnik. Skup\u0161tinska ve\u0107ina ukazivala je na propuste u radu ovih preduze\u0107a, \u010diji je osniva\u010d Grad Prijedor. DNS-ovi odbornici smatraju da je nastavljena politi\u010dka \u010distka.<\/p>\n<p>Malverzacije u javnim nabavkama, tenderima, favorizovanje jednog izvo\u0111a\u010da, finansiranje skupocjenih ljetovanja, ali i anga\u017eovanje penzionera ugovorima o djelu, razlozi su zbog kojih skup\u0161tinska ve\u0107ina, nije usvojila izvje\u0161taj o radu Zavoda za izgradnju grada. Najvi\u0161e pa\u017enje privukla je cijena fasade na novoj dvorani na Urijama.<\/p>\n<p>&#8211; Cijena je 300 KM, i da je 234 KM kvadrat, po na\u0161em mi\u0161ljenju mnogo je, s obzirom da prema informacijama kojima raspola\u017eemo takva fasada postoji samo u Italiji, na jednoj ili dvije dvorane &#8211; ka\u017ee Dalibor Pavlovi\u0107, predsjednik Kluba odbornika SNSD-a u Skup\u0161tini Grada Prijedor.<\/p>\n<p>Zoran Stanisavljevi\u0107, direktor Zavoda za izgradnju Grada Prijedor, navodi da cijena fasade nije od presudnog zna\u010daja, iznosila ona 300 ili 234 KM. Kako je rekao, poenta je u \u010dinjenici da se radi o jednom reprezentativnom objektu.<\/p>\n<p>Nije pro\u0161ao ni poslovni izvje\u0161taj Kozarskog vjesnika.<\/p>\n<p>Neusvojeni izvje\u0161taji bi\u0107e detaljno prou\u010deni, a od te analize zavisi\u0107e i mandat direktora ovih javnih preduze\u0107a, ka\u017ee Pavlovi\u0107.<\/p>\n<p>Ovo je nastavak politi\u010dke \u010distke, stav je odbornika DNS-a.<\/p>\n<p>-Ne mo\u017eemo govoriti da cijenimo izvje\u0161taje koji su nam podneseni, nego vi\u0161e neka politi\u010dka pitanja i trenutnu situaciju kakva jeste u gradskoj Skup\u0161tini &#8211; navela je Olivera Brdar, odbornik ovog kluba.<\/p>\n<p>Za ovakve odnose u Skup\u0161tini, gradona\u010delnik Milenko \u0110akovi\u0107 smatra da su kako ka\u017ee, ru\u0161enje &#8220;dobrog tkiva&#8221;.<\/p>\n<p>&#8211; Mnoge teze koje se uspostavljaju ovdje na skup\u0161tini su upitne kojeg su kvaliteta, posebno mislim na razna pitanja i podpitanja &#8211; ka\u017ee \u0110akovi\u0107.<\/p>\n<p>Mirsad Duratovi\u0107, odbornik DF-a, naglasio je da ova struktura poku\u0161ava promijeniti stvari na bolje jer smatraju da to &#8220;dobro tkivo&#8221; je i dovelo gra\u0111ane Prijedora u situaciju u kojoj su danas.<\/p>\n<p>Dana\u0161nje zasjedanje bilo je \u010detvrti nastavak 24. sjednice Skup\u0161tine Grada, \u0161to se vi\u0161e od decenije nije dogodilo u Prijedoru.<\/p>\n<p>RTRS<\/p>\n<div style=\"width: 640px;\" class=\"wp-video\"><!--[if lt IE 9]><script>document.createElement('video');<\/script><![endif]-->\n<video class=\"wp-video-shortcode\" id=\"video-129454-1\" width=\"640\" height=\"360\" preload=\"metadata\" controls=\"controls\"><source type=\"video\/mp4\" src=\"https:\/\/arh3.rtrs.tv\/arhiva\/2019\/06\/21\/tvclip037205.mp4?_=1\" \/><a href=\"https:\/\/arh3.rtrs.tv\/arhiva\/2019\/06\/21\/tvclip037205.mp4\">https:\/\/arh3.rtrs.tv\/arhiva\/2019\/06\/21\/tvclip037205.mp4<\/a><\/video><\/div>\n","protected":false},"excerpt":{"rendered":"<p>U skup\u0161tinskim klupama u Prijedoru burno. Odbornici nisu usvojili izvje\u0161taje o radu za 2018. Sportske dvorane Mladost, Zavoda za izgradnju grada i Informativno-poslovnog centra Kozarski vijesnik. Skup\u0161tinska ve\u0107ina ukazivala je [&hellip;]<\/p>\n","protected":false},"author":1,"featured_media":0,"comment_status":"closed","ping_status":"open","sticky":false,"template":"","format":"standard","meta":{"_monsterinsights_skip_tracking":false,"_monsterinsights_sitenote_active":false,"_monsterinsights_sitenote_note":"","_monsterinsights_sitenote_category":0,"footnotes":""},"categories":[4],"tags":[238],"yoast_head":"<!-- This site is optimized with the Yoast SEO plugin v21.6 - https:\/\/yoast.com\/wordpress\/plugins\/seo\/ -->\n<title>PRIJEDOR: ODBORNICI UKAZALI NA PROPUSTE U RADU JAVNIH PREDUZE\u0106A - VIDEO - PrijedorDanas.com - Prijedorski gradski portal<\/title>\n<meta name=\"robots\" content=\"index, follow, max-snippet:-1, max-image-preview:large, max-video-preview:-1\" \/>\n<link rel=\"canonical\" href=\"https:\/\/www.prijedordanas.com\/?p=129454\" \/>\n<meta property=\"og:locale\" content=\"en_US\" \/>\n<meta property=\"og:type\" content=\"article\" \/>\n<meta property=\"og:title\" content=\"PRIJEDOR: ODBORNICI UKAZALI NA PROPUSTE U RADU JAVNIH PREDUZE\u0106A - VIDEO - PrijedorDanas.com - Prijedorski gradski portal\" \/>\n<meta property=\"og:description\" content=\"U skup\u0161tinskim klupama u Prijedoru burno. Odbornici nisu usvojili izvje\u0161taje o radu za 2018. Sportske dvorane Mladost, Zavoda za izgradnju grada i Informativno-poslovnog centra Kozarski vijesnik. Skup\u0161tinska ve\u0107ina ukazivala je [&hellip;]\" \/>\n<meta property=\"og:url\" content=\"https:\/\/www.prijedordanas.com\/?p=129454\" \/>\n<meta property=\"og:site_name\" content=\"PrijedorDanas.com - Prijedorski gradski portal\" \/>\n<meta property=\"article:publisher\" content=\"https:\/\/www.facebook.com\/PrijedorDanasCom\/\" \/>\n<meta property=\"article:published_time\" content=\"2019-06-21T19:33:53+00:00\" \/>\n<meta property=\"og:image\" content=\"https:\/\/www.prijedordanas.com\/wp-content\/uploads\/2019\/06\/rtrs-skupstina-grada-21juni-300x223.jpg\" \/>\n<meta name=\"author\" content=\"admin\" \/>\n<meta name=\"twitter:card\" content=\"summary_large_image\" \/>\n<meta name=\"twitter:label1\" content=\"Written by\" \/>\n\t<meta name=\"twitter:data1\" content=\"admin\" \/>\n\t<meta name=\"twitter:label2\" content=\"Est. reading time\" \/>\n\t<meta name=\"twitter:data2\" content=\"2 minutes\" \/>\n<script type=\"application\/ld+json\" class=\"yoast-schema-graph\">{\"@context\":\"https:\/\/schema.org\",\"@graph\":[{\"@type\":\"Article\",\"@id\":\"https:\/\/www.prijedordanas.com\/?p=129454#article\",\"isPartOf\":{\"@id\":\"https:\/\/www.prijedordanas.com\/?p=129454\"},\"author\":{\"name\":\"admin\",\"@id\":\"https:\/\/www.prijedordanas.com\/#\/schema\/person\/4e08ccf29b506ca916ff86d46bb700e6\"},\"headline\":\"PRIJEDOR: ODBORNICI UKAZALI NA PROPUSTE U RADU JAVNIH PREDUZE\u0106A &#8211; VIDEO\",\"datePublished\":\"2019-06-21T19:33:53+00:00\",\"dateModified\":\"2019-06-21T19:33:53+00:00\",\"mainEntityOfPage\":{\"@id\":\"https:\/\/www.prijedordanas.com\/?p=129454\"},\"wordCount\":389,\"publisher\":{\"@id\":\"https:\/\/www.prijedordanas.com\/#organization\"},\"keywords\":[\"Skup\u0161tina grada Prijedora\"],\"articleSection\":[\"Dru\u0161tvo\"],\"inLanguage\":\"en-US\"},{\"@type\":\"WebPage\",\"@id\":\"https:\/\/www.prijedordanas.com\/?p=129454\",\"url\":\"https:\/\/www.prijedordanas.com\/?p=129454\",\"name\":\"PRIJEDOR: ODBORNICI UKAZALI NA PROPUSTE U RADU JAVNIH PREDUZE\u0106A - VIDEO - PrijedorDanas.com - Prijedorski gradski portal\",\"isPartOf\":{\"@id\":\"https:\/\/www.prijedordanas.com\/#website\"},\"datePublished\":\"2019-06-21T19:33:53+00:00\",\"dateModified\":\"2019-06-21T19:33:53+00:00\",\"breadcrumb\":{\"@id\":\"https:\/\/www.prijedordanas.com\/?p=129454#breadcrumb\"},\"inLanguage\":\"en-US\",\"potentialAction\":[{\"@type\":\"ReadAction\",\"target\":[\"https:\/\/www.prijedordanas.com\/?p=129454\"]}]},{\"@type\":\"BreadcrumbList\",\"@id\":\"https:\/\/www.prijedordanas.com\/?p=129454#breadcrumb\",\"itemListElement\":[{\"@type\":\"ListItem\",\"position\":1,\"name\":\"Home\",\"item\":\"https:\/\/www.prijedordanas.com\/\"},{\"@type\":\"ListItem\",\"position\":2,\"name\":\"PRIJEDOR: ODBORNICI UKAZALI NA PROPUSTE U RADU JAVNIH PREDUZE\u0106A &#8211; VIDEO\"}]},{\"@type\":\"WebSite\",\"@id\":\"https:\/\/www.prijedordanas.com\/#website\",\"url\":\"https:\/\/www.prijedordanas.com\/\",\"name\":\"PrijedorDanas.com - Prijedorski gradski portal\",\"description\":\"Portal o doga\u0111anjima u gradu Prijedoru\",\"publisher\":{\"@id\":\"https:\/\/www.prijedordanas.com\/#organization\"},\"potentialAction\":[{\"@type\":\"SearchAction\",\"target\":{\"@type\":\"EntryPoint\",\"urlTemplate\":\"https:\/\/www.prijedordanas.com\/?s={search_term_string}\"},\"query-input\":\"required name=search_term_string\"}],\"inLanguage\":\"en-US\"},{\"@type\":\"Organization\",\"@id\":\"https:\/\/www.prijedordanas.com\/#organization\",\"name\":\"PrijedorDanas.com\",\"url\":\"https:\/\/www.prijedordanas.com\/\",\"logo\":{\"@type\":\"ImageObject\",\"inLanguage\":\"en-US\",\"@id\":\"https:\/\/www.prijedordanas.com\/#\/schema\/logo\/image\/\",\"url\":\"http:\/\/www.prijedordanas.com\/wp-content\/uploads\/2021\/12\/logopng.png\",\"contentUrl\":\"http:\/\/www.prijedordanas.com\/wp-content\/uploads\/2021\/12\/logopng.png\",\"width\":1019,\"height\":776,\"caption\":\"PrijedorDanas.com\"},\"image\":{\"@id\":\"https:\/\/www.prijedordanas.com\/#\/schema\/logo\/image\/\"},\"sameAs\":[\"https:\/\/www.facebook.com\/PrijedorDanasCom\/\"]},{\"@type\":\"Person\",\"@id\":\"https:\/\/www.prijedordanas.com\/#\/schema\/person\/4e08ccf29b506ca916ff86d46bb700e6\",\"name\":\"admin\",\"image\":{\"@type\":\"ImageObject\",\"inLanguage\":\"en-US\",\"@id\":\"https:\/\/www.prijedordanas.com\/#\/schema\/person\/image\/\",\"url\":\"https:\/\/secure.gravatar.com\/avatar\/1d3fc949d550f0b53a5f0d51e06dfd79?s=96&d=mm&r=g\",\"contentUrl\":\"https:\/\/secure.gravatar.com\/avatar\/1d3fc949d550f0b53a5f0d51e06dfd79?s=96&d=mm&r=g\",\"caption\":\"admin\"},\"url\":\"https:\/\/www.prijedordanas.com\/?author=1\"}]}<\/script>\n<!-- \/ Yoast SEO plugin. -->","yoast_head_json":{"title":"PRIJEDOR: ODBORNICI UKAZALI NA PROPUSTE U RADU JAVNIH PREDUZE\u0106A - VIDEO - PrijedorDanas.com - Prijedorski gradski portal","robots":{"index":"index","follow":"follow","max-snippet":"max-snippet:-1","max-image-preview":"max-image-preview:large","max-video-preview":"max-video-preview:-1"},"canonical":"https:\/\/www.prijedordanas.com\/?p=129454","og_locale":"en_US","og_type":"article","og_title":"PRIJEDOR: ODBORNICI UKAZALI NA PROPUSTE U RADU JAVNIH PREDUZE\u0106A - VIDEO - PrijedorDanas.com - Prijedorski gradski portal","og_description":"U skup\u0161tinskim klupama u Prijedoru burno. Odbornici nisu usvojili izvje\u0161taje o radu za 2018. Sportske dvorane Mladost, Zavoda za izgradnju grada i Informativno-poslovnog centra Kozarski vijesnik. Skup\u0161tinska ve\u0107ina ukazivala je [&hellip;]","og_url":"https:\/\/www.prijedordanas.com\/?p=129454","og_site_name":"PrijedorDanas.com - Prijedorski gradski portal","article_publisher":"https:\/\/www.facebook.com\/PrijedorDanasCom\/","article_published_time":"2019-06-21T19:33:53+00:00","og_image":[{"url":"https:\/\/www.prijedordanas.com\/wp-content\/uploads\/2019\/06\/rtrs-skupstina-grada-21juni-300x223.jpg"}],"author":"admin","twitter_card":"summary_large_image","twitter_misc":{"Written by":"admin","Est. reading time":"2 minutes"},"schema":{"@context":"https:\/\/schema.org","@graph":[{"@type":"Article","@id":"https:\/\/www.prijedordanas.com\/?p=129454#article","isPartOf":{"@id":"https:\/\/www.prijedordanas.com\/?p=129454"},"author":{"name":"admin","@id":"https:\/\/www.prijedordanas.com\/#\/schema\/person\/4e08ccf29b506ca916ff86d46bb700e6"},"headline":"PRIJEDOR: ODBORNICI UKAZALI NA PROPUSTE U RADU JAVNIH PREDUZE\u0106A &#8211; VIDEO","datePublished":"2019-06-21T19:33:53+00:00","dateModified":"2019-06-21T19:33:53+00:00","mainEntityOfPage":{"@id":"https:\/\/www.prijedordanas.com\/?p=129454"},"wordCount":389,"publisher":{"@id":"https:\/\/www.prijedordanas.com\/#organization"},"keywords":["Skup\u0161tina grada Prijedora"],"articleSection":["Dru\u0161tvo"],"inLanguage":"en-US"},{"@type":"WebPage","@id":"https:\/\/www.prijedordanas.com\/?p=129454","url":"https:\/\/www.prijedordanas.com\/?p=129454","name":"PRIJEDOR: ODBORNICI UKAZALI NA PROPUSTE U RADU JAVNIH PREDUZE\u0106A - VIDEO - PrijedorDanas.com - Prijedorski gradski portal","isPartOf":{"@id":"https:\/\/www.prijedordanas.com\/#website"},"datePublished":"2019-06-21T19:33:53+00:00","dateModified":"2019-06-21T19:33:53+00:00","breadcrumb":{"@id":"https:\/\/www.prijedordanas.com\/?p=129454#breadcrumb"},"inLanguage":"en-US","potentialAction":[{"@type":"ReadAction","target":["https:\/\/www.prijedordanas.com\/?p=129454"]}]},{"@type":"BreadcrumbList","@id":"https:\/\/www.prijedordanas.com\/?p=129454#breadcrumb","itemListElement":[{"@type":"ListItem","position":1,"name":"Home","item":"https:\/\/www.prijedordanas.com\/"},{"@type":"ListItem","position":2,"name":"PRIJEDOR: ODBORNICI UKAZALI NA PROPUSTE U RADU JAVNIH PREDUZE\u0106A &#8211; VIDEO"}]},{"@type":"WebSite","@id":"https:\/\/www.prijedordanas.com\/#website","url":"https:\/\/www.prijedordanas.com\/","name":"PrijedorDanas.com - Prijedorski gradski portal","description":"Portal o doga\u0111anjima u gradu Prijedoru","publisher":{"@id":"https:\/\/www.prijedordanas.com\/#organization"},"potentialAction":[{"@type":"SearchAction","target":{"@type":"EntryPoint","urlTemplate":"https:\/\/www.prijedordanas.com\/?s={search_term_string}"},"query-input":"required name=search_term_string"}],"inLanguage":"en-US"},{"@type":"Organization","@id":"https:\/\/www.prijedordanas.com\/#organization","name":"PrijedorDanas.com","url":"https:\/\/www.prijedordanas.com\/","logo":{"@type":"ImageObject","inLanguage":"en-US","@id":"https:\/\/www.prijedordanas.com\/#\/schema\/logo\/image\/","url":"http:\/\/www.prijedordanas.com\/wp-content\/uploads\/2021\/12\/logopng.png","contentUrl":"http:\/\/www.prijedordanas.com\/wp-content\/uploads\/2021\/12\/logopng.png","width":1019,"height":776,"caption":"PrijedorDanas.com"},"image":{"@id":"https:\/\/www.prijedordanas.com\/#\/schema\/logo\/image\/"},"sameAs":["https:\/\/www.facebook.com\/PrijedorDanasCom\/"]},{"@type":"Person","@id":"https:\/\/www.prijedordanas.com\/#\/schema\/person\/4e08ccf29b506ca916ff86d46bb700e6","name":"admin","image":{"@type":"ImageObject","inLanguage":"en-US","@id":"https:\/\/www.prijedordanas.com\/#\/schema\/person\/image\/","url":"https:\/\/secure.gravatar.com\/avatar\/1d3fc949d550f0b53a5f0d51e06dfd79?s=96&d=mm&r=g","contentUrl":"https:\/\/secure.gravatar.com\/avatar\/1d3fc949d550f0b53a5f0d51e06dfd79?s=96&d=mm&r=g","caption":"admin"},"url":"https:\/\/www.prijedordanas.com\/?author=1"}]}},"_links":{"self":[{"href":"https:\/\/www.prijedordanas.com\/index.php?rest_route=\/wp\/v2\/posts\/129454"}],"collection":[{"href":"https:\/\/www.prijedordanas.com\/index.php?rest_route=\/wp\/v2\/posts"}],"about":[{"href":"https:\/\/www.prijedordanas.com\/index.php?rest_route=\/wp\/v2\/types\/post"}],"author":[{"embeddable":true,"href":"https:\/\/www.prijedordanas.com\/index.php?rest_route=\/wp\/v2\/users\/1"}],"replies":[{"embeddable":true,"href":"https:\/\/www.prijedordanas.com\/index.php?rest_route=%2Fwp%2Fv2%2Fcomments&post=129454"}],"version-history":[{"count":1,"href":"https:\/\/www.prijedordanas.com\/index.php?rest_route=\/wp\/v2\/posts\/129454\/revisions"}],"predecessor-version":[{"id":129456,"href":"https:\/\/www.prijedordanas.com\/index.php?rest_route=\/wp\/v2\/posts\/129454\/revisions\/129456"}],"wp:attachment":[{"href":"https:\/\/www.prijedordanas.com\/index.php?rest_route=%2Fwp%2Fv2%2Fmedia&parent=129454"}],"wp:term":[{"taxonomy":"category","embeddable":true,"href":"https:\/\/www.prijedordanas.com\/index.php?rest_route=%2Fwp%2Fv2%2Fcategories&post=129454"},{"taxonomy":"post_tag","embeddable":true,"href":"https:\/\/www.prijedordanas.com\/index.php?rest_route=%2Fwp%2Fv2%2Ftags&post=129454"}],"curies":[{"name":"wp","href":"https:\/\/api.w.org\/{rel}","templated":true}]}}