{"id":129445,"date":"2019-06-21T19:39:13","date_gmt":"2019-06-21T17:39:13","guid":{"rendered":"https:\/\/www.prijedordanas.com\/?p=129445"},"modified":"2019-06-21T19:39:13","modified_gmt":"2019-06-21T17:39:13","slug":"resetanje-direktora-iz-dns-nisu-usvojeni-izvjestaji-toplane-i-komunalnih-usluga","status":"publish","type":"post","link":"https:\/\/www.prijedordanas.com\/?p=129445","title":{"rendered":"\u201cRE\u0160ETANJE\u201d DIREKTORA IZ DNS: NISU USVOJENI IZVJE\u0160TAJI &#8220;TOPLANE&#8221; I &#8220;KOMUNALNIH USLUGA&#8221;"},"content":{"rendered":"<p><a href=\"https:\/\/www.prijedordanas.com\/wp-content\/uploads\/2019\/06\/skupstina-grada-nastavak-19juni-2.jpg\"><img loading=\"lazy\" decoding=\"async\" class=\"alignleft size-medium wp-image-129446\" src=\"https:\/\/www.prijedordanas.com\/wp-content\/uploads\/2019\/06\/skupstina-grada-nastavak-19juni-2-300x217.jpg\" alt=\"\" width=\"300\" height=\"217\" srcset=\"https:\/\/www.prijedordanas.com\/wp-content\/uploads\/2019\/06\/skupstina-grada-nastavak-19juni-2-300x217.jpg 300w, https:\/\/www.prijedordanas.com\/wp-content\/uploads\/2019\/06\/skupstina-grada-nastavak-19juni-2-100x72.jpg 100w, https:\/\/www.prijedordanas.com\/wp-content\/uploads\/2019\/06\/skupstina-grada-nastavak-19juni-2.jpg 690w\" sizes=\"(max-width: 300px) 100vw, 300px\" \/><\/a>Odbornici Skup\u0161tine grada Prijedora nisu usvojili izvje\u0161taj o radu za pro\u0161lu godinu javnih komunalnih preduze\u0107a \u201eToplana\u201c i \u201eKomunalne usluge\u201c, dok su izvje\u0161taji \u201eVodovoda\u201c i \u201eTr\u017enice\u201c usvojeni.<\/p>\n<p>Zanimljivo je da su direktori komunalnih preduze\u0107a \u010diji izvje\u0161taji nisu usvojeni kadar DNS, dok su iz SNSD direktori preduze\u0107a sa usvojenim izvje\u0161tajima. To pokazuje da je nova skup\u0161tinska ve\u0107ina, \u010diji dio vi\u0161e nije DNS, odlu\u010dna da se na svim \u201efrontovima\u201c obra\u010duna sa kadrom DNS i po\u0161alje ih u pro\u0161lost.<\/p>\n<p>Brojne primjedbe odbornika \u201eplju\u0161tale\u201c su na ra\u010dun \u201eToplane\u201c, koja je ina\u010de jedina od ova 4 preduze\u0107a imala gubitak u poslovanju u iznosu od 330.000 KM.<\/p>\n<p>\u0160ef Kluba odbornika PDP, Dalibor Grabe\u017e, upitao je kada \u0107e \u201eToplana\u201c, koja grije na biomasu, postati samoodr\u017eiva.<\/p>\n<p>\u2013 Zadnjih godina grad Prijedor daje po milion maraka subvencija \u201eToplani\u201c. U izvje\u0161taju je navedeno da je bilo problema u snabdijevanju biomasom. Toplane iz Banjaluke, Gradi\u0161ke i Prijedora su oslonjene na \u0160umsko gazdinstvo Prijedor i ja ne znam da li \u0107e to mo\u0107i i dalje u budu\u0107nosti \u2013 rekao je Grabe\u017e.<\/p>\n<p><a href=\"https:\/\/www.prijedordanas.com\/wp-content\/uploads\/2019\/06\/skupstina-grada-nastavak-19juni-7.jpg\"><img loading=\"lazy\" decoding=\"async\" src=\"https:\/\/www.prijedordanas.com\/wp-content\/uploads\/2019\/06\/skupstina-grada-nastavak-19juni-7-300x199.jpg\" alt=\"\" width=\"300\" height=\"199\" class=\"alignleft size-medium wp-image-129447\" srcset=\"https:\/\/www.prijedordanas.com\/wp-content\/uploads\/2019\/06\/skupstina-grada-nastavak-19juni-7-300x199.jpg 300w, https:\/\/www.prijedordanas.com\/wp-content\/uploads\/2019\/06\/skupstina-grada-nastavak-19juni-7-100x66.jpg 100w, https:\/\/www.prijedordanas.com\/wp-content\/uploads\/2019\/06\/skupstina-grada-nastavak-19juni-7-480x320.jpg 480w, https:\/\/www.prijedordanas.com\/wp-content\/uploads\/2019\/06\/skupstina-grada-nastavak-19juni-7.jpg 600w\" sizes=\"(max-width: 300px) 100vw, 300px\" \/><\/a>\u201cOsu\u0111eni\u201d na finansiranje<\/p>\n<p>\u0160ef Odborni\u010dkog kluba SNSD, Dalibor Pavlovi\u0107, istakao je da je cilj prebacivanja \u201eToplane\u201c sa mazuta na biomasu bio da ona postane samoodr\u017eiva.<\/p>\n<p>\u2013 \u010culi smo da tra\u017ee dodatna izdvajanja. Osu\u0111eni smo da moramo da finansiramo \u201eToplanu\u201c ako \u017eelimo grijanje u gradu \u2013 smatra Pavlovi\u0107.<\/p>\n<p>Da se mora razmi\u0161ljati o biomasi upozorio je i odbornik SNSD, Goran Velaula.<\/p>\n<p>\u2013 Kada smo radili studiju izvodljivosti za \u201eToplanu\u201c slu\u0161ali smo da \u0107e se u saradnji s gradom zasaditi 12 parcela brzorastu\u0107eg drveta i da \u0107e se svake godine sje\u0107i po jedna parcela. Do\u0107i \u0107emo do toga da ne\u0107emo imati sje\u010dke \u2013 tvrdi on.<\/p>\n<p>Predsjednik Skup\u0161tine grada Prijedora i odbornik SDA, Ajdin Me\u0161i\u0107, upitao je rukovodstvo \u201eToplane\u201c da li je je mogu\u0107e da zarasli prostor ribnjaka \u201eSani\u010dani\u201c ovo preduze\u0107e kr\u010di i koristi za sje\u010dku te dodao da ima i na drugim mjestima zaraslih povr\u0161ina kao \u0161to je Berek.<\/p>\n<p>Novac ostaje kod ku\u0107e<\/p>\n<p>Vr\u0161ilac du\u017enosti direktora \u201eToplane\u201c Zoran Kne\u017eevi\u0107 smatra da odbornici ne treba da brinu o nabavci biomase.<\/p>\n<p>\u2013 Godi\u0161nje tro\u0161imo oko 30.000 kubnih metara biomase. \u201cCelpak\u201c je nekada koristio oko 300.000 kubika pa nikoga nije ugro\u017eavao \u2013 tvrdi on.<br \/>\nNaveo je da je \u201eToplana\u201c kompletan godi\u0161nji prihod od 5 miliona maraka davala za nabavku mazuta do prije \u010detiri godine, kada je pre\u0161la na biomasu.<\/p>\n<p>\u2013 I taj novac za mazut je odlazio u inostranstvo. Sada biomasu pla\u0107amo 2.700.000 KM, i to firmama koje su u krugu od 50 kilometara od nas \u2013 tvrdi Kne\u017eevi\u0107.<\/p>\n<p>Dodao je da je jedino R\u017dR \u201eLjubija\u201c na svojim starim kopovima sadila drve\u0107e, ali da je studija pokazala da za na\u0161e prostore nisu brzorastu\u0107e vrste, ve\u0107 bagrem i topola.<\/p>\n<p>Odbornici su uputili niz pitanja i \u201eKomunalnim uslugama\u201c.<\/p>\n<p>Ra\u010dunica<\/p>\n<p>Samostalni odbornik Ranko Kolar upitao je kada je bio raspisan posljednji konkurs za prijem radnika u ovom preduze\u0107u.<\/p>\n<p>\u2013 Smatram da se frizira izvje\u0161taj o poslovanju, jer se kapital preduze\u0107a smanjuje, a posluje se pozitivno. Ako preduze\u0107e posluje pozitivno, kapital bi trebalo da se pove\u0107ava -zaklju\u010dio je Kolar.<\/p>\n<p>Odbornik Samostalnog kluba, Du\u0161ko Mileti\u0107, upitao je da li je sukob interesa to \u0161to su u ovom preduze\u0107u mu\u017e i \u017eena na mjestima direktora i \u0161efa finansija. Odbornik iz SNSD, Goran Velaula, upozorio je da je zavr\u0161ni ra\u010dun \u201eKomunalnih usluga\u201c potpisao Petra\u0161in Rodi\u0107, koji je ujedno i \u010dlan Odbora za reviziju u ovom preduze\u0107u. Odbornici su rekli da su u ovom preduze\u0107u nakon penzionisanja pojedini radnici dobijali ugovore o djelu te skupo pla\u0107ani novcem gra\u0111ana.<\/p>\n<p>Izvr\u0161ni direktor za pravne poslove u \u201eKomunalnim uslugama\u201c Bojan Marti\u0107 je ve\u0107inu navoda odbornika demantovao tvrde\u0107i da ovo preduze\u0107e radi u skladu sa zakonom. Istakao je i da su \u201eKomunalne usluge\u201c ostvarile dobit od 14.500 KM. Da je njihov rad dobar kao dokaz je naveo i anketu sprovedenu me\u0111u korisnicima, koji su preko 70 odsto zadovoljni uslugama ovog preduze\u0107a.<\/p>\n<p>\u201eTr\u017enica\u201c i \u201eVodovod\u201c pozitivno poslovali<\/p>\n<p>\u201eVodovod\u201c je u pro\u0161loj godini ostavrio dobit od 7.800 KM, a \u201eGradska tr\u017enica\u201c 6.520 KM. Dok iz \u201eVodovoda\u201c najavljuju radove na mre\u017ei, iz \u201eTr\u017enice\u201c ka\u017eu da ne znaju \u0161ta \u0107e sa novim objektom na Pe\u0107anima.<\/p>\n<p>\u2013 Nema zainteresovanog tr\u017enog centra koji bi zakupio taj objekat. Predlagao sam da se sva de\u0161avanja iz grada, kao \u0161to su Dani meda, cvije\u0107a i ostalo premjeste tamo \u2013 rekao je direktor \u201eTr\u017enice\u201c Darko Zgonjanin.<\/p>\n<p>EuroBlic-srpskainfo.com<\/p>\n","protected":false},"excerpt":{"rendered":"<p>Odbornici Skup\u0161tine grada Prijedora nisu usvojili izvje\u0161taj o radu za pro\u0161lu godinu javnih komunalnih preduze\u0107a \u201eToplana\u201c i \u201eKomunalne usluge\u201c, dok su izvje\u0161taji \u201eVodovoda\u201c i \u201eTr\u017enice\u201c usvojeni. Zanimljivo je da su [&hellip;]<\/p>\n","protected":false},"author":1,"featured_media":0,"comment_status":"closed","ping_status":"open","sticky":false,"template":"","format":"standard","meta":{"_monsterinsights_skip_tracking":false,"_monsterinsights_sitenote_active":false,"_monsterinsights_sitenote_note":"","_monsterinsights_sitenote_category":0,"footnotes":""},"categories":[4],"tags":[238],"yoast_head":"<!-- This site is optimized with the Yoast SEO plugin v21.6 - https:\/\/yoast.com\/wordpress\/plugins\/seo\/ -->\n<title>\u201cRE\u0160ETANJE\u201d DIREKTORA IZ DNS: NISU USVOJENI IZVJE\u0160TAJI &quot;TOPLANE&quot; I &quot;KOMUNALNIH USLUGA&quot; - PrijedorDanas.com - Prijedorski gradski portal<\/title>\n<meta name=\"robots\" content=\"index, follow, max-snippet:-1, max-image-preview:large, max-video-preview:-1\" \/>\n<link rel=\"canonical\" href=\"https:\/\/www.prijedordanas.com\/?p=129445\" \/>\n<meta property=\"og:locale\" content=\"en_US\" \/>\n<meta property=\"og:type\" content=\"article\" \/>\n<meta property=\"og:title\" content=\"\u201cRE\u0160ETANJE\u201d DIREKTORA IZ DNS: NISU USVOJENI IZVJE\u0160TAJI &quot;TOPLANE&quot; I &quot;KOMUNALNIH USLUGA&quot; - PrijedorDanas.com - Prijedorski gradski portal\" \/>\n<meta property=\"og:description\" content=\"Odbornici Skup\u0161tine grada Prijedora nisu usvojili izvje\u0161taj o radu za pro\u0161lu godinu javnih komunalnih preduze\u0107a \u201eToplana\u201c i \u201eKomunalne usluge\u201c, dok su izvje\u0161taji \u201eVodovoda\u201c i \u201eTr\u017enice\u201c usvojeni. Zanimljivo je da su [&hellip;]\" \/>\n<meta property=\"og:url\" content=\"https:\/\/www.prijedordanas.com\/?p=129445\" \/>\n<meta property=\"og:site_name\" content=\"PrijedorDanas.com - Prijedorski gradski portal\" \/>\n<meta property=\"article:publisher\" content=\"https:\/\/www.facebook.com\/PrijedorDanasCom\/\" \/>\n<meta property=\"article:published_time\" content=\"2019-06-21T17:39:13+00:00\" \/>\n<meta property=\"og:image\" content=\"https:\/\/www.prijedordanas.com\/wp-content\/uploads\/2019\/06\/skupstina-grada-nastavak-19juni-2-300x217.jpg\" \/>\n<meta name=\"author\" content=\"admin\" \/>\n<meta name=\"twitter:card\" content=\"summary_large_image\" \/>\n<meta name=\"twitter:label1\" content=\"Written by\" \/>\n\t<meta name=\"twitter:data1\" content=\"admin\" \/>\n\t<meta name=\"twitter:label2\" content=\"Est. reading time\" \/>\n\t<meta name=\"twitter:data2\" content=\"4 minutes\" \/>\n<script type=\"application\/ld+json\" class=\"yoast-schema-graph\">{\"@context\":\"https:\/\/schema.org\",\"@graph\":[{\"@type\":\"Article\",\"@id\":\"https:\/\/www.prijedordanas.com\/?p=129445#article\",\"isPartOf\":{\"@id\":\"https:\/\/www.prijedordanas.com\/?p=129445\"},\"author\":{\"name\":\"admin\",\"@id\":\"https:\/\/www.prijedordanas.com\/#\/schema\/person\/4e08ccf29b506ca916ff86d46bb700e6\"},\"headline\":\"\u201cRE\u0160ETANJE\u201d DIREKTORA IZ DNS: NISU USVOJENI IZVJE\u0160TAJI &#8220;TOPLANE&#8221; I &#8220;KOMUNALNIH USLUGA&#8221;\",\"datePublished\":\"2019-06-21T17:39:13+00:00\",\"dateModified\":\"2019-06-21T17:39:13+00:00\",\"mainEntityOfPage\":{\"@id\":\"https:\/\/www.prijedordanas.com\/?p=129445\"},\"wordCount\":791,\"publisher\":{\"@id\":\"https:\/\/www.prijedordanas.com\/#organization\"},\"keywords\":[\"Skup\u0161tina grada Prijedora\"],\"articleSection\":[\"Dru\u0161tvo\"],\"inLanguage\":\"en-US\"},{\"@type\":\"WebPage\",\"@id\":\"https:\/\/www.prijedordanas.com\/?p=129445\",\"url\":\"https:\/\/www.prijedordanas.com\/?p=129445\",\"name\":\"\u201cRE\u0160ETANJE\u201d DIREKTORA IZ DNS: NISU USVOJENI IZVJE\u0160TAJI \\\"TOPLANE\\\" I \\\"KOMUNALNIH USLUGA\\\" - PrijedorDanas.com - Prijedorski gradski portal\",\"isPartOf\":{\"@id\":\"https:\/\/www.prijedordanas.com\/#website\"},\"datePublished\":\"2019-06-21T17:39:13+00:00\",\"dateModified\":\"2019-06-21T17:39:13+00:00\",\"breadcrumb\":{\"@id\":\"https:\/\/www.prijedordanas.com\/?p=129445#breadcrumb\"},\"inLanguage\":\"en-US\",\"potentialAction\":[{\"@type\":\"ReadAction\",\"target\":[\"https:\/\/www.prijedordanas.com\/?p=129445\"]}]},{\"@type\":\"BreadcrumbList\",\"@id\":\"https:\/\/www.prijedordanas.com\/?p=129445#breadcrumb\",\"itemListElement\":[{\"@type\":\"ListItem\",\"position\":1,\"name\":\"Home\",\"item\":\"https:\/\/www.prijedordanas.com\/\"},{\"@type\":\"ListItem\",\"position\":2,\"name\":\"\u201cRE\u0160ETANJE\u201d DIREKTORA IZ DNS: NISU USVOJENI IZVJE\u0160TAJI &#8220;TOPLANE&#8221; I &#8220;KOMUNALNIH USLUGA&#8221;\"}]},{\"@type\":\"WebSite\",\"@id\":\"https:\/\/www.prijedordanas.com\/#website\",\"url\":\"https:\/\/www.prijedordanas.com\/\",\"name\":\"PrijedorDanas.com - Prijedorski gradski portal\",\"description\":\"Portal o doga\u0111anjima u gradu Prijedoru\",\"publisher\":{\"@id\":\"https:\/\/www.prijedordanas.com\/#organization\"},\"potentialAction\":[{\"@type\":\"SearchAction\",\"target\":{\"@type\":\"EntryPoint\",\"urlTemplate\":\"https:\/\/www.prijedordanas.com\/?s={search_term_string}\"},\"query-input\":\"required name=search_term_string\"}],\"inLanguage\":\"en-US\"},{\"@type\":\"Organization\",\"@id\":\"https:\/\/www.prijedordanas.com\/#organization\",\"name\":\"PrijedorDanas.com\",\"url\":\"https:\/\/www.prijedordanas.com\/\",\"logo\":{\"@type\":\"ImageObject\",\"inLanguage\":\"en-US\",\"@id\":\"https:\/\/www.prijedordanas.com\/#\/schema\/logo\/image\/\",\"url\":\"http:\/\/www.prijedordanas.com\/wp-content\/uploads\/2021\/12\/logopng.png\",\"contentUrl\":\"http:\/\/www.prijedordanas.com\/wp-content\/uploads\/2021\/12\/logopng.png\",\"width\":1019,\"height\":776,\"caption\":\"PrijedorDanas.com\"},\"image\":{\"@id\":\"https:\/\/www.prijedordanas.com\/#\/schema\/logo\/image\/\"},\"sameAs\":[\"https:\/\/www.facebook.com\/PrijedorDanasCom\/\"]},{\"@type\":\"Person\",\"@id\":\"https:\/\/www.prijedordanas.com\/#\/schema\/person\/4e08ccf29b506ca916ff86d46bb700e6\",\"name\":\"admin\",\"image\":{\"@type\":\"ImageObject\",\"inLanguage\":\"en-US\",\"@id\":\"https:\/\/www.prijedordanas.com\/#\/schema\/person\/image\/\",\"url\":\"https:\/\/secure.gravatar.com\/avatar\/1d3fc949d550f0b53a5f0d51e06dfd79?s=96&d=mm&r=g\",\"contentUrl\":\"https:\/\/secure.gravatar.com\/avatar\/1d3fc949d550f0b53a5f0d51e06dfd79?s=96&d=mm&r=g\",\"caption\":\"admin\"},\"url\":\"https:\/\/www.prijedordanas.com\/?author=1\"}]}<\/script>\n<!-- \/ Yoast SEO plugin. -->","yoast_head_json":{"title":"\u201cRE\u0160ETANJE\u201d DIREKTORA IZ DNS: NISU USVOJENI IZVJE\u0160TAJI \"TOPLANE\" I \"KOMUNALNIH USLUGA\" - PrijedorDanas.com - Prijedorski gradski portal","robots":{"index":"index","follow":"follow","max-snippet":"max-snippet:-1","max-image-preview":"max-image-preview:large","max-video-preview":"max-video-preview:-1"},"canonical":"https:\/\/www.prijedordanas.com\/?p=129445","og_locale":"en_US","og_type":"article","og_title":"\u201cRE\u0160ETANJE\u201d DIREKTORA IZ DNS: NISU USVOJENI IZVJE\u0160TAJI \"TOPLANE\" I \"KOMUNALNIH USLUGA\" - PrijedorDanas.com - Prijedorski gradski portal","og_description":"Odbornici Skup\u0161tine grada Prijedora nisu usvojili izvje\u0161taj o radu za pro\u0161lu godinu javnih komunalnih preduze\u0107a \u201eToplana\u201c i \u201eKomunalne usluge\u201c, dok su izvje\u0161taji \u201eVodovoda\u201c i \u201eTr\u017enice\u201c usvojeni. Zanimljivo je da su [&hellip;]","og_url":"https:\/\/www.prijedordanas.com\/?p=129445","og_site_name":"PrijedorDanas.com - Prijedorski gradski portal","article_publisher":"https:\/\/www.facebook.com\/PrijedorDanasCom\/","article_published_time":"2019-06-21T17:39:13+00:00","og_image":[{"url":"https:\/\/www.prijedordanas.com\/wp-content\/uploads\/2019\/06\/skupstina-grada-nastavak-19juni-2-300x217.jpg"}],"author":"admin","twitter_card":"summary_large_image","twitter_misc":{"Written by":"admin","Est. reading time":"4 minutes"},"schema":{"@context":"https:\/\/schema.org","@graph":[{"@type":"Article","@id":"https:\/\/www.prijedordanas.com\/?p=129445#article","isPartOf":{"@id":"https:\/\/www.prijedordanas.com\/?p=129445"},"author":{"name":"admin","@id":"https:\/\/www.prijedordanas.com\/#\/schema\/person\/4e08ccf29b506ca916ff86d46bb700e6"},"headline":"\u201cRE\u0160ETANJE\u201d DIREKTORA IZ DNS: NISU USVOJENI IZVJE\u0160TAJI &#8220;TOPLANE&#8221; I &#8220;KOMUNALNIH USLUGA&#8221;","datePublished":"2019-06-21T17:39:13+00:00","dateModified":"2019-06-21T17:39:13+00:00","mainEntityOfPage":{"@id":"https:\/\/www.prijedordanas.com\/?p=129445"},"wordCount":791,"publisher":{"@id":"https:\/\/www.prijedordanas.com\/#organization"},"keywords":["Skup\u0161tina grada Prijedora"],"articleSection":["Dru\u0161tvo"],"inLanguage":"en-US"},{"@type":"WebPage","@id":"https:\/\/www.prijedordanas.com\/?p=129445","url":"https:\/\/www.prijedordanas.com\/?p=129445","name":"\u201cRE\u0160ETANJE\u201d DIREKTORA IZ DNS: NISU USVOJENI IZVJE\u0160TAJI \"TOPLANE\" I \"KOMUNALNIH USLUGA\" - PrijedorDanas.com - Prijedorski gradski portal","isPartOf":{"@id":"https:\/\/www.prijedordanas.com\/#website"},"datePublished":"2019-06-21T17:39:13+00:00","dateModified":"2019-06-21T17:39:13+00:00","breadcrumb":{"@id":"https:\/\/www.prijedordanas.com\/?p=129445#breadcrumb"},"inLanguage":"en-US","potentialAction":[{"@type":"ReadAction","target":["https:\/\/www.prijedordanas.com\/?p=129445"]}]},{"@type":"BreadcrumbList","@id":"https:\/\/www.prijedordanas.com\/?p=129445#breadcrumb","itemListElement":[{"@type":"ListItem","position":1,"name":"Home","item":"https:\/\/www.prijedordanas.com\/"},{"@type":"ListItem","position":2,"name":"\u201cRE\u0160ETANJE\u201d DIREKTORA IZ DNS: NISU USVOJENI IZVJE\u0160TAJI &#8220;TOPLANE&#8221; I &#8220;KOMUNALNIH USLUGA&#8221;"}]},{"@type":"WebSite","@id":"https:\/\/www.prijedordanas.com\/#website","url":"https:\/\/www.prijedordanas.com\/","name":"PrijedorDanas.com - Prijedorski gradski portal","description":"Portal o doga\u0111anjima u gradu Prijedoru","publisher":{"@id":"https:\/\/www.prijedordanas.com\/#organization"},"potentialAction":[{"@type":"SearchAction","target":{"@type":"EntryPoint","urlTemplate":"https:\/\/www.prijedordanas.com\/?s={search_term_string}"},"query-input":"required name=search_term_string"}],"inLanguage":"en-US"},{"@type":"Organization","@id":"https:\/\/www.prijedordanas.com\/#organization","name":"PrijedorDanas.com","url":"https:\/\/www.prijedordanas.com\/","logo":{"@type":"ImageObject","inLanguage":"en-US","@id":"https:\/\/www.prijedordanas.com\/#\/schema\/logo\/image\/","url":"http:\/\/www.prijedordanas.com\/wp-content\/uploads\/2021\/12\/logopng.png","contentUrl":"http:\/\/www.prijedordanas.com\/wp-content\/uploads\/2021\/12\/logopng.png","width":1019,"height":776,"caption":"PrijedorDanas.com"},"image":{"@id":"https:\/\/www.prijedordanas.com\/#\/schema\/logo\/image\/"},"sameAs":["https:\/\/www.facebook.com\/PrijedorDanasCom\/"]},{"@type":"Person","@id":"https:\/\/www.prijedordanas.com\/#\/schema\/person\/4e08ccf29b506ca916ff86d46bb700e6","name":"admin","image":{"@type":"ImageObject","inLanguage":"en-US","@id":"https:\/\/www.prijedordanas.com\/#\/schema\/person\/image\/","url":"https:\/\/secure.gravatar.com\/avatar\/1d3fc949d550f0b53a5f0d51e06dfd79?s=96&d=mm&r=g","contentUrl":"https:\/\/secure.gravatar.com\/avatar\/1d3fc949d550f0b53a5f0d51e06dfd79?s=96&d=mm&r=g","caption":"admin"},"url":"https:\/\/www.prijedordanas.com\/?author=1"}]}},"_links":{"self":[{"href":"https:\/\/www.prijedordanas.com\/index.php?rest_route=\/wp\/v2\/posts\/129445"}],"collection":[{"href":"https:\/\/www.prijedordanas.com\/index.php?rest_route=\/wp\/v2\/posts"}],"about":[{"href":"https:\/\/www.prijedordanas.com\/index.php?rest_route=\/wp\/v2\/types\/post"}],"author":[{"embeddable":true,"href":"https:\/\/www.prijedordanas.com\/index.php?rest_route=\/wp\/v2\/users\/1"}],"replies":[{"embeddable":true,"href":"https:\/\/www.prijedordanas.com\/index.php?rest_route=%2Fwp%2Fv2%2Fcomments&post=129445"}],"version-history":[{"count":1,"href":"https:\/\/www.prijedordanas.com\/index.php?rest_route=\/wp\/v2\/posts\/129445\/revisions"}],"predecessor-version":[{"id":129448,"href":"https:\/\/www.prijedordanas.com\/index.php?rest_route=\/wp\/v2\/posts\/129445\/revisions\/129448"}],"wp:attachment":[{"href":"https:\/\/www.prijedordanas.com\/index.php?rest_route=%2Fwp%2Fv2%2Fmedia&parent=129445"}],"wp:term":[{"taxonomy":"category","embeddable":true,"href":"https:\/\/www.prijedordanas.com\/index.php?rest_route=%2Fwp%2Fv2%2Fcategories&post=129445"},{"taxonomy":"post_tag","embeddable":true,"href":"https:\/\/www.prijedordanas.com\/index.php?rest_route=%2Fwp%2Fv2%2Ftags&post=129445"}],"curies":[{"name":"wp","href":"https:\/\/api.w.org\/{rel}","templated":true}]}}