{"id":129291,"date":"2019-06-19T00:40:23","date_gmt":"2019-06-18T22:40:23","guid":{"rendered":"https:\/\/www.prijedordanas.com\/?p=129291"},"modified":"2019-06-19T00:40:23","modified_gmt":"2019-06-18T22:40:23","slug":"blanik-kup-u-prijedoru-24-avgusta","status":"publish","type":"post","link":"https:\/\/www.prijedordanas.com\/?p=129291","title":{"rendered":"BLANIK KUP U PRIJEDORU 24. AVGUSTA"},"content":{"rendered":"<p><a href=\"https:\/\/www.prijedordanas.com\/wp-content\/uploads\/2019\/06\/prijedorgradorg-organizacioni-odbor-blanik-kup.jpg\"><img loading=\"lazy\" decoding=\"async\" src=\"https:\/\/www.prijedordanas.com\/wp-content\/uploads\/2019\/06\/prijedorgradorg-organizacioni-odbor-blanik-kup-300x237.jpg\" alt=\"\" width=\"300\" height=\"237\" class=\"alignleft size-medium wp-image-129325\" srcset=\"https:\/\/www.prijedordanas.com\/wp-content\/uploads\/2019\/06\/prijedorgradorg-organizacioni-odbor-blanik-kup-300x237.jpg 300w, https:\/\/www.prijedordanas.com\/wp-content\/uploads\/2019\/06\/prijedorgradorg-organizacioni-odbor-blanik-kup-100x79.jpg 100w, https:\/\/www.prijedordanas.com\/wp-content\/uploads\/2019\/06\/prijedorgradorg-organizacioni-odbor-blanik-kup.jpg 632w\" sizes=\"(max-width: 300px) 100vw, 300px\" \/><\/a>Organizacioni odbor &#8220;Blanik kupa Prijedor 2019&#8221; potvrdio je na svojoj prvoj sjednici da \u0107e ova jedinstvena sportska manifestacija biti odr\u017eana 24.avgusta na Aerodromu Urije.<\/p>\n<p>Sjednici, kojom je predsjedavao gradona\u010delnik Prijedora Milenko \u0110akovi\u0107, prisustvovala je i Lejla Re\u0161i\u0107, ministar uprave i lokalne samouprave Republike Srpske.<\/p>\n<p>\u010clan Organizacionog odbora kupa i instruktor letenja LJubi\u0161a Aramanda je potvrdio da su na sastanku evidentirana sva organizaciona i bezbjednosna pitanja i uslove koje treba ispuniti da bi sve bilo spremno za po\u010detak Blanik kupa.<\/p>\n<p>&#8220;Dogovorili smo se da podijelimo pozivnice svim aero-klubovima u regionu i konstatovano je da su svu prethodni kupovi protekli bezbjedno, \u010demu dajemo poseban akcenat i da je do sada sve proteklo u skladu sa zakonskim propisima i kako nala\u017ee Agencija za civilno vazduhoplovstvo BiH&#8221;, izjavio je Aramanda.<\/p>\n<p>On je izrazio nadu da \u0107e ove godine biti jo\u0161 vi\u0161e takmi\u010dara iz regiona.<\/p>\n<p>&#8220;Pro\u0161le godine je bilo 35 pilota jedrili\u010dara, ove godine o\u010dekujemo i ve\u0107i broj, a planiramo da dovedemo i Sebastijana Kavu iz Poljske, svjetskog prvaka u jedrili\u010darstvu i da po prvi put do\u010dekamo jednu takvu legendu u Prijedoru&#8221;, rekao je Aramanda.<\/p>\n<p>On je dodao da je ovo specifi\u010dno takmi\u010denje koje Aero-klub &#8220;Prijedor&#8221; jedini organizuje u regionu, a u \u0161irem regionu ih ima \u010detiri dok ih je u Evropi mnogo vi\u0161e.<\/p>\n<p>&#8220;Rije\u010d o takmi\u010denju pilota, jedinom takve vrste u BiH, u preciznom slijetanju na dvosjednoj vi\u0161enamjenski opremljenoj jedrilici blanik L-13? koja se koristi za obuku, trena\u017eu, te sportsko i akrobatsko letenje&#8221;, istakao je Aramanda.<\/p>\n<p>Organizator kupa je Aero klub &#8220;Prijedor&#8221;, a pokrovitelji Grad Prijedor, Ministarstvo uprave i lokalne samouprave, Ministarstvo porodice, omladine i sporta Republike Srpske.<\/p>\n<p>www.prijedorgrad.org<\/p>\n","protected":false},"excerpt":{"rendered":"<p>Organizacioni odbor &#8220;Blanik kupa Prijedor 2019&#8221; potvrdio je na svojoj prvoj sjednici da \u0107e ova jedinstvena sportska manifestacija biti odr\u017eana 24.avgusta na Aerodromu Urije. Sjednici, kojom je predsjedavao gradona\u010delnik Prijedora [&hellip;]<\/p>\n","protected":false},"author":1,"featured_media":0,"comment_status":"closed","ping_status":"open","sticky":false,"template":"","format":"standard","meta":{"_monsterinsights_skip_tracking":false,"_monsterinsights_sitenote_active":false,"_monsterinsights_sitenote_note":"","_monsterinsights_sitenote_category":0,"footnotes":""},"categories":[7],"tags":[4825],"yoast_head":"<!-- This site is optimized with the Yoast SEO plugin v21.6 - https:\/\/yoast.com\/wordpress\/plugins\/seo\/ -->\n<title>BLANIK KUP U PRIJEDORU 24. AVGUSTA - PrijedorDanas.com - Prijedorski gradski portal<\/title>\n<meta name=\"robots\" content=\"index, follow, max-snippet:-1, max-image-preview:large, max-video-preview:-1\" \/>\n<link rel=\"canonical\" href=\"https:\/\/www.prijedordanas.com\/?p=129291\" \/>\n<meta property=\"og:locale\" content=\"en_US\" \/>\n<meta property=\"og:type\" content=\"article\" \/>\n<meta property=\"og:title\" content=\"BLANIK KUP U PRIJEDORU 24. AVGUSTA - PrijedorDanas.com - Prijedorski gradski portal\" \/>\n<meta property=\"og:description\" content=\"Organizacioni odbor &#8220;Blanik kupa Prijedor 2019&#8221; potvrdio je na svojoj prvoj sjednici da \u0107e ova jedinstvena sportska manifestacija biti odr\u017eana 24.avgusta na Aerodromu Urije. Sjednici, kojom je predsjedavao gradona\u010delnik Prijedora [&hellip;]\" \/>\n<meta property=\"og:url\" content=\"https:\/\/www.prijedordanas.com\/?p=129291\" \/>\n<meta property=\"og:site_name\" content=\"PrijedorDanas.com - Prijedorski gradski portal\" \/>\n<meta property=\"article:publisher\" content=\"https:\/\/www.facebook.com\/PrijedorDanasCom\/\" \/>\n<meta property=\"article:published_time\" content=\"2019-06-18T22:40:23+00:00\" \/>\n<meta property=\"og:image\" content=\"https:\/\/www.prijedordanas.com\/wp-content\/uploads\/2019\/06\/prijedorgradorg-organizacioni-odbor-blanik-kup-300x237.jpg\" \/>\n<meta name=\"author\" content=\"admin\" \/>\n<meta name=\"twitter:card\" content=\"summary_large_image\" \/>\n<meta name=\"twitter:label1\" content=\"Written by\" \/>\n\t<meta name=\"twitter:data1\" content=\"admin\" \/>\n\t<meta name=\"twitter:label2\" content=\"Est. reading time\" \/>\n\t<meta name=\"twitter:data2\" content=\"1 minute\" \/>\n<script type=\"application\/ld+json\" class=\"yoast-schema-graph\">{\"@context\":\"https:\/\/schema.org\",\"@graph\":[{\"@type\":\"Article\",\"@id\":\"https:\/\/www.prijedordanas.com\/?p=129291#article\",\"isPartOf\":{\"@id\":\"https:\/\/www.prijedordanas.com\/?p=129291\"},\"author\":{\"name\":\"admin\",\"@id\":\"https:\/\/www.prijedordanas.com\/#\/schema\/person\/4e08ccf29b506ca916ff86d46bb700e6\"},\"headline\":\"BLANIK KUP U PRIJEDORU 24. AVGUSTA\",\"datePublished\":\"2019-06-18T22:40:23+00:00\",\"dateModified\":\"2019-06-18T22:40:23+00:00\",\"mainEntityOfPage\":{\"@id\":\"https:\/\/www.prijedordanas.com\/?p=129291\"},\"wordCount\":290,\"publisher\":{\"@id\":\"https:\/\/www.prijedordanas.com\/#organization\"},\"keywords\":[\"Blanik kup\"],\"articleSection\":[\"Sport\"],\"inLanguage\":\"en-US\"},{\"@type\":\"WebPage\",\"@id\":\"https:\/\/www.prijedordanas.com\/?p=129291\",\"url\":\"https:\/\/www.prijedordanas.com\/?p=129291\",\"name\":\"BLANIK KUP U PRIJEDORU 24. AVGUSTA - PrijedorDanas.com - Prijedorski gradski portal\",\"isPartOf\":{\"@id\":\"https:\/\/www.prijedordanas.com\/#website\"},\"datePublished\":\"2019-06-18T22:40:23+00:00\",\"dateModified\":\"2019-06-18T22:40:23+00:00\",\"breadcrumb\":{\"@id\":\"https:\/\/www.prijedordanas.com\/?p=129291#breadcrumb\"},\"inLanguage\":\"en-US\",\"potentialAction\":[{\"@type\":\"ReadAction\",\"target\":[\"https:\/\/www.prijedordanas.com\/?p=129291\"]}]},{\"@type\":\"BreadcrumbList\",\"@id\":\"https:\/\/www.prijedordanas.com\/?p=129291#breadcrumb\",\"itemListElement\":[{\"@type\":\"ListItem\",\"position\":1,\"name\":\"Home\",\"item\":\"https:\/\/www.prijedordanas.com\/\"},{\"@type\":\"ListItem\",\"position\":2,\"name\":\"BLANIK KUP U PRIJEDORU 24. AVGUSTA\"}]},{\"@type\":\"WebSite\",\"@id\":\"https:\/\/www.prijedordanas.com\/#website\",\"url\":\"https:\/\/www.prijedordanas.com\/\",\"name\":\"PrijedorDanas.com - Prijedorski gradski portal\",\"description\":\"Portal o doga\u0111anjima u gradu Prijedoru\",\"publisher\":{\"@id\":\"https:\/\/www.prijedordanas.com\/#organization\"},\"potentialAction\":[{\"@type\":\"SearchAction\",\"target\":{\"@type\":\"EntryPoint\",\"urlTemplate\":\"https:\/\/www.prijedordanas.com\/?s={search_term_string}\"},\"query-input\":\"required name=search_term_string\"}],\"inLanguage\":\"en-US\"},{\"@type\":\"Organization\",\"@id\":\"https:\/\/www.prijedordanas.com\/#organization\",\"name\":\"PrijedorDanas.com\",\"url\":\"https:\/\/www.prijedordanas.com\/\",\"logo\":{\"@type\":\"ImageObject\",\"inLanguage\":\"en-US\",\"@id\":\"https:\/\/www.prijedordanas.com\/#\/schema\/logo\/image\/\",\"url\":\"http:\/\/www.prijedordanas.com\/wp-content\/uploads\/2021\/12\/logopng.png\",\"contentUrl\":\"http:\/\/www.prijedordanas.com\/wp-content\/uploads\/2021\/12\/logopng.png\",\"width\":1019,\"height\":776,\"caption\":\"PrijedorDanas.com\"},\"image\":{\"@id\":\"https:\/\/www.prijedordanas.com\/#\/schema\/logo\/image\/\"},\"sameAs\":[\"https:\/\/www.facebook.com\/PrijedorDanasCom\/\"]},{\"@type\":\"Person\",\"@id\":\"https:\/\/www.prijedordanas.com\/#\/schema\/person\/4e08ccf29b506ca916ff86d46bb700e6\",\"name\":\"admin\",\"image\":{\"@type\":\"ImageObject\",\"inLanguage\":\"en-US\",\"@id\":\"https:\/\/www.prijedordanas.com\/#\/schema\/person\/image\/\",\"url\":\"https:\/\/secure.gravatar.com\/avatar\/1d3fc949d550f0b53a5f0d51e06dfd79?s=96&d=mm&r=g\",\"contentUrl\":\"https:\/\/secure.gravatar.com\/avatar\/1d3fc949d550f0b53a5f0d51e06dfd79?s=96&d=mm&r=g\",\"caption\":\"admin\"},\"url\":\"https:\/\/www.prijedordanas.com\/?author=1\"}]}<\/script>\n<!-- \/ Yoast SEO plugin. -->","yoast_head_json":{"title":"BLANIK KUP U PRIJEDORU 24. AVGUSTA - PrijedorDanas.com - Prijedorski gradski portal","robots":{"index":"index","follow":"follow","max-snippet":"max-snippet:-1","max-image-preview":"max-image-preview:large","max-video-preview":"max-video-preview:-1"},"canonical":"https:\/\/www.prijedordanas.com\/?p=129291","og_locale":"en_US","og_type":"article","og_title":"BLANIK KUP U PRIJEDORU 24. AVGUSTA - PrijedorDanas.com - Prijedorski gradski portal","og_description":"Organizacioni odbor &#8220;Blanik kupa Prijedor 2019&#8221; potvrdio je na svojoj prvoj sjednici da \u0107e ova jedinstvena sportska manifestacija biti odr\u017eana 24.avgusta na Aerodromu Urije. Sjednici, kojom je predsjedavao gradona\u010delnik Prijedora [&hellip;]","og_url":"https:\/\/www.prijedordanas.com\/?p=129291","og_site_name":"PrijedorDanas.com - Prijedorski gradski portal","article_publisher":"https:\/\/www.facebook.com\/PrijedorDanasCom\/","article_published_time":"2019-06-18T22:40:23+00:00","og_image":[{"url":"https:\/\/www.prijedordanas.com\/wp-content\/uploads\/2019\/06\/prijedorgradorg-organizacioni-odbor-blanik-kup-300x237.jpg"}],"author":"admin","twitter_card":"summary_large_image","twitter_misc":{"Written by":"admin","Est. reading time":"1 minute"},"schema":{"@context":"https:\/\/schema.org","@graph":[{"@type":"Article","@id":"https:\/\/www.prijedordanas.com\/?p=129291#article","isPartOf":{"@id":"https:\/\/www.prijedordanas.com\/?p=129291"},"author":{"name":"admin","@id":"https:\/\/www.prijedordanas.com\/#\/schema\/person\/4e08ccf29b506ca916ff86d46bb700e6"},"headline":"BLANIK KUP U PRIJEDORU 24. AVGUSTA","datePublished":"2019-06-18T22:40:23+00:00","dateModified":"2019-06-18T22:40:23+00:00","mainEntityOfPage":{"@id":"https:\/\/www.prijedordanas.com\/?p=129291"},"wordCount":290,"publisher":{"@id":"https:\/\/www.prijedordanas.com\/#organization"},"keywords":["Blanik kup"],"articleSection":["Sport"],"inLanguage":"en-US"},{"@type":"WebPage","@id":"https:\/\/www.prijedordanas.com\/?p=129291","url":"https:\/\/www.prijedordanas.com\/?p=129291","name":"BLANIK KUP U PRIJEDORU 24. AVGUSTA - PrijedorDanas.com - Prijedorski gradski portal","isPartOf":{"@id":"https:\/\/www.prijedordanas.com\/#website"},"datePublished":"2019-06-18T22:40:23+00:00","dateModified":"2019-06-18T22:40:23+00:00","breadcrumb":{"@id":"https:\/\/www.prijedordanas.com\/?p=129291#breadcrumb"},"inLanguage":"en-US","potentialAction":[{"@type":"ReadAction","target":["https:\/\/www.prijedordanas.com\/?p=129291"]}]},{"@type":"BreadcrumbList","@id":"https:\/\/www.prijedordanas.com\/?p=129291#breadcrumb","itemListElement":[{"@type":"ListItem","position":1,"name":"Home","item":"https:\/\/www.prijedordanas.com\/"},{"@type":"ListItem","position":2,"name":"BLANIK KUP U PRIJEDORU 24. AVGUSTA"}]},{"@type":"WebSite","@id":"https:\/\/www.prijedordanas.com\/#website","url":"https:\/\/www.prijedordanas.com\/","name":"PrijedorDanas.com - Prijedorski gradski portal","description":"Portal o doga\u0111anjima u gradu Prijedoru","publisher":{"@id":"https:\/\/www.prijedordanas.com\/#organization"},"potentialAction":[{"@type":"SearchAction","target":{"@type":"EntryPoint","urlTemplate":"https:\/\/www.prijedordanas.com\/?s={search_term_string}"},"query-input":"required name=search_term_string"}],"inLanguage":"en-US"},{"@type":"Organization","@id":"https:\/\/www.prijedordanas.com\/#organization","name":"PrijedorDanas.com","url":"https:\/\/www.prijedordanas.com\/","logo":{"@type":"ImageObject","inLanguage":"en-US","@id":"https:\/\/www.prijedordanas.com\/#\/schema\/logo\/image\/","url":"http:\/\/www.prijedordanas.com\/wp-content\/uploads\/2021\/12\/logopng.png","contentUrl":"http:\/\/www.prijedordanas.com\/wp-content\/uploads\/2021\/12\/logopng.png","width":1019,"height":776,"caption":"PrijedorDanas.com"},"image":{"@id":"https:\/\/www.prijedordanas.com\/#\/schema\/logo\/image\/"},"sameAs":["https:\/\/www.facebook.com\/PrijedorDanasCom\/"]},{"@type":"Person","@id":"https:\/\/www.prijedordanas.com\/#\/schema\/person\/4e08ccf29b506ca916ff86d46bb700e6","name":"admin","image":{"@type":"ImageObject","inLanguage":"en-US","@id":"https:\/\/www.prijedordanas.com\/#\/schema\/person\/image\/","url":"https:\/\/secure.gravatar.com\/avatar\/1d3fc949d550f0b53a5f0d51e06dfd79?s=96&d=mm&r=g","contentUrl":"https:\/\/secure.gravatar.com\/avatar\/1d3fc949d550f0b53a5f0d51e06dfd79?s=96&d=mm&r=g","caption":"admin"},"url":"https:\/\/www.prijedordanas.com\/?author=1"}]}},"_links":{"self":[{"href":"https:\/\/www.prijedordanas.com\/index.php?rest_route=\/wp\/v2\/posts\/129291"}],"collection":[{"href":"https:\/\/www.prijedordanas.com\/index.php?rest_route=\/wp\/v2\/posts"}],"about":[{"href":"https:\/\/www.prijedordanas.com\/index.php?rest_route=\/wp\/v2\/types\/post"}],"author":[{"embeddable":true,"href":"https:\/\/www.prijedordanas.com\/index.php?rest_route=\/wp\/v2\/users\/1"}],"replies":[{"embeddable":true,"href":"https:\/\/www.prijedordanas.com\/index.php?rest_route=%2Fwp%2Fv2%2Fcomments&post=129291"}],"version-history":[{"count":2,"href":"https:\/\/www.prijedordanas.com\/index.php?rest_route=\/wp\/v2\/posts\/129291\/revisions"}],"predecessor-version":[{"id":129326,"href":"https:\/\/www.prijedordanas.com\/index.php?rest_route=\/wp\/v2\/posts\/129291\/revisions\/129326"}],"wp:attachment":[{"href":"https:\/\/www.prijedordanas.com\/index.php?rest_route=%2Fwp%2Fv2%2Fmedia&parent=129291"}],"wp:term":[{"taxonomy":"category","embeddable":true,"href":"https:\/\/www.prijedordanas.com\/index.php?rest_route=%2Fwp%2Fv2%2Fcategories&post=129291"},{"taxonomy":"post_tag","embeddable":true,"href":"https:\/\/www.prijedordanas.com\/index.php?rest_route=%2Fwp%2Fv2%2Ftags&post=129291"}],"curies":[{"name":"wp","href":"https:\/\/api.w.org\/{rel}","templated":true}]}}