{"id":129004,"date":"2019-06-13T09:46:45","date_gmt":"2019-06-13T07:46:45","guid":{"rendered":"https:\/\/www.prijedordanas.com\/?p=129004"},"modified":"2019-06-13T09:46:45","modified_gmt":"2019-06-13T07:46:45","slug":"pdp-prijedor-deretic-doskorasnji-radikali-i-sds-obmanuli-javnost","status":"publish","type":"post","link":"https:\/\/www.prijedordanas.com\/?p=129004","title":{"rendered":"PDP PRIJEDOR-DERETIC\u0301: DOSKORA\u0160NJI RADIKALI I SDS OBMANULI JAVNOST"},"content":{"rendered":"<p><a href=\"https:\/\/www.prijedordanas.com\/wp-content\/uploads\/2019\/06\/pdp-prijedor-deretic-grabez-1.jpg\"><img loading=\"lazy\" decoding=\"async\" src=\"https:\/\/www.prijedordanas.com\/wp-content\/uploads\/2019\/06\/pdp-prijedor-deretic-grabez-1-300x222.jpg\" alt=\"\" width=\"300\" height=\"222\" class=\"alignleft size-medium wp-image-129005\" srcset=\"https:\/\/www.prijedordanas.com\/wp-content\/uploads\/2019\/06\/pdp-prijedor-deretic-grabez-1-300x222.jpg 300w, https:\/\/www.prijedordanas.com\/wp-content\/uploads\/2019\/06\/pdp-prijedor-deretic-grabez-1-100x74.jpg 100w, https:\/\/www.prijedordanas.com\/wp-content\/uploads\/2019\/06\/pdp-prijedor-deretic-grabez-1.jpg 675w\" sizes=\"(max-width: 300px) 100vw, 300px\" \/><\/a>Potpredsjednik Gradskog odbora PDP-a Prijedor i doskora\u0161nji visoki funkcioner Srpske radikalne stranke Republike Srpske Miodrag Deretic\u0301 izjavio je da je na konferenciji za novinare njegovih doskora\u0161njih partijskih saradnika i prijedorskog SDS-a izre\u010deno nekoliko neta\u010dnih konstatacija koje apsolutno ne odgovaraju \u010dinjeni\u010dnom stanju. <\/p>\n<p>-Nekorektno je navesti da sam ja ili neko drugi od kolega napustio stranku. Ja nisam napustio stranku. Ja sam po\u0161tovao samo odluke i ispo\u0161tovao odluke Glavnog odbora &#8211; rekao je Dereti\u0107 na konferenciji za novinare u Prijedoru, podsjec\u0301ajuc\u0301i da je odluku o zajedni\u010dkom politi\u010dkom djelovanju s PDP-om pod imenom PDP-a i odluku o zamrzavanju rada stranke do nekih boljih vremena donio Glavni odbor SRS Republike Srpske 12. maja ove godine sa 17 glasova za, \u0161est protiv i dva uzdr\u017eana. <\/p>\n<p>Deretic\u0301, koji je donedavni potpredsjednik SRS, \u010dlan Glavnog odbora SRS i predsjednik Gradskog odbora SRS Prijedor, istakao je da od tog datuma rad SRS vi\u0161e nije moguc\u0301. <\/p>\n<p><a href=\"https:\/\/www.prijedordanas.com\/wp-content\/uploads\/2019\/06\/pdp-prijedor-deretic-grabez-2.jpg\"><img loading=\"lazy\" decoding=\"async\" src=\"https:\/\/www.prijedordanas.com\/wp-content\/uploads\/2019\/06\/pdp-prijedor-deretic-grabez-2-300x222.jpg\" alt=\"\" width=\"300\" height=\"222\" class=\"alignleft size-medium wp-image-129006\" srcset=\"https:\/\/www.prijedordanas.com\/wp-content\/uploads\/2019\/06\/pdp-prijedor-deretic-grabez-2-300x222.jpg 300w, https:\/\/www.prijedordanas.com\/wp-content\/uploads\/2019\/06\/pdp-prijedor-deretic-grabez-2-100x74.jpg 100w, https:\/\/www.prijedordanas.com\/wp-content\/uploads\/2019\/06\/pdp-prijedor-deretic-grabez-2.jpg 675w\" sizes=\"(max-width: 300px) 100vw, 300px\" \/><\/a>-Ja dozvoljavam moguc\u0301nost da neko druga\u010dije misli i da se protivi ovakvim odlukama, ali ne mo\u017ee istupati u ime stranke koja vi\u0161e na politi\u010dkoj sceni ne postoji. Uva\u017eene kolege mogu nastaviti rad u SDS-u, mogu nastaviti rad u bilo kojoj drugoj politi\u010dkoj stranci, ali u stranci koja ima drugi naziv, jer ovo nije odluka Miodraga Deretic\u0301a ni Milanka Mihajlice niti ne znam koga drugog, nego najvi\u0161ih organa stranke &#8211; naglasio je Deretic\u0301. <\/p>\n<p>On je dodao da su prema odluci organa stranke pe\u010dati stranke vrac\u0301eni doskora\u0161njem predsjedniku radikala. <\/p>\n<p>-Puno je pitanja bilo oko toga da li mi uop\u0161te mo\u017eemo uc\u0301i u PDP s obzirom na na\u0161e politi\u010dke nazore. Nije bilo nikakvog razloga da mi ne prihvatimo ono \u0161to su nam kolege iz PDP-a nudili, a to je da c\u0301emo na korektan na\u010din moc\u0301i svoju politiku zastupati koju smo zastupali i do sada, na\u0161a politika je bila nacionalna, mo\u017eda malo vi\u0161e desno orijentisana u odnosu na PDP, ali to nije bio razlog da \u010dlanovi SRS uvijek ne glasaju za kandidate PDP-a za najvi\u0161e funkcije &#8211; zaklju\u010dio je Deretic\u0301. <\/p>\n<p>Predsjednik Gradskog odbora PDP-a Prijedor Dalibor Grabe\u017e najavio je da c\u0301e se uskoro ovoj partiji pridru\u017eiti nezadovoljni \u010dlanovi nekih drugih stranaka i pojedinci koji do sada nis bili politi\u010dki anga\u017eovani. <\/p>\n<p>-PDP je paritja ujedinjavanja i ukrupnjavanja politi\u010dke scene i \u017eelimo da otvorimo partiju za sve one pojedince, grupe ljudi i udru\u017eenja koji dijele na\u0161e politi\u010dke vrijednosti &#8211; poru\u010dio je Grabe\u017e. <\/p>\n<p>On je dodao da su u PDP-u u toku sabori gradskih i op\u0161tinskih odbora u cilju pripreme sabora PDP-a 28. septembra kada c\u0301e se birati novi glavni odbor i novo rukovodstvo partije i obilje\u017eiti 20 godina rada partije. <\/p>\n","protected":false},"excerpt":{"rendered":"<p>Potpredsjednik Gradskog odbora PDP-a Prijedor i doskora\u0161nji visoki funkcioner Srpske radikalne stranke Republike Srpske Miodrag Deretic\u0301 izjavio je da je na konferenciji za novinare njegovih doskora\u0161njih partijskih saradnika i prijedorskog [&hellip;]<\/p>\n","protected":false},"author":1,"featured_media":0,"comment_status":"closed","ping_status":"open","sticky":false,"template":"","format":"standard","meta":{"_monsterinsights_skip_tracking":false,"_monsterinsights_sitenote_active":false,"_monsterinsights_sitenote_note":"","_monsterinsights_sitenote_category":0,"footnotes":""},"categories":[8],"tags":[174],"yoast_head":"<!-- This site is optimized with the Yoast SEO plugin v21.6 - https:\/\/yoast.com\/wordpress\/plugins\/seo\/ -->\n<title>PDP PRIJEDOR-DERETIC\u0301: DOSKORA\u0160NJI RADIKALI I SDS OBMANULI JAVNOST - PrijedorDanas.com - Prijedorski gradski portal<\/title>\n<meta name=\"robots\" content=\"index, follow, max-snippet:-1, max-image-preview:large, max-video-preview:-1\" \/>\n<link rel=\"canonical\" href=\"https:\/\/www.prijedordanas.com\/?p=129004\" \/>\n<meta property=\"og:locale\" content=\"en_US\" \/>\n<meta property=\"og:type\" content=\"article\" \/>\n<meta property=\"og:title\" content=\"PDP PRIJEDOR-DERETIC\u0301: DOSKORA\u0160NJI RADIKALI I SDS OBMANULI JAVNOST - PrijedorDanas.com - Prijedorski gradski portal\" \/>\n<meta property=\"og:description\" content=\"Potpredsjednik Gradskog odbora PDP-a Prijedor i doskora\u0161nji visoki funkcioner Srpske radikalne stranke Republike Srpske Miodrag Deretic\u0301 izjavio je da je na konferenciji za novinare njegovih doskora\u0161njih partijskih saradnika i prijedorskog [&hellip;]\" \/>\n<meta property=\"og:url\" content=\"https:\/\/www.prijedordanas.com\/?p=129004\" \/>\n<meta property=\"og:site_name\" content=\"PrijedorDanas.com - Prijedorski gradski portal\" \/>\n<meta property=\"article:publisher\" content=\"https:\/\/www.facebook.com\/PrijedorDanasCom\/\" \/>\n<meta property=\"article:published_time\" content=\"2019-06-13T07:46:45+00:00\" \/>\n<meta property=\"og:image\" content=\"https:\/\/www.prijedordanas.com\/wp-content\/uploads\/2019\/06\/pdp-prijedor-deretic-grabez-1-300x222.jpg\" \/>\n<meta name=\"author\" content=\"admin\" \/>\n<meta name=\"twitter:card\" content=\"summary_large_image\" \/>\n<meta name=\"twitter:label1\" content=\"Written by\" \/>\n\t<meta name=\"twitter:data1\" content=\"admin\" \/>\n\t<meta name=\"twitter:label2\" content=\"Est. reading time\" \/>\n\t<meta name=\"twitter:data2\" content=\"2 minutes\" \/>\n<script type=\"application\/ld+json\" class=\"yoast-schema-graph\">{\"@context\":\"https:\/\/schema.org\",\"@graph\":[{\"@type\":\"Article\",\"@id\":\"https:\/\/www.prijedordanas.com\/?p=129004#article\",\"isPartOf\":{\"@id\":\"https:\/\/www.prijedordanas.com\/?p=129004\"},\"author\":{\"name\":\"admin\",\"@id\":\"https:\/\/www.prijedordanas.com\/#\/schema\/person\/4e08ccf29b506ca916ff86d46bb700e6\"},\"headline\":\"PDP PRIJEDOR-DERETIC\u0301: DOSKORA\u0160NJI RADIKALI I SDS OBMANULI JAVNOST\",\"datePublished\":\"2019-06-13T07:46:45+00:00\",\"dateModified\":\"2019-06-13T07:46:45+00:00\",\"mainEntityOfPage\":{\"@id\":\"https:\/\/www.prijedordanas.com\/?p=129004\"},\"wordCount\":476,\"publisher\":{\"@id\":\"https:\/\/www.prijedordanas.com\/#organization\"},\"keywords\":[\"PDP Prijedor\"],\"articleSection\":[\"Svakodnevno\"],\"inLanguage\":\"en-US\"},{\"@type\":\"WebPage\",\"@id\":\"https:\/\/www.prijedordanas.com\/?p=129004\",\"url\":\"https:\/\/www.prijedordanas.com\/?p=129004\",\"name\":\"PDP PRIJEDOR-DERETIC\u0301: DOSKORA\u0160NJI RADIKALI I SDS OBMANULI JAVNOST - PrijedorDanas.com - Prijedorski gradski portal\",\"isPartOf\":{\"@id\":\"https:\/\/www.prijedordanas.com\/#website\"},\"datePublished\":\"2019-06-13T07:46:45+00:00\",\"dateModified\":\"2019-06-13T07:46:45+00:00\",\"breadcrumb\":{\"@id\":\"https:\/\/www.prijedordanas.com\/?p=129004#breadcrumb\"},\"inLanguage\":\"en-US\",\"potentialAction\":[{\"@type\":\"ReadAction\",\"target\":[\"https:\/\/www.prijedordanas.com\/?p=129004\"]}]},{\"@type\":\"BreadcrumbList\",\"@id\":\"https:\/\/www.prijedordanas.com\/?p=129004#breadcrumb\",\"itemListElement\":[{\"@type\":\"ListItem\",\"position\":1,\"name\":\"Home\",\"item\":\"https:\/\/www.prijedordanas.com\/\"},{\"@type\":\"ListItem\",\"position\":2,\"name\":\"PDP PRIJEDOR-DERETIC\u0301: DOSKORA\u0160NJI RADIKALI I SDS OBMANULI JAVNOST\"}]},{\"@type\":\"WebSite\",\"@id\":\"https:\/\/www.prijedordanas.com\/#website\",\"url\":\"https:\/\/www.prijedordanas.com\/\",\"name\":\"PrijedorDanas.com - Prijedorski gradski portal\",\"description\":\"Portal o doga\u0111anjima u gradu Prijedoru\",\"publisher\":{\"@id\":\"https:\/\/www.prijedordanas.com\/#organization\"},\"potentialAction\":[{\"@type\":\"SearchAction\",\"target\":{\"@type\":\"EntryPoint\",\"urlTemplate\":\"https:\/\/www.prijedordanas.com\/?s={search_term_string}\"},\"query-input\":\"required name=search_term_string\"}],\"inLanguage\":\"en-US\"},{\"@type\":\"Organization\",\"@id\":\"https:\/\/www.prijedordanas.com\/#organization\",\"name\":\"PrijedorDanas.com\",\"url\":\"https:\/\/www.prijedordanas.com\/\",\"logo\":{\"@type\":\"ImageObject\",\"inLanguage\":\"en-US\",\"@id\":\"https:\/\/www.prijedordanas.com\/#\/schema\/logo\/image\/\",\"url\":\"http:\/\/www.prijedordanas.com\/wp-content\/uploads\/2021\/12\/logopng.png\",\"contentUrl\":\"http:\/\/www.prijedordanas.com\/wp-content\/uploads\/2021\/12\/logopng.png\",\"width\":1019,\"height\":776,\"caption\":\"PrijedorDanas.com\"},\"image\":{\"@id\":\"https:\/\/www.prijedordanas.com\/#\/schema\/logo\/image\/\"},\"sameAs\":[\"https:\/\/www.facebook.com\/PrijedorDanasCom\/\"]},{\"@type\":\"Person\",\"@id\":\"https:\/\/www.prijedordanas.com\/#\/schema\/person\/4e08ccf29b506ca916ff86d46bb700e6\",\"name\":\"admin\",\"image\":{\"@type\":\"ImageObject\",\"inLanguage\":\"en-US\",\"@id\":\"https:\/\/www.prijedordanas.com\/#\/schema\/person\/image\/\",\"url\":\"https:\/\/secure.gravatar.com\/avatar\/1d3fc949d550f0b53a5f0d51e06dfd79?s=96&d=mm&r=g\",\"contentUrl\":\"https:\/\/secure.gravatar.com\/avatar\/1d3fc949d550f0b53a5f0d51e06dfd79?s=96&d=mm&r=g\",\"caption\":\"admin\"},\"url\":\"https:\/\/www.prijedordanas.com\/?author=1\"}]}<\/script>\n<!-- \/ Yoast SEO plugin. -->","yoast_head_json":{"title":"PDP PRIJEDOR-DERETIC\u0301: DOSKORA\u0160NJI RADIKALI I SDS OBMANULI JAVNOST - PrijedorDanas.com - Prijedorski gradski portal","robots":{"index":"index","follow":"follow","max-snippet":"max-snippet:-1","max-image-preview":"max-image-preview:large","max-video-preview":"max-video-preview:-1"},"canonical":"https:\/\/www.prijedordanas.com\/?p=129004","og_locale":"en_US","og_type":"article","og_title":"PDP PRIJEDOR-DERETIC\u0301: DOSKORA\u0160NJI RADIKALI I SDS OBMANULI JAVNOST - PrijedorDanas.com - Prijedorski gradski portal","og_description":"Potpredsjednik Gradskog odbora PDP-a Prijedor i doskora\u0161nji visoki funkcioner Srpske radikalne stranke Republike Srpske Miodrag Deretic\u0301 izjavio je da je na konferenciji za novinare njegovih doskora\u0161njih partijskih saradnika i prijedorskog [&hellip;]","og_url":"https:\/\/www.prijedordanas.com\/?p=129004","og_site_name":"PrijedorDanas.com - Prijedorski gradski portal","article_publisher":"https:\/\/www.facebook.com\/PrijedorDanasCom\/","article_published_time":"2019-06-13T07:46:45+00:00","og_image":[{"url":"https:\/\/www.prijedordanas.com\/wp-content\/uploads\/2019\/06\/pdp-prijedor-deretic-grabez-1-300x222.jpg"}],"author":"admin","twitter_card":"summary_large_image","twitter_misc":{"Written by":"admin","Est. reading time":"2 minutes"},"schema":{"@context":"https:\/\/schema.org","@graph":[{"@type":"Article","@id":"https:\/\/www.prijedordanas.com\/?p=129004#article","isPartOf":{"@id":"https:\/\/www.prijedordanas.com\/?p=129004"},"author":{"name":"admin","@id":"https:\/\/www.prijedordanas.com\/#\/schema\/person\/4e08ccf29b506ca916ff86d46bb700e6"},"headline":"PDP PRIJEDOR-DERETIC\u0301: DOSKORA\u0160NJI RADIKALI I SDS OBMANULI JAVNOST","datePublished":"2019-06-13T07:46:45+00:00","dateModified":"2019-06-13T07:46:45+00:00","mainEntityOfPage":{"@id":"https:\/\/www.prijedordanas.com\/?p=129004"},"wordCount":476,"publisher":{"@id":"https:\/\/www.prijedordanas.com\/#organization"},"keywords":["PDP Prijedor"],"articleSection":["Svakodnevno"],"inLanguage":"en-US"},{"@type":"WebPage","@id":"https:\/\/www.prijedordanas.com\/?p=129004","url":"https:\/\/www.prijedordanas.com\/?p=129004","name":"PDP PRIJEDOR-DERETIC\u0301: DOSKORA\u0160NJI RADIKALI I SDS OBMANULI JAVNOST - PrijedorDanas.com - Prijedorski gradski portal","isPartOf":{"@id":"https:\/\/www.prijedordanas.com\/#website"},"datePublished":"2019-06-13T07:46:45+00:00","dateModified":"2019-06-13T07:46:45+00:00","breadcrumb":{"@id":"https:\/\/www.prijedordanas.com\/?p=129004#breadcrumb"},"inLanguage":"en-US","potentialAction":[{"@type":"ReadAction","target":["https:\/\/www.prijedordanas.com\/?p=129004"]}]},{"@type":"BreadcrumbList","@id":"https:\/\/www.prijedordanas.com\/?p=129004#breadcrumb","itemListElement":[{"@type":"ListItem","position":1,"name":"Home","item":"https:\/\/www.prijedordanas.com\/"},{"@type":"ListItem","position":2,"name":"PDP PRIJEDOR-DERETIC\u0301: DOSKORA\u0160NJI RADIKALI I SDS OBMANULI JAVNOST"}]},{"@type":"WebSite","@id":"https:\/\/www.prijedordanas.com\/#website","url":"https:\/\/www.prijedordanas.com\/","name":"PrijedorDanas.com - Prijedorski gradski portal","description":"Portal o doga\u0111anjima u gradu Prijedoru","publisher":{"@id":"https:\/\/www.prijedordanas.com\/#organization"},"potentialAction":[{"@type":"SearchAction","target":{"@type":"EntryPoint","urlTemplate":"https:\/\/www.prijedordanas.com\/?s={search_term_string}"},"query-input":"required name=search_term_string"}],"inLanguage":"en-US"},{"@type":"Organization","@id":"https:\/\/www.prijedordanas.com\/#organization","name":"PrijedorDanas.com","url":"https:\/\/www.prijedordanas.com\/","logo":{"@type":"ImageObject","inLanguage":"en-US","@id":"https:\/\/www.prijedordanas.com\/#\/schema\/logo\/image\/","url":"http:\/\/www.prijedordanas.com\/wp-content\/uploads\/2021\/12\/logopng.png","contentUrl":"http:\/\/www.prijedordanas.com\/wp-content\/uploads\/2021\/12\/logopng.png","width":1019,"height":776,"caption":"PrijedorDanas.com"},"image":{"@id":"https:\/\/www.prijedordanas.com\/#\/schema\/logo\/image\/"},"sameAs":["https:\/\/www.facebook.com\/PrijedorDanasCom\/"]},{"@type":"Person","@id":"https:\/\/www.prijedordanas.com\/#\/schema\/person\/4e08ccf29b506ca916ff86d46bb700e6","name":"admin","image":{"@type":"ImageObject","inLanguage":"en-US","@id":"https:\/\/www.prijedordanas.com\/#\/schema\/person\/image\/","url":"https:\/\/secure.gravatar.com\/avatar\/1d3fc949d550f0b53a5f0d51e06dfd79?s=96&d=mm&r=g","contentUrl":"https:\/\/secure.gravatar.com\/avatar\/1d3fc949d550f0b53a5f0d51e06dfd79?s=96&d=mm&r=g","caption":"admin"},"url":"https:\/\/www.prijedordanas.com\/?author=1"}]}},"_links":{"self":[{"href":"https:\/\/www.prijedordanas.com\/index.php?rest_route=\/wp\/v2\/posts\/129004"}],"collection":[{"href":"https:\/\/www.prijedordanas.com\/index.php?rest_route=\/wp\/v2\/posts"}],"about":[{"href":"https:\/\/www.prijedordanas.com\/index.php?rest_route=\/wp\/v2\/types\/post"}],"author":[{"embeddable":true,"href":"https:\/\/www.prijedordanas.com\/index.php?rest_route=\/wp\/v2\/users\/1"}],"replies":[{"embeddable":true,"href":"https:\/\/www.prijedordanas.com\/index.php?rest_route=%2Fwp%2Fv2%2Fcomments&post=129004"}],"version-history":[{"count":1,"href":"https:\/\/www.prijedordanas.com\/index.php?rest_route=\/wp\/v2\/posts\/129004\/revisions"}],"predecessor-version":[{"id":129007,"href":"https:\/\/www.prijedordanas.com\/index.php?rest_route=\/wp\/v2\/posts\/129004\/revisions\/129007"}],"wp:attachment":[{"href":"https:\/\/www.prijedordanas.com\/index.php?rest_route=%2Fwp%2Fv2%2Fmedia&parent=129004"}],"wp:term":[{"taxonomy":"category","embeddable":true,"href":"https:\/\/www.prijedordanas.com\/index.php?rest_route=%2Fwp%2Fv2%2Fcategories&post=129004"},{"taxonomy":"post_tag","embeddable":true,"href":"https:\/\/www.prijedordanas.com\/index.php?rest_route=%2Fwp%2Fv2%2Ftags&post=129004"}],"curies":[{"name":"wp","href":"https:\/\/api.w.org\/{rel}","templated":true}]}}