{"id":128968,"date":"2019-06-12T12:19:34","date_gmt":"2019-06-12T10:19:34","guid":{"rendered":"https:\/\/www.prijedordanas.com\/?p=128968"},"modified":"2019-06-12T12:19:34","modified_gmt":"2019-06-12T10:19:34","slug":"pocelo-odbrojavanje-pred-3-nektar-puls-fest-na-kozaru-stizu-velika-regionalna-muzicka-imena","status":"publish","type":"post","link":"https:\/\/www.prijedordanas.com\/?p=128968","title":{"rendered":"PO\u010cELO ODBROJAVANJE PRED 3. NEKTAR PULS FEST: NA KOZARU STI\u017dU VELIKA REGIONALNA MUZI\u010cKA IMENA"},"content":{"rendered":"<p><a href=\"https:\/\/www.prijedordanas.com\/wp-content\/uploads\/2019\/06\/nektar-puls-fest-plakat.jpg\"><img loading=\"lazy\" decoding=\"async\" src=\"https:\/\/www.prijedordanas.com\/wp-content\/uploads\/2019\/06\/nektar-puls-fest-plakat-212x300.jpg\" alt=\"\" width=\"212\" height=\"300\" class=\"alignleft size-medium wp-image-128969\" srcset=\"https:\/\/www.prijedordanas.com\/wp-content\/uploads\/2019\/06\/nektar-puls-fest-plakat-212x300.jpg 212w, https:\/\/www.prijedordanas.com\/wp-content\/uploads\/2019\/06\/nektar-puls-fest-plakat-71x100.jpg 71w, https:\/\/www.prijedordanas.com\/wp-content\/uploads\/2019\/06\/nektar-puls-fest-plakat.jpg 453w\" sizes=\"(max-width: 212px) 100vw, 212px\" \/><\/a>Po\u010delo je odbrojavanje pred tre\u0107e izdanje Puls Festa na Kozari.<\/p>\n<p>Jo\u0161 samo 16 dana je preostalo do po\u010detka festival koji \u0107e na kraji\u0161koj ljepotici oku\u0161piti velika regionalna muzi\u010dka imena.<\/p>\n<p>Ukoliko niste odlu\u010dili \u0161ta da radite od 28. do 30. juna, mi vam preporu\u010dujemo dolazak na Nektar Puls fest.<\/p>\n<p>Mo\u017eete da u\u017eivate u prirodi koja oduzima dah a za vas \u0107e nastupiti Elektri\u010dni Orgazam, Partibrejkersi, Kerber, Unfluid, Balkan Express, Kepa &#038; Free Spirits (SMAK), S.A.R.S. i Psihomodo Pop.<\/p>\n<p>Kvalitetna hrana i pi\u0107e, besplatan kamp sa oko 10.000 mjesta, dostupan i obezbje\u0111en i tako\u0111e besplatan parking za oko 5.000 automobila, organizovan prevoz na Kozaru, te bezvremenski hitovi poznatih regionalnih muzi\u010dara garantuju vrhunski ugo\u0111aj i dva dana dobre zabave.<\/p>\n<p>-Posebnu dobrodo\u0161licu 28. juna, Nektar Puls Fest \u0107e prirediti svim bajkerima, za koje je obezbije\u0111en i advekvatan parking prostor i druge pogodnosti. Ovogodi\u0161nji partner u organizaciji je Moto klub \u201eOtpisani\u201c iz Prijedora\u201d, saop\u0161tili su organizatori.<\/p>\n<p>Festivalske ulaznice po cijeni od 15 KM (jednodnevna) i 25 KM (dvodnevna) su u prodaji putem servisa www.kupikartu.ba.<\/p>\n<p>Informacije o paketima, ulaznicama i prodajnim mjestima su na dru\u0161tvenim mre\u017eama i na www.pulsfest.com.<\/p>\n<p>Osjeti puls prirode, zvuka i okusa \u2013 do\u0111i 28. i 29. juna 2019. u NP Kozara!<\/p>\n","protected":false},"excerpt":{"rendered":"<p>Po\u010delo je odbrojavanje pred tre\u0107e izdanje Puls Festa na Kozari. Jo\u0161 samo 16 dana je preostalo do po\u010detka festival koji \u0107e na kraji\u0161koj ljepotici oku\u0161piti velika regionalna muzi\u010dka imena. Ukoliko [&hellip;]<\/p>\n","protected":false},"author":1,"featured_media":0,"comment_status":"closed","ping_status":"open","sticky":false,"template":"","format":"standard","meta":{"_monsterinsights_skip_tracking":false,"_monsterinsights_sitenote_active":false,"_monsterinsights_sitenote_note":"","_monsterinsights_sitenote_category":0,"footnotes":""},"categories":[4],"tags":[10841],"yoast_head":"<!-- This site is optimized with the Yoast SEO plugin v21.6 - https:\/\/yoast.com\/wordpress\/plugins\/seo\/ -->\n<title>PO\u010cELO ODBROJAVANJE PRED 3. NEKTAR PULS FEST: NA KOZARU STI\u017dU VELIKA REGIONALNA MUZI\u010cKA IMENA - PrijedorDanas.com - Prijedorski gradski portal<\/title>\n<meta name=\"robots\" content=\"index, follow, max-snippet:-1, max-image-preview:large, max-video-preview:-1\" \/>\n<link rel=\"canonical\" href=\"https:\/\/www.prijedordanas.com\/?p=128968\" \/>\n<meta property=\"og:locale\" content=\"en_US\" \/>\n<meta property=\"og:type\" content=\"article\" \/>\n<meta property=\"og:title\" content=\"PO\u010cELO ODBROJAVANJE PRED 3. NEKTAR PULS FEST: NA KOZARU STI\u017dU VELIKA REGIONALNA MUZI\u010cKA IMENA - PrijedorDanas.com - Prijedorski gradski portal\" \/>\n<meta property=\"og:description\" content=\"Po\u010delo je odbrojavanje pred tre\u0107e izdanje Puls Festa na Kozari. Jo\u0161 samo 16 dana je preostalo do po\u010detka festival koji \u0107e na kraji\u0161koj ljepotici oku\u0161piti velika regionalna muzi\u010dka imena. Ukoliko [&hellip;]\" \/>\n<meta property=\"og:url\" content=\"https:\/\/www.prijedordanas.com\/?p=128968\" \/>\n<meta property=\"og:site_name\" content=\"PrijedorDanas.com - Prijedorski gradski portal\" \/>\n<meta property=\"article:publisher\" content=\"https:\/\/www.facebook.com\/PrijedorDanasCom\/\" \/>\n<meta property=\"article:published_time\" content=\"2019-06-12T10:19:34+00:00\" \/>\n<meta property=\"og:image\" content=\"https:\/\/www.prijedordanas.com\/wp-content\/uploads\/2019\/06\/nektar-puls-fest-plakat-212x300.jpg\" \/>\n<meta name=\"author\" content=\"admin\" \/>\n<meta name=\"twitter:card\" content=\"summary_large_image\" \/>\n<meta name=\"twitter:label1\" content=\"Written by\" \/>\n\t<meta name=\"twitter:data1\" content=\"admin\" \/>\n\t<meta name=\"twitter:label2\" content=\"Est. reading time\" \/>\n\t<meta name=\"twitter:data2\" content=\"1 minute\" \/>\n<script type=\"application\/ld+json\" class=\"yoast-schema-graph\">{\"@context\":\"https:\/\/schema.org\",\"@graph\":[{\"@type\":\"Article\",\"@id\":\"https:\/\/www.prijedordanas.com\/?p=128968#article\",\"isPartOf\":{\"@id\":\"https:\/\/www.prijedordanas.com\/?p=128968\"},\"author\":{\"name\":\"admin\",\"@id\":\"https:\/\/www.prijedordanas.com\/#\/schema\/person\/4e08ccf29b506ca916ff86d46bb700e6\"},\"headline\":\"PO\u010cELO ODBROJAVANJE PRED 3. NEKTAR PULS FEST: NA KOZARU STI\u017dU VELIKA REGIONALNA MUZI\u010cKA IMENA\",\"datePublished\":\"2019-06-12T10:19:34+00:00\",\"dateModified\":\"2019-06-12T10:19:34+00:00\",\"mainEntityOfPage\":{\"@id\":\"https:\/\/www.prijedordanas.com\/?p=128968\"},\"wordCount\":232,\"publisher\":{\"@id\":\"https:\/\/www.prijedordanas.com\/#organization\"},\"keywords\":[\"Nektar Puls Fest\"],\"articleSection\":[\"Dru\u0161tvo\"],\"inLanguage\":\"en-US\"},{\"@type\":\"WebPage\",\"@id\":\"https:\/\/www.prijedordanas.com\/?p=128968\",\"url\":\"https:\/\/www.prijedordanas.com\/?p=128968\",\"name\":\"PO\u010cELO ODBROJAVANJE PRED 3. NEKTAR PULS FEST: NA KOZARU STI\u017dU VELIKA REGIONALNA MUZI\u010cKA IMENA - PrijedorDanas.com - Prijedorski gradski portal\",\"isPartOf\":{\"@id\":\"https:\/\/www.prijedordanas.com\/#website\"},\"datePublished\":\"2019-06-12T10:19:34+00:00\",\"dateModified\":\"2019-06-12T10:19:34+00:00\",\"breadcrumb\":{\"@id\":\"https:\/\/www.prijedordanas.com\/?p=128968#breadcrumb\"},\"inLanguage\":\"en-US\",\"potentialAction\":[{\"@type\":\"ReadAction\",\"target\":[\"https:\/\/www.prijedordanas.com\/?p=128968\"]}]},{\"@type\":\"BreadcrumbList\",\"@id\":\"https:\/\/www.prijedordanas.com\/?p=128968#breadcrumb\",\"itemListElement\":[{\"@type\":\"ListItem\",\"position\":1,\"name\":\"Home\",\"item\":\"https:\/\/www.prijedordanas.com\/\"},{\"@type\":\"ListItem\",\"position\":2,\"name\":\"PO\u010cELO ODBROJAVANJE PRED 3. NEKTAR PULS FEST: NA KOZARU STI\u017dU VELIKA REGIONALNA MUZI\u010cKA IMENA\"}]},{\"@type\":\"WebSite\",\"@id\":\"https:\/\/www.prijedordanas.com\/#website\",\"url\":\"https:\/\/www.prijedordanas.com\/\",\"name\":\"PrijedorDanas.com - Prijedorski gradski portal\",\"description\":\"Portal o doga\u0111anjima u gradu Prijedoru\",\"publisher\":{\"@id\":\"https:\/\/www.prijedordanas.com\/#organization\"},\"potentialAction\":[{\"@type\":\"SearchAction\",\"target\":{\"@type\":\"EntryPoint\",\"urlTemplate\":\"https:\/\/www.prijedordanas.com\/?s={search_term_string}\"},\"query-input\":\"required name=search_term_string\"}],\"inLanguage\":\"en-US\"},{\"@type\":\"Organization\",\"@id\":\"https:\/\/www.prijedordanas.com\/#organization\",\"name\":\"PrijedorDanas.com\",\"url\":\"https:\/\/www.prijedordanas.com\/\",\"logo\":{\"@type\":\"ImageObject\",\"inLanguage\":\"en-US\",\"@id\":\"https:\/\/www.prijedordanas.com\/#\/schema\/logo\/image\/\",\"url\":\"http:\/\/www.prijedordanas.com\/wp-content\/uploads\/2021\/12\/logopng.png\",\"contentUrl\":\"http:\/\/www.prijedordanas.com\/wp-content\/uploads\/2021\/12\/logopng.png\",\"width\":1019,\"height\":776,\"caption\":\"PrijedorDanas.com\"},\"image\":{\"@id\":\"https:\/\/www.prijedordanas.com\/#\/schema\/logo\/image\/\"},\"sameAs\":[\"https:\/\/www.facebook.com\/PrijedorDanasCom\/\"]},{\"@type\":\"Person\",\"@id\":\"https:\/\/www.prijedordanas.com\/#\/schema\/person\/4e08ccf29b506ca916ff86d46bb700e6\",\"name\":\"admin\",\"image\":{\"@type\":\"ImageObject\",\"inLanguage\":\"en-US\",\"@id\":\"https:\/\/www.prijedordanas.com\/#\/schema\/person\/image\/\",\"url\":\"https:\/\/secure.gravatar.com\/avatar\/1d3fc949d550f0b53a5f0d51e06dfd79?s=96&d=mm&r=g\",\"contentUrl\":\"https:\/\/secure.gravatar.com\/avatar\/1d3fc949d550f0b53a5f0d51e06dfd79?s=96&d=mm&r=g\",\"caption\":\"admin\"},\"url\":\"https:\/\/www.prijedordanas.com\/?author=1\"}]}<\/script>\n<!-- \/ Yoast SEO plugin. -->","yoast_head_json":{"title":"PO\u010cELO ODBROJAVANJE PRED 3. NEKTAR PULS FEST: NA KOZARU STI\u017dU VELIKA REGIONALNA MUZI\u010cKA IMENA - PrijedorDanas.com - Prijedorski gradski portal","robots":{"index":"index","follow":"follow","max-snippet":"max-snippet:-1","max-image-preview":"max-image-preview:large","max-video-preview":"max-video-preview:-1"},"canonical":"https:\/\/www.prijedordanas.com\/?p=128968","og_locale":"en_US","og_type":"article","og_title":"PO\u010cELO ODBROJAVANJE PRED 3. NEKTAR PULS FEST: NA KOZARU STI\u017dU VELIKA REGIONALNA MUZI\u010cKA IMENA - PrijedorDanas.com - Prijedorski gradski portal","og_description":"Po\u010delo je odbrojavanje pred tre\u0107e izdanje Puls Festa na Kozari. Jo\u0161 samo 16 dana je preostalo do po\u010detka festival koji \u0107e na kraji\u0161koj ljepotici oku\u0161piti velika regionalna muzi\u010dka imena. Ukoliko [&hellip;]","og_url":"https:\/\/www.prijedordanas.com\/?p=128968","og_site_name":"PrijedorDanas.com - Prijedorski gradski portal","article_publisher":"https:\/\/www.facebook.com\/PrijedorDanasCom\/","article_published_time":"2019-06-12T10:19:34+00:00","og_image":[{"url":"https:\/\/www.prijedordanas.com\/wp-content\/uploads\/2019\/06\/nektar-puls-fest-plakat-212x300.jpg"}],"author":"admin","twitter_card":"summary_large_image","twitter_misc":{"Written by":"admin","Est. reading time":"1 minute"},"schema":{"@context":"https:\/\/schema.org","@graph":[{"@type":"Article","@id":"https:\/\/www.prijedordanas.com\/?p=128968#article","isPartOf":{"@id":"https:\/\/www.prijedordanas.com\/?p=128968"},"author":{"name":"admin","@id":"https:\/\/www.prijedordanas.com\/#\/schema\/person\/4e08ccf29b506ca916ff86d46bb700e6"},"headline":"PO\u010cELO ODBROJAVANJE PRED 3. NEKTAR PULS FEST: NA KOZARU STI\u017dU VELIKA REGIONALNA MUZI\u010cKA IMENA","datePublished":"2019-06-12T10:19:34+00:00","dateModified":"2019-06-12T10:19:34+00:00","mainEntityOfPage":{"@id":"https:\/\/www.prijedordanas.com\/?p=128968"},"wordCount":232,"publisher":{"@id":"https:\/\/www.prijedordanas.com\/#organization"},"keywords":["Nektar Puls Fest"],"articleSection":["Dru\u0161tvo"],"inLanguage":"en-US"},{"@type":"WebPage","@id":"https:\/\/www.prijedordanas.com\/?p=128968","url":"https:\/\/www.prijedordanas.com\/?p=128968","name":"PO\u010cELO ODBROJAVANJE PRED 3. NEKTAR PULS FEST: NA KOZARU STI\u017dU VELIKA REGIONALNA MUZI\u010cKA IMENA - PrijedorDanas.com - Prijedorski gradski portal","isPartOf":{"@id":"https:\/\/www.prijedordanas.com\/#website"},"datePublished":"2019-06-12T10:19:34+00:00","dateModified":"2019-06-12T10:19:34+00:00","breadcrumb":{"@id":"https:\/\/www.prijedordanas.com\/?p=128968#breadcrumb"},"inLanguage":"en-US","potentialAction":[{"@type":"ReadAction","target":["https:\/\/www.prijedordanas.com\/?p=128968"]}]},{"@type":"BreadcrumbList","@id":"https:\/\/www.prijedordanas.com\/?p=128968#breadcrumb","itemListElement":[{"@type":"ListItem","position":1,"name":"Home","item":"https:\/\/www.prijedordanas.com\/"},{"@type":"ListItem","position":2,"name":"PO\u010cELO ODBROJAVANJE PRED 3. NEKTAR PULS FEST: NA KOZARU STI\u017dU VELIKA REGIONALNA MUZI\u010cKA IMENA"}]},{"@type":"WebSite","@id":"https:\/\/www.prijedordanas.com\/#website","url":"https:\/\/www.prijedordanas.com\/","name":"PrijedorDanas.com - Prijedorski gradski portal","description":"Portal o doga\u0111anjima u gradu Prijedoru","publisher":{"@id":"https:\/\/www.prijedordanas.com\/#organization"},"potentialAction":[{"@type":"SearchAction","target":{"@type":"EntryPoint","urlTemplate":"https:\/\/www.prijedordanas.com\/?s={search_term_string}"},"query-input":"required name=search_term_string"}],"inLanguage":"en-US"},{"@type":"Organization","@id":"https:\/\/www.prijedordanas.com\/#organization","name":"PrijedorDanas.com","url":"https:\/\/www.prijedordanas.com\/","logo":{"@type":"ImageObject","inLanguage":"en-US","@id":"https:\/\/www.prijedordanas.com\/#\/schema\/logo\/image\/","url":"http:\/\/www.prijedordanas.com\/wp-content\/uploads\/2021\/12\/logopng.png","contentUrl":"http:\/\/www.prijedordanas.com\/wp-content\/uploads\/2021\/12\/logopng.png","width":1019,"height":776,"caption":"PrijedorDanas.com"},"image":{"@id":"https:\/\/www.prijedordanas.com\/#\/schema\/logo\/image\/"},"sameAs":["https:\/\/www.facebook.com\/PrijedorDanasCom\/"]},{"@type":"Person","@id":"https:\/\/www.prijedordanas.com\/#\/schema\/person\/4e08ccf29b506ca916ff86d46bb700e6","name":"admin","image":{"@type":"ImageObject","inLanguage":"en-US","@id":"https:\/\/www.prijedordanas.com\/#\/schema\/person\/image\/","url":"https:\/\/secure.gravatar.com\/avatar\/1d3fc949d550f0b53a5f0d51e06dfd79?s=96&d=mm&r=g","contentUrl":"https:\/\/secure.gravatar.com\/avatar\/1d3fc949d550f0b53a5f0d51e06dfd79?s=96&d=mm&r=g","caption":"admin"},"url":"https:\/\/www.prijedordanas.com\/?author=1"}]}},"_links":{"self":[{"href":"https:\/\/www.prijedordanas.com\/index.php?rest_route=\/wp\/v2\/posts\/128968"}],"collection":[{"href":"https:\/\/www.prijedordanas.com\/index.php?rest_route=\/wp\/v2\/posts"}],"about":[{"href":"https:\/\/www.prijedordanas.com\/index.php?rest_route=\/wp\/v2\/types\/post"}],"author":[{"embeddable":true,"href":"https:\/\/www.prijedordanas.com\/index.php?rest_route=\/wp\/v2\/users\/1"}],"replies":[{"embeddable":true,"href":"https:\/\/www.prijedordanas.com\/index.php?rest_route=%2Fwp%2Fv2%2Fcomments&post=128968"}],"version-history":[{"count":1,"href":"https:\/\/www.prijedordanas.com\/index.php?rest_route=\/wp\/v2\/posts\/128968\/revisions"}],"predecessor-version":[{"id":128970,"href":"https:\/\/www.prijedordanas.com\/index.php?rest_route=\/wp\/v2\/posts\/128968\/revisions\/128970"}],"wp:attachment":[{"href":"https:\/\/www.prijedordanas.com\/index.php?rest_route=%2Fwp%2Fv2%2Fmedia&parent=128968"}],"wp:term":[{"taxonomy":"category","embeddable":true,"href":"https:\/\/www.prijedordanas.com\/index.php?rest_route=%2Fwp%2Fv2%2Fcategories&post=128968"},{"taxonomy":"post_tag","embeddable":true,"href":"https:\/\/www.prijedordanas.com\/index.php?rest_route=%2Fwp%2Fv2%2Ftags&post=128968"}],"curies":[{"name":"wp","href":"https:\/\/api.w.org\/{rel}","templated":true}]}}