{"id":128925,"date":"2019-06-11T13:57:19","date_gmt":"2019-06-11T11:57:19","guid":{"rendered":"https:\/\/www.prijedordanas.com\/?p=128925"},"modified":"2019-06-11T13:57:19","modified_gmt":"2019-06-11T11:57:19","slug":"pu-prijedor-u-maju-registrovan-101-migrant","status":"publish","type":"post","link":"https:\/\/www.prijedordanas.com\/?p=128925","title":{"rendered":"PU PRIJEDOR: U MAJU REGISTROVAN 101 MIGRANT"},"content":{"rendered":"<p><a href=\"https:\/\/www.prijedordanas.com\/wp-content\/uploads\/2019\/02\/migranti.jpg\"><img loading=\"lazy\" decoding=\"async\" src=\"https:\/\/www.prijedordanas.com\/wp-content\/uploads\/2019\/02\/migranti-300x245.jpg\" alt=\"\" width=\"300\" height=\"245\" class=\"alignleft size-medium wp-image-122120\" srcset=\"https:\/\/www.prijedordanas.com\/wp-content\/uploads\/2019\/02\/migranti-300x245.jpg 300w, https:\/\/www.prijedordanas.com\/wp-content\/uploads\/2019\/02\/migranti-100x82.jpg 100w, https:\/\/www.prijedordanas.com\/wp-content\/uploads\/2019\/02\/migranti.jpg 611w\" sizes=\"(max-width: 300px) 100vw, 300px\" \/><\/a>Na redovnoj konferenciji za novinare koja je danas odr\u017eana u Policijskoj upravi Prijedor, rezultate radaza mjesec maj teku\u0107e godine, prezentovali su na\u010delnik Policijske uprave Prijedor Sretoja Vujanovi\u0107, na\u010delnik Sektora kriminalisti\u010dke policije Goran Mikanovi\u0107i na\u010delnik Sektora policije Mario Mila\u0161in.<\/p>\n<p>Na\u010delnik Vujanovi\u0107 je naveo da je na podru\u010dju koje operativno pokriva Policijska uprava Prijedor, u maju mjesecu odr\u017eano zadovoljavaju\u0107i bezbjednosni ambijent, te je da nije bilo evidentiranih te\u017eih krivi\u010dnih djela ili doga\u0111aja \u010dije izvr\u0161enje bi izazvalo bitnije uznemirenje gra\u0111ana.<\/p>\n<p>Tokom maja mjeseca ukupno je evidentirano 80 krivi\u010dnih djela, \u0161to je 20% vi\u0161e nego u istom periodu pro\u0161le godine. Od strane nepoznatog izvr\u0161ioca izvr\u0161ena su 33 krivi\u010dna djela ili 41% od ukupnog broja evidentiranih.<\/p>\n<p>Broj krivi\u010dnih djela protiv imovine je identi\u010dan pro\u0161logodi\u0161njem, ali je naveo da su u mjesecu maju evidentirana dva krivi\u010dna djela razbojni\u0161tvo, \u0161to nije bio slu\u010daj u izvje\u0161tajnom periodu pro\u0161le godine. <\/p>\n<p><a href=\"https:\/\/www.prijedordanas.com\/wp-content\/uploads\/2019\/06\/pu-prijedor-pres-juni.jpg\"><img loading=\"lazy\" decoding=\"async\" src=\"https:\/\/www.prijedordanas.com\/wp-content\/uploads\/2019\/06\/pu-prijedor-pres-juni-300x228.jpg\" alt=\"\" width=\"300\" height=\"228\" class=\"alignleft size-medium wp-image-128926\" srcset=\"https:\/\/www.prijedordanas.com\/wp-content\/uploads\/2019\/06\/pu-prijedor-pres-juni-300x228.jpg 300w, https:\/\/www.prijedordanas.com\/wp-content\/uploads\/2019\/06\/pu-prijedor-pres-juni-100x76.jpg 100w, https:\/\/www.prijedordanas.com\/wp-content\/uploads\/2019\/06\/pu-prijedor-pres-juni.jpg 657w\" sizes=\"(max-width: 300px) 100vw, 300px\" \/><\/a>Na\u010delnik je izdvojio KD Razbojni\u0161tvo izvr\u0161eno dana 20.05.2019. godine, na podru\u010dju grada Prijedor, gdje su \u017ertve bili \u010detiri dr\u017eavljanina Republike Turske. Tom prilikom je na osnovu operativnog rada identifikovanio \u0161est lica koja se dovode u vezu sa izvr\u0161enjem navedenog djela. Radi se o \u010detiri lica sa podru\u010dja Prijedora, te po jedno lice sa podru\u010dja Banja Luke i Novog Grada. Pod nadzorom postupaju\u0107eg tu\u017eioca prikupljeni su materijalni dokazi koji ukazuju na osnov sumnje da su pomenuta lica izvr\u0161ila predmetno KD.<\/p>\n<p>Tokom proteklog mjeseca ukupno je evidentiran i kontrolisan 101 migrant (pro\u0161le godine 15) a najve\u0107i broj migranata je kontrolisan na podru\u010dju PS Kozarska Dubica (51). Tako\u0111e, je napomenuo da su evidentirana dva KD Krijum\u010darenje lica dok su izvr\u0161ioci dva lica sa podru\u010dja FBIH.      <\/p>\n<p>Navedena lica su kontrolisana na podru\u010dju op\u0161tine Kostajnica, a tom prilikom su od istih oduzeti predmeti koji pogoduju izvr\u0161enju. Nadle\u017enom Tu\u017eila\u0161tvu BiH bi\u0107e dostavljen izvje\u0161taj zbog postojanja osnova sumnje da su izvr\u0161ili navedena KD.<\/p>\n<p>Stanje javnog reda ocijenio kao stabilno. Svi javni skupovi u maju mjesecu su provedeni u skladu sa najavama organizatora, a tokom obilje\u017eavanja maturskih proslava, nije dolazilo do zna\u010dajnijeg naru\u0161avanja javnog reda i mira, naru\u0161avanja zdravstvenog stanja ili de\u0161avanja saobra\u0107ajnih nezgoda, kao posljedice prekomjernog konzumiranja alkohola.<\/p>\n<p>Na\u010delnik Mikanovi\u0107 rekao je da je u toku mjeseca maja od ukupnog brojaevidentiranih krivi\u010dnih  djela 66iz oblasti op\u0161teg kriminaliteta, sedam KD privrednog kriminaliteta, tri iz oblasti zloupotrebe opojnih droga, te \u010detiri KD iz oblasti bezbjednosti saobra\u0107aja.<\/p>\n<p>Od ukupnog broja evidentiranih KD33 su po\u010dinjena od strane nepoznatog izvr\u0161ioca, a rasvjetljeno ih je 25. Nadle\u017enom tu\u017eila\u0161tvu su podnesena 73 izvje\u0161taja o po\u010dinjenim KD protiv 77 lica, od kojih su 30 povratnici u vr\u0161enju KD kao i jedan maloljetni izvr\u0161ilac krivi\u010dnog djela.<\/p>\n<p>Rasvjetljenost po nepoznatom izvr\u0161iocu iznosi 73,5%, dok je ukupna rasvjetljenost KD  88,9 %.<\/p>\n<p>Iz oblasti privrednog kriminalitetaevidentirano je sedam krivi\u010dnih djela a pri\u010dinjena materijalna \u0161teta nastala izvr\u0161enjem ovih djela iznosi oko 28.000 KM a protivpravno ste\u010dena imovinska korist iznosi oko 40.000 KM.U izvje\u0161tajnom periodu iz oblasti zloupotrebe opojnih droga nadle\u017enom tu\u017eila\u0161tvu podnesena sutri izvje\u0161taja o po\u010dinjenim KD idva zahtjeva za pokretanje prekr\u0161ajnog postupka protiv lica koja su po\u010dinila prekr\u0161aje iz ove oblasti. <\/p>\n<p>Na\u010delnik Mila\u0161in je naveo da je ukupno evidentirano 38 prekr\u0161aja dok ve\u0107ina prekr\u0161aja JRiM bilje\u017ei pad, osim prekr\u0161aja koji su evidentirani neposrednim opa\u017eanjem policijskih slu\u017ebenika, gdje je istakao prekr\u0161aje prosja\u010denja i poslu\u017eivanja alkohola.<\/p>\n<p>Stanje u oblasti bezbjednosti saobra\u0107aja je ocijenio kao zadovoljavaju\u0107e te je rekao da je ukupno evidentirano 63 saobra\u0107ajne nezgode ili 3% manje u odnosu na uporedni period. U ovoj oblasti ukupno je evidentirano 2144 prekr\u0161aja. Nije bilo saobra\u0107ajnih nezgoda sa poginulim licima, dok su prethodne godine u istom periodu evidentirane dvije saobra\u0107ajne nezgode sa poginulim licima. Evidentirano je tako\u0111e smanjenje broja nezgoda sa te\u0161ko povrije\u0111enim licima i sa materijalnom \u0161teto.<\/p>\n<p>Iz saobra\u0107aja je isklju\u010deno 59 vozila i 233 voza\u010da. Zbog upravljanja vozilom pod uticajem alkohola isklju\u010deno je 198  voza\u010da, zbog upravljanja vozilom bez polo\u017eenog voza\u010dkog ispita 29 voza\u010da dok je zbog ostalih razloga isklju\u010deno \u0161est voza\u010da.<\/p>\n<p>Na\u010delnik Mila\u0161in je apelovao na sve u\u010desnike u saobra\u0107aju da po\u0161tuju saobra\u0107ajna pravila i propise te da odgovornim pona\u0161anjem za\u0161tite sebe i druge u\u010desnike u saobra\u0107aju. S obzirom na pobolj\u0161anje vremenskih prilika i na \u010dinjenicu da su vaza\u010di motocikla, lakih motocikla i mopeda jedna od ugro\u017eenijih kategorija u\u010desnika u saobra\u0107aju, na\u010delnik je skrenuo pa\u017enju da u saobra\u0107aju u\u010destvuju sa tehni\u010dki ispravnim i registrovanim moticiklima, da koriste za\u0161titnu opremu i da brzinuprilagode uslovima i stanju kolovoza.<\/p>\n<p>PU Prijedor<\/p>\n","protected":false},"excerpt":{"rendered":"<p>Na redovnoj konferenciji za novinare koja je danas odr\u017eana u Policijskoj upravi Prijedor, rezultate radaza mjesec maj teku\u0107e godine, prezentovali su na\u010delnik Policijske uprave Prijedor Sretoja Vujanovi\u0107, na\u010delnik Sektora kriminalisti\u010dke [&hellip;]<\/p>\n","protected":false},"author":1,"featured_media":0,"comment_status":"closed","ping_status":"open","sticky":false,"template":"","format":"standard","meta":{"_monsterinsights_skip_tracking":false,"_monsterinsights_sitenote_active":false,"_monsterinsights_sitenote_note":"","_monsterinsights_sitenote_category":0,"footnotes":""},"categories":[5],"tags":[10215,9834],"yoast_head":"<!-- This site is optimized with the Yoast SEO plugin v21.6 - https:\/\/yoast.com\/wordpress\/plugins\/seo\/ -->\n<title>PU PRIJEDOR: U MAJU REGISTROVAN 101 MIGRANT - PrijedorDanas.com - Prijedorski gradski portal<\/title>\n<meta name=\"robots\" content=\"index, follow, max-snippet:-1, max-image-preview:large, max-video-preview:-1\" \/>\n<link rel=\"canonical\" href=\"https:\/\/www.prijedordanas.com\/?p=128925\" \/>\n<meta property=\"og:locale\" content=\"en_US\" \/>\n<meta property=\"og:type\" content=\"article\" \/>\n<meta property=\"og:title\" content=\"PU PRIJEDOR: U MAJU REGISTROVAN 101 MIGRANT - PrijedorDanas.com - Prijedorski gradski portal\" \/>\n<meta property=\"og:description\" content=\"Na redovnoj konferenciji za novinare koja je danas odr\u017eana u Policijskoj upravi Prijedor, rezultate radaza mjesec maj teku\u0107e godine, prezentovali su na\u010delnik Policijske uprave Prijedor Sretoja Vujanovi\u0107, na\u010delnik Sektora kriminalisti\u010dke [&hellip;]\" \/>\n<meta property=\"og:url\" content=\"https:\/\/www.prijedordanas.com\/?p=128925\" \/>\n<meta property=\"og:site_name\" content=\"PrijedorDanas.com - Prijedorski gradski portal\" \/>\n<meta property=\"article:publisher\" content=\"https:\/\/www.facebook.com\/PrijedorDanasCom\/\" \/>\n<meta property=\"article:published_time\" content=\"2019-06-11T11:57:19+00:00\" \/>\n<meta property=\"og:image\" content=\"https:\/\/www.prijedordanas.com\/wp-content\/uploads\/2019\/02\/migranti-300x245.jpg\" \/>\n<meta name=\"author\" content=\"admin\" \/>\n<meta name=\"twitter:card\" content=\"summary_large_image\" \/>\n<meta name=\"twitter:label1\" content=\"Written by\" \/>\n\t<meta name=\"twitter:data1\" content=\"admin\" \/>\n\t<meta name=\"twitter:label2\" content=\"Est. reading time\" \/>\n\t<meta name=\"twitter:data2\" content=\"4 minutes\" \/>\n<script type=\"application\/ld+json\" class=\"yoast-schema-graph\">{\"@context\":\"https:\/\/schema.org\",\"@graph\":[{\"@type\":\"Article\",\"@id\":\"https:\/\/www.prijedordanas.com\/?p=128925#article\",\"isPartOf\":{\"@id\":\"https:\/\/www.prijedordanas.com\/?p=128925\"},\"author\":{\"name\":\"admin\",\"@id\":\"https:\/\/www.prijedordanas.com\/#\/schema\/person\/4e08ccf29b506ca916ff86d46bb700e6\"},\"headline\":\"PU PRIJEDOR: U MAJU REGISTROVAN 101 MIGRANT\",\"datePublished\":\"2019-06-11T11:57:19+00:00\",\"dateModified\":\"2019-06-11T11:57:19+00:00\",\"mainEntityOfPage\":{\"@id\":\"https:\/\/www.prijedordanas.com\/?p=128925\"},\"wordCount\":836,\"publisher\":{\"@id\":\"https:\/\/www.prijedordanas.com\/#organization\"},\"keywords\":[\"migranti\",\"PU Prijedor\"],\"articleSection\":[\"Hronika\"],\"inLanguage\":\"en-US\"},{\"@type\":\"WebPage\",\"@id\":\"https:\/\/www.prijedordanas.com\/?p=128925\",\"url\":\"https:\/\/www.prijedordanas.com\/?p=128925\",\"name\":\"PU PRIJEDOR: U MAJU REGISTROVAN 101 MIGRANT - PrijedorDanas.com - Prijedorski gradski portal\",\"isPartOf\":{\"@id\":\"https:\/\/www.prijedordanas.com\/#website\"},\"datePublished\":\"2019-06-11T11:57:19+00:00\",\"dateModified\":\"2019-06-11T11:57:19+00:00\",\"breadcrumb\":{\"@id\":\"https:\/\/www.prijedordanas.com\/?p=128925#breadcrumb\"},\"inLanguage\":\"en-US\",\"potentialAction\":[{\"@type\":\"ReadAction\",\"target\":[\"https:\/\/www.prijedordanas.com\/?p=128925\"]}]},{\"@type\":\"BreadcrumbList\",\"@id\":\"https:\/\/www.prijedordanas.com\/?p=128925#breadcrumb\",\"itemListElement\":[{\"@type\":\"ListItem\",\"position\":1,\"name\":\"Home\",\"item\":\"https:\/\/www.prijedordanas.com\/\"},{\"@type\":\"ListItem\",\"position\":2,\"name\":\"PU PRIJEDOR: U MAJU REGISTROVAN 101 MIGRANT\"}]},{\"@type\":\"WebSite\",\"@id\":\"https:\/\/www.prijedordanas.com\/#website\",\"url\":\"https:\/\/www.prijedordanas.com\/\",\"name\":\"PrijedorDanas.com - Prijedorski gradski portal\",\"description\":\"Portal o doga\u0111anjima u gradu Prijedoru\",\"publisher\":{\"@id\":\"https:\/\/www.prijedordanas.com\/#organization\"},\"potentialAction\":[{\"@type\":\"SearchAction\",\"target\":{\"@type\":\"EntryPoint\",\"urlTemplate\":\"https:\/\/www.prijedordanas.com\/?s={search_term_string}\"},\"query-input\":\"required name=search_term_string\"}],\"inLanguage\":\"en-US\"},{\"@type\":\"Organization\",\"@id\":\"https:\/\/www.prijedordanas.com\/#organization\",\"name\":\"PrijedorDanas.com\",\"url\":\"https:\/\/www.prijedordanas.com\/\",\"logo\":{\"@type\":\"ImageObject\",\"inLanguage\":\"en-US\",\"@id\":\"https:\/\/www.prijedordanas.com\/#\/schema\/logo\/image\/\",\"url\":\"http:\/\/www.prijedordanas.com\/wp-content\/uploads\/2021\/12\/logopng.png\",\"contentUrl\":\"http:\/\/www.prijedordanas.com\/wp-content\/uploads\/2021\/12\/logopng.png\",\"width\":1019,\"height\":776,\"caption\":\"PrijedorDanas.com\"},\"image\":{\"@id\":\"https:\/\/www.prijedordanas.com\/#\/schema\/logo\/image\/\"},\"sameAs\":[\"https:\/\/www.facebook.com\/PrijedorDanasCom\/\"]},{\"@type\":\"Person\",\"@id\":\"https:\/\/www.prijedordanas.com\/#\/schema\/person\/4e08ccf29b506ca916ff86d46bb700e6\",\"name\":\"admin\",\"image\":{\"@type\":\"ImageObject\",\"inLanguage\":\"en-US\",\"@id\":\"https:\/\/www.prijedordanas.com\/#\/schema\/person\/image\/\",\"url\":\"https:\/\/secure.gravatar.com\/avatar\/1d3fc949d550f0b53a5f0d51e06dfd79?s=96&d=mm&r=g\",\"contentUrl\":\"https:\/\/secure.gravatar.com\/avatar\/1d3fc949d550f0b53a5f0d51e06dfd79?s=96&d=mm&r=g\",\"caption\":\"admin\"},\"url\":\"https:\/\/www.prijedordanas.com\/?author=1\"}]}<\/script>\n<!-- \/ Yoast SEO plugin. -->","yoast_head_json":{"title":"PU PRIJEDOR: U MAJU REGISTROVAN 101 MIGRANT - PrijedorDanas.com - Prijedorski gradski portal","robots":{"index":"index","follow":"follow","max-snippet":"max-snippet:-1","max-image-preview":"max-image-preview:large","max-video-preview":"max-video-preview:-1"},"canonical":"https:\/\/www.prijedordanas.com\/?p=128925","og_locale":"en_US","og_type":"article","og_title":"PU PRIJEDOR: U MAJU REGISTROVAN 101 MIGRANT - PrijedorDanas.com - Prijedorski gradski portal","og_description":"Na redovnoj konferenciji za novinare koja je danas odr\u017eana u Policijskoj upravi Prijedor, rezultate radaza mjesec maj teku\u0107e godine, prezentovali su na\u010delnik Policijske uprave Prijedor Sretoja Vujanovi\u0107, na\u010delnik Sektora kriminalisti\u010dke [&hellip;]","og_url":"https:\/\/www.prijedordanas.com\/?p=128925","og_site_name":"PrijedorDanas.com - Prijedorski gradski portal","article_publisher":"https:\/\/www.facebook.com\/PrijedorDanasCom\/","article_published_time":"2019-06-11T11:57:19+00:00","og_image":[{"url":"https:\/\/www.prijedordanas.com\/wp-content\/uploads\/2019\/02\/migranti-300x245.jpg"}],"author":"admin","twitter_card":"summary_large_image","twitter_misc":{"Written by":"admin","Est. reading time":"4 minutes"},"schema":{"@context":"https:\/\/schema.org","@graph":[{"@type":"Article","@id":"https:\/\/www.prijedordanas.com\/?p=128925#article","isPartOf":{"@id":"https:\/\/www.prijedordanas.com\/?p=128925"},"author":{"name":"admin","@id":"https:\/\/www.prijedordanas.com\/#\/schema\/person\/4e08ccf29b506ca916ff86d46bb700e6"},"headline":"PU PRIJEDOR: U MAJU REGISTROVAN 101 MIGRANT","datePublished":"2019-06-11T11:57:19+00:00","dateModified":"2019-06-11T11:57:19+00:00","mainEntityOfPage":{"@id":"https:\/\/www.prijedordanas.com\/?p=128925"},"wordCount":836,"publisher":{"@id":"https:\/\/www.prijedordanas.com\/#organization"},"keywords":["migranti","PU Prijedor"],"articleSection":["Hronika"],"inLanguage":"en-US"},{"@type":"WebPage","@id":"https:\/\/www.prijedordanas.com\/?p=128925","url":"https:\/\/www.prijedordanas.com\/?p=128925","name":"PU PRIJEDOR: U MAJU REGISTROVAN 101 MIGRANT - PrijedorDanas.com - Prijedorski gradski portal","isPartOf":{"@id":"https:\/\/www.prijedordanas.com\/#website"},"datePublished":"2019-06-11T11:57:19+00:00","dateModified":"2019-06-11T11:57:19+00:00","breadcrumb":{"@id":"https:\/\/www.prijedordanas.com\/?p=128925#breadcrumb"},"inLanguage":"en-US","potentialAction":[{"@type":"ReadAction","target":["https:\/\/www.prijedordanas.com\/?p=128925"]}]},{"@type":"BreadcrumbList","@id":"https:\/\/www.prijedordanas.com\/?p=128925#breadcrumb","itemListElement":[{"@type":"ListItem","position":1,"name":"Home","item":"https:\/\/www.prijedordanas.com\/"},{"@type":"ListItem","position":2,"name":"PU PRIJEDOR: U MAJU REGISTROVAN 101 MIGRANT"}]},{"@type":"WebSite","@id":"https:\/\/www.prijedordanas.com\/#website","url":"https:\/\/www.prijedordanas.com\/","name":"PrijedorDanas.com - Prijedorski gradski portal","description":"Portal o doga\u0111anjima u gradu Prijedoru","publisher":{"@id":"https:\/\/www.prijedordanas.com\/#organization"},"potentialAction":[{"@type":"SearchAction","target":{"@type":"EntryPoint","urlTemplate":"https:\/\/www.prijedordanas.com\/?s={search_term_string}"},"query-input":"required name=search_term_string"}],"inLanguage":"en-US"},{"@type":"Organization","@id":"https:\/\/www.prijedordanas.com\/#organization","name":"PrijedorDanas.com","url":"https:\/\/www.prijedordanas.com\/","logo":{"@type":"ImageObject","inLanguage":"en-US","@id":"https:\/\/www.prijedordanas.com\/#\/schema\/logo\/image\/","url":"http:\/\/www.prijedordanas.com\/wp-content\/uploads\/2021\/12\/logopng.png","contentUrl":"http:\/\/www.prijedordanas.com\/wp-content\/uploads\/2021\/12\/logopng.png","width":1019,"height":776,"caption":"PrijedorDanas.com"},"image":{"@id":"https:\/\/www.prijedordanas.com\/#\/schema\/logo\/image\/"},"sameAs":["https:\/\/www.facebook.com\/PrijedorDanasCom\/"]},{"@type":"Person","@id":"https:\/\/www.prijedordanas.com\/#\/schema\/person\/4e08ccf29b506ca916ff86d46bb700e6","name":"admin","image":{"@type":"ImageObject","inLanguage":"en-US","@id":"https:\/\/www.prijedordanas.com\/#\/schema\/person\/image\/","url":"https:\/\/secure.gravatar.com\/avatar\/1d3fc949d550f0b53a5f0d51e06dfd79?s=96&d=mm&r=g","contentUrl":"https:\/\/secure.gravatar.com\/avatar\/1d3fc949d550f0b53a5f0d51e06dfd79?s=96&d=mm&r=g","caption":"admin"},"url":"https:\/\/www.prijedordanas.com\/?author=1"}]}},"_links":{"self":[{"href":"https:\/\/www.prijedordanas.com\/index.php?rest_route=\/wp\/v2\/posts\/128925"}],"collection":[{"href":"https:\/\/www.prijedordanas.com\/index.php?rest_route=\/wp\/v2\/posts"}],"about":[{"href":"https:\/\/www.prijedordanas.com\/index.php?rest_route=\/wp\/v2\/types\/post"}],"author":[{"embeddable":true,"href":"https:\/\/www.prijedordanas.com\/index.php?rest_route=\/wp\/v2\/users\/1"}],"replies":[{"embeddable":true,"href":"https:\/\/www.prijedordanas.com\/index.php?rest_route=%2Fwp%2Fv2%2Fcomments&post=128925"}],"version-history":[{"count":1,"href":"https:\/\/www.prijedordanas.com\/index.php?rest_route=\/wp\/v2\/posts\/128925\/revisions"}],"predecessor-version":[{"id":128927,"href":"https:\/\/www.prijedordanas.com\/index.php?rest_route=\/wp\/v2\/posts\/128925\/revisions\/128927"}],"wp:attachment":[{"href":"https:\/\/www.prijedordanas.com\/index.php?rest_route=%2Fwp%2Fv2%2Fmedia&parent=128925"}],"wp:term":[{"taxonomy":"category","embeddable":true,"href":"https:\/\/www.prijedordanas.com\/index.php?rest_route=%2Fwp%2Fv2%2Fcategories&post=128925"},{"taxonomy":"post_tag","embeddable":true,"href":"https:\/\/www.prijedordanas.com\/index.php?rest_route=%2Fwp%2Fv2%2Ftags&post=128925"}],"curies":[{"name":"wp","href":"https:\/\/api.w.org\/{rel}","templated":true}]}}