{"id":128634,"date":"2019-06-05T14:01:44","date_gmt":"2019-06-05T12:01:44","guid":{"rendered":"https:\/\/www.prijedordanas.com\/?p=128634"},"modified":"2019-06-05T14:01:44","modified_gmt":"2019-06-05T12:01:44","slug":"za-projekat-pun-nedostataka-traze-krivca-u-kanalizaciju-do-sada-otislo-9-miliona-km","status":"publish","type":"post","link":"https:\/\/www.prijedordanas.com\/?p=128634","title":{"rendered":"ZA PROJEKAT PUN NEDOSTATAKA TRA\u017dE KRIVCA: U KANALIZACIJU DO SADA OTI\u0160LO 9 MILIONA KM"},"content":{"rendered":"<p><a href=\"https:\/\/www.prijedordanas.com\/wp-content\/uploads\/2019\/06\/blic-tukovi-kanalizacija.jpg\"><img loading=\"lazy\" decoding=\"async\" class=\"alignleft size-medium wp-image-128635\" src=\"https:\/\/www.prijedordanas.com\/wp-content\/uploads\/2019\/06\/blic-tukovi-kanalizacija-300x225.jpg\" alt=\"\" width=\"300\" height=\"225\" srcset=\"https:\/\/www.prijedordanas.com\/wp-content\/uploads\/2019\/06\/blic-tukovi-kanalizacija-300x225.jpg 300w, https:\/\/www.prijedordanas.com\/wp-content\/uploads\/2019\/06\/blic-tukovi-kanalizacija-100x75.jpg 100w, https:\/\/www.prijedordanas.com\/wp-content\/uploads\/2019\/06\/blic-tukovi-kanalizacija-640x480.jpg 640w, https:\/\/www.prijedordanas.com\/wp-content\/uploads\/2019\/06\/blic-tukovi-kanalizacija.jpg 667w\" sizes=\"(max-width: 300px) 100vw, 300px\" \/><\/a>Iz \u201cPrijedorputeva\u201d tvrde da nisu ta\u010dni navodi gradona\u010delnika Prijedora, Milenka \u0110akovi\u0107a, o tome da ovo preduze\u0107e nije htjelo da se prijavi na tender za zavr\u0161etak kanalizacije u naselju Tukovi.<\/p>\n<p>U ovom preduze\u0107u ka\u017eu da su se u oktobru 2017. prijavili na tender Grada Prijedora. Tvrde da su tada odbijeni jer nisu imali potvrdu od investitora, Grada Prijedora, za prethodne radove koje su obavili na izgradnji kanalizacije u Tukovima.<\/p>\n<p>\u2013 Nalazimo se u pat poziciji jer Grad ne da potvrdu koja nam je ustvari klju\u010dna da uop\u0161te zadovoljimo uslove na tenderu \u2013 tvrde iz \u201cPrijedorputeva\u201d.<\/p>\n<p>Navode da se iz tog razloga nisu prijavili na posljednji tender, koji je bio raspisan u julu pro\u0161le godine.<\/p>\n<p><a href=\"https:\/\/www.prijedordanas.com\/wp-content\/uploads\/2019\/06\/blic-tukovi-poplava-1.jpg\"><img loading=\"lazy\" decoding=\"async\" class=\"alignleft size-medium wp-image-128636\" src=\"https:\/\/www.prijedordanas.com\/wp-content\/uploads\/2019\/06\/blic-tukovi-poplava-1-300x225.jpg\" alt=\"\" width=\"300\" height=\"225\" srcset=\"https:\/\/www.prijedordanas.com\/wp-content\/uploads\/2019\/06\/blic-tukovi-poplava-1-300x225.jpg 300w, https:\/\/www.prijedordanas.com\/wp-content\/uploads\/2019\/06\/blic-tukovi-poplava-1-100x75.jpg 100w, https:\/\/www.prijedordanas.com\/wp-content\/uploads\/2019\/06\/blic-tukovi-poplava-1-640x480.jpg 640w, https:\/\/www.prijedordanas.com\/wp-content\/uploads\/2019\/06\/blic-tukovi-poplava-1.jpg 667w\" sizes=\"(max-width: 300px) 100vw, 300px\" \/><\/a>Na posljednjem zasjedanju Skup\u0161tine grada Prijedora, gradona\u010delnik \u0110akovi\u0107 je rekao da za tre\u0107u fazu radova u Tukovima niko ne \u017eeli da se prijavi. Naveo je da su \u201cPrijedorputevi\u201d radili prvu i drugu fazu radova i da su od nadzorne ku\u0107e dobili najbolje ocjene za taj rad.<\/p>\n<p>\u2013 \u201cPrijedorputevi\u201d sada ne \u017eele da rade jer ih o\u010dekuje investicija za ono \u0161to prije nije ura\u0111eno, a drugi ne \u017eele da se prijave jer ne znaju \u0161ta ih \u010deka. Ne znam na koji na\u010din obezbijediti da se neko prijavi \u2013 rekao je \u0110akovi\u0107 i dodao da \u0107e sudskim putem tra\u017eiti da nadzorna ku\u0107a finansira sve \u0161to nije dobro ura\u0111eno.<\/p>\n<p>Prema njegovim rije\u010dima, anga\u017eovanje nadzorne ku\u0107e \u201cEptisa\u201d zahtijevala je Evropska investiciona banka, koja je finansirala ovaj projekat kroz kredit i donaciju.<\/p>\n<p>Na pitanja Srpskainfo o mogu\u0107nosti da slu\u010daj kanalizacije u Tukovima zavr\u0161i na sudu, iz \u201cEptise\u201d su kratko poru\u010dili da rade u skladu sa zakonskom regulativom i ugovorenim tehni\u010dkim uslovima.<\/p>\n<p><a href=\"https:\/\/www.prijedordanas.com\/wp-content\/uploads\/2019\/06\/blic-tukovi-poplava-2.jpg\"><img loading=\"lazy\" decoding=\"async\" class=\"alignleft size-medium wp-image-128637\" src=\"https:\/\/www.prijedordanas.com\/wp-content\/uploads\/2019\/06\/blic-tukovi-poplava-2-300x220.jpg\" alt=\"\" width=\"300\" height=\"220\" srcset=\"https:\/\/www.prijedordanas.com\/wp-content\/uploads\/2019\/06\/blic-tukovi-poplava-2-300x220.jpg 300w, https:\/\/www.prijedordanas.com\/wp-content\/uploads\/2019\/06\/blic-tukovi-poplava-2-100x73.jpg 100w, https:\/\/www.prijedordanas.com\/wp-content\/uploads\/2019\/06\/blic-tukovi-poplava-2.jpg 682w\" sizes=\"(max-width: 300px) 100vw, 300px\" \/><\/a>Stru\u010dnjaci \u201cEptise\u201d su u svojim izvje\u0161tajima, a koji su u posjedu Srpskainfo, tokom radova na izgradnji kanalizacije poslali najmanje 10 dopisa gradskoj upravi Prijedora. U njima su upozoravali na te\u0161ko\u0107e koje ima izvo\u0111a\u010d radova na terenu, jer nema kompletnu projektno-tehni\u010dku dokumentaciju, te su uporno od grada Prijedora tra\u017eili da je dostave.<\/p>\n<p>Podsje\u0107amo, \u201cPrijedorputevi\u201d su u Tukovima izgradili primarnu kanalizacionu mre\u017eu prije 10 godina.<\/p>\n<p>\u2013 Taj dio kanalizacije nikad nije primljen, osim \u0161to je izvr\u0161ena primopredaja prepumpne stanice, iz razloga nekompletnosti projektne dokumenatacije \u2013 navode iz \u201cPrijedorputeva\u201d.<\/p>\n<p>Dodaju da su od 2013. do 2015. gradili sekundarnu mre\u017eu za koju nikada nije izdata gra\u0111evinska dozvola.<\/p>\n<p>\u2013 Ta\u010dno je da je izvo\u0111a\u010d pravio gre\u0161ke, koje je i otklanjao, ali isto tako tvrdimo da su svi ostali, a pogotovo predstavnici Grada, pravili jo\u0161 kardinalnije gre\u0161ke, koje su po pravilu svaljivali na ostale u\u010desnike \u2013 tvrde iz \u201cPrijedorputeva\u201d.<\/p>\n<p>Dodaju da je od izgra\u0111enih 9.021 metra kanalizacione mre\u017ee nadzorni organ naredio sanaciju oko 735 metara, \u0161to je oko osam odsto izgra\u0111ene mre\u017ee, ali da je tokom sanacije utvr\u0111eno da je potrebno jo\u0161 manje sanirati, oko tri odsto.<\/p>\n<p>Isti\u010du da se funkcionalnost kanalizacionog sistema ne mo\u017ee dokazati dok se ne kompletira kanalizaciona mre\u017ea sa zavr\u0161enim ku\u0107nim priklju\u010dcima.<\/p>\n<p>Mje\u0161tanka Tukova, Zorana Ga\u0161i\u0107, poru\u010duje da je kanalizacija u ovom mjestu problem \u010ditavog grada.<\/p>\n<p>\u2013 U Tukovima su bunari sa vodom kojom se napaja grad, a imamo preko 1.000 septi\u010dkih jama. Iz njih sve prolazi u zemlju, koja je \u0161ljunkovita. Vjerujem da je voda ispravna za pi\u0107e, ali pitanje je koliko hemije stave da bude ispravna \u2013 ka\u017ee Ga\u0161i\u0107eva.<\/p>\n<p>Ostoja Vojvodi\u0107 ka\u017ee da je od prvog dana sumnjao da \u0107e Tukovi dobiti kanalizaciju.<\/p>\n<p>\u2013 Ovo nije zavr\u0161eno zato \u0161to je u pozadini politika. Sada nas kroz nezavr\u0161enu kanalizaciju plave podzemne vode \u2013 pri\u010da on.<\/p>\n<p>U dosada\u0161nje radove na kanalizaciji u Tukovima ulo\u017eeno je oko 9 miliona maraka, i to je jedna od najve\u0107ih investicija u gradu na Sani.<\/p>\n<p>\u201cVodovod\u201d ne \u017eeli da primi radove<\/p>\n<p>Prijedorsko preduze\u0107e \u201cVodovod\u201d, koje bi trebalo da upravlja kanalizacijom i odr\u017eava je nakon \u0161to se izgradi, ne \u017eeli da primi radove u Tukovima dok se ne uklone svi nedostaci na mre\u017ei.<\/p>\n<p>U dopisu, koji je u na\u0161em posjedu, predstavnici ovog preduze\u0107a ka\u017eu da je bez njihovog znanja i prisustva u aprilu pro\u0161le godine obavljena primopredaja radova na sekundarnoj mre\u017ei izme\u0111u izvo\u0111a\u010da radova \u201cPrijedorputeva\u201d i investitora Grada Prijedora.<\/p>\n<p>EuroBlic-srpskainfo.com<\/p>\n","protected":false},"excerpt":{"rendered":"<p>Iz \u201cPrijedorputeva\u201d tvrde da nisu ta\u010dni navodi gradona\u010delnika Prijedora, Milenka \u0110akovi\u0107a, o tome da ovo preduze\u0107e nije htjelo da se prijavi na tender za zavr\u0161etak kanalizacije u naselju Tukovi. U [&hellip;]<\/p>\n","protected":false},"author":1,"featured_media":0,"comment_status":"closed","ping_status":"open","sticky":false,"template":"","format":"standard","meta":{"_monsterinsights_skip_tracking":false,"_monsterinsights_sitenote_active":false,"_monsterinsights_sitenote_note":"","_monsterinsights_sitenote_category":0,"footnotes":""},"categories":[8],"tags":[356,385],"yoast_head":"<!-- This site is optimized with the Yoast SEO plugin v21.6 - https:\/\/yoast.com\/wordpress\/plugins\/seo\/ -->\n<title>ZA PROJEKAT PUN NEDOSTATAKA TRA\u017dE KRIVCA: U KANALIZACIJU DO SADA OTI\u0160LO 9 MILIONA KM - PrijedorDanas.com - Prijedorski gradski portal<\/title>\n<meta name=\"robots\" content=\"index, follow, max-snippet:-1, max-image-preview:large, max-video-preview:-1\" \/>\n<link rel=\"canonical\" href=\"https:\/\/www.prijedordanas.com\/?p=128634\" \/>\n<meta property=\"og:locale\" content=\"en_US\" \/>\n<meta property=\"og:type\" content=\"article\" \/>\n<meta property=\"og:title\" content=\"ZA PROJEKAT PUN NEDOSTATAKA TRA\u017dE KRIVCA: U KANALIZACIJU DO SADA OTI\u0160LO 9 MILIONA KM - PrijedorDanas.com - Prijedorski gradski portal\" \/>\n<meta property=\"og:description\" content=\"Iz \u201cPrijedorputeva\u201d tvrde da nisu ta\u010dni navodi gradona\u010delnika Prijedora, Milenka \u0110akovi\u0107a, o tome da ovo preduze\u0107e nije htjelo da se prijavi na tender za zavr\u0161etak kanalizacije u naselju Tukovi. U [&hellip;]\" \/>\n<meta property=\"og:url\" content=\"https:\/\/www.prijedordanas.com\/?p=128634\" \/>\n<meta property=\"og:site_name\" content=\"PrijedorDanas.com - Prijedorski gradski portal\" \/>\n<meta property=\"article:publisher\" content=\"https:\/\/www.facebook.com\/PrijedorDanasCom\/\" \/>\n<meta property=\"article:published_time\" content=\"2019-06-05T12:01:44+00:00\" \/>\n<meta property=\"og:image\" content=\"https:\/\/www.prijedordanas.com\/wp-content\/uploads\/2019\/06\/blic-tukovi-kanalizacija-300x225.jpg\" \/>\n<meta name=\"author\" content=\"admin\" \/>\n<meta name=\"twitter:card\" content=\"summary_large_image\" \/>\n<meta name=\"twitter:label1\" content=\"Written by\" \/>\n\t<meta name=\"twitter:data1\" content=\"admin\" \/>\n\t<meta name=\"twitter:label2\" content=\"Est. reading time\" \/>\n\t<meta name=\"twitter:data2\" content=\"4 minutes\" \/>\n<script type=\"application\/ld+json\" class=\"yoast-schema-graph\">{\"@context\":\"https:\/\/schema.org\",\"@graph\":[{\"@type\":\"Article\",\"@id\":\"https:\/\/www.prijedordanas.com\/?p=128634#article\",\"isPartOf\":{\"@id\":\"https:\/\/www.prijedordanas.com\/?p=128634\"},\"author\":{\"name\":\"admin\",\"@id\":\"https:\/\/www.prijedordanas.com\/#\/schema\/person\/4e08ccf29b506ca916ff86d46bb700e6\"},\"headline\":\"ZA PROJEKAT PUN NEDOSTATAKA TRA\u017dE KRIVCA: U KANALIZACIJU DO SADA OTI\u0160LO 9 MILIONA KM\",\"datePublished\":\"2019-06-05T12:01:44+00:00\",\"dateModified\":\"2019-06-05T12:01:44+00:00\",\"mainEntityOfPage\":{\"@id\":\"https:\/\/www.prijedordanas.com\/?p=128634\"},\"wordCount\":738,\"publisher\":{\"@id\":\"https:\/\/www.prijedordanas.com\/#organization\"},\"keywords\":[\"kanalizacija\",\"Tukovi\"],\"articleSection\":[\"Svakodnevno\"],\"inLanguage\":\"en-US\"},{\"@type\":\"WebPage\",\"@id\":\"https:\/\/www.prijedordanas.com\/?p=128634\",\"url\":\"https:\/\/www.prijedordanas.com\/?p=128634\",\"name\":\"ZA PROJEKAT PUN NEDOSTATAKA TRA\u017dE KRIVCA: U KANALIZACIJU DO SADA OTI\u0160LO 9 MILIONA KM - PrijedorDanas.com - Prijedorski gradski portal\",\"isPartOf\":{\"@id\":\"https:\/\/www.prijedordanas.com\/#website\"},\"datePublished\":\"2019-06-05T12:01:44+00:00\",\"dateModified\":\"2019-06-05T12:01:44+00:00\",\"breadcrumb\":{\"@id\":\"https:\/\/www.prijedordanas.com\/?p=128634#breadcrumb\"},\"inLanguage\":\"en-US\",\"potentialAction\":[{\"@type\":\"ReadAction\",\"target\":[\"https:\/\/www.prijedordanas.com\/?p=128634\"]}]},{\"@type\":\"BreadcrumbList\",\"@id\":\"https:\/\/www.prijedordanas.com\/?p=128634#breadcrumb\",\"itemListElement\":[{\"@type\":\"ListItem\",\"position\":1,\"name\":\"Home\",\"item\":\"https:\/\/www.prijedordanas.com\/\"},{\"@type\":\"ListItem\",\"position\":2,\"name\":\"ZA PROJEKAT PUN NEDOSTATAKA TRA\u017dE KRIVCA: U KANALIZACIJU DO SADA OTI\u0160LO 9 MILIONA KM\"}]},{\"@type\":\"WebSite\",\"@id\":\"https:\/\/www.prijedordanas.com\/#website\",\"url\":\"https:\/\/www.prijedordanas.com\/\",\"name\":\"PrijedorDanas.com - Prijedorski gradski portal\",\"description\":\"Portal o doga\u0111anjima u gradu Prijedoru\",\"publisher\":{\"@id\":\"https:\/\/www.prijedordanas.com\/#organization\"},\"potentialAction\":[{\"@type\":\"SearchAction\",\"target\":{\"@type\":\"EntryPoint\",\"urlTemplate\":\"https:\/\/www.prijedordanas.com\/?s={search_term_string}\"},\"query-input\":\"required name=search_term_string\"}],\"inLanguage\":\"en-US\"},{\"@type\":\"Organization\",\"@id\":\"https:\/\/www.prijedordanas.com\/#organization\",\"name\":\"PrijedorDanas.com\",\"url\":\"https:\/\/www.prijedordanas.com\/\",\"logo\":{\"@type\":\"ImageObject\",\"inLanguage\":\"en-US\",\"@id\":\"https:\/\/www.prijedordanas.com\/#\/schema\/logo\/image\/\",\"url\":\"http:\/\/www.prijedordanas.com\/wp-content\/uploads\/2021\/12\/logopng.png\",\"contentUrl\":\"http:\/\/www.prijedordanas.com\/wp-content\/uploads\/2021\/12\/logopng.png\",\"width\":1019,\"height\":776,\"caption\":\"PrijedorDanas.com\"},\"image\":{\"@id\":\"https:\/\/www.prijedordanas.com\/#\/schema\/logo\/image\/\"},\"sameAs\":[\"https:\/\/www.facebook.com\/PrijedorDanasCom\/\"]},{\"@type\":\"Person\",\"@id\":\"https:\/\/www.prijedordanas.com\/#\/schema\/person\/4e08ccf29b506ca916ff86d46bb700e6\",\"name\":\"admin\",\"image\":{\"@type\":\"ImageObject\",\"inLanguage\":\"en-US\",\"@id\":\"https:\/\/www.prijedordanas.com\/#\/schema\/person\/image\/\",\"url\":\"https:\/\/secure.gravatar.com\/avatar\/1d3fc949d550f0b53a5f0d51e06dfd79?s=96&d=mm&r=g\",\"contentUrl\":\"https:\/\/secure.gravatar.com\/avatar\/1d3fc949d550f0b53a5f0d51e06dfd79?s=96&d=mm&r=g\",\"caption\":\"admin\"},\"url\":\"https:\/\/www.prijedordanas.com\/?author=1\"}]}<\/script>\n<!-- \/ Yoast SEO plugin. -->","yoast_head_json":{"title":"ZA PROJEKAT PUN NEDOSTATAKA TRA\u017dE KRIVCA: U KANALIZACIJU DO SADA OTI\u0160LO 9 MILIONA KM - PrijedorDanas.com - Prijedorski gradski portal","robots":{"index":"index","follow":"follow","max-snippet":"max-snippet:-1","max-image-preview":"max-image-preview:large","max-video-preview":"max-video-preview:-1"},"canonical":"https:\/\/www.prijedordanas.com\/?p=128634","og_locale":"en_US","og_type":"article","og_title":"ZA PROJEKAT PUN NEDOSTATAKA TRA\u017dE KRIVCA: U KANALIZACIJU DO SADA OTI\u0160LO 9 MILIONA KM - PrijedorDanas.com - Prijedorski gradski portal","og_description":"Iz \u201cPrijedorputeva\u201d tvrde da nisu ta\u010dni navodi gradona\u010delnika Prijedora, Milenka \u0110akovi\u0107a, o tome da ovo preduze\u0107e nije htjelo da se prijavi na tender za zavr\u0161etak kanalizacije u naselju Tukovi. U [&hellip;]","og_url":"https:\/\/www.prijedordanas.com\/?p=128634","og_site_name":"PrijedorDanas.com - Prijedorski gradski portal","article_publisher":"https:\/\/www.facebook.com\/PrijedorDanasCom\/","article_published_time":"2019-06-05T12:01:44+00:00","og_image":[{"url":"https:\/\/www.prijedordanas.com\/wp-content\/uploads\/2019\/06\/blic-tukovi-kanalizacija-300x225.jpg"}],"author":"admin","twitter_card":"summary_large_image","twitter_misc":{"Written by":"admin","Est. reading time":"4 minutes"},"schema":{"@context":"https:\/\/schema.org","@graph":[{"@type":"Article","@id":"https:\/\/www.prijedordanas.com\/?p=128634#article","isPartOf":{"@id":"https:\/\/www.prijedordanas.com\/?p=128634"},"author":{"name":"admin","@id":"https:\/\/www.prijedordanas.com\/#\/schema\/person\/4e08ccf29b506ca916ff86d46bb700e6"},"headline":"ZA PROJEKAT PUN NEDOSTATAKA TRA\u017dE KRIVCA: U KANALIZACIJU DO SADA OTI\u0160LO 9 MILIONA KM","datePublished":"2019-06-05T12:01:44+00:00","dateModified":"2019-06-05T12:01:44+00:00","mainEntityOfPage":{"@id":"https:\/\/www.prijedordanas.com\/?p=128634"},"wordCount":738,"publisher":{"@id":"https:\/\/www.prijedordanas.com\/#organization"},"keywords":["kanalizacija","Tukovi"],"articleSection":["Svakodnevno"],"inLanguage":"en-US"},{"@type":"WebPage","@id":"https:\/\/www.prijedordanas.com\/?p=128634","url":"https:\/\/www.prijedordanas.com\/?p=128634","name":"ZA PROJEKAT PUN NEDOSTATAKA TRA\u017dE KRIVCA: U KANALIZACIJU DO SADA OTI\u0160LO 9 MILIONA KM - PrijedorDanas.com - Prijedorski gradski portal","isPartOf":{"@id":"https:\/\/www.prijedordanas.com\/#website"},"datePublished":"2019-06-05T12:01:44+00:00","dateModified":"2019-06-05T12:01:44+00:00","breadcrumb":{"@id":"https:\/\/www.prijedordanas.com\/?p=128634#breadcrumb"},"inLanguage":"en-US","potentialAction":[{"@type":"ReadAction","target":["https:\/\/www.prijedordanas.com\/?p=128634"]}]},{"@type":"BreadcrumbList","@id":"https:\/\/www.prijedordanas.com\/?p=128634#breadcrumb","itemListElement":[{"@type":"ListItem","position":1,"name":"Home","item":"https:\/\/www.prijedordanas.com\/"},{"@type":"ListItem","position":2,"name":"ZA PROJEKAT PUN NEDOSTATAKA TRA\u017dE KRIVCA: U KANALIZACIJU DO SADA OTI\u0160LO 9 MILIONA KM"}]},{"@type":"WebSite","@id":"https:\/\/www.prijedordanas.com\/#website","url":"https:\/\/www.prijedordanas.com\/","name":"PrijedorDanas.com - Prijedorski gradski portal","description":"Portal o doga\u0111anjima u gradu Prijedoru","publisher":{"@id":"https:\/\/www.prijedordanas.com\/#organization"},"potentialAction":[{"@type":"SearchAction","target":{"@type":"EntryPoint","urlTemplate":"https:\/\/www.prijedordanas.com\/?s={search_term_string}"},"query-input":"required name=search_term_string"}],"inLanguage":"en-US"},{"@type":"Organization","@id":"https:\/\/www.prijedordanas.com\/#organization","name":"PrijedorDanas.com","url":"https:\/\/www.prijedordanas.com\/","logo":{"@type":"ImageObject","inLanguage":"en-US","@id":"https:\/\/www.prijedordanas.com\/#\/schema\/logo\/image\/","url":"http:\/\/www.prijedordanas.com\/wp-content\/uploads\/2021\/12\/logopng.png","contentUrl":"http:\/\/www.prijedordanas.com\/wp-content\/uploads\/2021\/12\/logopng.png","width":1019,"height":776,"caption":"PrijedorDanas.com"},"image":{"@id":"https:\/\/www.prijedordanas.com\/#\/schema\/logo\/image\/"},"sameAs":["https:\/\/www.facebook.com\/PrijedorDanasCom\/"]},{"@type":"Person","@id":"https:\/\/www.prijedordanas.com\/#\/schema\/person\/4e08ccf29b506ca916ff86d46bb700e6","name":"admin","image":{"@type":"ImageObject","inLanguage":"en-US","@id":"https:\/\/www.prijedordanas.com\/#\/schema\/person\/image\/","url":"https:\/\/secure.gravatar.com\/avatar\/1d3fc949d550f0b53a5f0d51e06dfd79?s=96&d=mm&r=g","contentUrl":"https:\/\/secure.gravatar.com\/avatar\/1d3fc949d550f0b53a5f0d51e06dfd79?s=96&d=mm&r=g","caption":"admin"},"url":"https:\/\/www.prijedordanas.com\/?author=1"}]}},"_links":{"self":[{"href":"https:\/\/www.prijedordanas.com\/index.php?rest_route=\/wp\/v2\/posts\/128634"}],"collection":[{"href":"https:\/\/www.prijedordanas.com\/index.php?rest_route=\/wp\/v2\/posts"}],"about":[{"href":"https:\/\/www.prijedordanas.com\/index.php?rest_route=\/wp\/v2\/types\/post"}],"author":[{"embeddable":true,"href":"https:\/\/www.prijedordanas.com\/index.php?rest_route=\/wp\/v2\/users\/1"}],"replies":[{"embeddable":true,"href":"https:\/\/www.prijedordanas.com\/index.php?rest_route=%2Fwp%2Fv2%2Fcomments&post=128634"}],"version-history":[{"count":1,"href":"https:\/\/www.prijedordanas.com\/index.php?rest_route=\/wp\/v2\/posts\/128634\/revisions"}],"predecessor-version":[{"id":128638,"href":"https:\/\/www.prijedordanas.com\/index.php?rest_route=\/wp\/v2\/posts\/128634\/revisions\/128638"}],"wp:attachment":[{"href":"https:\/\/www.prijedordanas.com\/index.php?rest_route=%2Fwp%2Fv2%2Fmedia&parent=128634"}],"wp:term":[{"taxonomy":"category","embeddable":true,"href":"https:\/\/www.prijedordanas.com\/index.php?rest_route=%2Fwp%2Fv2%2Fcategories&post=128634"},{"taxonomy":"post_tag","embeddable":true,"href":"https:\/\/www.prijedordanas.com\/index.php?rest_route=%2Fwp%2Fv2%2Ftags&post=128634"}],"curies":[{"name":"wp","href":"https:\/\/api.w.org\/{rel}","templated":true}]}}