{"id":128598,"date":"2019-06-04T20:01:55","date_gmt":"2019-06-04T18:01:55","guid":{"rendered":"https:\/\/www.prijedordanas.com\/?p=128598"},"modified":"2019-06-04T20:01:55","modified_gmt":"2019-06-04T18:01:55","slug":"humanost-na-djelu-za-dejana-cetica-iz-prijedora-video","status":"publish","type":"post","link":"https:\/\/www.prijedordanas.com\/?p=128598","title":{"rendered":"HUMANOST NA DJELU ZA DEJANA \u010cETI\u0106A IZ PRIJEDORA &#8211; VIDEO"},"content":{"rendered":"<p><a href=\"https:\/\/www.prijedordanas.com\/wp-content\/uploads\/2019\/06\/rtrs-pomoc-dejan-cetic.jpg\"><img loading=\"lazy\" decoding=\"async\" src=\"https:\/\/www.prijedordanas.com\/wp-content\/uploads\/2019\/06\/rtrs-pomoc-dejan-cetic-300x225.jpg\" alt=\"\" width=\"300\" height=\"225\" class=\"alignleft size-medium wp-image-128599\" srcset=\"https:\/\/www.prijedordanas.com\/wp-content\/uploads\/2019\/06\/rtrs-pomoc-dejan-cetic-300x225.jpg 300w, https:\/\/www.prijedordanas.com\/wp-content\/uploads\/2019\/06\/rtrs-pomoc-dejan-cetic-100x75.jpg 100w, https:\/\/www.prijedordanas.com\/wp-content\/uploads\/2019\/06\/rtrs-pomoc-dejan-cetic-640x480.jpg 640w, https:\/\/www.prijedordanas.com\/wp-content\/uploads\/2019\/06\/rtrs-pomoc-dejan-cetic.jpg 666w\" sizes=\"(max-width: 300px) 100vw, 300px\" \/><\/a>Tridestdvogodi\u0161nji Dejan \u010ceti\u0107 iz Prijedora zbog te\u0161ke bolesti od ro\u0111enja je nepokretan i vezan za krevet. Zbog situacije u kojoj se nalazi u potpunosti je zavisan o \u010dlanovima porodice, koji brinu o njemu.<\/p>\n<p>Dejanu i njegovoj porodici svaka pomo\u0107 je dobrodo\u0161la. Zahvaljuju\u0107i Optima grupi, a posredstvom Saveza &#8220;MeNeRaLi&#8221;, peto\u010dlanoj porodici \u010ceti\u0107 uru\u010deni su oprema i ku\u0107ni aparati vrijedni 1.000 KM.<\/p>\n<p>\u017divot Dejana \u010ceti\u0107a od ro\u0111enja je borba. Zbog multiple skleroze, od koje boluje, nikad nije stao na noge.<\/p>\n<p>Osima toga, dijagnostikovan mu je Vestov sintrom epilepsije, introcefalus i atrofija mi\u0161i\u0107a.<\/p>\n<p>Nikada nije mogao da \u017eva\u0107e hranu, niti da govori. Nepokretan i vezan za krevet, \u017eivi zahvaljuju\u0107i svakodnevnoj njezi svojih najbli\u017eih. Otac Goran i majka Adiha njegov su najve\u0107i oslonac.<\/p>\n<p>&#8211; Te\u0161ko je bolestan. Tu je sa nama. 24 sata se brinemo o njemu suprug i ja. I sestra je uz njega. Ona je trenutno u \u0161koli. Nije jedini, te\u0161ko jeste, non stop smo uz njega, uvijek neko mora biti prisutan s njim. Dejan je ro\u0111en prije vremena. Ljekari su se borili da mene spasu, a njega su o\u0161tetili u porodu. Kao \u0161to vidite, ne govori, ne hoda, ne prati o\u010dima &#8211; isti\u010de Dejanova majka Adiha \u010ceti\u0107.<\/p>\n<p>Porodici \u010ceti\u0107 stigla je pomo\u0107 Optima grupe, u okviru njihove humanitarne kampanje pod nazivom &#8220;Stvaramo zdrave navike&#8221;.<\/p>\n<p>Vrijednu donaciju u vidu \u0161poreta, nutri buleta, blendera, ali i pelena, posteljine i ostalih potrep\u0161tina, porodici su uru\u010dili predstavnici prijedorskog Udru\u017eenja roditelja djece sa po te\u0161ko\u0107ama u razvoju &#8220;Neven&#8221;.<\/p>\n<p>&#8211; Vrijednost donacije je 1.000 KM. \u0408a sam sa majkom kontaktirala i ona mi je rekla \u0161ta je najneophodnije za ovakvo dijete koje ne mo\u017ee ni da sjedi, ni da samo \u017eva\u0107e, niti da jede \u010dvrstu hranu. Mi smo upravo iz tog razloga uzeli ono \u0161to je najpotrebnije &#8211; navela je Vesna Beri\u0107, predsjednica Udru\u017eenja &#8220;Neven&#8221;.<\/p>\n<p>Kako ka\u017ee Adiha \u010ceti\u0107, ova donacija od velikog je zna\u010daja, jer se Dejanovom bole\u0161\u0107u porodica bori sama.<\/p>\n<p>Kako isti\u010du iz &#8220;Nevena&#8221;, zahvaljuju\u0107i Optima grupi, rad udru\u017eenja koja pru\u017eaju pomo\u0107 ovakvim slu\u010dajevima, uveliko je olak\u0161an.<\/p>\n<p>&#8211; Oni su jedini i prvi, koji su se sjetili sami da izdvajaju jedan procenat od svojih prihoda i da ga dodjeljuju najugro\u017eenijim grupama, i to kontinuirano, bez na\u0161ih potreba da odlazimo i tra\u017eimo pomo\u0107. I pored svih apela, ve\u0107ina vrata nam budu zatvorena &#8211; dodaje Beri\u0107a.<\/p>\n<p>Prije porodice \u010ceti\u0107, pomo\u0107 Optima grupe do sada je dobilo 66 porodica, pripadnika najugro\u017eenijih dru\u0161tvenih grupa u Republici Srpskoj.<\/p>\n<p>RTRS<\/p>\n<p><iframe loading=\"lazy\" title=\"Humanost na djelu za Dejana Cetica iz Prijedora - RTRS prilog\" width=\"500\" height=\"281\" src=\"https:\/\/www.youtube.com\/embed\/Zf0syvhrtDU?feature=oembed\" frameborder=\"0\" allow=\"accelerometer; autoplay; encrypted-media; gyroscope; picture-in-picture\" allowfullscreen><\/iframe><\/p>\n","protected":false},"excerpt":{"rendered":"<p>Tridestdvogodi\u0161nji Dejan \u010ceti\u0107 iz Prijedora zbog te\u0161ke bolesti od ro\u0111enja je nepokretan i vezan za krevet. Zbog situacije u kojoj se nalazi u potpunosti je zavisan o \u010dlanovima porodice, koji [&hellip;]<\/p>\n","protected":false},"author":1,"featured_media":0,"comment_status":"closed","ping_status":"open","sticky":false,"template":"","format":"standard","meta":{"_monsterinsights_skip_tracking":false,"_monsterinsights_sitenote_active":false,"_monsterinsights_sitenote_note":"","_monsterinsights_sitenote_category":0,"footnotes":""},"categories":[3],"tags":[1213],"yoast_head":"<!-- This site is optimized with the Yoast SEO plugin v21.6 - https:\/\/yoast.com\/wordpress\/plugins\/seo\/ -->\n<title>HUMANOST NA DJELU ZA DEJANA \u010cETI\u0106A IZ PRIJEDORA - VIDEO - PrijedorDanas.com - Prijedorski gradski portal<\/title>\n<meta name=\"robots\" content=\"index, follow, max-snippet:-1, max-image-preview:large, max-video-preview:-1\" \/>\n<link rel=\"canonical\" href=\"https:\/\/www.prijedordanas.com\/?p=128598\" \/>\n<meta property=\"og:locale\" content=\"en_US\" \/>\n<meta property=\"og:type\" content=\"article\" \/>\n<meta property=\"og:title\" content=\"HUMANOST NA DJELU ZA DEJANA \u010cETI\u0106A IZ PRIJEDORA - VIDEO - PrijedorDanas.com - Prijedorski gradski portal\" \/>\n<meta property=\"og:description\" content=\"Tridestdvogodi\u0161nji Dejan \u010ceti\u0107 iz Prijedora zbog te\u0161ke bolesti od ro\u0111enja je nepokretan i vezan za krevet. Zbog situacije u kojoj se nalazi u potpunosti je zavisan o \u010dlanovima porodice, koji [&hellip;]\" \/>\n<meta property=\"og:url\" content=\"https:\/\/www.prijedordanas.com\/?p=128598\" \/>\n<meta property=\"og:site_name\" content=\"PrijedorDanas.com - Prijedorski gradski portal\" \/>\n<meta property=\"article:publisher\" content=\"https:\/\/www.facebook.com\/PrijedorDanasCom\/\" \/>\n<meta property=\"article:published_time\" content=\"2019-06-04T18:01:55+00:00\" \/>\n<meta property=\"og:image\" content=\"https:\/\/www.prijedordanas.com\/wp-content\/uploads\/2019\/06\/rtrs-pomoc-dejan-cetic-300x225.jpg\" \/>\n<meta name=\"author\" content=\"admin\" \/>\n<meta name=\"twitter:card\" content=\"summary_large_image\" \/>\n<meta name=\"twitter:label1\" content=\"Written by\" \/>\n\t<meta name=\"twitter:data1\" content=\"admin\" \/>\n\t<meta name=\"twitter:label2\" content=\"Est. reading time\" \/>\n\t<meta name=\"twitter:data2\" content=\"2 minutes\" \/>\n<script type=\"application\/ld+json\" class=\"yoast-schema-graph\">{\"@context\":\"https:\/\/schema.org\",\"@graph\":[{\"@type\":\"Article\",\"@id\":\"https:\/\/www.prijedordanas.com\/?p=128598#article\",\"isPartOf\":{\"@id\":\"https:\/\/www.prijedordanas.com\/?p=128598\"},\"author\":{\"name\":\"admin\",\"@id\":\"https:\/\/www.prijedordanas.com\/#\/schema\/person\/4e08ccf29b506ca916ff86d46bb700e6\"},\"headline\":\"HUMANOST NA DJELU ZA DEJANA \u010cETI\u0106A IZ PRIJEDORA &#8211; VIDEO\",\"datePublished\":\"2019-06-04T18:01:55+00:00\",\"dateModified\":\"2019-06-04T18:01:55+00:00\",\"mainEntityOfPage\":{\"@id\":\"https:\/\/www.prijedordanas.com\/?p=128598\"},\"wordCount\":457,\"publisher\":{\"@id\":\"https:\/\/www.prijedordanas.com\/#organization\"},\"keywords\":[\"Humanost\"],\"articleSection\":[\"\u017divot\"],\"inLanguage\":\"en-US\"},{\"@type\":\"WebPage\",\"@id\":\"https:\/\/www.prijedordanas.com\/?p=128598\",\"url\":\"https:\/\/www.prijedordanas.com\/?p=128598\",\"name\":\"HUMANOST NA DJELU ZA DEJANA \u010cETI\u0106A IZ PRIJEDORA - VIDEO - PrijedorDanas.com - Prijedorski gradski portal\",\"isPartOf\":{\"@id\":\"https:\/\/www.prijedordanas.com\/#website\"},\"datePublished\":\"2019-06-04T18:01:55+00:00\",\"dateModified\":\"2019-06-04T18:01:55+00:00\",\"breadcrumb\":{\"@id\":\"https:\/\/www.prijedordanas.com\/?p=128598#breadcrumb\"},\"inLanguage\":\"en-US\",\"potentialAction\":[{\"@type\":\"ReadAction\",\"target\":[\"https:\/\/www.prijedordanas.com\/?p=128598\"]}]},{\"@type\":\"BreadcrumbList\",\"@id\":\"https:\/\/www.prijedordanas.com\/?p=128598#breadcrumb\",\"itemListElement\":[{\"@type\":\"ListItem\",\"position\":1,\"name\":\"Home\",\"item\":\"https:\/\/www.prijedordanas.com\/\"},{\"@type\":\"ListItem\",\"position\":2,\"name\":\"HUMANOST NA DJELU ZA DEJANA \u010cETI\u0106A IZ PRIJEDORA &#8211; VIDEO\"}]},{\"@type\":\"WebSite\",\"@id\":\"https:\/\/www.prijedordanas.com\/#website\",\"url\":\"https:\/\/www.prijedordanas.com\/\",\"name\":\"PrijedorDanas.com - Prijedorski gradski portal\",\"description\":\"Portal o doga\u0111anjima u gradu Prijedoru\",\"publisher\":{\"@id\":\"https:\/\/www.prijedordanas.com\/#organization\"},\"potentialAction\":[{\"@type\":\"SearchAction\",\"target\":{\"@type\":\"EntryPoint\",\"urlTemplate\":\"https:\/\/www.prijedordanas.com\/?s={search_term_string}\"},\"query-input\":\"required name=search_term_string\"}],\"inLanguage\":\"en-US\"},{\"@type\":\"Organization\",\"@id\":\"https:\/\/www.prijedordanas.com\/#organization\",\"name\":\"PrijedorDanas.com\",\"url\":\"https:\/\/www.prijedordanas.com\/\",\"logo\":{\"@type\":\"ImageObject\",\"inLanguage\":\"en-US\",\"@id\":\"https:\/\/www.prijedordanas.com\/#\/schema\/logo\/image\/\",\"url\":\"http:\/\/www.prijedordanas.com\/wp-content\/uploads\/2021\/12\/logopng.png\",\"contentUrl\":\"http:\/\/www.prijedordanas.com\/wp-content\/uploads\/2021\/12\/logopng.png\",\"width\":1019,\"height\":776,\"caption\":\"PrijedorDanas.com\"},\"image\":{\"@id\":\"https:\/\/www.prijedordanas.com\/#\/schema\/logo\/image\/\"},\"sameAs\":[\"https:\/\/www.facebook.com\/PrijedorDanasCom\/\"]},{\"@type\":\"Person\",\"@id\":\"https:\/\/www.prijedordanas.com\/#\/schema\/person\/4e08ccf29b506ca916ff86d46bb700e6\",\"name\":\"admin\",\"image\":{\"@type\":\"ImageObject\",\"inLanguage\":\"en-US\",\"@id\":\"https:\/\/www.prijedordanas.com\/#\/schema\/person\/image\/\",\"url\":\"https:\/\/secure.gravatar.com\/avatar\/1d3fc949d550f0b53a5f0d51e06dfd79?s=96&d=mm&r=g\",\"contentUrl\":\"https:\/\/secure.gravatar.com\/avatar\/1d3fc949d550f0b53a5f0d51e06dfd79?s=96&d=mm&r=g\",\"caption\":\"admin\"},\"url\":\"https:\/\/www.prijedordanas.com\/?author=1\"}]}<\/script>\n<!-- \/ Yoast SEO plugin. -->","yoast_head_json":{"title":"HUMANOST NA DJELU ZA DEJANA \u010cETI\u0106A IZ PRIJEDORA - VIDEO - PrijedorDanas.com - Prijedorski gradski portal","robots":{"index":"index","follow":"follow","max-snippet":"max-snippet:-1","max-image-preview":"max-image-preview:large","max-video-preview":"max-video-preview:-1"},"canonical":"https:\/\/www.prijedordanas.com\/?p=128598","og_locale":"en_US","og_type":"article","og_title":"HUMANOST NA DJELU ZA DEJANA \u010cETI\u0106A IZ PRIJEDORA - VIDEO - PrijedorDanas.com - Prijedorski gradski portal","og_description":"Tridestdvogodi\u0161nji Dejan \u010ceti\u0107 iz Prijedora zbog te\u0161ke bolesti od ro\u0111enja je nepokretan i vezan za krevet. Zbog situacije u kojoj se nalazi u potpunosti je zavisan o \u010dlanovima porodice, koji [&hellip;]","og_url":"https:\/\/www.prijedordanas.com\/?p=128598","og_site_name":"PrijedorDanas.com - Prijedorski gradski portal","article_publisher":"https:\/\/www.facebook.com\/PrijedorDanasCom\/","article_published_time":"2019-06-04T18:01:55+00:00","og_image":[{"url":"https:\/\/www.prijedordanas.com\/wp-content\/uploads\/2019\/06\/rtrs-pomoc-dejan-cetic-300x225.jpg"}],"author":"admin","twitter_card":"summary_large_image","twitter_misc":{"Written by":"admin","Est. reading time":"2 minutes"},"schema":{"@context":"https:\/\/schema.org","@graph":[{"@type":"Article","@id":"https:\/\/www.prijedordanas.com\/?p=128598#article","isPartOf":{"@id":"https:\/\/www.prijedordanas.com\/?p=128598"},"author":{"name":"admin","@id":"https:\/\/www.prijedordanas.com\/#\/schema\/person\/4e08ccf29b506ca916ff86d46bb700e6"},"headline":"HUMANOST NA DJELU ZA DEJANA \u010cETI\u0106A IZ PRIJEDORA &#8211; VIDEO","datePublished":"2019-06-04T18:01:55+00:00","dateModified":"2019-06-04T18:01:55+00:00","mainEntityOfPage":{"@id":"https:\/\/www.prijedordanas.com\/?p=128598"},"wordCount":457,"publisher":{"@id":"https:\/\/www.prijedordanas.com\/#organization"},"keywords":["Humanost"],"articleSection":["\u017divot"],"inLanguage":"en-US"},{"@type":"WebPage","@id":"https:\/\/www.prijedordanas.com\/?p=128598","url":"https:\/\/www.prijedordanas.com\/?p=128598","name":"HUMANOST NA DJELU ZA DEJANA \u010cETI\u0106A IZ PRIJEDORA - VIDEO - PrijedorDanas.com - Prijedorski gradski portal","isPartOf":{"@id":"https:\/\/www.prijedordanas.com\/#website"},"datePublished":"2019-06-04T18:01:55+00:00","dateModified":"2019-06-04T18:01:55+00:00","breadcrumb":{"@id":"https:\/\/www.prijedordanas.com\/?p=128598#breadcrumb"},"inLanguage":"en-US","potentialAction":[{"@type":"ReadAction","target":["https:\/\/www.prijedordanas.com\/?p=128598"]}]},{"@type":"BreadcrumbList","@id":"https:\/\/www.prijedordanas.com\/?p=128598#breadcrumb","itemListElement":[{"@type":"ListItem","position":1,"name":"Home","item":"https:\/\/www.prijedordanas.com\/"},{"@type":"ListItem","position":2,"name":"HUMANOST NA DJELU ZA DEJANA \u010cETI\u0106A IZ PRIJEDORA &#8211; VIDEO"}]},{"@type":"WebSite","@id":"https:\/\/www.prijedordanas.com\/#website","url":"https:\/\/www.prijedordanas.com\/","name":"PrijedorDanas.com - Prijedorski gradski portal","description":"Portal o doga\u0111anjima u gradu Prijedoru","publisher":{"@id":"https:\/\/www.prijedordanas.com\/#organization"},"potentialAction":[{"@type":"SearchAction","target":{"@type":"EntryPoint","urlTemplate":"https:\/\/www.prijedordanas.com\/?s={search_term_string}"},"query-input":"required name=search_term_string"}],"inLanguage":"en-US"},{"@type":"Organization","@id":"https:\/\/www.prijedordanas.com\/#organization","name":"PrijedorDanas.com","url":"https:\/\/www.prijedordanas.com\/","logo":{"@type":"ImageObject","inLanguage":"en-US","@id":"https:\/\/www.prijedordanas.com\/#\/schema\/logo\/image\/","url":"http:\/\/www.prijedordanas.com\/wp-content\/uploads\/2021\/12\/logopng.png","contentUrl":"http:\/\/www.prijedordanas.com\/wp-content\/uploads\/2021\/12\/logopng.png","width":1019,"height":776,"caption":"PrijedorDanas.com"},"image":{"@id":"https:\/\/www.prijedordanas.com\/#\/schema\/logo\/image\/"},"sameAs":["https:\/\/www.facebook.com\/PrijedorDanasCom\/"]},{"@type":"Person","@id":"https:\/\/www.prijedordanas.com\/#\/schema\/person\/4e08ccf29b506ca916ff86d46bb700e6","name":"admin","image":{"@type":"ImageObject","inLanguage":"en-US","@id":"https:\/\/www.prijedordanas.com\/#\/schema\/person\/image\/","url":"https:\/\/secure.gravatar.com\/avatar\/1d3fc949d550f0b53a5f0d51e06dfd79?s=96&d=mm&r=g","contentUrl":"https:\/\/secure.gravatar.com\/avatar\/1d3fc949d550f0b53a5f0d51e06dfd79?s=96&d=mm&r=g","caption":"admin"},"url":"https:\/\/www.prijedordanas.com\/?author=1"}]}},"_links":{"self":[{"href":"https:\/\/www.prijedordanas.com\/index.php?rest_route=\/wp\/v2\/posts\/128598"}],"collection":[{"href":"https:\/\/www.prijedordanas.com\/index.php?rest_route=\/wp\/v2\/posts"}],"about":[{"href":"https:\/\/www.prijedordanas.com\/index.php?rest_route=\/wp\/v2\/types\/post"}],"author":[{"embeddable":true,"href":"https:\/\/www.prijedordanas.com\/index.php?rest_route=\/wp\/v2\/users\/1"}],"replies":[{"embeddable":true,"href":"https:\/\/www.prijedordanas.com\/index.php?rest_route=%2Fwp%2Fv2%2Fcomments&post=128598"}],"version-history":[{"count":1,"href":"https:\/\/www.prijedordanas.com\/index.php?rest_route=\/wp\/v2\/posts\/128598\/revisions"}],"predecessor-version":[{"id":128600,"href":"https:\/\/www.prijedordanas.com\/index.php?rest_route=\/wp\/v2\/posts\/128598\/revisions\/128600"}],"wp:attachment":[{"href":"https:\/\/www.prijedordanas.com\/index.php?rest_route=%2Fwp%2Fv2%2Fmedia&parent=128598"}],"wp:term":[{"taxonomy":"category","embeddable":true,"href":"https:\/\/www.prijedordanas.com\/index.php?rest_route=%2Fwp%2Fv2%2Fcategories&post=128598"},{"taxonomy":"post_tag","embeddable":true,"href":"https:\/\/www.prijedordanas.com\/index.php?rest_route=%2Fwp%2Fv2%2Ftags&post=128598"}],"curies":[{"name":"wp","href":"https:\/\/api.w.org\/{rel}","templated":true}]}}