{"id":128529,"date":"2019-06-02T09:50:23","date_gmt":"2019-06-02T07:50:23","guid":{"rendered":"https:\/\/www.prijedordanas.com\/?p=128529"},"modified":"2019-06-02T09:50:23","modified_gmt":"2019-06-02T07:50:23","slug":"baltin-bare-kod-prijedora-svaki-dan-kod-komsije-po-vodu-video","status":"publish","type":"post","link":"https:\/\/www.prijedordanas.com\/?p=128529","title":{"rendered":"BALTIN BARE KOD PRIJEDORA: SVAKI DAN KOD KOM\u0160IJE PO VODU &#8211; VIDEO"},"content":{"rendered":"<p><a href=\"https:\/\/www.prijedordanas.com\/wp-content\/uploads\/2019\/06\/rtrs-baltin-bare-voda.jpg\"><img loading=\"lazy\" decoding=\"async\" src=\"https:\/\/www.prijedordanas.com\/wp-content\/uploads\/2019\/06\/rtrs-baltin-bare-voda-300x225.jpg\" alt=\"\" width=\"300\" height=\"225\" class=\"alignleft size-medium wp-image-128530\" srcset=\"https:\/\/www.prijedordanas.com\/wp-content\/uploads\/2019\/06\/rtrs-baltin-bare-voda-300x225.jpg 300w, https:\/\/www.prijedordanas.com\/wp-content\/uploads\/2019\/06\/rtrs-baltin-bare-voda-100x75.jpg 100w, https:\/\/www.prijedordanas.com\/wp-content\/uploads\/2019\/06\/rtrs-baltin-bare-voda-640x480.jpg 640w, https:\/\/www.prijedordanas.com\/wp-content\/uploads\/2019\/06\/rtrs-baltin-bare-voda.jpg 666w\" sizes=\"(max-width: 300px) 100vw, 300px\" \/><\/a>Svaki dan kod kom\u0161ija po vodu za pi\u0107e &#8211; svakodnevica je mje\u0161tana prijedorskog izbjegli\u010dkog naselja Baltin Bare u kojem nema vodovodne mre\u017ee. Dodatni problem za 26 doma\u0107instava su podzemne vode zbog kojih \u010desto dolazi do poplava. Dok mje\u0161tani \u010dekaju vodu za pi\u0107e, iz Gradske uprave poru\u010duju da \u0107e do kraja godine biti rije\u0161eno vodosnabdijevanje, za \u0161ta \u0107e biti izdvojeno 250.000 KM.<\/p>\n<p>Nakon izbjegli\u0161tva iz Sanskog Mosta, Milan Stupar, 2013. godine sagradio je ku\u0107u u naselju Baltin bare. U majskim poplavama 2014. voda mu je uni\u0161tila sve.<\/p>\n<p>&#8211; Svake godine strahujemo ho\u0107e li poplava, ili ne\u0107e. I ove godine smo dizali na tavan stvari pla\u0161e\u0107i se najgoreg scenarija &#8211; isti\u010de Milan Stupar.<\/p>\n<p>U svim doma\u0107instvima u ovom naselju voda iz bunara nije za pi\u0107e, zbog \u010dega su mje\u0161tani primorani da po vodu idu kod kom\u0161ija.<\/p>\n<p>&#8211; \u0408a sam donijela 20 litara vode, i nije mi te\u0161ko. Svaki drugi dan tako idemo. \u0408o\u0161 ako imaju dva \u010dovjeka u ku\u0107i koji  imaju. \u0161e\u0107ernu bolest, tad je potrebno jo\u0161 vi\u0161e vode &#8211; pri\u010da Stana Bilbija. <\/p>\n<p>Ku\u0107e u Baltin Barama izgra\u0111ene su na depresijama poznatijim kao &#8220;rupe&#8221;, iz kojih je ranije eksploatisan \u0161ljunak, ka\u017eu u mjesnoj zajednici.<\/p>\n<p>&#8211; I\u0161li smo prema gradskoj upravi da se poku\u0161a rije\u0161iti na\u010din snabdijevanja vode u ovih 26 doma\u0107instava. Me\u0111utim, negdje jeste problem &#8211; napominje Vlado Vukovi\u0107, isti\u010de predsjednik Savjeta mjesne zajednice Gomjenica.<\/p>\n<p>Problem je, ka\u017eu u Vodovodu, nedovr\u0161ena vodovodna mre\u017ea u gomjeni\u010dkoj ulici Ive Andri\u0107a, jer mnoga doma\u0107instva jo\u0161 nisu priklju\u010dena na sistem. U toku je rekonstrukcije, a izvedena je primarna vodovodna mre\u017ea za 300 doma\u0107instava.<\/p>\n<p>&#8211; Sva doma\u0107instva koja \u017eele priklju\u010dak u na\u0161em sistemu moraju potpisati ugovor sa Gradom Prijedorom i u tom slu\u010daju \u0107e imati gradsku vodu &#8211; poru\u010duje Dragan Stameni\u0107, rukovodilac Slu\u017ebe za razvoj i ekologiju Vodovod Prijedor.<\/p>\n<p>Placevi u izbjegli\u010dkom naselju Baltin bare, odlukom tada\u0161nje Komisije, korisnicima su dodijeljeni 2000. godine, ka\u017eu u Gradskoj Upravi. I tada je bilo poznato da je rije\u010d o plavnom podru\u010dju. Me\u0111utim, ni danas nije jasno za\u0161to je taj dio predvi\u0111en za naselje, isti\u010de gradona\u010delnik Prijedora Milenko \u0110akovi\u0107.<\/p>\n<p>&#8211; Postoji nekoliko tuma\u010denja, jedno je da su ljudi insistirali da budu blizu grada, da nisu htjeli i\u0107i u seosko podru\u010dje, a drugo tuma\u010denje je da je Komisija pogre\u0161no dodijelila zemlji\u0161te ljudima koje je plavno &#8211; isti\u010de Milenko \u0110akovi\u0107, gradona\u010delnik Prijedora.<\/p>\n<p>Iako \u0107e voda za pi\u0107e, kada je dobiju, olak\u0161ati \u017eivot mje\u0161tana Baltin bara ostaje strah od poplava koji se vra\u0107a nakon svake ja\u010de ki\u0161e.<\/p>\n<p>RTRS<\/p>\n<div style=\"width: 640px;\" class=\"wp-video\"><!--[if lt IE 9]><script>document.createElement('video');<\/script><![endif]-->\n<video class=\"wp-video-shortcode\" id=\"video-128529-1\" width=\"640\" height=\"360\" preload=\"metadata\" controls=\"controls\"><source type=\"video\/mp4\" src=\"https:\/\/arh3.rtrs.tv\/arhiva\/2019\/06\/01\/tvclip036701.mp4?_=1\" \/><a href=\"https:\/\/arh3.rtrs.tv\/arhiva\/2019\/06\/01\/tvclip036701.mp4\">https:\/\/arh3.rtrs.tv\/arhiva\/2019\/06\/01\/tvclip036701.mp4<\/a><\/video><\/div>\n","protected":false},"excerpt":{"rendered":"<p>Svaki dan kod kom\u0161ija po vodu za pi\u0107e &#8211; svakodnevica je mje\u0161tana prijedorskog izbjegli\u010dkog naselja Baltin Bare u kojem nema vodovodne mre\u017ee. Dodatni problem za 26 doma\u0107instava su podzemne vode [&hellip;]<\/p>\n","protected":false},"author":1,"featured_media":0,"comment_status":"closed","ping_status":"open","sticky":false,"template":"","format":"standard","meta":{"_monsterinsights_skip_tracking":false,"_monsterinsights_sitenote_active":false,"_monsterinsights_sitenote_note":"","_monsterinsights_sitenote_category":0,"footnotes":""},"categories":[8],"tags":[1064],"yoast_head":"<!-- This site is optimized with the Yoast SEO plugin v21.6 - https:\/\/yoast.com\/wordpress\/plugins\/seo\/ -->\n<title>BALTIN BARE KOD PRIJEDORA: SVAKI DAN KOD KOM\u0160IJE PO VODU - VIDEO - PrijedorDanas.com - Prijedorski gradski portal<\/title>\n<meta name=\"robots\" content=\"index, follow, max-snippet:-1, max-image-preview:large, max-video-preview:-1\" \/>\n<link rel=\"canonical\" href=\"https:\/\/www.prijedordanas.com\/?p=128529\" \/>\n<meta property=\"og:locale\" content=\"en_US\" \/>\n<meta property=\"og:type\" content=\"article\" \/>\n<meta property=\"og:title\" content=\"BALTIN BARE KOD PRIJEDORA: SVAKI DAN KOD KOM\u0160IJE PO VODU - VIDEO - PrijedorDanas.com - Prijedorski gradski portal\" \/>\n<meta property=\"og:description\" content=\"Svaki dan kod kom\u0161ija po vodu za pi\u0107e &#8211; svakodnevica je mje\u0161tana prijedorskog izbjegli\u010dkog naselja Baltin Bare u kojem nema vodovodne mre\u017ee. Dodatni problem za 26 doma\u0107instava su podzemne vode [&hellip;]\" \/>\n<meta property=\"og:url\" content=\"https:\/\/www.prijedordanas.com\/?p=128529\" \/>\n<meta property=\"og:site_name\" content=\"PrijedorDanas.com - Prijedorski gradski portal\" \/>\n<meta property=\"article:publisher\" content=\"https:\/\/www.facebook.com\/PrijedorDanasCom\/\" \/>\n<meta property=\"article:published_time\" content=\"2019-06-02T07:50:23+00:00\" \/>\n<meta property=\"og:image\" content=\"https:\/\/www.prijedordanas.com\/wp-content\/uploads\/2019\/06\/rtrs-baltin-bare-voda-300x225.jpg\" \/>\n<meta name=\"author\" content=\"admin\" \/>\n<meta name=\"twitter:card\" content=\"summary_large_image\" \/>\n<meta name=\"twitter:label1\" content=\"Written by\" \/>\n\t<meta name=\"twitter:data1\" content=\"admin\" \/>\n\t<meta name=\"twitter:label2\" content=\"Est. reading time\" \/>\n\t<meta name=\"twitter:data2\" content=\"2 minutes\" \/>\n<script type=\"application\/ld+json\" class=\"yoast-schema-graph\">{\"@context\":\"https:\/\/schema.org\",\"@graph\":[{\"@type\":\"Article\",\"@id\":\"https:\/\/www.prijedordanas.com\/?p=128529#article\",\"isPartOf\":{\"@id\":\"https:\/\/www.prijedordanas.com\/?p=128529\"},\"author\":{\"name\":\"admin\",\"@id\":\"https:\/\/www.prijedordanas.com\/#\/schema\/person\/4e08ccf29b506ca916ff86d46bb700e6\"},\"headline\":\"BALTIN BARE KOD PRIJEDORA: SVAKI DAN KOD KOM\u0160IJE PO VODU &#8211; VIDEO\",\"datePublished\":\"2019-06-02T07:50:23+00:00\",\"dateModified\":\"2019-06-02T07:50:23+00:00\",\"mainEntityOfPage\":{\"@id\":\"https:\/\/www.prijedordanas.com\/?p=128529\"},\"wordCount\":491,\"publisher\":{\"@id\":\"https:\/\/www.prijedordanas.com\/#organization\"},\"keywords\":[\"voda\"],\"articleSection\":[\"Svakodnevno\"],\"inLanguage\":\"en-US\"},{\"@type\":\"WebPage\",\"@id\":\"https:\/\/www.prijedordanas.com\/?p=128529\",\"url\":\"https:\/\/www.prijedordanas.com\/?p=128529\",\"name\":\"BALTIN BARE KOD PRIJEDORA: SVAKI DAN KOD KOM\u0160IJE PO VODU - VIDEO - PrijedorDanas.com - Prijedorski gradski portal\",\"isPartOf\":{\"@id\":\"https:\/\/www.prijedordanas.com\/#website\"},\"datePublished\":\"2019-06-02T07:50:23+00:00\",\"dateModified\":\"2019-06-02T07:50:23+00:00\",\"breadcrumb\":{\"@id\":\"https:\/\/www.prijedordanas.com\/?p=128529#breadcrumb\"},\"inLanguage\":\"en-US\",\"potentialAction\":[{\"@type\":\"ReadAction\",\"target\":[\"https:\/\/www.prijedordanas.com\/?p=128529\"]}]},{\"@type\":\"BreadcrumbList\",\"@id\":\"https:\/\/www.prijedordanas.com\/?p=128529#breadcrumb\",\"itemListElement\":[{\"@type\":\"ListItem\",\"position\":1,\"name\":\"Home\",\"item\":\"https:\/\/www.prijedordanas.com\/\"},{\"@type\":\"ListItem\",\"position\":2,\"name\":\"BALTIN BARE KOD PRIJEDORA: SVAKI DAN KOD KOM\u0160IJE PO VODU &#8211; VIDEO\"}]},{\"@type\":\"WebSite\",\"@id\":\"https:\/\/www.prijedordanas.com\/#website\",\"url\":\"https:\/\/www.prijedordanas.com\/\",\"name\":\"PrijedorDanas.com - Prijedorski gradski portal\",\"description\":\"Portal o doga\u0111anjima u gradu Prijedoru\",\"publisher\":{\"@id\":\"https:\/\/www.prijedordanas.com\/#organization\"},\"potentialAction\":[{\"@type\":\"SearchAction\",\"target\":{\"@type\":\"EntryPoint\",\"urlTemplate\":\"https:\/\/www.prijedordanas.com\/?s={search_term_string}\"},\"query-input\":\"required name=search_term_string\"}],\"inLanguage\":\"en-US\"},{\"@type\":\"Organization\",\"@id\":\"https:\/\/www.prijedordanas.com\/#organization\",\"name\":\"PrijedorDanas.com\",\"url\":\"https:\/\/www.prijedordanas.com\/\",\"logo\":{\"@type\":\"ImageObject\",\"inLanguage\":\"en-US\",\"@id\":\"https:\/\/www.prijedordanas.com\/#\/schema\/logo\/image\/\",\"url\":\"http:\/\/www.prijedordanas.com\/wp-content\/uploads\/2021\/12\/logopng.png\",\"contentUrl\":\"http:\/\/www.prijedordanas.com\/wp-content\/uploads\/2021\/12\/logopng.png\",\"width\":1019,\"height\":776,\"caption\":\"PrijedorDanas.com\"},\"image\":{\"@id\":\"https:\/\/www.prijedordanas.com\/#\/schema\/logo\/image\/\"},\"sameAs\":[\"https:\/\/www.facebook.com\/PrijedorDanasCom\/\"]},{\"@type\":\"Person\",\"@id\":\"https:\/\/www.prijedordanas.com\/#\/schema\/person\/4e08ccf29b506ca916ff86d46bb700e6\",\"name\":\"admin\",\"image\":{\"@type\":\"ImageObject\",\"inLanguage\":\"en-US\",\"@id\":\"https:\/\/www.prijedordanas.com\/#\/schema\/person\/image\/\",\"url\":\"https:\/\/secure.gravatar.com\/avatar\/1d3fc949d550f0b53a5f0d51e06dfd79?s=96&d=mm&r=g\",\"contentUrl\":\"https:\/\/secure.gravatar.com\/avatar\/1d3fc949d550f0b53a5f0d51e06dfd79?s=96&d=mm&r=g\",\"caption\":\"admin\"},\"url\":\"https:\/\/www.prijedordanas.com\/?author=1\"}]}<\/script>\n<!-- \/ Yoast SEO plugin. -->","yoast_head_json":{"title":"BALTIN BARE KOD PRIJEDORA: SVAKI DAN KOD KOM\u0160IJE PO VODU - VIDEO - PrijedorDanas.com - Prijedorski gradski portal","robots":{"index":"index","follow":"follow","max-snippet":"max-snippet:-1","max-image-preview":"max-image-preview:large","max-video-preview":"max-video-preview:-1"},"canonical":"https:\/\/www.prijedordanas.com\/?p=128529","og_locale":"en_US","og_type":"article","og_title":"BALTIN BARE KOD PRIJEDORA: SVAKI DAN KOD KOM\u0160IJE PO VODU - VIDEO - PrijedorDanas.com - Prijedorski gradski portal","og_description":"Svaki dan kod kom\u0161ija po vodu za pi\u0107e &#8211; svakodnevica je mje\u0161tana prijedorskog izbjegli\u010dkog naselja Baltin Bare u kojem nema vodovodne mre\u017ee. Dodatni problem za 26 doma\u0107instava su podzemne vode [&hellip;]","og_url":"https:\/\/www.prijedordanas.com\/?p=128529","og_site_name":"PrijedorDanas.com - Prijedorski gradski portal","article_publisher":"https:\/\/www.facebook.com\/PrijedorDanasCom\/","article_published_time":"2019-06-02T07:50:23+00:00","og_image":[{"url":"https:\/\/www.prijedordanas.com\/wp-content\/uploads\/2019\/06\/rtrs-baltin-bare-voda-300x225.jpg"}],"author":"admin","twitter_card":"summary_large_image","twitter_misc":{"Written by":"admin","Est. reading time":"2 minutes"},"schema":{"@context":"https:\/\/schema.org","@graph":[{"@type":"Article","@id":"https:\/\/www.prijedordanas.com\/?p=128529#article","isPartOf":{"@id":"https:\/\/www.prijedordanas.com\/?p=128529"},"author":{"name":"admin","@id":"https:\/\/www.prijedordanas.com\/#\/schema\/person\/4e08ccf29b506ca916ff86d46bb700e6"},"headline":"BALTIN BARE KOD PRIJEDORA: SVAKI DAN KOD KOM\u0160IJE PO VODU &#8211; VIDEO","datePublished":"2019-06-02T07:50:23+00:00","dateModified":"2019-06-02T07:50:23+00:00","mainEntityOfPage":{"@id":"https:\/\/www.prijedordanas.com\/?p=128529"},"wordCount":491,"publisher":{"@id":"https:\/\/www.prijedordanas.com\/#organization"},"keywords":["voda"],"articleSection":["Svakodnevno"],"inLanguage":"en-US"},{"@type":"WebPage","@id":"https:\/\/www.prijedordanas.com\/?p=128529","url":"https:\/\/www.prijedordanas.com\/?p=128529","name":"BALTIN BARE KOD PRIJEDORA: SVAKI DAN KOD KOM\u0160IJE PO VODU - VIDEO - PrijedorDanas.com - Prijedorski gradski portal","isPartOf":{"@id":"https:\/\/www.prijedordanas.com\/#website"},"datePublished":"2019-06-02T07:50:23+00:00","dateModified":"2019-06-02T07:50:23+00:00","breadcrumb":{"@id":"https:\/\/www.prijedordanas.com\/?p=128529#breadcrumb"},"inLanguage":"en-US","potentialAction":[{"@type":"ReadAction","target":["https:\/\/www.prijedordanas.com\/?p=128529"]}]},{"@type":"BreadcrumbList","@id":"https:\/\/www.prijedordanas.com\/?p=128529#breadcrumb","itemListElement":[{"@type":"ListItem","position":1,"name":"Home","item":"https:\/\/www.prijedordanas.com\/"},{"@type":"ListItem","position":2,"name":"BALTIN BARE KOD PRIJEDORA: SVAKI DAN KOD KOM\u0160IJE PO VODU &#8211; VIDEO"}]},{"@type":"WebSite","@id":"https:\/\/www.prijedordanas.com\/#website","url":"https:\/\/www.prijedordanas.com\/","name":"PrijedorDanas.com - Prijedorski gradski portal","description":"Portal o doga\u0111anjima u gradu Prijedoru","publisher":{"@id":"https:\/\/www.prijedordanas.com\/#organization"},"potentialAction":[{"@type":"SearchAction","target":{"@type":"EntryPoint","urlTemplate":"https:\/\/www.prijedordanas.com\/?s={search_term_string}"},"query-input":"required name=search_term_string"}],"inLanguage":"en-US"},{"@type":"Organization","@id":"https:\/\/www.prijedordanas.com\/#organization","name":"PrijedorDanas.com","url":"https:\/\/www.prijedordanas.com\/","logo":{"@type":"ImageObject","inLanguage":"en-US","@id":"https:\/\/www.prijedordanas.com\/#\/schema\/logo\/image\/","url":"http:\/\/www.prijedordanas.com\/wp-content\/uploads\/2021\/12\/logopng.png","contentUrl":"http:\/\/www.prijedordanas.com\/wp-content\/uploads\/2021\/12\/logopng.png","width":1019,"height":776,"caption":"PrijedorDanas.com"},"image":{"@id":"https:\/\/www.prijedordanas.com\/#\/schema\/logo\/image\/"},"sameAs":["https:\/\/www.facebook.com\/PrijedorDanasCom\/"]},{"@type":"Person","@id":"https:\/\/www.prijedordanas.com\/#\/schema\/person\/4e08ccf29b506ca916ff86d46bb700e6","name":"admin","image":{"@type":"ImageObject","inLanguage":"en-US","@id":"https:\/\/www.prijedordanas.com\/#\/schema\/person\/image\/","url":"https:\/\/secure.gravatar.com\/avatar\/1d3fc949d550f0b53a5f0d51e06dfd79?s=96&d=mm&r=g","contentUrl":"https:\/\/secure.gravatar.com\/avatar\/1d3fc949d550f0b53a5f0d51e06dfd79?s=96&d=mm&r=g","caption":"admin"},"url":"https:\/\/www.prijedordanas.com\/?author=1"}]}},"_links":{"self":[{"href":"https:\/\/www.prijedordanas.com\/index.php?rest_route=\/wp\/v2\/posts\/128529"}],"collection":[{"href":"https:\/\/www.prijedordanas.com\/index.php?rest_route=\/wp\/v2\/posts"}],"about":[{"href":"https:\/\/www.prijedordanas.com\/index.php?rest_route=\/wp\/v2\/types\/post"}],"author":[{"embeddable":true,"href":"https:\/\/www.prijedordanas.com\/index.php?rest_route=\/wp\/v2\/users\/1"}],"replies":[{"embeddable":true,"href":"https:\/\/www.prijedordanas.com\/index.php?rest_route=%2Fwp%2Fv2%2Fcomments&post=128529"}],"version-history":[{"count":1,"href":"https:\/\/www.prijedordanas.com\/index.php?rest_route=\/wp\/v2\/posts\/128529\/revisions"}],"predecessor-version":[{"id":128531,"href":"https:\/\/www.prijedordanas.com\/index.php?rest_route=\/wp\/v2\/posts\/128529\/revisions\/128531"}],"wp:attachment":[{"href":"https:\/\/www.prijedordanas.com\/index.php?rest_route=%2Fwp%2Fv2%2Fmedia&parent=128529"}],"wp:term":[{"taxonomy":"category","embeddable":true,"href":"https:\/\/www.prijedordanas.com\/index.php?rest_route=%2Fwp%2Fv2%2Fcategories&post=128529"},{"taxonomy":"post_tag","embeddable":true,"href":"https:\/\/www.prijedordanas.com\/index.php?rest_route=%2Fwp%2Fv2%2Ftags&post=128529"}],"curies":[{"name":"wp","href":"https:\/\/api.w.org\/{rel}","templated":true}]}}