{"id":128427,"date":"2019-05-30T22:29:13","date_gmt":"2019-05-30T20:29:13","guid":{"rendered":"https:\/\/www.prijedordanas.com\/?p=128427"},"modified":"2019-05-30T22:29:13","modified_gmt":"2019-05-30T20:29:13","slug":"strahuju-od-zaraze-ekoloski-problemi-u-baltinim-barama-kod-prijedora","status":"publish","type":"post","link":"https:\/\/www.prijedordanas.com\/?p=128427","title":{"rendered":"STRAHUJU OD ZARAZE: EKOLO\u0160KI PROBLEMI U BALTINIM BARAMA KOD PRIJEDORA"},"content":{"rendered":"<p><a href=\"https:\/\/www.prijedordanas.com\/wp-content\/uploads\/2019\/05\/blic-baltine-bare-1.jpg\"><img loading=\"lazy\" decoding=\"async\" class=\"alignleft size-medium wp-image-128428\" src=\"https:\/\/www.prijedordanas.com\/wp-content\/uploads\/2019\/05\/blic-baltine-bare-1-300x222.jpg\" alt=\"\" width=\"300\" height=\"222\" srcset=\"https:\/\/www.prijedordanas.com\/wp-content\/uploads\/2019\/05\/blic-baltine-bare-1-300x222.jpg 300w, https:\/\/www.prijedordanas.com\/wp-content\/uploads\/2019\/05\/blic-baltine-bare-1-100x74.jpg 100w, https:\/\/www.prijedordanas.com\/wp-content\/uploads\/2019\/05\/blic-baltine-bare-1.jpg 675w\" sizes=\"(max-width: 300px) 100vw, 300px\" \/><\/a>Mje\u0161tani Baltinih bara kod Prijedora strahuju da \u0107e voda koja se nakon poplava zadr\u017eala u u ovom mjestu izazvati zaraze i ozbiljne ekolo\u0161ke probleme.<\/p>\n<p>Podsje\u0107amo, njihova doma\u0107instva poplavljena su prije nekoliko dana nakon \u0161to se rijeka Sana izlila u obli\u017enju \u0161ljunkaru, odakle je voda potekla u njhova dvori\u0161ta. Mje\u0161tanin Baltinih Bara, Stanko Lazarevi\u0107, obja\u0161njava da je ta voda zaplavila oko dvadesetak ku\u0107a.<\/p>\n<p>\u2013 Kada se Sana izlije kod nas, ta voda pro\u0111e kraj vikendica, napuni rupe u \u0161ljunku i nakon pet dana izbije kod nas. U maju 2014. bile su nam \u010ditave ku\u0107e pod vodom \u2013 prisje\u0107a se Lazarevi\u0107.<\/p>\n<p>Navodi da su mje\u0161tani Baltinih bara o\u010dajni, jer \u0107e voda koja se zadr\u017eala oko njihovih ku\u0107a tu ostati tokom ljetnjih mjeseci.<\/p>\n<p><a href=\"https:\/\/www.prijedordanas.com\/wp-content\/uploads\/2019\/05\/blic-baltine-bare-2.jpg\"><img loading=\"lazy\" decoding=\"async\" class=\"alignleft size-medium wp-image-128429\" src=\"https:\/\/www.prijedordanas.com\/wp-content\/uploads\/2019\/05\/blic-baltine-bare-2-300x200.jpg\" alt=\"\" width=\"300\" height=\"200\" srcset=\"https:\/\/www.prijedordanas.com\/wp-content\/uploads\/2019\/05\/blic-baltine-bare-2-300x200.jpg 300w, https:\/\/www.prijedordanas.com\/wp-content\/uploads\/2019\/05\/blic-baltine-bare-2-100x67.jpg 100w, https:\/\/www.prijedordanas.com\/wp-content\/uploads\/2019\/05\/blic-baltine-bare-2-480x320.jpg 480w, https:\/\/www.prijedordanas.com\/wp-content\/uploads\/2019\/05\/blic-baltine-bare-2.jpg 600w\" sizes=\"(max-width: 300px) 100vw, 300px\" \/><\/a>\u2013 U toj vodi ima zmija i \u017eaba. Ne\u0107emo ostati \u017eivi od njih i komaraca kada ugrije. U\u017easno smrdi, a djeca ne mogu iza\u0107i u dvori\u0161ta da se igraju. Stoka nam je ugro\u017eena, pa su pojedinci svoju stoku odvezli u obli\u017enja mjesta \u2013 ka\u017ee Lazarevi\u0107.<\/p>\n<p>Dodaje da su na poziv mje\u0161tana dolazili prijedorski vatrogasci i pripadnici Civilne za\u0161tite.<\/p>\n<p>\u2013 Rekli su da nam oni u ovom slu\u010daju ne mogu pomo\u0107i, te da mogu jedino da evakui\u0161u mje\u0161tane ugro\u017eenih naselja, te da je potrebno obavijestiti ekolo\u0161kog inspektora o ovome \u2013 ka\u017ee Lazarevi\u0107.<\/p>\n<p>Isti\u010de da \u0107e mje\u0161tani Baltinih bara i Gomjenice pisati peticiju kojom \u0107e tra\u017eiti da se zatrpaju rupe u \u0161ljunku i utvrdi nasip kraj Sane.<\/p>\n<p><a href=\"https:\/\/www.prijedordanas.com\/wp-content\/uploads\/2019\/05\/blic-baltine-bare-3.jpg\"><img loading=\"lazy\" decoding=\"async\" src=\"https:\/\/www.prijedordanas.com\/wp-content\/uploads\/2019\/05\/blic-baltine-bare-3-300x200.jpg\" alt=\"\" width=\"300\" height=\"200\" class=\"alignleft size-medium wp-image-128430\" srcset=\"https:\/\/www.prijedordanas.com\/wp-content\/uploads\/2019\/05\/blic-baltine-bare-3-300x200.jpg 300w, https:\/\/www.prijedordanas.com\/wp-content\/uploads\/2019\/05\/blic-baltine-bare-3-100x67.jpg 100w, https:\/\/www.prijedordanas.com\/wp-content\/uploads\/2019\/05\/blic-baltine-bare-3-480x320.jpg 480w, https:\/\/www.prijedordanas.com\/wp-content\/uploads\/2019\/05\/blic-baltine-bare-3.jpg 600w\" sizes=\"(max-width: 300px) 100vw, 300px\" \/><\/a>\u2013 Mi smo izbjegli u ratu i ovdje dobili placeve od lokalne vlasti. Otpisani smo od svih. Neka nas isele odavde ako ne\u0107e da nam pomognu. Nemamo pitke vode 16 godina. Predlagao sam kom\u0161ijama da sa kantama idemo u zgradu gradske uprave po vodu, pa da vidimo da li ih je sramota \u2013 ka\u017ee on.<\/p>\n<p>Na posljednjem zasjedanju Skup\u0161tine grada, \u0161ef odborni\u010dkog Kluba PDP Dalibor Grabe\u017e pitao je gradona\u010delnika da li je upoznat o problemima sa kojima se suo\u010davaju mje\u0161tani ovog naselja i \u0161ta gradska uprava planira da uradi.<\/p>\n<p>\u2013 Ovaj put, na svu sre\u0107u, nisu imali direktno poplave kada je vodostaj Sane porastao, ali ka\u017eu da je tokom porasta vodostaja dolazilo do prelivanja na onom najni\u017eem dijelu gdje su vikendice, kod Rokvi\u0107evih \u0161ljunkara, tako da je voda do\u0161la do njihovih objekata, \u0161tala, svinjaca \u2013 rekao je Grabe\u017e.<\/p>\n<p>Gradona\u010delnik Prijedora Milenko \u0110akovi\u0107 je rekao da se uo\u010di poplava prvo interesovao upravo za ovaj dio Prijedora, jer je gledao te ku\u0107e koje su bile poplavljene do dimnjaka prije pet godina.<\/p>\n<p>\u2013 Drago mi je da sada nije do\u0161lo u toj zoni do plavljenja. Cijenim da je dio nasipa koji je izgra\u0111en u tom dijelu, povi\u0161ena kruna nasipa, uticala da nema prelivanja vode u ve\u0107oj mjeri, ali za\u0161tita od podzemnih voda je nemogu\u0107a u prostorima gdje su zemlji\u0161ta \u0161ljunkovita, gdje voda prolazi ispod zemlji\u0161ta i do objekata \u2013 rekao je on.<\/p>\n<p>Dodao je da su prijedorski vatrogasci sa svim kapacitetima dugo ispumpavali vodu sa poplavljenih podru\u010dja.<\/p>\n<p>\u2013 Spasli su mnoge ku\u0107e da ne bude zaplavljene, ali nemogu\u0107e je ispumpati svaku pojedina\u010dnu depresiju u gradu. Vidje\u0107u da li ima dodatnog prostora da vatrogasci upotrijebe pumpe i u tom prostoru \u2013 zaklju\u010dio je \u0110akovi\u0107.<\/p>\n<p>Neizvjesno suzbijanje komaraca<\/p>\n<p>Gradona\u010delnik Prijedora Milenko \u0110akovi\u0107 je rekao da ve\u0107 godinu dana traje procedura oko tendera za dezinsekciju, deratizaciju i problematiku oko tretiranja zemlji\u0161ta, za koji su se nadmetale dvije firme.<\/p>\n<p>\u2013 Gotovo nevjerovatna situacija, ali nema rje\u0161enja. Ponuda jednog i drugog ponu\u0111a\u010da nije pro\u0161la kod Komisije za \u017ealbe. Mo\u017eete misliti u kakvoj situaciji se nalazi grad, jer se ne mo\u017ee rije\u0161iti tender, pogotovo sada nakon poplava \u2013 rekao je on.<\/p>\n<p>EuroBlic-srpskainfo.com<\/p>\n","protected":false},"excerpt":{"rendered":"<p>Mje\u0161tani Baltinih bara kod Prijedora strahuju da \u0107e voda koja se nakon poplava zadr\u017eala u u ovom mjestu izazvati zaraze i ozbiljne ekolo\u0161ke probleme. Podsje\u0107amo, njihova doma\u0107instva poplavljena su prije [&hellip;]<\/p>\n","protected":false},"author":1,"featured_media":0,"comment_status":"closed","ping_status":"open","sticky":false,"template":"","format":"standard","meta":{"_monsterinsights_skip_tracking":false,"_monsterinsights_sitenote_active":false,"_monsterinsights_sitenote_note":"","_monsterinsights_sitenote_category":0,"footnotes":""},"categories":[8],"tags":[1570],"yoast_head":"<!-- This site is optimized with the Yoast SEO plugin v21.6 - https:\/\/yoast.com\/wordpress\/plugins\/seo\/ -->\n<title>STRAHUJU OD ZARAZE: EKOLO\u0160KI PROBLEMI U BALTINIM BARAMA KOD PRIJEDORA - PrijedorDanas.com - Prijedorski gradski portal<\/title>\n<meta name=\"robots\" content=\"index, follow, max-snippet:-1, max-image-preview:large, max-video-preview:-1\" \/>\n<link rel=\"canonical\" href=\"https:\/\/www.prijedordanas.com\/?p=128427\" \/>\n<meta property=\"og:locale\" content=\"en_US\" \/>\n<meta property=\"og:type\" content=\"article\" \/>\n<meta property=\"og:title\" content=\"STRAHUJU OD ZARAZE: EKOLO\u0160KI PROBLEMI U BALTINIM BARAMA KOD PRIJEDORA - PrijedorDanas.com - Prijedorski gradski portal\" \/>\n<meta property=\"og:description\" content=\"Mje\u0161tani Baltinih bara kod Prijedora strahuju da \u0107e voda koja se nakon poplava zadr\u017eala u u ovom mjestu izazvati zaraze i ozbiljne ekolo\u0161ke probleme. Podsje\u0107amo, njihova doma\u0107instva poplavljena su prije [&hellip;]\" \/>\n<meta property=\"og:url\" content=\"https:\/\/www.prijedordanas.com\/?p=128427\" \/>\n<meta property=\"og:site_name\" content=\"PrijedorDanas.com - Prijedorski gradski portal\" \/>\n<meta property=\"article:publisher\" content=\"https:\/\/www.facebook.com\/PrijedorDanasCom\/\" \/>\n<meta property=\"article:published_time\" content=\"2019-05-30T20:29:13+00:00\" \/>\n<meta property=\"og:image\" content=\"https:\/\/www.prijedordanas.com\/wp-content\/uploads\/2019\/05\/blic-baltine-bare-1-300x222.jpg\" \/>\n<meta name=\"author\" content=\"admin\" \/>\n<meta name=\"twitter:card\" content=\"summary_large_image\" \/>\n<meta name=\"twitter:label1\" content=\"Written by\" \/>\n\t<meta name=\"twitter:data1\" content=\"admin\" \/>\n\t<meta name=\"twitter:label2\" content=\"Est. reading time\" \/>\n\t<meta name=\"twitter:data2\" content=\"3 minutes\" \/>\n<script type=\"application\/ld+json\" class=\"yoast-schema-graph\">{\"@context\":\"https:\/\/schema.org\",\"@graph\":[{\"@type\":\"Article\",\"@id\":\"https:\/\/www.prijedordanas.com\/?p=128427#article\",\"isPartOf\":{\"@id\":\"https:\/\/www.prijedordanas.com\/?p=128427\"},\"author\":{\"name\":\"admin\",\"@id\":\"https:\/\/www.prijedordanas.com\/#\/schema\/person\/4e08ccf29b506ca916ff86d46bb700e6\"},\"headline\":\"STRAHUJU OD ZARAZE: EKOLO\u0160KI PROBLEMI U BALTINIM BARAMA KOD PRIJEDORA\",\"datePublished\":\"2019-05-30T20:29:13+00:00\",\"dateModified\":\"2019-05-30T20:29:13+00:00\",\"mainEntityOfPage\":{\"@id\":\"https:\/\/www.prijedordanas.com\/?p=128427\"},\"wordCount\":657,\"publisher\":{\"@id\":\"https:\/\/www.prijedordanas.com\/#organization\"},\"keywords\":[\"Baltine bare\"],\"articleSection\":[\"Svakodnevno\"],\"inLanguage\":\"en-US\"},{\"@type\":\"WebPage\",\"@id\":\"https:\/\/www.prijedordanas.com\/?p=128427\",\"url\":\"https:\/\/www.prijedordanas.com\/?p=128427\",\"name\":\"STRAHUJU OD ZARAZE: EKOLO\u0160KI PROBLEMI U BALTINIM BARAMA KOD PRIJEDORA - PrijedorDanas.com - Prijedorski gradski portal\",\"isPartOf\":{\"@id\":\"https:\/\/www.prijedordanas.com\/#website\"},\"datePublished\":\"2019-05-30T20:29:13+00:00\",\"dateModified\":\"2019-05-30T20:29:13+00:00\",\"breadcrumb\":{\"@id\":\"https:\/\/www.prijedordanas.com\/?p=128427#breadcrumb\"},\"inLanguage\":\"en-US\",\"potentialAction\":[{\"@type\":\"ReadAction\",\"target\":[\"https:\/\/www.prijedordanas.com\/?p=128427\"]}]},{\"@type\":\"BreadcrumbList\",\"@id\":\"https:\/\/www.prijedordanas.com\/?p=128427#breadcrumb\",\"itemListElement\":[{\"@type\":\"ListItem\",\"position\":1,\"name\":\"Home\",\"item\":\"https:\/\/www.prijedordanas.com\/\"},{\"@type\":\"ListItem\",\"position\":2,\"name\":\"STRAHUJU OD ZARAZE: EKOLO\u0160KI PROBLEMI U BALTINIM BARAMA KOD PRIJEDORA\"}]},{\"@type\":\"WebSite\",\"@id\":\"https:\/\/www.prijedordanas.com\/#website\",\"url\":\"https:\/\/www.prijedordanas.com\/\",\"name\":\"PrijedorDanas.com - Prijedorski gradski portal\",\"description\":\"Portal o doga\u0111anjima u gradu Prijedoru\",\"publisher\":{\"@id\":\"https:\/\/www.prijedordanas.com\/#organization\"},\"potentialAction\":[{\"@type\":\"SearchAction\",\"target\":{\"@type\":\"EntryPoint\",\"urlTemplate\":\"https:\/\/www.prijedordanas.com\/?s={search_term_string}\"},\"query-input\":\"required name=search_term_string\"}],\"inLanguage\":\"en-US\"},{\"@type\":\"Organization\",\"@id\":\"https:\/\/www.prijedordanas.com\/#organization\",\"name\":\"PrijedorDanas.com\",\"url\":\"https:\/\/www.prijedordanas.com\/\",\"logo\":{\"@type\":\"ImageObject\",\"inLanguage\":\"en-US\",\"@id\":\"https:\/\/www.prijedordanas.com\/#\/schema\/logo\/image\/\",\"url\":\"http:\/\/www.prijedordanas.com\/wp-content\/uploads\/2021\/12\/logopng.png\",\"contentUrl\":\"http:\/\/www.prijedordanas.com\/wp-content\/uploads\/2021\/12\/logopng.png\",\"width\":1019,\"height\":776,\"caption\":\"PrijedorDanas.com\"},\"image\":{\"@id\":\"https:\/\/www.prijedordanas.com\/#\/schema\/logo\/image\/\"},\"sameAs\":[\"https:\/\/www.facebook.com\/PrijedorDanasCom\/\"]},{\"@type\":\"Person\",\"@id\":\"https:\/\/www.prijedordanas.com\/#\/schema\/person\/4e08ccf29b506ca916ff86d46bb700e6\",\"name\":\"admin\",\"image\":{\"@type\":\"ImageObject\",\"inLanguage\":\"en-US\",\"@id\":\"https:\/\/www.prijedordanas.com\/#\/schema\/person\/image\/\",\"url\":\"https:\/\/secure.gravatar.com\/avatar\/1d3fc949d550f0b53a5f0d51e06dfd79?s=96&d=mm&r=g\",\"contentUrl\":\"https:\/\/secure.gravatar.com\/avatar\/1d3fc949d550f0b53a5f0d51e06dfd79?s=96&d=mm&r=g\",\"caption\":\"admin\"},\"url\":\"https:\/\/www.prijedordanas.com\/?author=1\"}]}<\/script>\n<!-- \/ Yoast SEO plugin. -->","yoast_head_json":{"title":"STRAHUJU OD ZARAZE: EKOLO\u0160KI PROBLEMI U BALTINIM BARAMA KOD PRIJEDORA - PrijedorDanas.com - Prijedorski gradski portal","robots":{"index":"index","follow":"follow","max-snippet":"max-snippet:-1","max-image-preview":"max-image-preview:large","max-video-preview":"max-video-preview:-1"},"canonical":"https:\/\/www.prijedordanas.com\/?p=128427","og_locale":"en_US","og_type":"article","og_title":"STRAHUJU OD ZARAZE: EKOLO\u0160KI PROBLEMI U BALTINIM BARAMA KOD PRIJEDORA - PrijedorDanas.com - Prijedorski gradski portal","og_description":"Mje\u0161tani Baltinih bara kod Prijedora strahuju da \u0107e voda koja se nakon poplava zadr\u017eala u u ovom mjestu izazvati zaraze i ozbiljne ekolo\u0161ke probleme. Podsje\u0107amo, njihova doma\u0107instva poplavljena su prije [&hellip;]","og_url":"https:\/\/www.prijedordanas.com\/?p=128427","og_site_name":"PrijedorDanas.com - Prijedorski gradski portal","article_publisher":"https:\/\/www.facebook.com\/PrijedorDanasCom\/","article_published_time":"2019-05-30T20:29:13+00:00","og_image":[{"url":"https:\/\/www.prijedordanas.com\/wp-content\/uploads\/2019\/05\/blic-baltine-bare-1-300x222.jpg"}],"author":"admin","twitter_card":"summary_large_image","twitter_misc":{"Written by":"admin","Est. reading time":"3 minutes"},"schema":{"@context":"https:\/\/schema.org","@graph":[{"@type":"Article","@id":"https:\/\/www.prijedordanas.com\/?p=128427#article","isPartOf":{"@id":"https:\/\/www.prijedordanas.com\/?p=128427"},"author":{"name":"admin","@id":"https:\/\/www.prijedordanas.com\/#\/schema\/person\/4e08ccf29b506ca916ff86d46bb700e6"},"headline":"STRAHUJU OD ZARAZE: EKOLO\u0160KI PROBLEMI U BALTINIM BARAMA KOD PRIJEDORA","datePublished":"2019-05-30T20:29:13+00:00","dateModified":"2019-05-30T20:29:13+00:00","mainEntityOfPage":{"@id":"https:\/\/www.prijedordanas.com\/?p=128427"},"wordCount":657,"publisher":{"@id":"https:\/\/www.prijedordanas.com\/#organization"},"keywords":["Baltine bare"],"articleSection":["Svakodnevno"],"inLanguage":"en-US"},{"@type":"WebPage","@id":"https:\/\/www.prijedordanas.com\/?p=128427","url":"https:\/\/www.prijedordanas.com\/?p=128427","name":"STRAHUJU OD ZARAZE: EKOLO\u0160KI PROBLEMI U BALTINIM BARAMA KOD PRIJEDORA - PrijedorDanas.com - Prijedorski gradski portal","isPartOf":{"@id":"https:\/\/www.prijedordanas.com\/#website"},"datePublished":"2019-05-30T20:29:13+00:00","dateModified":"2019-05-30T20:29:13+00:00","breadcrumb":{"@id":"https:\/\/www.prijedordanas.com\/?p=128427#breadcrumb"},"inLanguage":"en-US","potentialAction":[{"@type":"ReadAction","target":["https:\/\/www.prijedordanas.com\/?p=128427"]}]},{"@type":"BreadcrumbList","@id":"https:\/\/www.prijedordanas.com\/?p=128427#breadcrumb","itemListElement":[{"@type":"ListItem","position":1,"name":"Home","item":"https:\/\/www.prijedordanas.com\/"},{"@type":"ListItem","position":2,"name":"STRAHUJU OD ZARAZE: EKOLO\u0160KI PROBLEMI U BALTINIM BARAMA KOD PRIJEDORA"}]},{"@type":"WebSite","@id":"https:\/\/www.prijedordanas.com\/#website","url":"https:\/\/www.prijedordanas.com\/","name":"PrijedorDanas.com - Prijedorski gradski portal","description":"Portal o doga\u0111anjima u gradu Prijedoru","publisher":{"@id":"https:\/\/www.prijedordanas.com\/#organization"},"potentialAction":[{"@type":"SearchAction","target":{"@type":"EntryPoint","urlTemplate":"https:\/\/www.prijedordanas.com\/?s={search_term_string}"},"query-input":"required name=search_term_string"}],"inLanguage":"en-US"},{"@type":"Organization","@id":"https:\/\/www.prijedordanas.com\/#organization","name":"PrijedorDanas.com","url":"https:\/\/www.prijedordanas.com\/","logo":{"@type":"ImageObject","inLanguage":"en-US","@id":"https:\/\/www.prijedordanas.com\/#\/schema\/logo\/image\/","url":"http:\/\/www.prijedordanas.com\/wp-content\/uploads\/2021\/12\/logopng.png","contentUrl":"http:\/\/www.prijedordanas.com\/wp-content\/uploads\/2021\/12\/logopng.png","width":1019,"height":776,"caption":"PrijedorDanas.com"},"image":{"@id":"https:\/\/www.prijedordanas.com\/#\/schema\/logo\/image\/"},"sameAs":["https:\/\/www.facebook.com\/PrijedorDanasCom\/"]},{"@type":"Person","@id":"https:\/\/www.prijedordanas.com\/#\/schema\/person\/4e08ccf29b506ca916ff86d46bb700e6","name":"admin","image":{"@type":"ImageObject","inLanguage":"en-US","@id":"https:\/\/www.prijedordanas.com\/#\/schema\/person\/image\/","url":"https:\/\/secure.gravatar.com\/avatar\/1d3fc949d550f0b53a5f0d51e06dfd79?s=96&d=mm&r=g","contentUrl":"https:\/\/secure.gravatar.com\/avatar\/1d3fc949d550f0b53a5f0d51e06dfd79?s=96&d=mm&r=g","caption":"admin"},"url":"https:\/\/www.prijedordanas.com\/?author=1"}]}},"_links":{"self":[{"href":"https:\/\/www.prijedordanas.com\/index.php?rest_route=\/wp\/v2\/posts\/128427"}],"collection":[{"href":"https:\/\/www.prijedordanas.com\/index.php?rest_route=\/wp\/v2\/posts"}],"about":[{"href":"https:\/\/www.prijedordanas.com\/index.php?rest_route=\/wp\/v2\/types\/post"}],"author":[{"embeddable":true,"href":"https:\/\/www.prijedordanas.com\/index.php?rest_route=\/wp\/v2\/users\/1"}],"replies":[{"embeddable":true,"href":"https:\/\/www.prijedordanas.com\/index.php?rest_route=%2Fwp%2Fv2%2Fcomments&post=128427"}],"version-history":[{"count":1,"href":"https:\/\/www.prijedordanas.com\/index.php?rest_route=\/wp\/v2\/posts\/128427\/revisions"}],"predecessor-version":[{"id":128431,"href":"https:\/\/www.prijedordanas.com\/index.php?rest_route=\/wp\/v2\/posts\/128427\/revisions\/128431"}],"wp:attachment":[{"href":"https:\/\/www.prijedordanas.com\/index.php?rest_route=%2Fwp%2Fv2%2Fmedia&parent=128427"}],"wp:term":[{"taxonomy":"category","embeddable":true,"href":"https:\/\/www.prijedordanas.com\/index.php?rest_route=%2Fwp%2Fv2%2Fcategories&post=128427"},{"taxonomy":"post_tag","embeddable":true,"href":"https:\/\/www.prijedordanas.com\/index.php?rest_route=%2Fwp%2Fv2%2Ftags&post=128427"}],"curies":[{"name":"wp","href":"https:\/\/api.w.org\/{rel}","templated":true}]}}