{"id":128414,"date":"2019-05-30T17:34:45","date_gmt":"2019-05-30T15:34:45","guid":{"rendered":"https:\/\/www.prijedordanas.com\/?p=128414"},"modified":"2019-05-30T17:34:45","modified_gmt":"2019-05-30T15:34:45","slug":"raspisan-konkurs-za-prijem-76-malisana-u-djeciji-vrtic-radost-prijedor","status":"publish","type":"post","link":"https:\/\/www.prijedordanas.com\/?p=128414","title":{"rendered":"RASPISAN KONKURS ZA PRIJEM 76 MALI\u0160ANA U DJE\u010cIJI VRTI\u0106 \u201eRADOST\u201c PRIJEDOR"},"content":{"rendered":"<p><a href=\"https:\/\/www.prijedordanas.com\/wp-content\/uploads\/2019\/05\/maturanti-pelenasi-2.jpg\"><img loading=\"lazy\" decoding=\"async\" class=\"alignleft size-medium wp-image-128286\" src=\"https:\/\/www.prijedordanas.com\/wp-content\/uploads\/2019\/05\/maturanti-pelenasi-2-300x217.jpg\" alt=\"\" width=\"300\" height=\"217\" srcset=\"https:\/\/www.prijedordanas.com\/wp-content\/uploads\/2019\/05\/maturanti-pelenasi-2-300x217.jpg 300w, https:\/\/www.prijedordanas.com\/wp-content\/uploads\/2019\/05\/maturanti-pelenasi-2-100x72.jpg 100w, https:\/\/www.prijedordanas.com\/wp-content\/uploads\/2019\/05\/maturanti-pelenasi-2.jpg 690w\" sizes=\"(max-width: 300px) 100vw, 300px\" \/><\/a>Javna ustanova Dje\u010diji vrti\u0107 \u201eRadost\u201c Prijedor raspisala je 27. maja 2019. godine konkurs za prijem djece u jaslice i vrti\u0107 za \u0161kolsku 2019\/2020. godinu.<\/p>\n<p>Ukupno ima mjesta za 76 mali\u0161ana.<\/p>\n<p>U centralnom objektu vrti\u0107a \u201eRadost\u201c planiran je upis 39 djece, u vrti\u0107u \u201e\u0110ur\u0111evak\u201c na Urijama 16 djece, u vrti\u0107u \u201eCvr\u010dak\u201c na Pe\u0107anima 6 djece, u vrti\u0107u \u201eSnje\u017eana\u201c na Pe\u0107anima 15 djece.<\/p>\n<p>Konkurs ostaje otvoren 8 radnih dana od dana objavljivanja.<\/p>\n<p><a href=\"https:\/\/www.prijedordanas.com\/wp-content\/uploads\/2017\/05\/vrtic-radost-proljece-2017.jpg\"><img loading=\"lazy\" decoding=\"async\" src=\"https:\/\/www.prijedordanas.com\/wp-content\/uploads\/2017\/05\/vrtic-radost-proljece-2017-300x231.jpg\" alt=\"\" width=\"300\" height=\"231\" class=\"alignleft size-medium wp-image-80824\" srcset=\"https:\/\/www.prijedordanas.com\/wp-content\/uploads\/2017\/05\/vrtic-radost-proljece-2017-300x231.jpg 300w, https:\/\/www.prijedordanas.com\/wp-content\/uploads\/2017\/05\/vrtic-radost-proljece-2017-100x77.jpg 100w, https:\/\/www.prijedordanas.com\/wp-content\/uploads\/2017\/05\/vrtic-radost-proljece-2017.jpg 650w\" sizes=\"(max-width: 300px) 100vw, 300px\" \/><\/a>Zahtjevi se popunjavaju u prostorijama Vrti\u0107a \u201eRadost\u201c, Vuka Karad\u017ei\u0107a 21 u kancelariji broj 2, kod sekretara.<\/p>\n<p>Rezultati konkursa bi\u0107e objavljeni 8 dana po zatvaranju Konkursa.<\/p>\n<p>Napomena:<br \/>\nRoditelji \u010dija djeca ve\u0107 imaju nalaze, a koji govore o bilo kojem nivou usporenog razvoja, obavezni su to dostaviti prilikom konkurisanja. Tako\u0111e, svi roditelji su du\u017eni dostaviti izvod iz mati\u010dne knjige ro\u0111enih za dijete(rodni list).<\/p>\n<p>Vrti\u0107 \u201eRadost\u201c, centralni objekat<br \/>\n\u2013 Djeca od 10 do 28 mjeseci \u2013 12 djece<br \/>\n\u2013 Djeca od 18 do 36 mjeseci \u2013 18 djece<br \/>\n\u2013 Djeca od 3 do 4 godine \u2013 5 djece<br \/>\n\u2013 Djeca od 4 do 5 godina &#8211; 4 djece<\/p>\n<p>Vrti\u0107 \u201e\u0110ur\u0111evak\u201c Urije<br \/>\n\u2013 Djeca od 2 do 3 godine \u2013 16 djece<\/p>\n<p>Vrti\u0107 \u201eCvr\u010dak\u201c Pe\u0107ani<br \/>\n\u2013 Djeca od 12 do 36 mjeseci \u2013 6 djece<\/p>\n<p>Vrti\u0107 \u201eSnje\u017eana\u201c Pe\u0107ani<br \/>\n\u2013 Djeca od 3 do 4 godina \u2013 4 djece<br \/>\n\u2013 Djeca od 5 do 6 godina \u2013 11 djece<\/p>\n<p>Priredio &#8211; Aleksandar Drakuli\u0107 \u2013 <a href=\"https:\/\/www.prijedordanas.com\" target=\"_blank\" rel=\"noopener noreferrer\">www.prijedordanas.com<\/a><\/p>\n","protected":false},"excerpt":{"rendered":"<p>Javna ustanova Dje\u010diji vrti\u0107 \u201eRadost\u201c Prijedor raspisala je 27. maja 2019. godine konkurs za prijem djece u jaslice i vrti\u0107 za \u0161kolsku 2019\/2020. godinu. Ukupno ima mjesta za 76 mali\u0161ana. [&hellip;]<\/p>\n","protected":false},"author":1,"featured_media":0,"comment_status":"closed","ping_status":"open","sticky":false,"template":"","format":"standard","meta":{"_monsterinsights_skip_tracking":false,"_monsterinsights_sitenote_active":false,"_monsterinsights_sitenote_note":"","_monsterinsights_sitenote_category":0,"footnotes":""},"categories":[4],"tags":[7793,1173],"yoast_head":"<!-- This site is optimized with the Yoast SEO plugin v21.6 - https:\/\/yoast.com\/wordpress\/plugins\/seo\/ -->\n<title>RASPISAN KONKURS ZA PRIJEM 76 MALI\u0160ANA U DJE\u010cIJI VRTI\u0106 \u201eRADOST\u201c PRIJEDOR - PrijedorDanas.com - Prijedorski gradski portal<\/title>\n<meta name=\"robots\" content=\"index, follow, max-snippet:-1, max-image-preview:large, max-video-preview:-1\" \/>\n<link rel=\"canonical\" href=\"https:\/\/www.prijedordanas.com\/?p=128414\" \/>\n<meta property=\"og:locale\" content=\"en_US\" \/>\n<meta property=\"og:type\" content=\"article\" \/>\n<meta property=\"og:title\" content=\"RASPISAN KONKURS ZA PRIJEM 76 MALI\u0160ANA U DJE\u010cIJI VRTI\u0106 \u201eRADOST\u201c PRIJEDOR - PrijedorDanas.com - Prijedorski gradski portal\" \/>\n<meta property=\"og:description\" content=\"Javna ustanova Dje\u010diji vrti\u0107 \u201eRadost\u201c Prijedor raspisala je 27. maja 2019. godine konkurs za prijem djece u jaslice i vrti\u0107 za \u0161kolsku 2019\/2020. godinu. Ukupno ima mjesta za 76 mali\u0161ana. [&hellip;]\" \/>\n<meta property=\"og:url\" content=\"https:\/\/www.prijedordanas.com\/?p=128414\" \/>\n<meta property=\"og:site_name\" content=\"PrijedorDanas.com - Prijedorski gradski portal\" \/>\n<meta property=\"article:publisher\" content=\"https:\/\/www.facebook.com\/PrijedorDanasCom\/\" \/>\n<meta property=\"article:published_time\" content=\"2019-05-30T15:34:45+00:00\" \/>\n<meta property=\"og:image\" content=\"https:\/\/www.prijedordanas.com\/wp-content\/uploads\/2019\/05\/maturanti-pelenasi-2-300x217.jpg\" \/>\n<meta name=\"author\" content=\"admin\" \/>\n<meta name=\"twitter:card\" content=\"summary_large_image\" \/>\n<meta name=\"twitter:label1\" content=\"Written by\" \/>\n\t<meta name=\"twitter:data1\" content=\"admin\" \/>\n\t<meta name=\"twitter:label2\" content=\"Est. reading time\" \/>\n\t<meta name=\"twitter:data2\" content=\"1 minute\" \/>\n<script type=\"application\/ld+json\" class=\"yoast-schema-graph\">{\"@context\":\"https:\/\/schema.org\",\"@graph\":[{\"@type\":\"Article\",\"@id\":\"https:\/\/www.prijedordanas.com\/?p=128414#article\",\"isPartOf\":{\"@id\":\"https:\/\/www.prijedordanas.com\/?p=128414\"},\"author\":{\"name\":\"admin\",\"@id\":\"https:\/\/www.prijedordanas.com\/#\/schema\/person\/4e08ccf29b506ca916ff86d46bb700e6\"},\"headline\":\"RASPISAN KONKURS ZA PRIJEM 76 MALI\u0160ANA U DJE\u010cIJI VRTI\u0106 \u201eRADOST\u201c PRIJEDOR\",\"datePublished\":\"2019-05-30T15:34:45+00:00\",\"dateModified\":\"2019-05-30T15:34:45+00:00\",\"mainEntityOfPage\":{\"@id\":\"https:\/\/www.prijedordanas.com\/?p=128414\"},\"wordCount\":217,\"publisher\":{\"@id\":\"https:\/\/www.prijedordanas.com\/#organization\"},\"keywords\":[\"Dje\u010diji vrti\u0107 \\\"Radost\\\" Prijedor\",\"upis\"],\"articleSection\":[\"Dru\u0161tvo\"],\"inLanguage\":\"en-US\"},{\"@type\":\"WebPage\",\"@id\":\"https:\/\/www.prijedordanas.com\/?p=128414\",\"url\":\"https:\/\/www.prijedordanas.com\/?p=128414\",\"name\":\"RASPISAN KONKURS ZA PRIJEM 76 MALI\u0160ANA U DJE\u010cIJI VRTI\u0106 \u201eRADOST\u201c PRIJEDOR - PrijedorDanas.com - Prijedorski gradski portal\",\"isPartOf\":{\"@id\":\"https:\/\/www.prijedordanas.com\/#website\"},\"datePublished\":\"2019-05-30T15:34:45+00:00\",\"dateModified\":\"2019-05-30T15:34:45+00:00\",\"breadcrumb\":{\"@id\":\"https:\/\/www.prijedordanas.com\/?p=128414#breadcrumb\"},\"inLanguage\":\"en-US\",\"potentialAction\":[{\"@type\":\"ReadAction\",\"target\":[\"https:\/\/www.prijedordanas.com\/?p=128414\"]}]},{\"@type\":\"BreadcrumbList\",\"@id\":\"https:\/\/www.prijedordanas.com\/?p=128414#breadcrumb\",\"itemListElement\":[{\"@type\":\"ListItem\",\"position\":1,\"name\":\"Home\",\"item\":\"https:\/\/www.prijedordanas.com\/\"},{\"@type\":\"ListItem\",\"position\":2,\"name\":\"RASPISAN KONKURS ZA PRIJEM 76 MALI\u0160ANA U DJE\u010cIJI VRTI\u0106 \u201eRADOST\u201c PRIJEDOR\"}]},{\"@type\":\"WebSite\",\"@id\":\"https:\/\/www.prijedordanas.com\/#website\",\"url\":\"https:\/\/www.prijedordanas.com\/\",\"name\":\"PrijedorDanas.com - Prijedorski gradski portal\",\"description\":\"Portal o doga\u0111anjima u gradu Prijedoru\",\"publisher\":{\"@id\":\"https:\/\/www.prijedordanas.com\/#organization\"},\"potentialAction\":[{\"@type\":\"SearchAction\",\"target\":{\"@type\":\"EntryPoint\",\"urlTemplate\":\"https:\/\/www.prijedordanas.com\/?s={search_term_string}\"},\"query-input\":\"required name=search_term_string\"}],\"inLanguage\":\"en-US\"},{\"@type\":\"Organization\",\"@id\":\"https:\/\/www.prijedordanas.com\/#organization\",\"name\":\"PrijedorDanas.com\",\"url\":\"https:\/\/www.prijedordanas.com\/\",\"logo\":{\"@type\":\"ImageObject\",\"inLanguage\":\"en-US\",\"@id\":\"https:\/\/www.prijedordanas.com\/#\/schema\/logo\/image\/\",\"url\":\"http:\/\/www.prijedordanas.com\/wp-content\/uploads\/2021\/12\/logopng.png\",\"contentUrl\":\"http:\/\/www.prijedordanas.com\/wp-content\/uploads\/2021\/12\/logopng.png\",\"width\":1019,\"height\":776,\"caption\":\"PrijedorDanas.com\"},\"image\":{\"@id\":\"https:\/\/www.prijedordanas.com\/#\/schema\/logo\/image\/\"},\"sameAs\":[\"https:\/\/www.facebook.com\/PrijedorDanasCom\/\"]},{\"@type\":\"Person\",\"@id\":\"https:\/\/www.prijedordanas.com\/#\/schema\/person\/4e08ccf29b506ca916ff86d46bb700e6\",\"name\":\"admin\",\"image\":{\"@type\":\"ImageObject\",\"inLanguage\":\"en-US\",\"@id\":\"https:\/\/www.prijedordanas.com\/#\/schema\/person\/image\/\",\"url\":\"https:\/\/secure.gravatar.com\/avatar\/1d3fc949d550f0b53a5f0d51e06dfd79?s=96&d=mm&r=g\",\"contentUrl\":\"https:\/\/secure.gravatar.com\/avatar\/1d3fc949d550f0b53a5f0d51e06dfd79?s=96&d=mm&r=g\",\"caption\":\"admin\"},\"url\":\"https:\/\/www.prijedordanas.com\/?author=1\"}]}<\/script>\n<!-- \/ Yoast SEO plugin. -->","yoast_head_json":{"title":"RASPISAN KONKURS ZA PRIJEM 76 MALI\u0160ANA U DJE\u010cIJI VRTI\u0106 \u201eRADOST\u201c PRIJEDOR - PrijedorDanas.com - Prijedorski gradski portal","robots":{"index":"index","follow":"follow","max-snippet":"max-snippet:-1","max-image-preview":"max-image-preview:large","max-video-preview":"max-video-preview:-1"},"canonical":"https:\/\/www.prijedordanas.com\/?p=128414","og_locale":"en_US","og_type":"article","og_title":"RASPISAN KONKURS ZA PRIJEM 76 MALI\u0160ANA U DJE\u010cIJI VRTI\u0106 \u201eRADOST\u201c PRIJEDOR - PrijedorDanas.com - Prijedorski gradski portal","og_description":"Javna ustanova Dje\u010diji vrti\u0107 \u201eRadost\u201c Prijedor raspisala je 27. maja 2019. godine konkurs za prijem djece u jaslice i vrti\u0107 za \u0161kolsku 2019\/2020. godinu. Ukupno ima mjesta za 76 mali\u0161ana. [&hellip;]","og_url":"https:\/\/www.prijedordanas.com\/?p=128414","og_site_name":"PrijedorDanas.com - Prijedorski gradski portal","article_publisher":"https:\/\/www.facebook.com\/PrijedorDanasCom\/","article_published_time":"2019-05-30T15:34:45+00:00","og_image":[{"url":"https:\/\/www.prijedordanas.com\/wp-content\/uploads\/2019\/05\/maturanti-pelenasi-2-300x217.jpg"}],"author":"admin","twitter_card":"summary_large_image","twitter_misc":{"Written by":"admin","Est. reading time":"1 minute"},"schema":{"@context":"https:\/\/schema.org","@graph":[{"@type":"Article","@id":"https:\/\/www.prijedordanas.com\/?p=128414#article","isPartOf":{"@id":"https:\/\/www.prijedordanas.com\/?p=128414"},"author":{"name":"admin","@id":"https:\/\/www.prijedordanas.com\/#\/schema\/person\/4e08ccf29b506ca916ff86d46bb700e6"},"headline":"RASPISAN KONKURS ZA PRIJEM 76 MALI\u0160ANA U DJE\u010cIJI VRTI\u0106 \u201eRADOST\u201c PRIJEDOR","datePublished":"2019-05-30T15:34:45+00:00","dateModified":"2019-05-30T15:34:45+00:00","mainEntityOfPage":{"@id":"https:\/\/www.prijedordanas.com\/?p=128414"},"wordCount":217,"publisher":{"@id":"https:\/\/www.prijedordanas.com\/#organization"},"keywords":["Dje\u010diji vrti\u0107 \"Radost\" Prijedor","upis"],"articleSection":["Dru\u0161tvo"],"inLanguage":"en-US"},{"@type":"WebPage","@id":"https:\/\/www.prijedordanas.com\/?p=128414","url":"https:\/\/www.prijedordanas.com\/?p=128414","name":"RASPISAN KONKURS ZA PRIJEM 76 MALI\u0160ANA U DJE\u010cIJI VRTI\u0106 \u201eRADOST\u201c PRIJEDOR - PrijedorDanas.com - Prijedorski gradski portal","isPartOf":{"@id":"https:\/\/www.prijedordanas.com\/#website"},"datePublished":"2019-05-30T15:34:45+00:00","dateModified":"2019-05-30T15:34:45+00:00","breadcrumb":{"@id":"https:\/\/www.prijedordanas.com\/?p=128414#breadcrumb"},"inLanguage":"en-US","potentialAction":[{"@type":"ReadAction","target":["https:\/\/www.prijedordanas.com\/?p=128414"]}]},{"@type":"BreadcrumbList","@id":"https:\/\/www.prijedordanas.com\/?p=128414#breadcrumb","itemListElement":[{"@type":"ListItem","position":1,"name":"Home","item":"https:\/\/www.prijedordanas.com\/"},{"@type":"ListItem","position":2,"name":"RASPISAN KONKURS ZA PRIJEM 76 MALI\u0160ANA U DJE\u010cIJI VRTI\u0106 \u201eRADOST\u201c PRIJEDOR"}]},{"@type":"WebSite","@id":"https:\/\/www.prijedordanas.com\/#website","url":"https:\/\/www.prijedordanas.com\/","name":"PrijedorDanas.com - Prijedorski gradski portal","description":"Portal o doga\u0111anjima u gradu Prijedoru","publisher":{"@id":"https:\/\/www.prijedordanas.com\/#organization"},"potentialAction":[{"@type":"SearchAction","target":{"@type":"EntryPoint","urlTemplate":"https:\/\/www.prijedordanas.com\/?s={search_term_string}"},"query-input":"required name=search_term_string"}],"inLanguage":"en-US"},{"@type":"Organization","@id":"https:\/\/www.prijedordanas.com\/#organization","name":"PrijedorDanas.com","url":"https:\/\/www.prijedordanas.com\/","logo":{"@type":"ImageObject","inLanguage":"en-US","@id":"https:\/\/www.prijedordanas.com\/#\/schema\/logo\/image\/","url":"http:\/\/www.prijedordanas.com\/wp-content\/uploads\/2021\/12\/logopng.png","contentUrl":"http:\/\/www.prijedordanas.com\/wp-content\/uploads\/2021\/12\/logopng.png","width":1019,"height":776,"caption":"PrijedorDanas.com"},"image":{"@id":"https:\/\/www.prijedordanas.com\/#\/schema\/logo\/image\/"},"sameAs":["https:\/\/www.facebook.com\/PrijedorDanasCom\/"]},{"@type":"Person","@id":"https:\/\/www.prijedordanas.com\/#\/schema\/person\/4e08ccf29b506ca916ff86d46bb700e6","name":"admin","image":{"@type":"ImageObject","inLanguage":"en-US","@id":"https:\/\/www.prijedordanas.com\/#\/schema\/person\/image\/","url":"https:\/\/secure.gravatar.com\/avatar\/1d3fc949d550f0b53a5f0d51e06dfd79?s=96&d=mm&r=g","contentUrl":"https:\/\/secure.gravatar.com\/avatar\/1d3fc949d550f0b53a5f0d51e06dfd79?s=96&d=mm&r=g","caption":"admin"},"url":"https:\/\/www.prijedordanas.com\/?author=1"}]}},"_links":{"self":[{"href":"https:\/\/www.prijedordanas.com\/index.php?rest_route=\/wp\/v2\/posts\/128414"}],"collection":[{"href":"https:\/\/www.prijedordanas.com\/index.php?rest_route=\/wp\/v2\/posts"}],"about":[{"href":"https:\/\/www.prijedordanas.com\/index.php?rest_route=\/wp\/v2\/types\/post"}],"author":[{"embeddable":true,"href":"https:\/\/www.prijedordanas.com\/index.php?rest_route=\/wp\/v2\/users\/1"}],"replies":[{"embeddable":true,"href":"https:\/\/www.prijedordanas.com\/index.php?rest_route=%2Fwp%2Fv2%2Fcomments&post=128414"}],"version-history":[{"count":3,"href":"https:\/\/www.prijedordanas.com\/index.php?rest_route=\/wp\/v2\/posts\/128414\/revisions"}],"predecessor-version":[{"id":128418,"href":"https:\/\/www.prijedordanas.com\/index.php?rest_route=\/wp\/v2\/posts\/128414\/revisions\/128418"}],"wp:attachment":[{"href":"https:\/\/www.prijedordanas.com\/index.php?rest_route=%2Fwp%2Fv2%2Fmedia&parent=128414"}],"wp:term":[{"taxonomy":"category","embeddable":true,"href":"https:\/\/www.prijedordanas.com\/index.php?rest_route=%2Fwp%2Fv2%2Fcategories&post=128414"},{"taxonomy":"post_tag","embeddable":true,"href":"https:\/\/www.prijedordanas.com\/index.php?rest_route=%2Fwp%2Fv2%2Ftags&post=128414"}],"curies":[{"name":"wp","href":"https:\/\/api.w.org\/{rel}","templated":true}]}}