{"id":12827,"date":"2014-12-22T09:28:19","date_gmt":"2014-12-22T08:28:19","guid":{"rendered":"https:\/\/www.prijedordanas.com\/?p=12827"},"modified":"2014-12-22T09:28:19","modified_gmt":"2014-12-22T08:28:19","slug":"prijedor-zbog-sarlaha-jedna-vrticka-grupa-privremeno-nece-dolaziti","status":"publish","type":"post","link":"https:\/\/www.prijedordanas.com\/?p=12827","title":{"rendered":"PRIJEDOR: ZBOG \u0160ARLAHA JEDNA VRTI\u0106KA GRUPA PRIVREMENO NE\u0106E DOLAZITI"},"content":{"rendered":"<p><a href=\"https:\/\/www.prijedordanas.com\/wp-content\/uploads\/2014\/12\/rtrs-vrtic-sarlah1.jpg\"><img loading=\"lazy\" decoding=\"async\" class=\"alignleft size-medium wp-image-12828\" src=\"https:\/\/www.prijedordanas.com\/wp-content\/uploads\/2014\/12\/rtrs-vrtic-sarlah1-300x208.jpg\" alt=\"rtrs-vrtic-sarlah\" width=\"300\" height=\"208\" srcset=\"https:\/\/www.prijedordanas.com\/wp-content\/uploads\/2014\/12\/rtrs-vrtic-sarlah1-300x208.jpg 300w, https:\/\/www.prijedordanas.com\/wp-content\/uploads\/2014\/12\/rtrs-vrtic-sarlah1.jpg 600w\" sizes=\"(max-width: 300px) 100vw, 300px\" \/><\/a>U Dje\u010dijem vrti\u0107u &#8220;Radost&#8221; djeca iz jedne vaspitne grupe naredne dvije sedmice ne\u0107e boraviti u ovoj pred\u0161kolskoj ustanovi da bi se suzbilo \u0161irenje bakterije streptokok koja je izolovana kod jednog broja djece iz te grupe.<\/p>\n<p>Roditelje 28 djece, koja poha\u0111aju ovu mla\u0111u vrti\u0107ku grupu o zatvaranju grupe obavijestile su vaspita\u010dice kojima su prenijele da je Higijensko-epidemiolo\u0161ka slu\u017eba \/HES\/ Doma zdravlja Prijedor proglasila epidemiju \u0161arlaha i donijela odluku o privremenom zatvaranju te grupe.<\/p>\n<p>Roditelji djece iz drugih vrti\u0107kih grupa zvani\u010dno nisu obavije\u0161teni o ovom slu\u010daju.<\/p>\n<p>Pedijatar zadu\u017een za nadzor djece u Dje\u010dijem vrti\u0107u &#8220;Radost&#8221; Azra Pa\u0161ali\u0107 rekla je da je roditeljima vrti\u0107ke djece ostavila uputstva kojih treba da se pridr\u017eavaju, a da je rukovodstvo ustanove od HES-a dobilo mjere koje treba da sprovede.<\/p>\n<p>&#8220;Da bi se prevenirala zaraza, roditelji treba da izbjegavaju du\u017ei boravak sa djecom u igraonicama, tr\u017enim centrima i kafi\u0107ima. Djeci je potrebno dosta vitamina u ishrani i boravka na \u010distom vazduhu&#8221;, izjavila je Pa\u0161ali\u0107eva danas Srni.<\/p>\n<p>Ona je podsjetila da su do po\u010detka mjeseca u ovoj grupi bila zabilje\u017eena \u010detiri slu\u010daja \u0161arlaha i da su ta djeca izolovana. Poslije toga, na pregledima i kontrolama, sva djeca su bila negativna.<\/p>\n<p>Me\u0111utim, bakterija se sada ponovo pojavila i HES je donio odluku o zatvaranju grupe u kojoj borave oboljela djeca.<\/p>\n<p>&#8220;Prema na\u0161im saznanjima, u ostalim vrti\u0107kim grupama, kao ni u objektima ove ustanove izvan centralnog, nema zabilje\u017eenih slu\u010dajeva \u0161arlaha&#8221;, dodala je Pa\u0161ali\u0107eva.<\/p>\n<p>Epidemiolog HES-a Doma zdravlja Prijedor Milica Otkovi\u0107 rekla je danas Srni da \u0107e vi\u0161e informacija o ovom slu\u010daju javnosti saop\u0161titi u ponedjeljak.<\/p>\n<p>Djeca zatvorene grupe u vrti\u0107 bi ponovo trebalo da krenu 12. januara 2015. godine.<\/p>\n<p>Sli\u010dan slu\u010daj u centralnom objektu prijedorskog vrti\u0107a zabilje\u017een je u januaru pro\u0161le godine kada su zbog registrovanih devet slu\u010dajeva \u0161arlaha privremeno bile zatvorene dvije vaspitne grupe sa oko 50 djece da bi se na taj na\u010din prekinuo lanac obolijevanja.<\/p>\n<p>Bakterija streptokok javlja se u razli\u010ditim oblicima i mo\u017ee izazvati razli\u010dita oboljenja. Neki sojevi streptokoka izazivaju gnojnu anginu, neki \u0161arlah, a neka djeca nemaju nikakve simptome, ali su tako\u0111e pozitivni na streptokok \u0161to zna\u010di da su klicono\u0161e i da mogu prenijeti bakteriju na drugu djecu.<\/p>\n<p>\u0160arlah je jedno od 75 oboljenja koje su ljekari po zakonu du\u017eni da prijavljuju epidemiolo\u0161kim slu\u017ebama, a nisu du\u017eni prijavljivati ni slu\u010dajeve klicono\u0161tva ni slu\u010dajeve streptokokne angine.<\/p>\n<p>SRNA<br \/>\nFoto &#8211; video &#8211; RTRS<\/p>\n<p><iframe loading=\"lazy\" width=\"500\" height=\"375\" src=\"http:\/\/www.youtube.com\/embed\/M6vEwcVcJiY?feature=oembed\" frameborder=\"0\" allowfullscreen><\/iframe><\/p>\n","protected":false},"excerpt":{"rendered":"<p>U Dje\u010dijem vrti\u0107u &#8220;Radost&#8221; djeca iz jedne vaspitne grupe naredne dvije sedmice ne\u0107e boraviti u ovoj pred\u0161kolskoj ustanovi da bi se suzbilo \u0161irenje bakterije streptokok koja je izolovana kod jednog [&hellip;]<\/p>\n","protected":false},"author":1,"featured_media":0,"comment_status":"closed","ping_status":"open","sticky":false,"template":"","format":"standard","meta":{"_monsterinsights_skip_tracking":false,"_monsterinsights_sitenote_active":false,"_monsterinsights_sitenote_note":"","_monsterinsights_sitenote_category":0,"footnotes":""},"categories":[4],"tags":[611,1024],"yoast_head":"<!-- This site is optimized with the Yoast SEO plugin v21.6 - https:\/\/yoast.com\/wordpress\/plugins\/seo\/ -->\n<title>PRIJEDOR: ZBOG \u0160ARLAHA JEDNA VRTI\u0106KA GRUPA PRIVREMENO NE\u0106E DOLAZITI - PrijedorDanas.com - Prijedorski gradski portal<\/title>\n<meta name=\"robots\" content=\"index, follow, max-snippet:-1, max-image-preview:large, max-video-preview:-1\" \/>\n<link rel=\"canonical\" href=\"https:\/\/www.prijedordanas.com\/?p=12827\" \/>\n<meta property=\"og:locale\" content=\"en_US\" \/>\n<meta property=\"og:type\" content=\"article\" \/>\n<meta property=\"og:title\" content=\"PRIJEDOR: ZBOG \u0160ARLAHA JEDNA VRTI\u0106KA GRUPA PRIVREMENO NE\u0106E DOLAZITI - PrijedorDanas.com - Prijedorski gradski portal\" \/>\n<meta property=\"og:description\" content=\"U Dje\u010dijem vrti\u0107u &#8220;Radost&#8221; djeca iz jedne vaspitne grupe naredne dvije sedmice ne\u0107e boraviti u ovoj pred\u0161kolskoj ustanovi da bi se suzbilo \u0161irenje bakterije streptokok koja je izolovana kod jednog [&hellip;]\" \/>\n<meta property=\"og:url\" content=\"https:\/\/www.prijedordanas.com\/?p=12827\" \/>\n<meta property=\"og:site_name\" content=\"PrijedorDanas.com - Prijedorski gradski portal\" \/>\n<meta property=\"article:publisher\" content=\"https:\/\/www.facebook.com\/PrijedorDanasCom\/\" \/>\n<meta property=\"article:published_time\" content=\"2014-12-22T08:28:19+00:00\" \/>\n<meta property=\"og:image\" content=\"https:\/\/www.prijedordanas.com\/wp-content\/uploads\/2014\/12\/rtrs-vrtic-sarlah1-300x208.jpg\" \/>\n<meta name=\"author\" content=\"admin\" \/>\n<meta name=\"twitter:card\" content=\"summary_large_image\" \/>\n<meta name=\"twitter:label1\" content=\"Written by\" \/>\n\t<meta name=\"twitter:data1\" content=\"admin\" \/>\n\t<meta name=\"twitter:label2\" content=\"Est. reading time\" \/>\n\t<meta name=\"twitter:data2\" content=\"2 minutes\" \/>\n<script type=\"application\/ld+json\" class=\"yoast-schema-graph\">{\"@context\":\"https:\/\/schema.org\",\"@graph\":[{\"@type\":\"Article\",\"@id\":\"https:\/\/www.prijedordanas.com\/?p=12827#article\",\"isPartOf\":{\"@id\":\"https:\/\/www.prijedordanas.com\/?p=12827\"},\"author\":{\"name\":\"admin\",\"@id\":\"https:\/\/www.prijedordanas.com\/#\/schema\/person\/4e08ccf29b506ca916ff86d46bb700e6\"},\"headline\":\"PRIJEDOR: ZBOG \u0160ARLAHA JEDNA VRTI\u0106KA GRUPA PRIVREMENO NE\u0106E DOLAZITI\",\"datePublished\":\"2014-12-22T08:28:19+00:00\",\"dateModified\":\"2014-12-22T08:28:19+00:00\",\"mainEntityOfPage\":{\"@id\":\"https:\/\/www.prijedordanas.com\/?p=12827\"},\"wordCount\":454,\"publisher\":{\"@id\":\"https:\/\/www.prijedordanas.com\/#organization\"},\"keywords\":[\"\u0161arlah\",\"vrti\u0107\"],\"articleSection\":[\"Dru\u0161tvo\"],\"inLanguage\":\"en-US\"},{\"@type\":\"WebPage\",\"@id\":\"https:\/\/www.prijedordanas.com\/?p=12827\",\"url\":\"https:\/\/www.prijedordanas.com\/?p=12827\",\"name\":\"PRIJEDOR: ZBOG \u0160ARLAHA JEDNA VRTI\u0106KA GRUPA PRIVREMENO NE\u0106E DOLAZITI - PrijedorDanas.com - Prijedorski gradski portal\",\"isPartOf\":{\"@id\":\"https:\/\/www.prijedordanas.com\/#website\"},\"datePublished\":\"2014-12-22T08:28:19+00:00\",\"dateModified\":\"2014-12-22T08:28:19+00:00\",\"breadcrumb\":{\"@id\":\"https:\/\/www.prijedordanas.com\/?p=12827#breadcrumb\"},\"inLanguage\":\"en-US\",\"potentialAction\":[{\"@type\":\"ReadAction\",\"target\":[\"https:\/\/www.prijedordanas.com\/?p=12827\"]}]},{\"@type\":\"BreadcrumbList\",\"@id\":\"https:\/\/www.prijedordanas.com\/?p=12827#breadcrumb\",\"itemListElement\":[{\"@type\":\"ListItem\",\"position\":1,\"name\":\"Home\",\"item\":\"https:\/\/www.prijedordanas.com\/\"},{\"@type\":\"ListItem\",\"position\":2,\"name\":\"PRIJEDOR: ZBOG \u0160ARLAHA JEDNA VRTI\u0106KA GRUPA PRIVREMENO NE\u0106E DOLAZITI\"}]},{\"@type\":\"WebSite\",\"@id\":\"https:\/\/www.prijedordanas.com\/#website\",\"url\":\"https:\/\/www.prijedordanas.com\/\",\"name\":\"PrijedorDanas.com - Prijedorski gradski portal\",\"description\":\"Portal o doga\u0111anjima u gradu Prijedoru\",\"publisher\":{\"@id\":\"https:\/\/www.prijedordanas.com\/#organization\"},\"potentialAction\":[{\"@type\":\"SearchAction\",\"target\":{\"@type\":\"EntryPoint\",\"urlTemplate\":\"https:\/\/www.prijedordanas.com\/?s={search_term_string}\"},\"query-input\":\"required name=search_term_string\"}],\"inLanguage\":\"en-US\"},{\"@type\":\"Organization\",\"@id\":\"https:\/\/www.prijedordanas.com\/#organization\",\"name\":\"PrijedorDanas.com\",\"url\":\"https:\/\/www.prijedordanas.com\/\",\"logo\":{\"@type\":\"ImageObject\",\"inLanguage\":\"en-US\",\"@id\":\"https:\/\/www.prijedordanas.com\/#\/schema\/logo\/image\/\",\"url\":\"http:\/\/www.prijedordanas.com\/wp-content\/uploads\/2021\/12\/logopng.png\",\"contentUrl\":\"http:\/\/www.prijedordanas.com\/wp-content\/uploads\/2021\/12\/logopng.png\",\"width\":1019,\"height\":776,\"caption\":\"PrijedorDanas.com\"},\"image\":{\"@id\":\"https:\/\/www.prijedordanas.com\/#\/schema\/logo\/image\/\"},\"sameAs\":[\"https:\/\/www.facebook.com\/PrijedorDanasCom\/\"]},{\"@type\":\"Person\",\"@id\":\"https:\/\/www.prijedordanas.com\/#\/schema\/person\/4e08ccf29b506ca916ff86d46bb700e6\",\"name\":\"admin\",\"image\":{\"@type\":\"ImageObject\",\"inLanguage\":\"en-US\",\"@id\":\"https:\/\/www.prijedordanas.com\/#\/schema\/person\/image\/\",\"url\":\"https:\/\/secure.gravatar.com\/avatar\/1d3fc949d550f0b53a5f0d51e06dfd79?s=96&d=mm&r=g\",\"contentUrl\":\"https:\/\/secure.gravatar.com\/avatar\/1d3fc949d550f0b53a5f0d51e06dfd79?s=96&d=mm&r=g\",\"caption\":\"admin\"},\"url\":\"https:\/\/www.prijedordanas.com\/?author=1\"}]}<\/script>\n<!-- \/ Yoast SEO plugin. -->","yoast_head_json":{"title":"PRIJEDOR: ZBOG \u0160ARLAHA JEDNA VRTI\u0106KA GRUPA PRIVREMENO NE\u0106E DOLAZITI - PrijedorDanas.com - Prijedorski gradski portal","robots":{"index":"index","follow":"follow","max-snippet":"max-snippet:-1","max-image-preview":"max-image-preview:large","max-video-preview":"max-video-preview:-1"},"canonical":"https:\/\/www.prijedordanas.com\/?p=12827","og_locale":"en_US","og_type":"article","og_title":"PRIJEDOR: ZBOG \u0160ARLAHA JEDNA VRTI\u0106KA GRUPA PRIVREMENO NE\u0106E DOLAZITI - PrijedorDanas.com - Prijedorski gradski portal","og_description":"U Dje\u010dijem vrti\u0107u &#8220;Radost&#8221; djeca iz jedne vaspitne grupe naredne dvije sedmice ne\u0107e boraviti u ovoj pred\u0161kolskoj ustanovi da bi se suzbilo \u0161irenje bakterije streptokok koja je izolovana kod jednog [&hellip;]","og_url":"https:\/\/www.prijedordanas.com\/?p=12827","og_site_name":"PrijedorDanas.com - Prijedorski gradski portal","article_publisher":"https:\/\/www.facebook.com\/PrijedorDanasCom\/","article_published_time":"2014-12-22T08:28:19+00:00","og_image":[{"url":"https:\/\/www.prijedordanas.com\/wp-content\/uploads\/2014\/12\/rtrs-vrtic-sarlah1-300x208.jpg"}],"author":"admin","twitter_card":"summary_large_image","twitter_misc":{"Written by":"admin","Est. reading time":"2 minutes"},"schema":{"@context":"https:\/\/schema.org","@graph":[{"@type":"Article","@id":"https:\/\/www.prijedordanas.com\/?p=12827#article","isPartOf":{"@id":"https:\/\/www.prijedordanas.com\/?p=12827"},"author":{"name":"admin","@id":"https:\/\/www.prijedordanas.com\/#\/schema\/person\/4e08ccf29b506ca916ff86d46bb700e6"},"headline":"PRIJEDOR: ZBOG \u0160ARLAHA JEDNA VRTI\u0106KA GRUPA PRIVREMENO NE\u0106E DOLAZITI","datePublished":"2014-12-22T08:28:19+00:00","dateModified":"2014-12-22T08:28:19+00:00","mainEntityOfPage":{"@id":"https:\/\/www.prijedordanas.com\/?p=12827"},"wordCount":454,"publisher":{"@id":"https:\/\/www.prijedordanas.com\/#organization"},"keywords":["\u0161arlah","vrti\u0107"],"articleSection":["Dru\u0161tvo"],"inLanguage":"en-US"},{"@type":"WebPage","@id":"https:\/\/www.prijedordanas.com\/?p=12827","url":"https:\/\/www.prijedordanas.com\/?p=12827","name":"PRIJEDOR: ZBOG \u0160ARLAHA JEDNA VRTI\u0106KA GRUPA PRIVREMENO NE\u0106E DOLAZITI - PrijedorDanas.com - Prijedorski gradski portal","isPartOf":{"@id":"https:\/\/www.prijedordanas.com\/#website"},"datePublished":"2014-12-22T08:28:19+00:00","dateModified":"2014-12-22T08:28:19+00:00","breadcrumb":{"@id":"https:\/\/www.prijedordanas.com\/?p=12827#breadcrumb"},"inLanguage":"en-US","potentialAction":[{"@type":"ReadAction","target":["https:\/\/www.prijedordanas.com\/?p=12827"]}]},{"@type":"BreadcrumbList","@id":"https:\/\/www.prijedordanas.com\/?p=12827#breadcrumb","itemListElement":[{"@type":"ListItem","position":1,"name":"Home","item":"https:\/\/www.prijedordanas.com\/"},{"@type":"ListItem","position":2,"name":"PRIJEDOR: ZBOG \u0160ARLAHA JEDNA VRTI\u0106KA GRUPA PRIVREMENO NE\u0106E DOLAZITI"}]},{"@type":"WebSite","@id":"https:\/\/www.prijedordanas.com\/#website","url":"https:\/\/www.prijedordanas.com\/","name":"PrijedorDanas.com - Prijedorski gradski portal","description":"Portal o doga\u0111anjima u gradu Prijedoru","publisher":{"@id":"https:\/\/www.prijedordanas.com\/#organization"},"potentialAction":[{"@type":"SearchAction","target":{"@type":"EntryPoint","urlTemplate":"https:\/\/www.prijedordanas.com\/?s={search_term_string}"},"query-input":"required name=search_term_string"}],"inLanguage":"en-US"},{"@type":"Organization","@id":"https:\/\/www.prijedordanas.com\/#organization","name":"PrijedorDanas.com","url":"https:\/\/www.prijedordanas.com\/","logo":{"@type":"ImageObject","inLanguage":"en-US","@id":"https:\/\/www.prijedordanas.com\/#\/schema\/logo\/image\/","url":"http:\/\/www.prijedordanas.com\/wp-content\/uploads\/2021\/12\/logopng.png","contentUrl":"http:\/\/www.prijedordanas.com\/wp-content\/uploads\/2021\/12\/logopng.png","width":1019,"height":776,"caption":"PrijedorDanas.com"},"image":{"@id":"https:\/\/www.prijedordanas.com\/#\/schema\/logo\/image\/"},"sameAs":["https:\/\/www.facebook.com\/PrijedorDanasCom\/"]},{"@type":"Person","@id":"https:\/\/www.prijedordanas.com\/#\/schema\/person\/4e08ccf29b506ca916ff86d46bb700e6","name":"admin","image":{"@type":"ImageObject","inLanguage":"en-US","@id":"https:\/\/www.prijedordanas.com\/#\/schema\/person\/image\/","url":"https:\/\/secure.gravatar.com\/avatar\/1d3fc949d550f0b53a5f0d51e06dfd79?s=96&d=mm&r=g","contentUrl":"https:\/\/secure.gravatar.com\/avatar\/1d3fc949d550f0b53a5f0d51e06dfd79?s=96&d=mm&r=g","caption":"admin"},"url":"https:\/\/www.prijedordanas.com\/?author=1"}]}},"_links":{"self":[{"href":"https:\/\/www.prijedordanas.com\/index.php?rest_route=\/wp\/v2\/posts\/12827"}],"collection":[{"href":"https:\/\/www.prijedordanas.com\/index.php?rest_route=\/wp\/v2\/posts"}],"about":[{"href":"https:\/\/www.prijedordanas.com\/index.php?rest_route=\/wp\/v2\/types\/post"}],"author":[{"embeddable":true,"href":"https:\/\/www.prijedordanas.com\/index.php?rest_route=\/wp\/v2\/users\/1"}],"replies":[{"embeddable":true,"href":"https:\/\/www.prijedordanas.com\/index.php?rest_route=%2Fwp%2Fv2%2Fcomments&post=12827"}],"version-history":[{"count":1,"href":"https:\/\/www.prijedordanas.com\/index.php?rest_route=\/wp\/v2\/posts\/12827\/revisions"}],"predecessor-version":[{"id":12829,"href":"https:\/\/www.prijedordanas.com\/index.php?rest_route=\/wp\/v2\/posts\/12827\/revisions\/12829"}],"wp:attachment":[{"href":"https:\/\/www.prijedordanas.com\/index.php?rest_route=%2Fwp%2Fv2%2Fmedia&parent=12827"}],"wp:term":[{"taxonomy":"category","embeddable":true,"href":"https:\/\/www.prijedordanas.com\/index.php?rest_route=%2Fwp%2Fv2%2Fcategories&post=12827"},{"taxonomy":"post_tag","embeddable":true,"href":"https:\/\/www.prijedordanas.com\/index.php?rest_route=%2Fwp%2Fv2%2Ftags&post=12827"}],"curies":[{"name":"wp","href":"https:\/\/api.w.org\/{rel}","templated":true}]}}