{"id":128219,"date":"2019-05-26T03:43:24","date_gmt":"2019-05-26T01:43:24","guid":{"rendered":"https:\/\/www.prijedordanas.com\/?p=128219"},"modified":"2019-05-26T03:43:24","modified_gmt":"2019-05-26T01:43:24","slug":"radi-se-o-casnim-i-postenim-ljudima-i-patriotama-srpska-radikalna-stranka-integrisace-se-u-gradski-odbor-pdp-prijedor","status":"publish","type":"post","link":"https:\/\/www.prijedordanas.com\/?p=128219","title":{"rendered":"\u201cRADI SE O \u010cASNIM I PO\u0160TENIM LJUDIMA I PATRIOTAMA\u201d: SRPSKA RADIKALNA STRANKA INTEGRISA\u0106E SE U GRADSKI ODBOR PDP PRIJEDOR"},"content":{"rendered":"<p><a href=\"https:\/\/www.prijedordanas.com\/wp-content\/uploads\/2019\/04\/blic-grabez.jpg\"><img loading=\"lazy\" decoding=\"async\" src=\"https:\/\/www.prijedordanas.com\/wp-content\/uploads\/2019\/04\/blic-grabez-300x225.jpg\" alt=\"\" width=\"300\" height=\"225\" class=\"alignleft size-medium wp-image-125706\" srcset=\"https:\/\/www.prijedordanas.com\/wp-content\/uploads\/2019\/04\/blic-grabez-300x225.jpg 300w, https:\/\/www.prijedordanas.com\/wp-content\/uploads\/2019\/04\/blic-grabez-100x75.jpg 100w, https:\/\/www.prijedordanas.com\/wp-content\/uploads\/2019\/04\/blic-grabez-640x480.jpg 640w, https:\/\/www.prijedordanas.com\/wp-content\/uploads\/2019\/04\/blic-grabez.jpg 667w\" sizes=\"(max-width: 300px) 100vw, 300px\" \/><\/a>U Gradski odbor PDP u Prijedoru u nedjelju \u0107e se integrisati Srpska radikalna stranka (SRS) iz grada na Sani. Kako Srpskainfo saznaje integracija \u0107e se izvr\u0161iti na sjednici Gradskog odbora PDP.<\/p>\n<p>Ona je zakazana za nedjelju u 18 sati u sali Zavoda za izgradnju grada. Sjednici bi trebalo da prisustvuju ministar inostranih poslova BiH u tehni\u010dkom mandatu Igor Crnadak, narodni poslanik PDP iz ove izborne jedinice Perica Bundalo i predsjednik Srpske radikalne stranke Milanko Mihajilica. Informacije o integraciji za na\u0161 portal porvrdio je predsjednik GO PDP Prijedor, Dalibor Grabe\u017e.<\/p>\n<p>\u2013 Podr\u017eavam ovo odluku SRS, koju vjerujem nije bilo lako donijeti jer su bili du\u017ei niz godina dio jedne politi\u010dke opcije i emotivno su vezani, ali oni su donijeli takvu odluku zbog ukrupnjavanja srpske politi\u010dke scene. Mi ih rado prihvatamo jer se radi o \u010dasnim i po\u0161tenim ljudima i patriotama \u2013 izjavio je Grabe\u017e.<\/p>\n<p>Dodao je da je PDP otvoren i dalje za sve politi\u010dke organizacije, partije, udru\u017eenja i pojedince.<\/p>\n<p>\u2013 Za sve koji dijele na\u0161e politi\u010dke stavove i koji \u017eele da sa nama stvaraju bolji ambijent u gradu Prijedoru ali i \u0161ire \u2013 rekao je Grabe\u017e.<\/p>\n<p>Odluka o integraciji Srpske radikalne stranke u PDP donesena je na sjednici Glavnog odbora ove stranke. Ispred PDP je formirana Radna grupa za integraciju koja ce biti obavljena po Gradskim, a potom i Mjesnim odborima.<\/p>\n<p>EuroBlic-srpskainfo.com<\/p>\n","protected":false},"excerpt":{"rendered":"<p>U Gradski odbor PDP u Prijedoru u nedjelju \u0107e se integrisati Srpska radikalna stranka (SRS) iz grada na Sani. Kako Srpskainfo saznaje integracija \u0107e se izvr\u0161iti na sjednici Gradskog odbora [&hellip;]<\/p>\n","protected":false},"author":1,"featured_media":0,"comment_status":"closed","ping_status":"open","sticky":false,"template":"","format":"standard","meta":{"_monsterinsights_skip_tracking":false,"_monsterinsights_sitenote_active":false,"_monsterinsights_sitenote_note":"","_monsterinsights_sitenote_category":0,"footnotes":""},"categories":[8],"tags":[174],"yoast_head":"<!-- This site is optimized with the Yoast SEO plugin v21.6 - https:\/\/yoast.com\/wordpress\/plugins\/seo\/ -->\n<title>\u201cRADI SE O \u010cASNIM I PO\u0160TENIM LJUDIMA I PATRIOTAMA\u201d: SRPSKA RADIKALNA STRANKA INTEGRISA\u0106E SE U GRADSKI ODBOR PDP PRIJEDOR - PrijedorDanas.com - Prijedorski gradski portal<\/title>\n<meta name=\"robots\" content=\"index, follow, max-snippet:-1, max-image-preview:large, max-video-preview:-1\" \/>\n<link rel=\"canonical\" href=\"https:\/\/www.prijedordanas.com\/?p=128219\" \/>\n<meta property=\"og:locale\" content=\"en_US\" \/>\n<meta property=\"og:type\" content=\"article\" \/>\n<meta property=\"og:title\" content=\"\u201cRADI SE O \u010cASNIM I PO\u0160TENIM LJUDIMA I PATRIOTAMA\u201d: SRPSKA RADIKALNA STRANKA INTEGRISA\u0106E SE U GRADSKI ODBOR PDP PRIJEDOR - PrijedorDanas.com - Prijedorski gradski portal\" \/>\n<meta property=\"og:description\" content=\"U Gradski odbor PDP u Prijedoru u nedjelju \u0107e se integrisati Srpska radikalna stranka (SRS) iz grada na Sani. Kako Srpskainfo saznaje integracija \u0107e se izvr\u0161iti na sjednici Gradskog odbora [&hellip;]\" \/>\n<meta property=\"og:url\" content=\"https:\/\/www.prijedordanas.com\/?p=128219\" \/>\n<meta property=\"og:site_name\" content=\"PrijedorDanas.com - Prijedorski gradski portal\" \/>\n<meta property=\"article:publisher\" content=\"https:\/\/www.facebook.com\/PrijedorDanasCom\/\" \/>\n<meta property=\"article:published_time\" content=\"2019-05-26T01:43:24+00:00\" \/>\n<meta property=\"og:image\" content=\"https:\/\/www.prijedordanas.com\/wp-content\/uploads\/2019\/04\/blic-grabez-300x225.jpg\" \/>\n<meta name=\"author\" content=\"admin\" \/>\n<meta name=\"twitter:card\" content=\"summary_large_image\" \/>\n<meta name=\"twitter:label1\" content=\"Written by\" \/>\n\t<meta name=\"twitter:data1\" content=\"admin\" \/>\n\t<meta name=\"twitter:label2\" content=\"Est. reading time\" \/>\n\t<meta name=\"twitter:data2\" content=\"1 minute\" \/>\n<script type=\"application\/ld+json\" class=\"yoast-schema-graph\">{\"@context\":\"https:\/\/schema.org\",\"@graph\":[{\"@type\":\"Article\",\"@id\":\"https:\/\/www.prijedordanas.com\/?p=128219#article\",\"isPartOf\":{\"@id\":\"https:\/\/www.prijedordanas.com\/?p=128219\"},\"author\":{\"name\":\"admin\",\"@id\":\"https:\/\/www.prijedordanas.com\/#\/schema\/person\/4e08ccf29b506ca916ff86d46bb700e6\"},\"headline\":\"\u201cRADI SE O \u010cASNIM I PO\u0160TENIM LJUDIMA I PATRIOTAMA\u201d: SRPSKA RADIKALNA STRANKA INTEGRISA\u0106E SE U GRADSKI ODBOR PDP PRIJEDOR\",\"datePublished\":\"2019-05-26T01:43:24+00:00\",\"dateModified\":\"2019-05-26T01:43:24+00:00\",\"mainEntityOfPage\":{\"@id\":\"https:\/\/www.prijedordanas.com\/?p=128219\"},\"wordCount\":250,\"publisher\":{\"@id\":\"https:\/\/www.prijedordanas.com\/#organization\"},\"keywords\":[\"PDP Prijedor\"],\"articleSection\":[\"Svakodnevno\"],\"inLanguage\":\"en-US\"},{\"@type\":\"WebPage\",\"@id\":\"https:\/\/www.prijedordanas.com\/?p=128219\",\"url\":\"https:\/\/www.prijedordanas.com\/?p=128219\",\"name\":\"\u201cRADI SE O \u010cASNIM I PO\u0160TENIM LJUDIMA I PATRIOTAMA\u201d: SRPSKA RADIKALNA STRANKA INTEGRISA\u0106E SE U GRADSKI ODBOR PDP PRIJEDOR - PrijedorDanas.com - Prijedorski gradski portal\",\"isPartOf\":{\"@id\":\"https:\/\/www.prijedordanas.com\/#website\"},\"datePublished\":\"2019-05-26T01:43:24+00:00\",\"dateModified\":\"2019-05-26T01:43:24+00:00\",\"breadcrumb\":{\"@id\":\"https:\/\/www.prijedordanas.com\/?p=128219#breadcrumb\"},\"inLanguage\":\"en-US\",\"potentialAction\":[{\"@type\":\"ReadAction\",\"target\":[\"https:\/\/www.prijedordanas.com\/?p=128219\"]}]},{\"@type\":\"BreadcrumbList\",\"@id\":\"https:\/\/www.prijedordanas.com\/?p=128219#breadcrumb\",\"itemListElement\":[{\"@type\":\"ListItem\",\"position\":1,\"name\":\"Home\",\"item\":\"https:\/\/www.prijedordanas.com\/\"},{\"@type\":\"ListItem\",\"position\":2,\"name\":\"\u201cRADI SE O \u010cASNIM I PO\u0160TENIM LJUDIMA I PATRIOTAMA\u201d: SRPSKA RADIKALNA STRANKA INTEGRISA\u0106E SE U GRADSKI ODBOR PDP PRIJEDOR\"}]},{\"@type\":\"WebSite\",\"@id\":\"https:\/\/www.prijedordanas.com\/#website\",\"url\":\"https:\/\/www.prijedordanas.com\/\",\"name\":\"PrijedorDanas.com - Prijedorski gradski portal\",\"description\":\"Portal o doga\u0111anjima u gradu Prijedoru\",\"publisher\":{\"@id\":\"https:\/\/www.prijedordanas.com\/#organization\"},\"potentialAction\":[{\"@type\":\"SearchAction\",\"target\":{\"@type\":\"EntryPoint\",\"urlTemplate\":\"https:\/\/www.prijedordanas.com\/?s={search_term_string}\"},\"query-input\":\"required name=search_term_string\"}],\"inLanguage\":\"en-US\"},{\"@type\":\"Organization\",\"@id\":\"https:\/\/www.prijedordanas.com\/#organization\",\"name\":\"PrijedorDanas.com\",\"url\":\"https:\/\/www.prijedordanas.com\/\",\"logo\":{\"@type\":\"ImageObject\",\"inLanguage\":\"en-US\",\"@id\":\"https:\/\/www.prijedordanas.com\/#\/schema\/logo\/image\/\",\"url\":\"http:\/\/www.prijedordanas.com\/wp-content\/uploads\/2021\/12\/logopng.png\",\"contentUrl\":\"http:\/\/www.prijedordanas.com\/wp-content\/uploads\/2021\/12\/logopng.png\",\"width\":1019,\"height\":776,\"caption\":\"PrijedorDanas.com\"},\"image\":{\"@id\":\"https:\/\/www.prijedordanas.com\/#\/schema\/logo\/image\/\"},\"sameAs\":[\"https:\/\/www.facebook.com\/PrijedorDanasCom\/\"]},{\"@type\":\"Person\",\"@id\":\"https:\/\/www.prijedordanas.com\/#\/schema\/person\/4e08ccf29b506ca916ff86d46bb700e6\",\"name\":\"admin\",\"image\":{\"@type\":\"ImageObject\",\"inLanguage\":\"en-US\",\"@id\":\"https:\/\/www.prijedordanas.com\/#\/schema\/person\/image\/\",\"url\":\"https:\/\/secure.gravatar.com\/avatar\/1d3fc949d550f0b53a5f0d51e06dfd79?s=96&d=mm&r=g\",\"contentUrl\":\"https:\/\/secure.gravatar.com\/avatar\/1d3fc949d550f0b53a5f0d51e06dfd79?s=96&d=mm&r=g\",\"caption\":\"admin\"},\"url\":\"https:\/\/www.prijedordanas.com\/?author=1\"}]}<\/script>\n<!-- \/ Yoast SEO plugin. -->","yoast_head_json":{"title":"\u201cRADI SE O \u010cASNIM I PO\u0160TENIM LJUDIMA I PATRIOTAMA\u201d: SRPSKA RADIKALNA STRANKA INTEGRISA\u0106E SE U GRADSKI ODBOR PDP PRIJEDOR - PrijedorDanas.com - Prijedorski gradski portal","robots":{"index":"index","follow":"follow","max-snippet":"max-snippet:-1","max-image-preview":"max-image-preview:large","max-video-preview":"max-video-preview:-1"},"canonical":"https:\/\/www.prijedordanas.com\/?p=128219","og_locale":"en_US","og_type":"article","og_title":"\u201cRADI SE O \u010cASNIM I PO\u0160TENIM LJUDIMA I PATRIOTAMA\u201d: SRPSKA RADIKALNA STRANKA INTEGRISA\u0106E SE U GRADSKI ODBOR PDP PRIJEDOR - PrijedorDanas.com - Prijedorski gradski portal","og_description":"U Gradski odbor PDP u Prijedoru u nedjelju \u0107e se integrisati Srpska radikalna stranka (SRS) iz grada na Sani. Kako Srpskainfo saznaje integracija \u0107e se izvr\u0161iti na sjednici Gradskog odbora [&hellip;]","og_url":"https:\/\/www.prijedordanas.com\/?p=128219","og_site_name":"PrijedorDanas.com - Prijedorski gradski portal","article_publisher":"https:\/\/www.facebook.com\/PrijedorDanasCom\/","article_published_time":"2019-05-26T01:43:24+00:00","og_image":[{"url":"https:\/\/www.prijedordanas.com\/wp-content\/uploads\/2019\/04\/blic-grabez-300x225.jpg"}],"author":"admin","twitter_card":"summary_large_image","twitter_misc":{"Written by":"admin","Est. reading time":"1 minute"},"schema":{"@context":"https:\/\/schema.org","@graph":[{"@type":"Article","@id":"https:\/\/www.prijedordanas.com\/?p=128219#article","isPartOf":{"@id":"https:\/\/www.prijedordanas.com\/?p=128219"},"author":{"name":"admin","@id":"https:\/\/www.prijedordanas.com\/#\/schema\/person\/4e08ccf29b506ca916ff86d46bb700e6"},"headline":"\u201cRADI SE O \u010cASNIM I PO\u0160TENIM LJUDIMA I PATRIOTAMA\u201d: SRPSKA RADIKALNA STRANKA INTEGRISA\u0106E SE U GRADSKI ODBOR PDP PRIJEDOR","datePublished":"2019-05-26T01:43:24+00:00","dateModified":"2019-05-26T01:43:24+00:00","mainEntityOfPage":{"@id":"https:\/\/www.prijedordanas.com\/?p=128219"},"wordCount":250,"publisher":{"@id":"https:\/\/www.prijedordanas.com\/#organization"},"keywords":["PDP Prijedor"],"articleSection":["Svakodnevno"],"inLanguage":"en-US"},{"@type":"WebPage","@id":"https:\/\/www.prijedordanas.com\/?p=128219","url":"https:\/\/www.prijedordanas.com\/?p=128219","name":"\u201cRADI SE O \u010cASNIM I PO\u0160TENIM LJUDIMA I PATRIOTAMA\u201d: SRPSKA RADIKALNA STRANKA INTEGRISA\u0106E SE U GRADSKI ODBOR PDP PRIJEDOR - PrijedorDanas.com - Prijedorski gradski portal","isPartOf":{"@id":"https:\/\/www.prijedordanas.com\/#website"},"datePublished":"2019-05-26T01:43:24+00:00","dateModified":"2019-05-26T01:43:24+00:00","breadcrumb":{"@id":"https:\/\/www.prijedordanas.com\/?p=128219#breadcrumb"},"inLanguage":"en-US","potentialAction":[{"@type":"ReadAction","target":["https:\/\/www.prijedordanas.com\/?p=128219"]}]},{"@type":"BreadcrumbList","@id":"https:\/\/www.prijedordanas.com\/?p=128219#breadcrumb","itemListElement":[{"@type":"ListItem","position":1,"name":"Home","item":"https:\/\/www.prijedordanas.com\/"},{"@type":"ListItem","position":2,"name":"\u201cRADI SE O \u010cASNIM I PO\u0160TENIM LJUDIMA I PATRIOTAMA\u201d: SRPSKA RADIKALNA STRANKA INTEGRISA\u0106E SE U GRADSKI ODBOR PDP PRIJEDOR"}]},{"@type":"WebSite","@id":"https:\/\/www.prijedordanas.com\/#website","url":"https:\/\/www.prijedordanas.com\/","name":"PrijedorDanas.com - Prijedorski gradski portal","description":"Portal o doga\u0111anjima u gradu Prijedoru","publisher":{"@id":"https:\/\/www.prijedordanas.com\/#organization"},"potentialAction":[{"@type":"SearchAction","target":{"@type":"EntryPoint","urlTemplate":"https:\/\/www.prijedordanas.com\/?s={search_term_string}"},"query-input":"required name=search_term_string"}],"inLanguage":"en-US"},{"@type":"Organization","@id":"https:\/\/www.prijedordanas.com\/#organization","name":"PrijedorDanas.com","url":"https:\/\/www.prijedordanas.com\/","logo":{"@type":"ImageObject","inLanguage":"en-US","@id":"https:\/\/www.prijedordanas.com\/#\/schema\/logo\/image\/","url":"http:\/\/www.prijedordanas.com\/wp-content\/uploads\/2021\/12\/logopng.png","contentUrl":"http:\/\/www.prijedordanas.com\/wp-content\/uploads\/2021\/12\/logopng.png","width":1019,"height":776,"caption":"PrijedorDanas.com"},"image":{"@id":"https:\/\/www.prijedordanas.com\/#\/schema\/logo\/image\/"},"sameAs":["https:\/\/www.facebook.com\/PrijedorDanasCom\/"]},{"@type":"Person","@id":"https:\/\/www.prijedordanas.com\/#\/schema\/person\/4e08ccf29b506ca916ff86d46bb700e6","name":"admin","image":{"@type":"ImageObject","inLanguage":"en-US","@id":"https:\/\/www.prijedordanas.com\/#\/schema\/person\/image\/","url":"https:\/\/secure.gravatar.com\/avatar\/1d3fc949d550f0b53a5f0d51e06dfd79?s=96&d=mm&r=g","contentUrl":"https:\/\/secure.gravatar.com\/avatar\/1d3fc949d550f0b53a5f0d51e06dfd79?s=96&d=mm&r=g","caption":"admin"},"url":"https:\/\/www.prijedordanas.com\/?author=1"}]}},"_links":{"self":[{"href":"https:\/\/www.prijedordanas.com\/index.php?rest_route=\/wp\/v2\/posts\/128219"}],"collection":[{"href":"https:\/\/www.prijedordanas.com\/index.php?rest_route=\/wp\/v2\/posts"}],"about":[{"href":"https:\/\/www.prijedordanas.com\/index.php?rest_route=\/wp\/v2\/types\/post"}],"author":[{"embeddable":true,"href":"https:\/\/www.prijedordanas.com\/index.php?rest_route=\/wp\/v2\/users\/1"}],"replies":[{"embeddable":true,"href":"https:\/\/www.prijedordanas.com\/index.php?rest_route=%2Fwp%2Fv2%2Fcomments&post=128219"}],"version-history":[{"count":1,"href":"https:\/\/www.prijedordanas.com\/index.php?rest_route=\/wp\/v2\/posts\/128219\/revisions"}],"predecessor-version":[{"id":128220,"href":"https:\/\/www.prijedordanas.com\/index.php?rest_route=\/wp\/v2\/posts\/128219\/revisions\/128220"}],"wp:attachment":[{"href":"https:\/\/www.prijedordanas.com\/index.php?rest_route=%2Fwp%2Fv2%2Fmedia&parent=128219"}],"wp:term":[{"taxonomy":"category","embeddable":true,"href":"https:\/\/www.prijedordanas.com\/index.php?rest_route=%2Fwp%2Fv2%2Fcategories&post=128219"},{"taxonomy":"post_tag","embeddable":true,"href":"https:\/\/www.prijedordanas.com\/index.php?rest_route=%2Fwp%2Fv2%2Ftags&post=128219"}],"curies":[{"name":"wp","href":"https:\/\/api.w.org\/{rel}","templated":true}]}}