{"id":12817,"date":"2014-12-21T21:37:37","date_gmt":"2014-12-21T20:37:37","guid":{"rendered":"https:\/\/www.prijedordanas.com\/?p=12817"},"modified":"2014-12-21T21:37:37","modified_gmt":"2014-12-21T20:37:37","slug":"otvoren-regionalni-put-miska-glava-agici-foto-2","status":"publish","type":"post","link":"https:\/\/www.prijedordanas.com\/?p=12817","title":{"rendered":"OTVOREN REGIONALNI PUT MISKA GLAVA \u2013 AGI\u0106I &#8211; FOTO"},"content":{"rendered":"<p><a href=\"https:\/\/www.prijedordanas.com\/wp-content\/uploads\/2014\/12\/put-miska-glava-agici-1.jpg\"><img loading=\"lazy\" decoding=\"async\" class=\"alignleft size-medium wp-image-12810\" src=\"https:\/\/www.prijedordanas.com\/wp-content\/uploads\/2014\/12\/put-miska-glava-agici-1-300x198.jpg\" alt=\"put miska glava-agici (1)\" width=\"300\" height=\"198\" srcset=\"https:\/\/www.prijedordanas.com\/wp-content\/uploads\/2014\/12\/put-miska-glava-agici-1-300x198.jpg 300w, https:\/\/www.prijedordanas.com\/wp-content\/uploads\/2014\/12\/put-miska-glava-agici-1.jpg 600w\" sizes=\"(max-width: 300px) 100vw, 300px\" \/><\/a>Gradona\u010delnik Prijedora Marko Pavi\u0107 i na\u010delnik op\u0161tine Novi Grad Snje\u017eana Rajili\u0107 pustili su danas u saobra\u0107aj novoasfaltirani put du\u017eine 5,8 kilometara, \u010dija je vrijednost 580.000 KM, koji povezuje mjesne zajednice ove dvije lokalne zajednice Miska Glava i Agi\u0107i.<\/p>\n<p>Pavi\u0107 je istakao da je ovaj put jedan od tri projekta koji su Prijedor i susjedne op\u0161tine kandidovali Vladi Republike Srpske i koji imaju regionalni karakter, jer povezuju dvije ili vi\u0161e op\u0161tina.<\/p>\n<p>&#8220;To su, osim ovog puta, i putevi Prijedor &#8211; Kozarska Dubica \u2013 banja Mlje\u010danica i Prijedor &#8211; Kozarska Dubica &#8211; Kostajnica&#8221;, rekao je Pavi\u0107.<\/p>\n<p>On je dodao da je put koji su danas pustili u saobra\u0107aj, asfaltiran uz pomo\u0107 Vlade Republike Srpske, te u\u010de\u0161\u0107e Prijedora i Novog Grada, prije svega na radost gra\u0111ana koji \u017eive na ovom podru\u010dju.<\/p>\n<p>&#8220;Ovaj put ima veliki zna\u010daj, ne samo za mje\u0161tane Miske Glave i Agi\u0107a, ve\u0107 i za op\u0161tine Krupa na Uni i O\u0161tra Luka naro\u010dito za Budimli\u0107 Japru, jer \u0107e im ovo biti najbli\u017ei put do Banjaluke i drugih dijelova Republike Srpske&#8221;, rekao je Pavi\u0107.<\/p>\n<p>Na\u010delnik op\u0161tine Novi Grad Snje\u017eana Rajili\u0107 istakla je da je ovaj putni pravac veoma va\u017ean za \u017eitelje Novog Grada, jer \u0107e od sada znatno br\u017ee stizati u regionalni centar &#8211; Prijedor.<\/p>\n<p>Izvo\u0111a\u010d radova bilo je preduze\u0107e Prijedor putevi, a radovi su zavr\u0161eni u roku.<\/p>\n<p>Tekst \u2013 SRNA<br \/>\nFoto \u2013 Aleksandar Drakuli\u0107 \u2013 www.prijedordanas.com<br \/>\n<a href=\"https:\/\/www.prijedordanas.com\/wp-content\/uploads\/2014\/12\/put-miska-glava-agici-2.jpg\"><img loading=\"lazy\" decoding=\"async\" class=\"alignleft size-medium wp-image-12811\" src=\"https:\/\/www.prijedordanas.com\/wp-content\/uploads\/2014\/12\/put-miska-glava-agici-2-300x198.jpg\" alt=\"put miska glava-agici (2)\" width=\"300\" height=\"198\" srcset=\"https:\/\/www.prijedordanas.com\/wp-content\/uploads\/2014\/12\/put-miska-glava-agici-2-300x198.jpg 300w, https:\/\/www.prijedordanas.com\/wp-content\/uploads\/2014\/12\/put-miska-glava-agici-2.jpg 600w\" sizes=\"(max-width: 300px) 100vw, 300px\" \/><\/a> <a href=\"https:\/\/www.prijedordanas.com\/wp-content\/uploads\/2014\/12\/put-miska-glava-agici-3.jpg\"><img loading=\"lazy\" decoding=\"async\" class=\"alignleft size-medium wp-image-12812\" src=\"https:\/\/www.prijedordanas.com\/wp-content\/uploads\/2014\/12\/put-miska-glava-agici-3-300x198.jpg\" alt=\"put miska glava-agici (3)\" width=\"300\" height=\"198\" srcset=\"https:\/\/www.prijedordanas.com\/wp-content\/uploads\/2014\/12\/put-miska-glava-agici-3-300x198.jpg 300w, https:\/\/www.prijedordanas.com\/wp-content\/uploads\/2014\/12\/put-miska-glava-agici-3.jpg 600w\" sizes=\"(max-width: 300px) 100vw, 300px\" \/><\/a> <a href=\"https:\/\/www.prijedordanas.com\/wp-content\/uploads\/2014\/12\/put-miska-glava-agici-4.jpg\"><img loading=\"lazy\" decoding=\"async\" class=\"alignleft size-medium wp-image-12813\" src=\"https:\/\/www.prijedordanas.com\/wp-content\/uploads\/2014\/12\/put-miska-glava-agici-4-300x198.jpg\" alt=\"put miska glava-agici (4)\" width=\"300\" height=\"198\" srcset=\"https:\/\/www.prijedordanas.com\/wp-content\/uploads\/2014\/12\/put-miska-glava-agici-4-300x198.jpg 300w, https:\/\/www.prijedordanas.com\/wp-content\/uploads\/2014\/12\/put-miska-glava-agici-4.jpg 600w\" sizes=\"(max-width: 300px) 100vw, 300px\" \/><\/a> <a href=\"https:\/\/www.prijedordanas.com\/wp-content\/uploads\/2014\/12\/put-miska-glava-agici-5.jpg\"><img loading=\"lazy\" decoding=\"async\" class=\"alignleft size-medium wp-image-12814\" src=\"https:\/\/www.prijedordanas.com\/wp-content\/uploads\/2014\/12\/put-miska-glava-agici-5-300x198.jpg\" alt=\"put miska glava-agici (5)\" width=\"300\" height=\"198\" srcset=\"https:\/\/www.prijedordanas.com\/wp-content\/uploads\/2014\/12\/put-miska-glava-agici-5-300x198.jpg 300w, https:\/\/www.prijedordanas.com\/wp-content\/uploads\/2014\/12\/put-miska-glava-agici-5.jpg 600w\" sizes=\"(max-width: 300px) 100vw, 300px\" \/><\/a> <a href=\"https:\/\/www.prijedordanas.com\/wp-content\/uploads\/2014\/12\/put-miska-glava-agici-6.jpg\"><img loading=\"lazy\" decoding=\"async\" class=\"alignleft size-medium wp-image-12815\" src=\"https:\/\/www.prijedordanas.com\/wp-content\/uploads\/2014\/12\/put-miska-glava-agici-6-300x198.jpg\" alt=\"put miska glava-agici (6)\" width=\"300\" height=\"198\" srcset=\"https:\/\/www.prijedordanas.com\/wp-content\/uploads\/2014\/12\/put-miska-glava-agici-6-300x198.jpg 300w, https:\/\/www.prijedordanas.com\/wp-content\/uploads\/2014\/12\/put-miska-glava-agici-6.jpg 600w\" sizes=\"(max-width: 300px) 100vw, 300px\" \/><\/a><\/p>\n","protected":false},"excerpt":{"rendered":"<p>Gradona\u010delnik Prijedora Marko Pavi\u0107 i na\u010delnik op\u0161tine Novi Grad Snje\u017eana Rajili\u0107 pustili su danas u saobra\u0107aj novoasfaltirani put du\u017eine 5,8 kilometara, \u010dija je vrijednost 580.000 KM, koji povezuje mjesne zajednice [&hellip;]<\/p>\n","protected":false},"author":1,"featured_media":0,"comment_status":"closed","ping_status":"open","sticky":false,"template":"","format":"standard","meta":{"_monsterinsights_skip_tracking":false,"_monsterinsights_sitenote_active":false,"_monsterinsights_sitenote_note":"","_monsterinsights_sitenote_category":0,"footnotes":""},"categories":[4],"tags":[],"yoast_head":"<!-- This site is optimized with the Yoast SEO plugin v21.6 - https:\/\/yoast.com\/wordpress\/plugins\/seo\/ -->\n<title>OTVOREN REGIONALNI PUT MISKA GLAVA \u2013 AGI\u0106I - FOTO - PrijedorDanas.com - Prijedorski gradski portal<\/title>\n<meta name=\"robots\" content=\"index, follow, max-snippet:-1, max-image-preview:large, max-video-preview:-1\" \/>\n<link rel=\"canonical\" href=\"https:\/\/www.prijedordanas.com\/?p=12817\" \/>\n<meta property=\"og:locale\" content=\"en_US\" \/>\n<meta property=\"og:type\" content=\"article\" \/>\n<meta property=\"og:title\" content=\"OTVOREN REGIONALNI PUT MISKA GLAVA \u2013 AGI\u0106I - FOTO - PrijedorDanas.com - Prijedorski gradski portal\" \/>\n<meta property=\"og:description\" content=\"Gradona\u010delnik Prijedora Marko Pavi\u0107 i na\u010delnik op\u0161tine Novi Grad Snje\u017eana Rajili\u0107 pustili su danas u saobra\u0107aj novoasfaltirani put du\u017eine 5,8 kilometara, \u010dija je vrijednost 580.000 KM, koji povezuje mjesne zajednice [&hellip;]\" \/>\n<meta property=\"og:url\" content=\"https:\/\/www.prijedordanas.com\/?p=12817\" \/>\n<meta property=\"og:site_name\" content=\"PrijedorDanas.com - Prijedorski gradski portal\" \/>\n<meta property=\"article:publisher\" content=\"https:\/\/www.facebook.com\/PrijedorDanasCom\/\" \/>\n<meta property=\"article:published_time\" content=\"2014-12-21T20:37:37+00:00\" \/>\n<meta property=\"og:image\" content=\"https:\/\/www.prijedordanas.com\/wp-content\/uploads\/2014\/12\/put-miska-glava-agici-1-300x198.jpg\" \/>\n<meta name=\"author\" content=\"admin\" \/>\n<meta name=\"twitter:card\" content=\"summary_large_image\" \/>\n<meta name=\"twitter:label1\" content=\"Written by\" \/>\n\t<meta name=\"twitter:data1\" content=\"admin\" \/>\n\t<meta name=\"twitter:label2\" content=\"Est. reading time\" \/>\n\t<meta name=\"twitter:data2\" content=\"1 minute\" \/>\n<script type=\"application\/ld+json\" class=\"yoast-schema-graph\">{\"@context\":\"https:\/\/schema.org\",\"@graph\":[{\"@type\":\"Article\",\"@id\":\"https:\/\/www.prijedordanas.com\/?p=12817#article\",\"isPartOf\":{\"@id\":\"https:\/\/www.prijedordanas.com\/?p=12817\"},\"author\":{\"name\":\"admin\",\"@id\":\"https:\/\/www.prijedordanas.com\/#\/schema\/person\/4e08ccf29b506ca916ff86d46bb700e6\"},\"headline\":\"OTVOREN REGIONALNI PUT MISKA GLAVA \u2013 AGI\u0106I &#8211; FOTO\",\"datePublished\":\"2014-12-21T20:37:37+00:00\",\"dateModified\":\"2014-12-21T20:37:37+00:00\",\"mainEntityOfPage\":{\"@id\":\"https:\/\/www.prijedordanas.com\/?p=12817\"},\"wordCount\":261,\"publisher\":{\"@id\":\"https:\/\/www.prijedordanas.com\/#organization\"},\"articleSection\":[\"Dru\u0161tvo\"],\"inLanguage\":\"en-US\"},{\"@type\":\"WebPage\",\"@id\":\"https:\/\/www.prijedordanas.com\/?p=12817\",\"url\":\"https:\/\/www.prijedordanas.com\/?p=12817\",\"name\":\"OTVOREN REGIONALNI PUT MISKA GLAVA \u2013 AGI\u0106I - FOTO - PrijedorDanas.com - Prijedorski gradski portal\",\"isPartOf\":{\"@id\":\"https:\/\/www.prijedordanas.com\/#website\"},\"datePublished\":\"2014-12-21T20:37:37+00:00\",\"dateModified\":\"2014-12-21T20:37:37+00:00\",\"breadcrumb\":{\"@id\":\"https:\/\/www.prijedordanas.com\/?p=12817#breadcrumb\"},\"inLanguage\":\"en-US\",\"potentialAction\":[{\"@type\":\"ReadAction\",\"target\":[\"https:\/\/www.prijedordanas.com\/?p=12817\"]}]},{\"@type\":\"BreadcrumbList\",\"@id\":\"https:\/\/www.prijedordanas.com\/?p=12817#breadcrumb\",\"itemListElement\":[{\"@type\":\"ListItem\",\"position\":1,\"name\":\"Home\",\"item\":\"https:\/\/www.prijedordanas.com\/\"},{\"@type\":\"ListItem\",\"position\":2,\"name\":\"OTVOREN REGIONALNI PUT MISKA GLAVA \u2013 AGI\u0106I &#8211; FOTO\"}]},{\"@type\":\"WebSite\",\"@id\":\"https:\/\/www.prijedordanas.com\/#website\",\"url\":\"https:\/\/www.prijedordanas.com\/\",\"name\":\"PrijedorDanas.com - Prijedorski gradski portal\",\"description\":\"Portal o doga\u0111anjima u gradu Prijedoru\",\"publisher\":{\"@id\":\"https:\/\/www.prijedordanas.com\/#organization\"},\"potentialAction\":[{\"@type\":\"SearchAction\",\"target\":{\"@type\":\"EntryPoint\",\"urlTemplate\":\"https:\/\/www.prijedordanas.com\/?s={search_term_string}\"},\"query-input\":\"required name=search_term_string\"}],\"inLanguage\":\"en-US\"},{\"@type\":\"Organization\",\"@id\":\"https:\/\/www.prijedordanas.com\/#organization\",\"name\":\"PrijedorDanas.com\",\"url\":\"https:\/\/www.prijedordanas.com\/\",\"logo\":{\"@type\":\"ImageObject\",\"inLanguage\":\"en-US\",\"@id\":\"https:\/\/www.prijedordanas.com\/#\/schema\/logo\/image\/\",\"url\":\"http:\/\/www.prijedordanas.com\/wp-content\/uploads\/2021\/12\/logopng.png\",\"contentUrl\":\"http:\/\/www.prijedordanas.com\/wp-content\/uploads\/2021\/12\/logopng.png\",\"width\":1019,\"height\":776,\"caption\":\"PrijedorDanas.com\"},\"image\":{\"@id\":\"https:\/\/www.prijedordanas.com\/#\/schema\/logo\/image\/\"},\"sameAs\":[\"https:\/\/www.facebook.com\/PrijedorDanasCom\/\"]},{\"@type\":\"Person\",\"@id\":\"https:\/\/www.prijedordanas.com\/#\/schema\/person\/4e08ccf29b506ca916ff86d46bb700e6\",\"name\":\"admin\",\"image\":{\"@type\":\"ImageObject\",\"inLanguage\":\"en-US\",\"@id\":\"https:\/\/www.prijedordanas.com\/#\/schema\/person\/image\/\",\"url\":\"https:\/\/secure.gravatar.com\/avatar\/1d3fc949d550f0b53a5f0d51e06dfd79?s=96&d=mm&r=g\",\"contentUrl\":\"https:\/\/secure.gravatar.com\/avatar\/1d3fc949d550f0b53a5f0d51e06dfd79?s=96&d=mm&r=g\",\"caption\":\"admin\"},\"url\":\"https:\/\/www.prijedordanas.com\/?author=1\"}]}<\/script>\n<!-- \/ Yoast SEO plugin. -->","yoast_head_json":{"title":"OTVOREN REGIONALNI PUT MISKA GLAVA \u2013 AGI\u0106I - FOTO - PrijedorDanas.com - Prijedorski gradski portal","robots":{"index":"index","follow":"follow","max-snippet":"max-snippet:-1","max-image-preview":"max-image-preview:large","max-video-preview":"max-video-preview:-1"},"canonical":"https:\/\/www.prijedordanas.com\/?p=12817","og_locale":"en_US","og_type":"article","og_title":"OTVOREN REGIONALNI PUT MISKA GLAVA \u2013 AGI\u0106I - FOTO - PrijedorDanas.com - Prijedorski gradski portal","og_description":"Gradona\u010delnik Prijedora Marko Pavi\u0107 i na\u010delnik op\u0161tine Novi Grad Snje\u017eana Rajili\u0107 pustili su danas u saobra\u0107aj novoasfaltirani put du\u017eine 5,8 kilometara, \u010dija je vrijednost 580.000 KM, koji povezuje mjesne zajednice [&hellip;]","og_url":"https:\/\/www.prijedordanas.com\/?p=12817","og_site_name":"PrijedorDanas.com - Prijedorski gradski portal","article_publisher":"https:\/\/www.facebook.com\/PrijedorDanasCom\/","article_published_time":"2014-12-21T20:37:37+00:00","og_image":[{"url":"https:\/\/www.prijedordanas.com\/wp-content\/uploads\/2014\/12\/put-miska-glava-agici-1-300x198.jpg"}],"author":"admin","twitter_card":"summary_large_image","twitter_misc":{"Written by":"admin","Est. reading time":"1 minute"},"schema":{"@context":"https:\/\/schema.org","@graph":[{"@type":"Article","@id":"https:\/\/www.prijedordanas.com\/?p=12817#article","isPartOf":{"@id":"https:\/\/www.prijedordanas.com\/?p=12817"},"author":{"name":"admin","@id":"https:\/\/www.prijedordanas.com\/#\/schema\/person\/4e08ccf29b506ca916ff86d46bb700e6"},"headline":"OTVOREN REGIONALNI PUT MISKA GLAVA \u2013 AGI\u0106I &#8211; FOTO","datePublished":"2014-12-21T20:37:37+00:00","dateModified":"2014-12-21T20:37:37+00:00","mainEntityOfPage":{"@id":"https:\/\/www.prijedordanas.com\/?p=12817"},"wordCount":261,"publisher":{"@id":"https:\/\/www.prijedordanas.com\/#organization"},"articleSection":["Dru\u0161tvo"],"inLanguage":"en-US"},{"@type":"WebPage","@id":"https:\/\/www.prijedordanas.com\/?p=12817","url":"https:\/\/www.prijedordanas.com\/?p=12817","name":"OTVOREN REGIONALNI PUT MISKA GLAVA \u2013 AGI\u0106I - FOTO - PrijedorDanas.com - Prijedorski gradski portal","isPartOf":{"@id":"https:\/\/www.prijedordanas.com\/#website"},"datePublished":"2014-12-21T20:37:37+00:00","dateModified":"2014-12-21T20:37:37+00:00","breadcrumb":{"@id":"https:\/\/www.prijedordanas.com\/?p=12817#breadcrumb"},"inLanguage":"en-US","potentialAction":[{"@type":"ReadAction","target":["https:\/\/www.prijedordanas.com\/?p=12817"]}]},{"@type":"BreadcrumbList","@id":"https:\/\/www.prijedordanas.com\/?p=12817#breadcrumb","itemListElement":[{"@type":"ListItem","position":1,"name":"Home","item":"https:\/\/www.prijedordanas.com\/"},{"@type":"ListItem","position":2,"name":"OTVOREN REGIONALNI PUT MISKA GLAVA \u2013 AGI\u0106I &#8211; FOTO"}]},{"@type":"WebSite","@id":"https:\/\/www.prijedordanas.com\/#website","url":"https:\/\/www.prijedordanas.com\/","name":"PrijedorDanas.com - Prijedorski gradski portal","description":"Portal o doga\u0111anjima u gradu Prijedoru","publisher":{"@id":"https:\/\/www.prijedordanas.com\/#organization"},"potentialAction":[{"@type":"SearchAction","target":{"@type":"EntryPoint","urlTemplate":"https:\/\/www.prijedordanas.com\/?s={search_term_string}"},"query-input":"required name=search_term_string"}],"inLanguage":"en-US"},{"@type":"Organization","@id":"https:\/\/www.prijedordanas.com\/#organization","name":"PrijedorDanas.com","url":"https:\/\/www.prijedordanas.com\/","logo":{"@type":"ImageObject","inLanguage":"en-US","@id":"https:\/\/www.prijedordanas.com\/#\/schema\/logo\/image\/","url":"http:\/\/www.prijedordanas.com\/wp-content\/uploads\/2021\/12\/logopng.png","contentUrl":"http:\/\/www.prijedordanas.com\/wp-content\/uploads\/2021\/12\/logopng.png","width":1019,"height":776,"caption":"PrijedorDanas.com"},"image":{"@id":"https:\/\/www.prijedordanas.com\/#\/schema\/logo\/image\/"},"sameAs":["https:\/\/www.facebook.com\/PrijedorDanasCom\/"]},{"@type":"Person","@id":"https:\/\/www.prijedordanas.com\/#\/schema\/person\/4e08ccf29b506ca916ff86d46bb700e6","name":"admin","image":{"@type":"ImageObject","inLanguage":"en-US","@id":"https:\/\/www.prijedordanas.com\/#\/schema\/person\/image\/","url":"https:\/\/secure.gravatar.com\/avatar\/1d3fc949d550f0b53a5f0d51e06dfd79?s=96&d=mm&r=g","contentUrl":"https:\/\/secure.gravatar.com\/avatar\/1d3fc949d550f0b53a5f0d51e06dfd79?s=96&d=mm&r=g","caption":"admin"},"url":"https:\/\/www.prijedordanas.com\/?author=1"}]}},"_links":{"self":[{"href":"https:\/\/www.prijedordanas.com\/index.php?rest_route=\/wp\/v2\/posts\/12817"}],"collection":[{"href":"https:\/\/www.prijedordanas.com\/index.php?rest_route=\/wp\/v2\/posts"}],"about":[{"href":"https:\/\/www.prijedordanas.com\/index.php?rest_route=\/wp\/v2\/types\/post"}],"author":[{"embeddable":true,"href":"https:\/\/www.prijedordanas.com\/index.php?rest_route=\/wp\/v2\/users\/1"}],"replies":[{"embeddable":true,"href":"https:\/\/www.prijedordanas.com\/index.php?rest_route=%2Fwp%2Fv2%2Fcomments&post=12817"}],"version-history":[{"count":1,"href":"https:\/\/www.prijedordanas.com\/index.php?rest_route=\/wp\/v2\/posts\/12817\/revisions"}],"predecessor-version":[{"id":12818,"href":"https:\/\/www.prijedordanas.com\/index.php?rest_route=\/wp\/v2\/posts\/12817\/revisions\/12818"}],"wp:attachment":[{"href":"https:\/\/www.prijedordanas.com\/index.php?rest_route=%2Fwp%2Fv2%2Fmedia&parent=12817"}],"wp:term":[{"taxonomy":"category","embeddable":true,"href":"https:\/\/www.prijedordanas.com\/index.php?rest_route=%2Fwp%2Fv2%2Fcategories&post=12817"},{"taxonomy":"post_tag","embeddable":true,"href":"https:\/\/www.prijedordanas.com\/index.php?rest_route=%2Fwp%2Fv2%2Ftags&post=12817"}],"curies":[{"name":"wp","href":"https:\/\/api.w.org\/{rel}","templated":true}]}}