{"id":128102,"date":"2019-05-24T11:26:14","date_gmt":"2019-05-24T09:26:14","guid":{"rendered":"https:\/\/www.prijedordanas.com\/?p=128102"},"modified":"2019-05-24T11:26:14","modified_gmt":"2019-05-24T09:26:14","slug":"saopstenje-za-javnost-pravnika-zaposlenih-u-gradskoj-upravi-prijedor","status":"publish","type":"post","link":"https:\/\/www.prijedordanas.com\/?p=128102","title":{"rendered":"SAOP\u0160TENJE ZA JAVNOST PRAVNIKA ZAPOSLENIH U GRADSKOJ UPRAVI PRIJEDOR"},"content":{"rendered":"<p><a href=\"https:\/\/www.prijedordanas.com\/wp-content\/uploads\/2019\/03\/gradska-uprava-prijedor-mart-2019.jpg\"><img loading=\"lazy\" decoding=\"async\" class=\"alignleft size-medium wp-image-124613\" src=\"https:\/\/www.prijedordanas.com\/wp-content\/uploads\/2019\/03\/gradska-uprava-prijedor-mart-2019-300x222.jpg\" alt=\"\" width=\"300\" height=\"222\" srcset=\"https:\/\/www.prijedordanas.com\/wp-content\/uploads\/2019\/03\/gradska-uprava-prijedor-mart-2019-300x222.jpg 300w, https:\/\/www.prijedordanas.com\/wp-content\/uploads\/2019\/03\/gradska-uprava-prijedor-mart-2019-100x74.jpg 100w, https:\/\/www.prijedordanas.com\/wp-content\/uploads\/2019\/03\/gradska-uprava-prijedor-mart-2019.jpg 675w\" sizes=\"(max-width: 300px) 100vw, 300px\" \/><\/a>Grad Prijedor<br \/>\nGradska uprava<br \/>\nDatum: 24.5.2019.godine<\/p>\n<p>SAOP\u0160TENJE ZA JAVNOST<\/p>\n<p>Suo\u010deni sa tendencioznim i zlonamjernim tekstovima \u010diji je izvor Srpska info sa bombasti\u010dnim naslovima \u201eNIJE IH INTERESOVAO NASIP\u201c Prijedor\u010dani tvrde da je lokalna vlast slagala premijera, \u201e\u0110akovic\u0301 prozvao Prijedor\u010danina,ubrzo mu stigao \u017eestok odgovor\u201c. I uvijek iz pera jednog novinara koji se uporno trudi da doka\u017ee da Grad Prijedor \u017eivi samo u problemima i zakulisnim poslovima. Nikada nijedan tekst nije bio afirmativan, a nije valjda da za svih ovih godina u Prijedoru nije ura\u0111en nijedan dobar posao u korist gra\u0111ana, a i samog Prijedora. Ali ostavic\u0301emo to po strani, o tome c\u0301e sud dati vrijeme koje je pred nama, a ne dnevna politika.<\/p>\n<p>Podsjetic\u0301emo da je iz pera istog novinara iza\u0161ao tekst o jednoj od najljep\u0161h pijaca u ovom dijelu Regije pod naslovom \u201ePijaca bez kupaca jer je smje\u0161tena na groblju\u201c, ili o Sportskoj dvorani na \u201eUrijama\u201c, \u201eZidanje Skadra na Bojani\u201c.<\/p>\n<p>Sve je to po onoj staroj logici \u201cnajlo\u0161ija vijest je najbolja vijest\u201c, a to prodaje novine i \u010dini medije interesantnim.<\/p>\n<p>Toliko o tome.<\/p>\n<p>Novinarska profesija nala\u017ee da se utvrde sve \u010dinjenice prije objavljivanja tekstova pa i konstatacija da \u201esmatra da su pravnici zaposleni u Gradskoj upravi pro\u0161lih pet godina primali plate za svoj posao, ali da nisu po\u0161tovali zakonske procedure\u201c.<\/p>\n<p>Prvo, svi novinari su dobili informaciju o stanju predmeta, i radnjama koje su preduzimane od 2014.godine, ali nijedne rije\u010di o tome nema u ovim tekstovima.<\/p>\n<p>Drugo, treba dokazati da neko nije po\u0161tovao zakonske procedure, a ne pau\u0161alno iznositi ocijene. Valjda nije nepo\u0161tovanje zakonskih procedura, ako neko koristi zakonom predvi\u0111ena sredstva u za\u0161titi javnog interesa, a zna se da je jedno od osnovnih na\u010dela pravnog sistema vi\u0161estepenost odlu\u010divanja. I ne treba zaboraviti \u010dinjenicu da je jo\u0161 26.12.2014.godine pokrenut postupak sporazumnog rje\u0161avanja ovog pitanja.Nije ta\u010dna ni tvrdnja da je Grad bio nezainteresovan za rje\u0161avanje ovih pitanja.Grad je pokrenuo postupak utvr\u0111ivanja op\u0161teg interesa, a nakon toga postupak potpune eksproprijacije. I jedino \u0161to je mogao \u010diniti poslije toga,a \u010dinio je da urgira kod institucija gdje se predmet nalazi. Neki od tih predmeta se nalaze u zavr\u0161noj fazi, a neki su tek sada pokrenuti.<\/p>\n<p>Trec\u0301e, u konkretnom slu\u010daju poziv za uvi\u0111aj na licu mjesta je stigao u Gradsku upravu 15.05.2019.godine, sa terminom odr\u017eavanja 24.05.2019.godine. Nije valjda da je i za to Grad kriv.<\/p>\n<p>Da li je to dokaz da se Gradska uprava nije interesovala i preduzimala radnje.<\/p>\n<p>Potrebu za ovim saop\u0161tenjem smo imali iz razloga \u0161to su besprizorno prozvani pravnici Gradske uprave uz konstataciju da su godina primali platu, a nisu po\u0161tovali zakonske procedure.<\/p>\n<p>U cilju za\u0161tite profesije, obrac\u0301amo se javnosti da objektivno prosudi kuda sve ovo vodi. Da li su nam vrijednosti do\u0161le do te mjere da vi\u0161e ne po\u0161tujemo nijedan standard kada je rije\u010d o bilo kojoj profesiji?<\/p>\n<p>Mi smo proteklih godina u ovom Gradu vodili i doveli do kraja najslo\u017eenije postupke iz ove oblasti, koji su bili preduslov za privla\u010denje stranih investicija i izgradnju najslo\u017eenijih objekata. I nikada niko nije pisao i izjavljivao ovako..Mjera na\u0161eg rada, i kvaliteta rada, su odluke vi\u0161ih organa, a ne pau\u0161alno izneseni stavovi.<\/p>\n<p>I ovdje se ne radi o pojedincu, radi se o za\u0161titi i integritetu li\u010dnosti, koji svojim obrazovanjem,iskustvom i radom nisu zaslu\u017eili povla\u010denje kroz dnevnu politiku i ko zna \u010dije interese.<\/p>\n<p>Na ovu temu se vi\u0161e nec\u0301emo ogla\u0161avati, ma ko \u0161ta, i kako pisao, ali smo spremni da za\u0161titu svojih interesa i li\u010dnog integriteta zatra\u017eimo na Sudu.<\/p>\n<p>PRAVNICI ZAPOSLENI U GRADSKOJ UPRAVI<\/p>\n","protected":false},"excerpt":{"rendered":"<p>Grad Prijedor Gradska uprava Datum: 24.5.2019.godine SAOP\u0160TENJE ZA JAVNOST Suo\u010deni sa tendencioznim i zlonamjernim tekstovima \u010diji je izvor Srpska info sa bombasti\u010dnim naslovima \u201eNIJE IH INTERESOVAO NASIP\u201c Prijedor\u010dani tvrde da [&hellip;]<\/p>\n","protected":false},"author":1,"featured_media":0,"comment_status":"closed","ping_status":"open","sticky":false,"template":"","format":"standard","meta":{"_monsterinsights_skip_tracking":false,"_monsterinsights_sitenote_active":false,"_monsterinsights_sitenote_note":"","_monsterinsights_sitenote_category":0,"footnotes":""},"categories":[4],"tags":[9542],"yoast_head":"<!-- This site is optimized with the Yoast SEO plugin v21.6 - https:\/\/yoast.com\/wordpress\/plugins\/seo\/ -->\n<title>SAOP\u0160TENJE ZA JAVNOST PRAVNIKA ZAPOSLENIH U GRADSKOJ UPRAVI PRIJEDOR - PrijedorDanas.com - Prijedorski gradski portal<\/title>\n<meta name=\"robots\" content=\"index, follow, max-snippet:-1, max-image-preview:large, max-video-preview:-1\" \/>\n<link rel=\"canonical\" href=\"https:\/\/www.prijedordanas.com\/?p=128102\" \/>\n<meta property=\"og:locale\" content=\"en_US\" \/>\n<meta property=\"og:type\" content=\"article\" \/>\n<meta property=\"og:title\" content=\"SAOP\u0160TENJE ZA JAVNOST PRAVNIKA ZAPOSLENIH U GRADSKOJ UPRAVI PRIJEDOR - PrijedorDanas.com - Prijedorski gradski portal\" \/>\n<meta property=\"og:description\" content=\"Grad Prijedor Gradska uprava Datum: 24.5.2019.godine SAOP\u0160TENJE ZA JAVNOST Suo\u010deni sa tendencioznim i zlonamjernim tekstovima \u010diji je izvor Srpska info sa bombasti\u010dnim naslovima \u201eNIJE IH INTERESOVAO NASIP\u201c Prijedor\u010dani tvrde da [&hellip;]\" \/>\n<meta property=\"og:url\" content=\"https:\/\/www.prijedordanas.com\/?p=128102\" \/>\n<meta property=\"og:site_name\" content=\"PrijedorDanas.com - Prijedorski gradski portal\" \/>\n<meta property=\"article:publisher\" content=\"https:\/\/www.facebook.com\/PrijedorDanasCom\/\" \/>\n<meta property=\"article:published_time\" content=\"2019-05-24T09:26:14+00:00\" \/>\n<meta property=\"og:image\" content=\"https:\/\/www.prijedordanas.com\/wp-content\/uploads\/2019\/03\/gradska-uprava-prijedor-mart-2019-300x222.jpg\" \/>\n<meta name=\"author\" content=\"admin\" \/>\n<meta name=\"twitter:card\" content=\"summary_large_image\" \/>\n<meta name=\"twitter:label1\" content=\"Written by\" \/>\n\t<meta name=\"twitter:data1\" content=\"admin\" \/>\n\t<meta name=\"twitter:label2\" content=\"Est. reading time\" \/>\n\t<meta name=\"twitter:data2\" content=\"3 minutes\" \/>\n<script type=\"application\/ld+json\" class=\"yoast-schema-graph\">{\"@context\":\"https:\/\/schema.org\",\"@graph\":[{\"@type\":\"Article\",\"@id\":\"https:\/\/www.prijedordanas.com\/?p=128102#article\",\"isPartOf\":{\"@id\":\"https:\/\/www.prijedordanas.com\/?p=128102\"},\"author\":{\"name\":\"admin\",\"@id\":\"https:\/\/www.prijedordanas.com\/#\/schema\/person\/4e08ccf29b506ca916ff86d46bb700e6\"},\"headline\":\"SAOP\u0160TENJE ZA JAVNOST PRAVNIKA ZAPOSLENIH U GRADSKOJ UPRAVI PRIJEDOR\",\"datePublished\":\"2019-05-24T09:26:14+00:00\",\"dateModified\":\"2019-05-24T09:26:14+00:00\",\"mainEntityOfPage\":{\"@id\":\"https:\/\/www.prijedordanas.com\/?p=128102\"},\"wordCount\":642,\"publisher\":{\"@id\":\"https:\/\/www.prijedordanas.com\/#organization\"},\"keywords\":[\"saop\u0161tenje\"],\"articleSection\":[\"Dru\u0161tvo\"],\"inLanguage\":\"en-US\"},{\"@type\":\"WebPage\",\"@id\":\"https:\/\/www.prijedordanas.com\/?p=128102\",\"url\":\"https:\/\/www.prijedordanas.com\/?p=128102\",\"name\":\"SAOP\u0160TENJE ZA JAVNOST PRAVNIKA ZAPOSLENIH U GRADSKOJ UPRAVI PRIJEDOR - PrijedorDanas.com - Prijedorski gradski portal\",\"isPartOf\":{\"@id\":\"https:\/\/www.prijedordanas.com\/#website\"},\"datePublished\":\"2019-05-24T09:26:14+00:00\",\"dateModified\":\"2019-05-24T09:26:14+00:00\",\"breadcrumb\":{\"@id\":\"https:\/\/www.prijedordanas.com\/?p=128102#breadcrumb\"},\"inLanguage\":\"en-US\",\"potentialAction\":[{\"@type\":\"ReadAction\",\"target\":[\"https:\/\/www.prijedordanas.com\/?p=128102\"]}]},{\"@type\":\"BreadcrumbList\",\"@id\":\"https:\/\/www.prijedordanas.com\/?p=128102#breadcrumb\",\"itemListElement\":[{\"@type\":\"ListItem\",\"position\":1,\"name\":\"Home\",\"item\":\"https:\/\/www.prijedordanas.com\/\"},{\"@type\":\"ListItem\",\"position\":2,\"name\":\"SAOP\u0160TENJE ZA JAVNOST PRAVNIKA ZAPOSLENIH U GRADSKOJ UPRAVI PRIJEDOR\"}]},{\"@type\":\"WebSite\",\"@id\":\"https:\/\/www.prijedordanas.com\/#website\",\"url\":\"https:\/\/www.prijedordanas.com\/\",\"name\":\"PrijedorDanas.com - Prijedorski gradski portal\",\"description\":\"Portal o doga\u0111anjima u gradu Prijedoru\",\"publisher\":{\"@id\":\"https:\/\/www.prijedordanas.com\/#organization\"},\"potentialAction\":[{\"@type\":\"SearchAction\",\"target\":{\"@type\":\"EntryPoint\",\"urlTemplate\":\"https:\/\/www.prijedordanas.com\/?s={search_term_string}\"},\"query-input\":\"required name=search_term_string\"}],\"inLanguage\":\"en-US\"},{\"@type\":\"Organization\",\"@id\":\"https:\/\/www.prijedordanas.com\/#organization\",\"name\":\"PrijedorDanas.com\",\"url\":\"https:\/\/www.prijedordanas.com\/\",\"logo\":{\"@type\":\"ImageObject\",\"inLanguage\":\"en-US\",\"@id\":\"https:\/\/www.prijedordanas.com\/#\/schema\/logo\/image\/\",\"url\":\"http:\/\/www.prijedordanas.com\/wp-content\/uploads\/2021\/12\/logopng.png\",\"contentUrl\":\"http:\/\/www.prijedordanas.com\/wp-content\/uploads\/2021\/12\/logopng.png\",\"width\":1019,\"height\":776,\"caption\":\"PrijedorDanas.com\"},\"image\":{\"@id\":\"https:\/\/www.prijedordanas.com\/#\/schema\/logo\/image\/\"},\"sameAs\":[\"https:\/\/www.facebook.com\/PrijedorDanasCom\/\"]},{\"@type\":\"Person\",\"@id\":\"https:\/\/www.prijedordanas.com\/#\/schema\/person\/4e08ccf29b506ca916ff86d46bb700e6\",\"name\":\"admin\",\"image\":{\"@type\":\"ImageObject\",\"inLanguage\":\"en-US\",\"@id\":\"https:\/\/www.prijedordanas.com\/#\/schema\/person\/image\/\",\"url\":\"https:\/\/secure.gravatar.com\/avatar\/1d3fc949d550f0b53a5f0d51e06dfd79?s=96&d=mm&r=g\",\"contentUrl\":\"https:\/\/secure.gravatar.com\/avatar\/1d3fc949d550f0b53a5f0d51e06dfd79?s=96&d=mm&r=g\",\"caption\":\"admin\"},\"url\":\"https:\/\/www.prijedordanas.com\/?author=1\"}]}<\/script>\n<!-- \/ Yoast SEO plugin. -->","yoast_head_json":{"title":"SAOP\u0160TENJE ZA JAVNOST PRAVNIKA ZAPOSLENIH U GRADSKOJ UPRAVI PRIJEDOR - PrijedorDanas.com - Prijedorski gradski portal","robots":{"index":"index","follow":"follow","max-snippet":"max-snippet:-1","max-image-preview":"max-image-preview:large","max-video-preview":"max-video-preview:-1"},"canonical":"https:\/\/www.prijedordanas.com\/?p=128102","og_locale":"en_US","og_type":"article","og_title":"SAOP\u0160TENJE ZA JAVNOST PRAVNIKA ZAPOSLENIH U GRADSKOJ UPRAVI PRIJEDOR - PrijedorDanas.com - Prijedorski gradski portal","og_description":"Grad Prijedor Gradska uprava Datum: 24.5.2019.godine SAOP\u0160TENJE ZA JAVNOST Suo\u010deni sa tendencioznim i zlonamjernim tekstovima \u010diji je izvor Srpska info sa bombasti\u010dnim naslovima \u201eNIJE IH INTERESOVAO NASIP\u201c Prijedor\u010dani tvrde da [&hellip;]","og_url":"https:\/\/www.prijedordanas.com\/?p=128102","og_site_name":"PrijedorDanas.com - Prijedorski gradski portal","article_publisher":"https:\/\/www.facebook.com\/PrijedorDanasCom\/","article_published_time":"2019-05-24T09:26:14+00:00","og_image":[{"url":"https:\/\/www.prijedordanas.com\/wp-content\/uploads\/2019\/03\/gradska-uprava-prijedor-mart-2019-300x222.jpg"}],"author":"admin","twitter_card":"summary_large_image","twitter_misc":{"Written by":"admin","Est. reading time":"3 minutes"},"schema":{"@context":"https:\/\/schema.org","@graph":[{"@type":"Article","@id":"https:\/\/www.prijedordanas.com\/?p=128102#article","isPartOf":{"@id":"https:\/\/www.prijedordanas.com\/?p=128102"},"author":{"name":"admin","@id":"https:\/\/www.prijedordanas.com\/#\/schema\/person\/4e08ccf29b506ca916ff86d46bb700e6"},"headline":"SAOP\u0160TENJE ZA JAVNOST PRAVNIKA ZAPOSLENIH U GRADSKOJ UPRAVI PRIJEDOR","datePublished":"2019-05-24T09:26:14+00:00","dateModified":"2019-05-24T09:26:14+00:00","mainEntityOfPage":{"@id":"https:\/\/www.prijedordanas.com\/?p=128102"},"wordCount":642,"publisher":{"@id":"https:\/\/www.prijedordanas.com\/#organization"},"keywords":["saop\u0161tenje"],"articleSection":["Dru\u0161tvo"],"inLanguage":"en-US"},{"@type":"WebPage","@id":"https:\/\/www.prijedordanas.com\/?p=128102","url":"https:\/\/www.prijedordanas.com\/?p=128102","name":"SAOP\u0160TENJE ZA JAVNOST PRAVNIKA ZAPOSLENIH U GRADSKOJ UPRAVI PRIJEDOR - PrijedorDanas.com - Prijedorski gradski portal","isPartOf":{"@id":"https:\/\/www.prijedordanas.com\/#website"},"datePublished":"2019-05-24T09:26:14+00:00","dateModified":"2019-05-24T09:26:14+00:00","breadcrumb":{"@id":"https:\/\/www.prijedordanas.com\/?p=128102#breadcrumb"},"inLanguage":"en-US","potentialAction":[{"@type":"ReadAction","target":["https:\/\/www.prijedordanas.com\/?p=128102"]}]},{"@type":"BreadcrumbList","@id":"https:\/\/www.prijedordanas.com\/?p=128102#breadcrumb","itemListElement":[{"@type":"ListItem","position":1,"name":"Home","item":"https:\/\/www.prijedordanas.com\/"},{"@type":"ListItem","position":2,"name":"SAOP\u0160TENJE ZA JAVNOST PRAVNIKA ZAPOSLENIH U GRADSKOJ UPRAVI PRIJEDOR"}]},{"@type":"WebSite","@id":"https:\/\/www.prijedordanas.com\/#website","url":"https:\/\/www.prijedordanas.com\/","name":"PrijedorDanas.com - Prijedorski gradski portal","description":"Portal o doga\u0111anjima u gradu Prijedoru","publisher":{"@id":"https:\/\/www.prijedordanas.com\/#organization"},"potentialAction":[{"@type":"SearchAction","target":{"@type":"EntryPoint","urlTemplate":"https:\/\/www.prijedordanas.com\/?s={search_term_string}"},"query-input":"required name=search_term_string"}],"inLanguage":"en-US"},{"@type":"Organization","@id":"https:\/\/www.prijedordanas.com\/#organization","name":"PrijedorDanas.com","url":"https:\/\/www.prijedordanas.com\/","logo":{"@type":"ImageObject","inLanguage":"en-US","@id":"https:\/\/www.prijedordanas.com\/#\/schema\/logo\/image\/","url":"http:\/\/www.prijedordanas.com\/wp-content\/uploads\/2021\/12\/logopng.png","contentUrl":"http:\/\/www.prijedordanas.com\/wp-content\/uploads\/2021\/12\/logopng.png","width":1019,"height":776,"caption":"PrijedorDanas.com"},"image":{"@id":"https:\/\/www.prijedordanas.com\/#\/schema\/logo\/image\/"},"sameAs":["https:\/\/www.facebook.com\/PrijedorDanasCom\/"]},{"@type":"Person","@id":"https:\/\/www.prijedordanas.com\/#\/schema\/person\/4e08ccf29b506ca916ff86d46bb700e6","name":"admin","image":{"@type":"ImageObject","inLanguage":"en-US","@id":"https:\/\/www.prijedordanas.com\/#\/schema\/person\/image\/","url":"https:\/\/secure.gravatar.com\/avatar\/1d3fc949d550f0b53a5f0d51e06dfd79?s=96&d=mm&r=g","contentUrl":"https:\/\/secure.gravatar.com\/avatar\/1d3fc949d550f0b53a5f0d51e06dfd79?s=96&d=mm&r=g","caption":"admin"},"url":"https:\/\/www.prijedordanas.com\/?author=1"}]}},"_links":{"self":[{"href":"https:\/\/www.prijedordanas.com\/index.php?rest_route=\/wp\/v2\/posts\/128102"}],"collection":[{"href":"https:\/\/www.prijedordanas.com\/index.php?rest_route=\/wp\/v2\/posts"}],"about":[{"href":"https:\/\/www.prijedordanas.com\/index.php?rest_route=\/wp\/v2\/types\/post"}],"author":[{"embeddable":true,"href":"https:\/\/www.prijedordanas.com\/index.php?rest_route=\/wp\/v2\/users\/1"}],"replies":[{"embeddable":true,"href":"https:\/\/www.prijedordanas.com\/index.php?rest_route=%2Fwp%2Fv2%2Fcomments&post=128102"}],"version-history":[{"count":1,"href":"https:\/\/www.prijedordanas.com\/index.php?rest_route=\/wp\/v2\/posts\/128102\/revisions"}],"predecessor-version":[{"id":128103,"href":"https:\/\/www.prijedordanas.com\/index.php?rest_route=\/wp\/v2\/posts\/128102\/revisions\/128103"}],"wp:attachment":[{"href":"https:\/\/www.prijedordanas.com\/index.php?rest_route=%2Fwp%2Fv2%2Fmedia&parent=128102"}],"wp:term":[{"taxonomy":"category","embeddable":true,"href":"https:\/\/www.prijedordanas.com\/index.php?rest_route=%2Fwp%2Fv2%2Fcategories&post=128102"},{"taxonomy":"post_tag","embeddable":true,"href":"https:\/\/www.prijedordanas.com\/index.php?rest_route=%2Fwp%2Fv2%2Ftags&post=128102"}],"curies":[{"name":"wp","href":"https:\/\/api.w.org\/{rel}","templated":true}]}}