{"id":127978,"date":"2019-05-22T20:51:41","date_gmt":"2019-05-22T18:51:41","guid":{"rendered":"https:\/\/www.prijedordanas.com\/?p=127978"},"modified":"2019-05-22T20:51:41","modified_gmt":"2019-05-22T18:51:41","slug":"stalno-je-tukao-potresna-ispovijest-prijedorcanke-ciju-je-kcerku-suprug-brutalno-ubio-u-americi","status":"publish","type":"post","link":"https:\/\/www.prijedordanas.com\/?p=127978","title":{"rendered":"\u201cSTALNO JE TUKAO!\u201d: POTRESNA ISPOVIJEST PRIJEDOR\u010cANKE \u010cIJU JE K\u0106ERKU SUPRUG BRUTALNO UBIO U AMERICI"},"content":{"rendered":"<p><a href=\"https:\/\/www.prijedordanas.com\/wp-content\/uploads\/2019\/05\/avaz-mirjana-vlajic.jpg\"><img loading=\"lazy\" decoding=\"async\" class=\"alignleft size-medium wp-image-127979\" src=\"https:\/\/www.prijedordanas.com\/wp-content\/uploads\/2019\/05\/avaz-mirjana-vlajic-300x217.jpg\" alt=\"\" width=\"300\" height=\"217\" srcset=\"https:\/\/www.prijedordanas.com\/wp-content\/uploads\/2019\/05\/avaz-mirjana-vlajic-300x217.jpg 300w, https:\/\/www.prijedordanas.com\/wp-content\/uploads\/2019\/05\/avaz-mirjana-vlajic-100x72.jpg 100w, https:\/\/www.prijedordanas.com\/wp-content\/uploads\/2019\/05\/avaz-mirjana-vlajic.jpg 690w\" sizes=\"(max-width: 300px) 100vw, 300px\" \/><\/a>\u010cula sam da se Slobodan u\u0161unjao u ku\u0107u, zaklju\u010dao vrata, uzeo palicu i smrskao joj glavu. I to sve pred djetetom.<\/p>\n<p>Zvjezdana Bencun (31), porijeklom iz Bosne i Hercegovine, koju je udarcima bejzbol-palicom u Las Vegasu ubio njen \u0161est godina stariji suprug Slobodan Milju\u0161, bi\u0107e danas sahranjena u SAD.<\/p>\n<p>Mirjana Vlaji\u0107 (50), Zvjezdanina majka, shrvana od bola, u Prijedoru je u ispovijesti za Avaz otkrila detalje te\u0161kog \u017eivota njene k\u0107erke sa suprugom koji ju je ubio.<\/p>\n<p>Raskol u porodici<\/p>\n<p>Posebno je tu\u017ena \u010dinjenica da Mirjana ne mo\u017ee oti\u0107i k\u0107erki na sahranu, jer nema novca da kupi kartu. Njen biv\u0161i suprug i njihovo troje djece ne \u017eele Mirjanu na posljednjem ispra\u0107aju Zvjezdane zbog toga \u0161to joj zamjeraju \u0161to se ponovo udala.<\/p>\n<p>\u2013 Dva puta sam zavr\u0161ila u Hitnoj pomo\u0107i. Ne mogu posljednji put vidjeti svoje dijete. Grijeh je to, i to veliki \u2013 kroz suze nam je kazala o\u010dajna majka te je dodala da je s k\u0107erkom razgovarala samo nekoliko sati prije nego \u0161to je ubijena.<\/p>\n<p>Kako ka\u017ee, njena Zvjezdana radila je tri posla da bi mogla izdr\u017eavati djecu i pla\u0107ati ra\u010dune.<\/p>\n<p><a href=\"https:\/\/www.prijedordanas.com\/wp-content\/uploads\/2019\/05\/bencun-miljus.jpg\"><img loading=\"lazy\" decoding=\"async\" src=\"https:\/\/www.prijedordanas.com\/wp-content\/uploads\/2019\/05\/bencun-miljus-225x300.jpg\" alt=\"\" width=\"225\" height=\"300\" class=\"alignleft size-medium wp-image-127980\" srcset=\"https:\/\/www.prijedordanas.com\/wp-content\/uploads\/2019\/05\/bencun-miljus-225x300.jpg 225w, https:\/\/www.prijedordanas.com\/wp-content\/uploads\/2019\/05\/bencun-miljus-75x100.jpg 75w, https:\/\/www.prijedordanas.com\/wp-content\/uploads\/2019\/05\/bencun-miljus.jpg 450w\" sizes=\"(max-width: 225px) 100vw, 225px\" \/><\/a>Detalji zlo\u010dina<\/p>\n<p>\u2013 Planirala je odspavati tri sata pa da ode po djecu, da ih vodi u \u0161kolu. Mla\u0111eg je otpratila, a stariji, 13-godi\u0161njak ostao je s njom. Uhvatio ju je san. \u010cula sam da se Slobodan u\u0161unjao u ku\u0107u, zaklju\u010dao vrata, uzeo palicu i smrskao joj glavu. I to sve pred djetetom. Poslije je legao pored nje \u2013 ka\u017ee Mirjana.<\/p>\n<p>Dodaje da je njena k\u0107erka stra\u0161nim snom koji je sanjala tri dana prije svoje smrti, naslutila tragediju.<\/p>\n<p>\u2013 Sanjala je da nas je Slobodan sve vozio i da smo svi izginuli \u2013 ka\u017ee Mirjana.<\/p>\n<p>Ona ne zna kad \u0107e ponovo u Ameriku, ali bi voljela da vidi k\u0107erkinu djecu. Ali, ni za to nema dozvolu.<\/p>\n<p>\u2013 Re\u010deno mi je da ih ne\u0107u ni dobiti ni vidjeti \u2013 rekla je Mirjana.<\/p>\n<p>Bio joj je prvi momak<\/p>\n<p>\u2013 Bio joj je prvi momak, prva ljubav\u2026 Protivili smo se, ali nije pilo vode. Bila je uporna, mada im u braku ni\u0161ta nije \u0161timalo od samog po\u010detka. Hodao je po kafanama, pio, ljudi su ga svugdje vi\u0111ali, k\u2026.. se i uvijek se vra\u0107ao mojoj Zvjezdani. \u0160to je naj\u017ealosnije, stalno ju je tukao. Sve je trpjela, a onda je, valjda, prepuklo i odlu\u010dila je da se razvede \u2013 ka\u017ee Mirjana.<\/p>\n<p>Dnevni avaz<\/p>\n","protected":false},"excerpt":{"rendered":"<p>\u010cula sam da se Slobodan u\u0161unjao u ku\u0107u, zaklju\u010dao vrata, uzeo palicu i smrskao joj glavu. I to sve pred djetetom. Zvjezdana Bencun (31), porijeklom iz Bosne i Hercegovine, koju [&hellip;]<\/p>\n","protected":false},"author":1,"featured_media":0,"comment_status":"closed","ping_status":"open","sticky":false,"template":"","format":"standard","meta":{"_monsterinsights_skip_tracking":false,"_monsterinsights_sitenote_active":false,"_monsterinsights_sitenote_note":"","_monsterinsights_sitenote_category":0,"footnotes":""},"categories":[3],"tags":[1002],"yoast_head":"<!-- This site is optimized with the Yoast SEO plugin v21.6 - https:\/\/yoast.com\/wordpress\/plugins\/seo\/ -->\n<title>\u201cSTALNO JE TUKAO!\u201d: POTRESNA ISPOVIJEST PRIJEDOR\u010cANKE \u010cIJU JE K\u0106ERKU SUPRUG BRUTALNO UBIO U AMERICI - PrijedorDanas.com - Prijedorski gradski portal<\/title>\n<meta name=\"robots\" content=\"index, follow, max-snippet:-1, max-image-preview:large, max-video-preview:-1\" \/>\n<link rel=\"canonical\" href=\"https:\/\/www.prijedordanas.com\/?p=127978\" \/>\n<meta property=\"og:locale\" content=\"en_US\" \/>\n<meta property=\"og:type\" content=\"article\" \/>\n<meta property=\"og:title\" content=\"\u201cSTALNO JE TUKAO!\u201d: POTRESNA ISPOVIJEST PRIJEDOR\u010cANKE \u010cIJU JE K\u0106ERKU SUPRUG BRUTALNO UBIO U AMERICI - PrijedorDanas.com - Prijedorski gradski portal\" \/>\n<meta property=\"og:description\" content=\"\u010cula sam da se Slobodan u\u0161unjao u ku\u0107u, zaklju\u010dao vrata, uzeo palicu i smrskao joj glavu. I to sve pred djetetom. Zvjezdana Bencun (31), porijeklom iz Bosne i Hercegovine, koju [&hellip;]\" \/>\n<meta property=\"og:url\" content=\"https:\/\/www.prijedordanas.com\/?p=127978\" \/>\n<meta property=\"og:site_name\" content=\"PrijedorDanas.com - Prijedorski gradski portal\" \/>\n<meta property=\"article:publisher\" content=\"https:\/\/www.facebook.com\/PrijedorDanasCom\/\" \/>\n<meta property=\"article:published_time\" content=\"2019-05-22T18:51:41+00:00\" \/>\n<meta property=\"og:image\" content=\"https:\/\/www.prijedordanas.com\/wp-content\/uploads\/2019\/05\/avaz-mirjana-vlajic-300x217.jpg\" \/>\n<meta name=\"author\" content=\"admin\" \/>\n<meta name=\"twitter:card\" content=\"summary_large_image\" \/>\n<meta name=\"twitter:label1\" content=\"Written by\" \/>\n\t<meta name=\"twitter:data1\" content=\"admin\" \/>\n\t<meta name=\"twitter:label2\" content=\"Est. reading time\" \/>\n\t<meta name=\"twitter:data2\" content=\"2 minutes\" \/>\n<script type=\"application\/ld+json\" class=\"yoast-schema-graph\">{\"@context\":\"https:\/\/schema.org\",\"@graph\":[{\"@type\":\"Article\",\"@id\":\"https:\/\/www.prijedordanas.com\/?p=127978#article\",\"isPartOf\":{\"@id\":\"https:\/\/www.prijedordanas.com\/?p=127978\"},\"author\":{\"name\":\"admin\",\"@id\":\"https:\/\/www.prijedordanas.com\/#\/schema\/person\/4e08ccf29b506ca916ff86d46bb700e6\"},\"headline\":\"\u201cSTALNO JE TUKAO!\u201d: POTRESNA ISPOVIJEST PRIJEDOR\u010cANKE \u010cIJU JE K\u0106ERKU SUPRUG BRUTALNO UBIO U AMERICI\",\"datePublished\":\"2019-05-22T18:51:41+00:00\",\"dateModified\":\"2019-05-22T18:51:41+00:00\",\"mainEntityOfPage\":{\"@id\":\"https:\/\/www.prijedordanas.com\/?p=127978\"},\"wordCount\":433,\"publisher\":{\"@id\":\"https:\/\/www.prijedordanas.com\/#organization\"},\"keywords\":[\"ubistvo\"],\"articleSection\":[\"\u017divot\"],\"inLanguage\":\"en-US\"},{\"@type\":\"WebPage\",\"@id\":\"https:\/\/www.prijedordanas.com\/?p=127978\",\"url\":\"https:\/\/www.prijedordanas.com\/?p=127978\",\"name\":\"\u201cSTALNO JE TUKAO!\u201d: POTRESNA ISPOVIJEST PRIJEDOR\u010cANKE \u010cIJU JE K\u0106ERKU SUPRUG BRUTALNO UBIO U AMERICI - PrijedorDanas.com - Prijedorski gradski portal\",\"isPartOf\":{\"@id\":\"https:\/\/www.prijedordanas.com\/#website\"},\"datePublished\":\"2019-05-22T18:51:41+00:00\",\"dateModified\":\"2019-05-22T18:51:41+00:00\",\"breadcrumb\":{\"@id\":\"https:\/\/www.prijedordanas.com\/?p=127978#breadcrumb\"},\"inLanguage\":\"en-US\",\"potentialAction\":[{\"@type\":\"ReadAction\",\"target\":[\"https:\/\/www.prijedordanas.com\/?p=127978\"]}]},{\"@type\":\"BreadcrumbList\",\"@id\":\"https:\/\/www.prijedordanas.com\/?p=127978#breadcrumb\",\"itemListElement\":[{\"@type\":\"ListItem\",\"position\":1,\"name\":\"Home\",\"item\":\"https:\/\/www.prijedordanas.com\/\"},{\"@type\":\"ListItem\",\"position\":2,\"name\":\"\u201cSTALNO JE TUKAO!\u201d: POTRESNA ISPOVIJEST PRIJEDOR\u010cANKE \u010cIJU JE K\u0106ERKU SUPRUG BRUTALNO UBIO U AMERICI\"}]},{\"@type\":\"WebSite\",\"@id\":\"https:\/\/www.prijedordanas.com\/#website\",\"url\":\"https:\/\/www.prijedordanas.com\/\",\"name\":\"PrijedorDanas.com - Prijedorski gradski portal\",\"description\":\"Portal o doga\u0111anjima u gradu Prijedoru\",\"publisher\":{\"@id\":\"https:\/\/www.prijedordanas.com\/#organization\"},\"potentialAction\":[{\"@type\":\"SearchAction\",\"target\":{\"@type\":\"EntryPoint\",\"urlTemplate\":\"https:\/\/www.prijedordanas.com\/?s={search_term_string}\"},\"query-input\":\"required name=search_term_string\"}],\"inLanguage\":\"en-US\"},{\"@type\":\"Organization\",\"@id\":\"https:\/\/www.prijedordanas.com\/#organization\",\"name\":\"PrijedorDanas.com\",\"url\":\"https:\/\/www.prijedordanas.com\/\",\"logo\":{\"@type\":\"ImageObject\",\"inLanguage\":\"en-US\",\"@id\":\"https:\/\/www.prijedordanas.com\/#\/schema\/logo\/image\/\",\"url\":\"http:\/\/www.prijedordanas.com\/wp-content\/uploads\/2021\/12\/logopng.png\",\"contentUrl\":\"http:\/\/www.prijedordanas.com\/wp-content\/uploads\/2021\/12\/logopng.png\",\"width\":1019,\"height\":776,\"caption\":\"PrijedorDanas.com\"},\"image\":{\"@id\":\"https:\/\/www.prijedordanas.com\/#\/schema\/logo\/image\/\"},\"sameAs\":[\"https:\/\/www.facebook.com\/PrijedorDanasCom\/\"]},{\"@type\":\"Person\",\"@id\":\"https:\/\/www.prijedordanas.com\/#\/schema\/person\/4e08ccf29b506ca916ff86d46bb700e6\",\"name\":\"admin\",\"image\":{\"@type\":\"ImageObject\",\"inLanguage\":\"en-US\",\"@id\":\"https:\/\/www.prijedordanas.com\/#\/schema\/person\/image\/\",\"url\":\"https:\/\/secure.gravatar.com\/avatar\/1d3fc949d550f0b53a5f0d51e06dfd79?s=96&d=mm&r=g\",\"contentUrl\":\"https:\/\/secure.gravatar.com\/avatar\/1d3fc949d550f0b53a5f0d51e06dfd79?s=96&d=mm&r=g\",\"caption\":\"admin\"},\"url\":\"https:\/\/www.prijedordanas.com\/?author=1\"}]}<\/script>\n<!-- \/ Yoast SEO plugin. -->","yoast_head_json":{"title":"\u201cSTALNO JE TUKAO!\u201d: POTRESNA ISPOVIJEST PRIJEDOR\u010cANKE \u010cIJU JE K\u0106ERKU SUPRUG BRUTALNO UBIO U AMERICI - PrijedorDanas.com - Prijedorski gradski portal","robots":{"index":"index","follow":"follow","max-snippet":"max-snippet:-1","max-image-preview":"max-image-preview:large","max-video-preview":"max-video-preview:-1"},"canonical":"https:\/\/www.prijedordanas.com\/?p=127978","og_locale":"en_US","og_type":"article","og_title":"\u201cSTALNO JE TUKAO!\u201d: POTRESNA ISPOVIJEST PRIJEDOR\u010cANKE \u010cIJU JE K\u0106ERKU SUPRUG BRUTALNO UBIO U AMERICI - PrijedorDanas.com - Prijedorski gradski portal","og_description":"\u010cula sam da se Slobodan u\u0161unjao u ku\u0107u, zaklju\u010dao vrata, uzeo palicu i smrskao joj glavu. I to sve pred djetetom. Zvjezdana Bencun (31), porijeklom iz Bosne i Hercegovine, koju [&hellip;]","og_url":"https:\/\/www.prijedordanas.com\/?p=127978","og_site_name":"PrijedorDanas.com - Prijedorski gradski portal","article_publisher":"https:\/\/www.facebook.com\/PrijedorDanasCom\/","article_published_time":"2019-05-22T18:51:41+00:00","og_image":[{"url":"https:\/\/www.prijedordanas.com\/wp-content\/uploads\/2019\/05\/avaz-mirjana-vlajic-300x217.jpg"}],"author":"admin","twitter_card":"summary_large_image","twitter_misc":{"Written by":"admin","Est. reading time":"2 minutes"},"schema":{"@context":"https:\/\/schema.org","@graph":[{"@type":"Article","@id":"https:\/\/www.prijedordanas.com\/?p=127978#article","isPartOf":{"@id":"https:\/\/www.prijedordanas.com\/?p=127978"},"author":{"name":"admin","@id":"https:\/\/www.prijedordanas.com\/#\/schema\/person\/4e08ccf29b506ca916ff86d46bb700e6"},"headline":"\u201cSTALNO JE TUKAO!\u201d: POTRESNA ISPOVIJEST PRIJEDOR\u010cANKE \u010cIJU JE K\u0106ERKU SUPRUG BRUTALNO UBIO U AMERICI","datePublished":"2019-05-22T18:51:41+00:00","dateModified":"2019-05-22T18:51:41+00:00","mainEntityOfPage":{"@id":"https:\/\/www.prijedordanas.com\/?p=127978"},"wordCount":433,"publisher":{"@id":"https:\/\/www.prijedordanas.com\/#organization"},"keywords":["ubistvo"],"articleSection":["\u017divot"],"inLanguage":"en-US"},{"@type":"WebPage","@id":"https:\/\/www.prijedordanas.com\/?p=127978","url":"https:\/\/www.prijedordanas.com\/?p=127978","name":"\u201cSTALNO JE TUKAO!\u201d: POTRESNA ISPOVIJEST PRIJEDOR\u010cANKE \u010cIJU JE K\u0106ERKU SUPRUG BRUTALNO UBIO U AMERICI - PrijedorDanas.com - Prijedorski gradski portal","isPartOf":{"@id":"https:\/\/www.prijedordanas.com\/#website"},"datePublished":"2019-05-22T18:51:41+00:00","dateModified":"2019-05-22T18:51:41+00:00","breadcrumb":{"@id":"https:\/\/www.prijedordanas.com\/?p=127978#breadcrumb"},"inLanguage":"en-US","potentialAction":[{"@type":"ReadAction","target":["https:\/\/www.prijedordanas.com\/?p=127978"]}]},{"@type":"BreadcrumbList","@id":"https:\/\/www.prijedordanas.com\/?p=127978#breadcrumb","itemListElement":[{"@type":"ListItem","position":1,"name":"Home","item":"https:\/\/www.prijedordanas.com\/"},{"@type":"ListItem","position":2,"name":"\u201cSTALNO JE TUKAO!\u201d: POTRESNA ISPOVIJEST PRIJEDOR\u010cANKE \u010cIJU JE K\u0106ERKU SUPRUG BRUTALNO UBIO U AMERICI"}]},{"@type":"WebSite","@id":"https:\/\/www.prijedordanas.com\/#website","url":"https:\/\/www.prijedordanas.com\/","name":"PrijedorDanas.com - Prijedorski gradski portal","description":"Portal o doga\u0111anjima u gradu Prijedoru","publisher":{"@id":"https:\/\/www.prijedordanas.com\/#organization"},"potentialAction":[{"@type":"SearchAction","target":{"@type":"EntryPoint","urlTemplate":"https:\/\/www.prijedordanas.com\/?s={search_term_string}"},"query-input":"required name=search_term_string"}],"inLanguage":"en-US"},{"@type":"Organization","@id":"https:\/\/www.prijedordanas.com\/#organization","name":"PrijedorDanas.com","url":"https:\/\/www.prijedordanas.com\/","logo":{"@type":"ImageObject","inLanguage":"en-US","@id":"https:\/\/www.prijedordanas.com\/#\/schema\/logo\/image\/","url":"http:\/\/www.prijedordanas.com\/wp-content\/uploads\/2021\/12\/logopng.png","contentUrl":"http:\/\/www.prijedordanas.com\/wp-content\/uploads\/2021\/12\/logopng.png","width":1019,"height":776,"caption":"PrijedorDanas.com"},"image":{"@id":"https:\/\/www.prijedordanas.com\/#\/schema\/logo\/image\/"},"sameAs":["https:\/\/www.facebook.com\/PrijedorDanasCom\/"]},{"@type":"Person","@id":"https:\/\/www.prijedordanas.com\/#\/schema\/person\/4e08ccf29b506ca916ff86d46bb700e6","name":"admin","image":{"@type":"ImageObject","inLanguage":"en-US","@id":"https:\/\/www.prijedordanas.com\/#\/schema\/person\/image\/","url":"https:\/\/secure.gravatar.com\/avatar\/1d3fc949d550f0b53a5f0d51e06dfd79?s=96&d=mm&r=g","contentUrl":"https:\/\/secure.gravatar.com\/avatar\/1d3fc949d550f0b53a5f0d51e06dfd79?s=96&d=mm&r=g","caption":"admin"},"url":"https:\/\/www.prijedordanas.com\/?author=1"}]}},"_links":{"self":[{"href":"https:\/\/www.prijedordanas.com\/index.php?rest_route=\/wp\/v2\/posts\/127978"}],"collection":[{"href":"https:\/\/www.prijedordanas.com\/index.php?rest_route=\/wp\/v2\/posts"}],"about":[{"href":"https:\/\/www.prijedordanas.com\/index.php?rest_route=\/wp\/v2\/types\/post"}],"author":[{"embeddable":true,"href":"https:\/\/www.prijedordanas.com\/index.php?rest_route=\/wp\/v2\/users\/1"}],"replies":[{"embeddable":true,"href":"https:\/\/www.prijedordanas.com\/index.php?rest_route=%2Fwp%2Fv2%2Fcomments&post=127978"}],"version-history":[{"count":1,"href":"https:\/\/www.prijedordanas.com\/index.php?rest_route=\/wp\/v2\/posts\/127978\/revisions"}],"predecessor-version":[{"id":127981,"href":"https:\/\/www.prijedordanas.com\/index.php?rest_route=\/wp\/v2\/posts\/127978\/revisions\/127981"}],"wp:attachment":[{"href":"https:\/\/www.prijedordanas.com\/index.php?rest_route=%2Fwp%2Fv2%2Fmedia&parent=127978"}],"wp:term":[{"taxonomy":"category","embeddable":true,"href":"https:\/\/www.prijedordanas.com\/index.php?rest_route=%2Fwp%2Fv2%2Fcategories&post=127978"},{"taxonomy":"post_tag","embeddable":true,"href":"https:\/\/www.prijedordanas.com\/index.php?rest_route=%2Fwp%2Fv2%2Ftags&post=127978"}],"curies":[{"name":"wp","href":"https:\/\/api.w.org\/{rel}","templated":true}]}}