{"id":127966,"date":"2019-05-22T16:32:35","date_gmt":"2019-05-22T14:32:35","guid":{"rendered":"https:\/\/www.prijedordanas.com\/?p=127966"},"modified":"2019-05-22T16:32:35","modified_gmt":"2019-05-22T14:32:35","slug":"prijedor-izgradnja-nasipa-u-gomjenici-stala-zbog-nerijesene-eksproprijacije-sedam-parcela-foto","status":"publish","type":"post","link":"https:\/\/www.prijedordanas.com\/?p=127966","title":{"rendered":"PRIJEDOR: IZGRADNJA NASIPA U GOMJENICI STALA ZBOG NERIJE\u0160ENE EKSPROPRIJACIJE SEDAM PARCELA &#8211; FOTO"},"content":{"rendered":"<p><a href=\"https:\/\/www.prijedordanas.com\/wp-content\/uploads\/2019\/05\/gomjenica-nasip-eksproprijacija-1.jpg\"><img loading=\"lazy\" decoding=\"async\" class=\"alignleft size-medium wp-image-127968\" src=\"https:\/\/www.prijedordanas.com\/wp-content\/uploads\/2019\/05\/gomjenica-nasip-eksproprijacija-1-300x222.jpg\" alt=\"\" width=\"300\" height=\"222\" srcset=\"https:\/\/www.prijedordanas.com\/wp-content\/uploads\/2019\/05\/gomjenica-nasip-eksproprijacija-1-300x222.jpg 300w, https:\/\/www.prijedordanas.com\/wp-content\/uploads\/2019\/05\/gomjenica-nasip-eksproprijacija-1-100x74.jpg 100w, https:\/\/www.prijedordanas.com\/wp-content\/uploads\/2019\/05\/gomjenica-nasip-eksproprijacija-1.jpg 675w\" sizes=\"(max-width: 300px) 100vw, 300px\" \/><\/a>Vlasnici sedam parcela uz obalu Sane u Prijedoru, nedaleko od u\u0161\u0107a Gomjenice u ovu rijeku, na kojima nije izgra\u0111en nasip za za\u0161titu od poplava zbog nerije\u0161enih imovinsko-pravnih odnosa, optu\u017eili su danas Gradsku vlast za davanje neta\u010dnih informacija i medijima i premijeru Srpske Radovanu Vi\u0161kovic\u0301u prilikom njegove posjete poplavljenim podru\u010djima u Prijedoru.<\/p>\n<p>-Oni su slagali premijera da je u pitanju 30 metara neizgra\u0111enog nasipa i da jedan \u010dovjek ne da da se izgradi nasip\u201c, rekao je danas novinarima u Prijedoru Aleksandar \u0160obot, sin vlasnice jedne od parcela, i dodao da je u pet vlasnika, sedam parcela i 197 metara obale.<\/p>\n<p>On tvrdi da je proces eksproprijacije zapo\u010deo nakon velike poplave 2014. godine kada je izra\u017een javni interes za izgradnju nasipa, da su postupci za svaku od parcela u razli\u010ditima fazama, da neki stoje u mjestu godinama i da nijedan nije doveden do kraja.<\/p>\n<p><a href=\"https:\/\/www.prijedordanas.com\/wp-content\/uploads\/2019\/05\/gomjenica-nasip-eksproprijacija-3.jpg\"><img loading=\"lazy\" decoding=\"async\" class=\"alignleft size-medium wp-image-127969\" src=\"https:\/\/www.prijedordanas.com\/wp-content\/uploads\/2019\/05\/gomjenica-nasip-eksproprijacija-3-300x222.jpg\" alt=\"\" width=\"300\" height=\"222\" srcset=\"https:\/\/www.prijedordanas.com\/wp-content\/uploads\/2019\/05\/gomjenica-nasip-eksproprijacija-3-300x222.jpg 300w, https:\/\/www.prijedordanas.com\/wp-content\/uploads\/2019\/05\/gomjenica-nasip-eksproprijacija-3-100x74.jpg 100w, https:\/\/www.prijedordanas.com\/wp-content\/uploads\/2019\/05\/gomjenica-nasip-eksproprijacija-3.jpg 675w\" sizes=\"(max-width: 300px) 100vw, 300px\" \/><\/a>Prema njegovim rije\u010dima, vlasnici zemlje tra\u017ee primjenu \u010dlana 11. Zakona o eksproprijaciji koji nala\u017ee potpunu eksproprijaciju buduc\u0301i da je vi\u0161e od 60 odsto imovine predmet op\u0161teg interesa, da je Republi\u010dka uprava za geodetske i imovinsko-pravne poslove to prihvatila, ali da se Pravobranila\u0161tvo koje zastupa grad dva puta \u017ealilo na takvo rje\u0161enje i da im je oba puta \u017ealba odbijena.<\/p>\n<p>\u201eVje\u0161tak koji je prvi vje\u0161ta\u010dio zemlji\u0161te je gra\u0111evinsko-arhitektonske struke, a u pitanju je poljoprivredno zemlji\u0161te\u201c, dodao je \u0160obot i naglasio da ni vlasnici ni sud nisu prihvatili to vje\u0161ta\u010denje (i cijenu od 6,75 KM po metru kvadratnom zemlji\u0161ta), a da je vje\u0161tak poljoprivredne struke kojeg je anga\u017eovao sud vrijednost procijenio na 17,80 KM.<\/p>\n<p><a href=\"https:\/\/www.prijedordanas.com\/wp-content\/uploads\/2019\/05\/gomjenica-nasip-eksproprijacija-2.jpg\"><img loading=\"lazy\" decoding=\"async\" class=\"alignleft size-medium wp-image-127970\" src=\"https:\/\/www.prijedordanas.com\/wp-content\/uploads\/2019\/05\/gomjenica-nasip-eksproprijacija-2-300x222.jpg\" alt=\"\" width=\"300\" height=\"222\" srcset=\"https:\/\/www.prijedordanas.com\/wp-content\/uploads\/2019\/05\/gomjenica-nasip-eksproprijacija-2-300x222.jpg 300w, https:\/\/www.prijedordanas.com\/wp-content\/uploads\/2019\/05\/gomjenica-nasip-eksproprijacija-2-100x74.jpg 100w, https:\/\/www.prijedordanas.com\/wp-content\/uploads\/2019\/05\/gomjenica-nasip-eksproprijacija-2.jpg 675w\" sizes=\"(max-width: 300px) 100vw, 300px\" \/><\/a>On je dodao da su vlasnici dviju parcela, mimo ovih sedam, pristali na cijenu koja im je ponu\u0111ena za zemlju, prihvativ\u0161i nerealan ponu\u0111eni iznos buduc\u0301i da se radi o lo\u0161ijem kvalitetu zemnji\u0161ta, barama i mo\u010dvarama, a da su ovdje u pitanju njive druge klase.<\/p>\n<p>\u201eSpremni smo i za eskproprijaciju i za ni\u017eu cijenu da bi se izgradio nasip. Smatram da je sva odgovornost na gradskoj upravi\u201c, dodao je \u0160obot.<\/p>\n<p>Njegov otac Neboj\u0161a \u0160obot obavijestio je medije da se u nedjelju, 19. maja oko podneva, na njihovom imanju okupilo dosta ljudi iz ovog kraja, da je do\u0161ao bager jedne privatne firme da postavlja improvizvani nasip, da je do\u0161la i policija, a potom i vlasnik te privatne firme.<\/p>\n<p><a href=\"https:\/\/www.prijedordanas.com\/wp-content\/uploads\/2019\/05\/nasip-sana-gomjenica-vlasnici-parcela-1.jpg\"><img loading=\"lazy\" decoding=\"async\" src=\"https:\/\/www.prijedordanas.com\/wp-content\/uploads\/2019\/05\/nasip-sana-gomjenica-vlasnici-parcela-1-300x217.jpg\" alt=\"\" width=\"300\" height=\"217\" class=\"alignleft size-medium wp-image-127953\" srcset=\"https:\/\/www.prijedordanas.com\/wp-content\/uploads\/2019\/05\/nasip-sana-gomjenica-vlasnici-parcela-1-300x217.jpg 300w, https:\/\/www.prijedordanas.com\/wp-content\/uploads\/2019\/05\/nasip-sana-gomjenica-vlasnici-parcela-1-100x72.jpg 100w, https:\/\/www.prijedordanas.com\/wp-content\/uploads\/2019\/05\/nasip-sana-gomjenica-vlasnici-parcela-1.jpg 690w\" sizes=\"(max-width: 300px) 100vw, 300px\" \/><\/a>\u201eUradili su \u0161ta su htjeli. Niko ih nije sprije\u010dio. Mi nismo na silu odgovarali silom i mi i dalje idemo zakonskim putem. Nama je jedino \u017eao \u0161to je prst uperen u nas kao krivce, a krivci su drugi\u201c, dodao je \u0160obot.<\/p>\n<p>Njegova supruga, vlasnica prve parcele, rekla je novinarima da je u martu pro\u0161le godine ponudila nagodbu da se dio zemlje koji je potreban za izgradnju nasipa plati po cijeni od 10 KM po kvadratnom metru, a da o ostatku odlu\u010di sud, ali da je ta njena ponuda odbijena.<\/p>\n<p>Predsjednik Vlade Republike Srpske Radovan Vi\u0161kovic\u0301 nakon obilaska nekih od poplavljenih podru\u010dja u Prijedoru 15. maja izjavio je novinarima da se desilo ne\u0161to \u0161to se \u0161to se moglo sprije\u010diti.<\/p>\n<p>Tekst I foto \u2013 K.P.\/Aleksandar Drakuli\u0107 \u2013 <a href=\"https:\/\/www.prijedordanas.com\" target=\"_blank\" rel=\"noopener noreferrer\">www.prijedordanas.com<\/a><\/p>\n<p><a href=\"https:\/\/www.prijedordanas.com\/wp-content\/uploads\/2019\/05\/nasip-sana-gomjenica-vlasnici-parcela-4.jpg\"><img loading=\"lazy\" decoding=\"async\" src=\"https:\/\/www.prijedordanas.com\/wp-content\/uploads\/2019\/05\/nasip-sana-gomjenica-vlasnici-parcela-4-300x199.jpg\" alt=\"\" width=\"300\" height=\"199\" class=\"alignleft size-medium wp-image-127956\" srcset=\"https:\/\/www.prijedordanas.com\/wp-content\/uploads\/2019\/05\/nasip-sana-gomjenica-vlasnici-parcela-4-300x199.jpg 300w, https:\/\/www.prijedordanas.com\/wp-content\/uploads\/2019\/05\/nasip-sana-gomjenica-vlasnici-parcela-4-100x66.jpg 100w, https:\/\/www.prijedordanas.com\/wp-content\/uploads\/2019\/05\/nasip-sana-gomjenica-vlasnici-parcela-4-480x320.jpg 480w, https:\/\/www.prijedordanas.com\/wp-content\/uploads\/2019\/05\/nasip-sana-gomjenica-vlasnici-parcela-4.jpg 600w\" sizes=\"(max-width: 300px) 100vw, 300px\" \/><\/a><\/p>\n","protected":false},"excerpt":{"rendered":"<p>Vlasnici sedam parcela uz obalu Sane u Prijedoru, nedaleko od u\u0161\u0107a Gomjenice u ovu rijeku, na kojima nije izgra\u0111en nasip za za\u0161titu od poplava zbog nerije\u0161enih imovinsko-pravnih odnosa, optu\u017eili su [&hellip;]<\/p>\n","protected":false},"author":1,"featured_media":0,"comment_status":"closed","ping_status":"open","sticky":false,"template":"","format":"standard","meta":{"_monsterinsights_skip_tracking":false,"_monsterinsights_sitenote_active":false,"_monsterinsights_sitenote_note":"","_monsterinsights_sitenote_category":0,"footnotes":""},"categories":[4],"tags":[2837],"yoast_head":"<!-- This site is optimized with the Yoast SEO plugin v21.6 - https:\/\/yoast.com\/wordpress\/plugins\/seo\/ -->\n<title>PRIJEDOR: IZGRADNJA NASIPA U GOMJENICI STALA ZBOG NERIJE\u0160ENE EKSPROPRIJACIJE SEDAM PARCELA - FOTO - PrijedorDanas.com - Prijedorski gradski portal<\/title>\n<meta name=\"robots\" content=\"index, follow, max-snippet:-1, max-image-preview:large, max-video-preview:-1\" \/>\n<link rel=\"canonical\" href=\"https:\/\/www.prijedordanas.com\/?p=127966\" \/>\n<meta property=\"og:locale\" content=\"en_US\" \/>\n<meta property=\"og:type\" content=\"article\" \/>\n<meta property=\"og:title\" content=\"PRIJEDOR: IZGRADNJA NASIPA U GOMJENICI STALA ZBOG NERIJE\u0160ENE EKSPROPRIJACIJE SEDAM PARCELA - FOTO - PrijedorDanas.com - Prijedorski gradski portal\" \/>\n<meta property=\"og:description\" content=\"Vlasnici sedam parcela uz obalu Sane u Prijedoru, nedaleko od u\u0161\u0107a Gomjenice u ovu rijeku, na kojima nije izgra\u0111en nasip za za\u0161titu od poplava zbog nerije\u0161enih imovinsko-pravnih odnosa, optu\u017eili su [&hellip;]\" \/>\n<meta property=\"og:url\" content=\"https:\/\/www.prijedordanas.com\/?p=127966\" \/>\n<meta property=\"og:site_name\" content=\"PrijedorDanas.com - Prijedorski gradski portal\" \/>\n<meta property=\"article:publisher\" content=\"https:\/\/www.facebook.com\/PrijedorDanasCom\/\" \/>\n<meta property=\"article:published_time\" content=\"2019-05-22T14:32:35+00:00\" \/>\n<meta property=\"og:image\" content=\"https:\/\/www.prijedordanas.com\/wp-content\/uploads\/2019\/05\/gomjenica-nasip-eksproprijacija-1-300x222.jpg\" \/>\n<meta name=\"author\" content=\"admin\" \/>\n<meta name=\"twitter:card\" content=\"summary_large_image\" \/>\n<meta name=\"twitter:label1\" content=\"Written by\" \/>\n\t<meta name=\"twitter:data1\" content=\"admin\" \/>\n\t<meta name=\"twitter:label2\" content=\"Est. reading time\" \/>\n\t<meta name=\"twitter:data2\" content=\"3 minutes\" \/>\n<script type=\"application\/ld+json\" class=\"yoast-schema-graph\">{\"@context\":\"https:\/\/schema.org\",\"@graph\":[{\"@type\":\"Article\",\"@id\":\"https:\/\/www.prijedordanas.com\/?p=127966#article\",\"isPartOf\":{\"@id\":\"https:\/\/www.prijedordanas.com\/?p=127966\"},\"author\":{\"name\":\"admin\",\"@id\":\"https:\/\/www.prijedordanas.com\/#\/schema\/person\/4e08ccf29b506ca916ff86d46bb700e6\"},\"headline\":\"PRIJEDOR: IZGRADNJA NASIPA U GOMJENICI STALA ZBOG NERIJE\u0160ENE EKSPROPRIJACIJE SEDAM PARCELA &#8211; FOTO\",\"datePublished\":\"2019-05-22T14:32:35+00:00\",\"dateModified\":\"2019-05-22T14:32:35+00:00\",\"mainEntityOfPage\":{\"@id\":\"https:\/\/www.prijedordanas.com\/?p=127966\"},\"wordCount\":553,\"publisher\":{\"@id\":\"https:\/\/www.prijedordanas.com\/#organization\"},\"keywords\":[\"nasip\"],\"articleSection\":[\"Dru\u0161tvo\"],\"inLanguage\":\"en-US\"},{\"@type\":\"WebPage\",\"@id\":\"https:\/\/www.prijedordanas.com\/?p=127966\",\"url\":\"https:\/\/www.prijedordanas.com\/?p=127966\",\"name\":\"PRIJEDOR: IZGRADNJA NASIPA U GOMJENICI STALA ZBOG NERIJE\u0160ENE EKSPROPRIJACIJE SEDAM PARCELA - FOTO - PrijedorDanas.com - Prijedorski gradski portal\",\"isPartOf\":{\"@id\":\"https:\/\/www.prijedordanas.com\/#website\"},\"datePublished\":\"2019-05-22T14:32:35+00:00\",\"dateModified\":\"2019-05-22T14:32:35+00:00\",\"breadcrumb\":{\"@id\":\"https:\/\/www.prijedordanas.com\/?p=127966#breadcrumb\"},\"inLanguage\":\"en-US\",\"potentialAction\":[{\"@type\":\"ReadAction\",\"target\":[\"https:\/\/www.prijedordanas.com\/?p=127966\"]}]},{\"@type\":\"BreadcrumbList\",\"@id\":\"https:\/\/www.prijedordanas.com\/?p=127966#breadcrumb\",\"itemListElement\":[{\"@type\":\"ListItem\",\"position\":1,\"name\":\"Home\",\"item\":\"https:\/\/www.prijedordanas.com\/\"},{\"@type\":\"ListItem\",\"position\":2,\"name\":\"PRIJEDOR: IZGRADNJA NASIPA U GOMJENICI STALA ZBOG NERIJE\u0160ENE EKSPROPRIJACIJE SEDAM PARCELA &#8211; FOTO\"}]},{\"@type\":\"WebSite\",\"@id\":\"https:\/\/www.prijedordanas.com\/#website\",\"url\":\"https:\/\/www.prijedordanas.com\/\",\"name\":\"PrijedorDanas.com - Prijedorski gradski portal\",\"description\":\"Portal o doga\u0111anjima u gradu Prijedoru\",\"publisher\":{\"@id\":\"https:\/\/www.prijedordanas.com\/#organization\"},\"potentialAction\":[{\"@type\":\"SearchAction\",\"target\":{\"@type\":\"EntryPoint\",\"urlTemplate\":\"https:\/\/www.prijedordanas.com\/?s={search_term_string}\"},\"query-input\":\"required name=search_term_string\"}],\"inLanguage\":\"en-US\"},{\"@type\":\"Organization\",\"@id\":\"https:\/\/www.prijedordanas.com\/#organization\",\"name\":\"PrijedorDanas.com\",\"url\":\"https:\/\/www.prijedordanas.com\/\",\"logo\":{\"@type\":\"ImageObject\",\"inLanguage\":\"en-US\",\"@id\":\"https:\/\/www.prijedordanas.com\/#\/schema\/logo\/image\/\",\"url\":\"http:\/\/www.prijedordanas.com\/wp-content\/uploads\/2021\/12\/logopng.png\",\"contentUrl\":\"http:\/\/www.prijedordanas.com\/wp-content\/uploads\/2021\/12\/logopng.png\",\"width\":1019,\"height\":776,\"caption\":\"PrijedorDanas.com\"},\"image\":{\"@id\":\"https:\/\/www.prijedordanas.com\/#\/schema\/logo\/image\/\"},\"sameAs\":[\"https:\/\/www.facebook.com\/PrijedorDanasCom\/\"]},{\"@type\":\"Person\",\"@id\":\"https:\/\/www.prijedordanas.com\/#\/schema\/person\/4e08ccf29b506ca916ff86d46bb700e6\",\"name\":\"admin\",\"image\":{\"@type\":\"ImageObject\",\"inLanguage\":\"en-US\",\"@id\":\"https:\/\/www.prijedordanas.com\/#\/schema\/person\/image\/\",\"url\":\"https:\/\/secure.gravatar.com\/avatar\/1d3fc949d550f0b53a5f0d51e06dfd79?s=96&d=mm&r=g\",\"contentUrl\":\"https:\/\/secure.gravatar.com\/avatar\/1d3fc949d550f0b53a5f0d51e06dfd79?s=96&d=mm&r=g\",\"caption\":\"admin\"},\"url\":\"https:\/\/www.prijedordanas.com\/?author=1\"}]}<\/script>\n<!-- \/ Yoast SEO plugin. -->","yoast_head_json":{"title":"PRIJEDOR: IZGRADNJA NASIPA U GOMJENICI STALA ZBOG NERIJE\u0160ENE EKSPROPRIJACIJE SEDAM PARCELA - FOTO - PrijedorDanas.com - Prijedorski gradski portal","robots":{"index":"index","follow":"follow","max-snippet":"max-snippet:-1","max-image-preview":"max-image-preview:large","max-video-preview":"max-video-preview:-1"},"canonical":"https:\/\/www.prijedordanas.com\/?p=127966","og_locale":"en_US","og_type":"article","og_title":"PRIJEDOR: IZGRADNJA NASIPA U GOMJENICI STALA ZBOG NERIJE\u0160ENE EKSPROPRIJACIJE SEDAM PARCELA - FOTO - PrijedorDanas.com - Prijedorski gradski portal","og_description":"Vlasnici sedam parcela uz obalu Sane u Prijedoru, nedaleko od u\u0161\u0107a Gomjenice u ovu rijeku, na kojima nije izgra\u0111en nasip za za\u0161titu od poplava zbog nerije\u0161enih imovinsko-pravnih odnosa, optu\u017eili su [&hellip;]","og_url":"https:\/\/www.prijedordanas.com\/?p=127966","og_site_name":"PrijedorDanas.com - Prijedorski gradski portal","article_publisher":"https:\/\/www.facebook.com\/PrijedorDanasCom\/","article_published_time":"2019-05-22T14:32:35+00:00","og_image":[{"url":"https:\/\/www.prijedordanas.com\/wp-content\/uploads\/2019\/05\/gomjenica-nasip-eksproprijacija-1-300x222.jpg"}],"author":"admin","twitter_card":"summary_large_image","twitter_misc":{"Written by":"admin","Est. reading time":"3 minutes"},"schema":{"@context":"https:\/\/schema.org","@graph":[{"@type":"Article","@id":"https:\/\/www.prijedordanas.com\/?p=127966#article","isPartOf":{"@id":"https:\/\/www.prijedordanas.com\/?p=127966"},"author":{"name":"admin","@id":"https:\/\/www.prijedordanas.com\/#\/schema\/person\/4e08ccf29b506ca916ff86d46bb700e6"},"headline":"PRIJEDOR: IZGRADNJA NASIPA U GOMJENICI STALA ZBOG NERIJE\u0160ENE EKSPROPRIJACIJE SEDAM PARCELA &#8211; FOTO","datePublished":"2019-05-22T14:32:35+00:00","dateModified":"2019-05-22T14:32:35+00:00","mainEntityOfPage":{"@id":"https:\/\/www.prijedordanas.com\/?p=127966"},"wordCount":553,"publisher":{"@id":"https:\/\/www.prijedordanas.com\/#organization"},"keywords":["nasip"],"articleSection":["Dru\u0161tvo"],"inLanguage":"en-US"},{"@type":"WebPage","@id":"https:\/\/www.prijedordanas.com\/?p=127966","url":"https:\/\/www.prijedordanas.com\/?p=127966","name":"PRIJEDOR: IZGRADNJA NASIPA U GOMJENICI STALA ZBOG NERIJE\u0160ENE EKSPROPRIJACIJE SEDAM PARCELA - FOTO - PrijedorDanas.com - Prijedorski gradski portal","isPartOf":{"@id":"https:\/\/www.prijedordanas.com\/#website"},"datePublished":"2019-05-22T14:32:35+00:00","dateModified":"2019-05-22T14:32:35+00:00","breadcrumb":{"@id":"https:\/\/www.prijedordanas.com\/?p=127966#breadcrumb"},"inLanguage":"en-US","potentialAction":[{"@type":"ReadAction","target":["https:\/\/www.prijedordanas.com\/?p=127966"]}]},{"@type":"BreadcrumbList","@id":"https:\/\/www.prijedordanas.com\/?p=127966#breadcrumb","itemListElement":[{"@type":"ListItem","position":1,"name":"Home","item":"https:\/\/www.prijedordanas.com\/"},{"@type":"ListItem","position":2,"name":"PRIJEDOR: IZGRADNJA NASIPA U GOMJENICI STALA ZBOG NERIJE\u0160ENE EKSPROPRIJACIJE SEDAM PARCELA &#8211; FOTO"}]},{"@type":"WebSite","@id":"https:\/\/www.prijedordanas.com\/#website","url":"https:\/\/www.prijedordanas.com\/","name":"PrijedorDanas.com - Prijedorski gradski portal","description":"Portal o doga\u0111anjima u gradu Prijedoru","publisher":{"@id":"https:\/\/www.prijedordanas.com\/#organization"},"potentialAction":[{"@type":"SearchAction","target":{"@type":"EntryPoint","urlTemplate":"https:\/\/www.prijedordanas.com\/?s={search_term_string}"},"query-input":"required name=search_term_string"}],"inLanguage":"en-US"},{"@type":"Organization","@id":"https:\/\/www.prijedordanas.com\/#organization","name":"PrijedorDanas.com","url":"https:\/\/www.prijedordanas.com\/","logo":{"@type":"ImageObject","inLanguage":"en-US","@id":"https:\/\/www.prijedordanas.com\/#\/schema\/logo\/image\/","url":"http:\/\/www.prijedordanas.com\/wp-content\/uploads\/2021\/12\/logopng.png","contentUrl":"http:\/\/www.prijedordanas.com\/wp-content\/uploads\/2021\/12\/logopng.png","width":1019,"height":776,"caption":"PrijedorDanas.com"},"image":{"@id":"https:\/\/www.prijedordanas.com\/#\/schema\/logo\/image\/"},"sameAs":["https:\/\/www.facebook.com\/PrijedorDanasCom\/"]},{"@type":"Person","@id":"https:\/\/www.prijedordanas.com\/#\/schema\/person\/4e08ccf29b506ca916ff86d46bb700e6","name":"admin","image":{"@type":"ImageObject","inLanguage":"en-US","@id":"https:\/\/www.prijedordanas.com\/#\/schema\/person\/image\/","url":"https:\/\/secure.gravatar.com\/avatar\/1d3fc949d550f0b53a5f0d51e06dfd79?s=96&d=mm&r=g","contentUrl":"https:\/\/secure.gravatar.com\/avatar\/1d3fc949d550f0b53a5f0d51e06dfd79?s=96&d=mm&r=g","caption":"admin"},"url":"https:\/\/www.prijedordanas.com\/?author=1"}]}},"_links":{"self":[{"href":"https:\/\/www.prijedordanas.com\/index.php?rest_route=\/wp\/v2\/posts\/127966"}],"collection":[{"href":"https:\/\/www.prijedordanas.com\/index.php?rest_route=\/wp\/v2\/posts"}],"about":[{"href":"https:\/\/www.prijedordanas.com\/index.php?rest_route=\/wp\/v2\/types\/post"}],"author":[{"embeddable":true,"href":"https:\/\/www.prijedordanas.com\/index.php?rest_route=\/wp\/v2\/users\/1"}],"replies":[{"embeddable":true,"href":"https:\/\/www.prijedordanas.com\/index.php?rest_route=%2Fwp%2Fv2%2Fcomments&post=127966"}],"version-history":[{"count":1,"href":"https:\/\/www.prijedordanas.com\/index.php?rest_route=\/wp\/v2\/posts\/127966\/revisions"}],"predecessor-version":[{"id":127971,"href":"https:\/\/www.prijedordanas.com\/index.php?rest_route=\/wp\/v2\/posts\/127966\/revisions\/127971"}],"wp:attachment":[{"href":"https:\/\/www.prijedordanas.com\/index.php?rest_route=%2Fwp%2Fv2%2Fmedia&parent=127966"}],"wp:term":[{"taxonomy":"category","embeddable":true,"href":"https:\/\/www.prijedordanas.com\/index.php?rest_route=%2Fwp%2Fv2%2Fcategories&post=127966"},{"taxonomy":"post_tag","embeddable":true,"href":"https:\/\/www.prijedordanas.com\/index.php?rest_route=%2Fwp%2Fv2%2Ftags&post=127966"}],"curies":[{"name":"wp","href":"https:\/\/api.w.org\/{rel}","templated":true}]}}