{"id":12781,"date":"2014-12-20T10:16:48","date_gmt":"2014-12-20T09:16:48","guid":{"rendered":"https:\/\/www.prijedordanas.com\/?p=12781"},"modified":"2014-12-20T10:16:48","modified_gmt":"2014-12-20T09:16:48","slug":"fenicanke-u-sarajevu-undiplomatic-art-i-ove-godine-povezuje-umjetnikece-iz-regije","status":"publish","type":"post","link":"https:\/\/www.prijedordanas.com\/?p=12781","title":{"rendered":"\u201eFENI\u010cANKE\u201c U SARAJEVU: UNDIPLOMATIC ART I OVE GODINE POVEZUJE UMJETNIKE\/CE IZ REGIJE"},"content":{"rendered":"<p><a href=\"https:\/\/www.prijedordanas.com\/wp-content\/uploads\/2014\/12\/fenicanke-premijera-1.jpg\"><img loading=\"lazy\" decoding=\"async\" class=\"alignleft size-medium wp-image-12782\" src=\"https:\/\/www.prijedordanas.com\/wp-content\/uploads\/2014\/12\/fenicanke-premijera-1-300x198.jpg\" alt=\"fenicanke-premijera 1\" width=\"300\" height=\"198\" srcset=\"https:\/\/www.prijedordanas.com\/wp-content\/uploads\/2014\/12\/fenicanke-premijera-1-300x198.jpg 300w, https:\/\/www.prijedordanas.com\/wp-content\/uploads\/2014\/12\/fenicanke-premijera-1.jpg 600w\" sizes=\"(max-width: 300px) 100vw, 300px\" \/><\/a>Undiplomatic art, projekat Internacionalnog teatarskog festivala MESS, koji ima za cilj promociju anga\u017eirane umjetnosti koja se hrabro konfrontira sa politi\u010dkim, historijskim i drugim dru\u0161tvenim tabuima, odr\u017eat \u0107e se i ove godine.<\/p>\n<p>Program u Sarajevu \u0107e otvoriti predstava Darka Cvijeti\u0107a \u201cFeni\u010danke, Materijali\u201c, koja \u0107e premijerno biti izvedena pred sarajevskom publikom u subotu, 20. decembra, u Kamernom teatru \u201955 sa po\u010detkom u 20 sati. Predstava je dio programa Connecting Cities, koji umjetno\u0161\u0107u povezuje gradove u BiH me\u0111u kojima je kulturna razmjena rijetka ili nepostoje\u0107a.<\/p>\n<p>\u201cI ove godine nastavljamo na\u0161u praksu da promovi\u0161emo zna\u010daj prela\u017eenja i prevazila\u017eenja svih nametnutih granica, ograni\u010denja i barijera. Umjetnici\/e su oduvijek njegovali\/e kulturu dijaloga i saradnja koju imamo sa kolegama\/icama iz cijele BiH je rezultirala mnogim kvalitetnim umjetni\u010dkim projektima\u201c, istakao je direktor Internacionalnog teatarskog festivala MESS, Dino Mustafi\u0107, te dodao da \u0107e pri\u010da predstave \u201cFeni\u010danke, Materijali\u201c na najbolji na\u010din otvoriti program.<\/p>\n<p><a href=\"https:\/\/www.prijedordanas.com\/wp-content\/uploads\/2014\/12\/fenicanke-premijera-2.jpg\"><img loading=\"lazy\" decoding=\"async\" class=\"alignleft size-medium wp-image-12783\" src=\"https:\/\/www.prijedordanas.com\/wp-content\/uploads\/2014\/12\/fenicanke-premijera-2-300x198.jpg\" alt=\"fenicanke-premijera 2\" width=\"300\" height=\"198\" srcset=\"https:\/\/www.prijedordanas.com\/wp-content\/uploads\/2014\/12\/fenicanke-premijera-2-300x198.jpg 300w, https:\/\/www.prijedordanas.com\/wp-content\/uploads\/2014\/12\/fenicanke-premijera-2.jpg 600w\" sizes=\"(max-width: 300px) 100vw, 300px\" \/><\/a>\u201cFeni\u010danke, Materijali\u201c je autorski projekat Darka Cvijeti\u0107a koji je adaptirao Euripidove tragedije te ih povezao sa trenutnom dru\u0161tveno-politi\u010dkom situacijom u Bosni i Hercegovini. U predstavi igraju Jelena Seksen, Tatjana Binja\u0161,Mirela Predojevi\u0107, Sabina Halilovi\u0107, Zlata Kogelnik, Zorica Joji\u0107, Milo\u0161 Rom\u010devi\u0107 i Rade Stupar.<\/p>\n<p>Navode\u0107i kako je iznimno sretan \u0161to \u0107e i sarajevska publika imati priliku da pogleda ovu predstavu, Darko Cvijeti\u0107 se posebno zahvalio direktoru Internacionalnog teatarskog festivala MESS Dini Mustafi\u0107u na ukazanoj prilici.<\/p>\n<p>\u201cPredstava pri\u010da univerzalnu pri\u010du koja se ti\u010de svih nas i koja na\u017ealost, jako korespondira sa na\u0161om stvarno\u0161\u0107u. Na\u0161e dru\u0161tvo je u situaciji kada preispitujemo i najosnovnije ljudske vrijednosti, jer smo dovedeni na moralni rub egzistencije\u201c, istakao je Cvijeti\u0107 te dodao da je Pozori\u0161te Prijedor u protekloj godini proizvelo osam pozori\u0161nih projekata koji mogu biti na repertoaru svake teatarske ku\u0107e u regionu.<\/p>\n<p>\u201cMi dolazimo iz jednog malog grada u kojem poku\u0161avamo fenomen teatra odr\u017eati budnim u odnosu na stvarnost. \u017divimo u dru\u0161tvu u kojem je svaka umjetnost postala incident, ali smo odlu\u010dni da nastavimo \u017eivjeti, o \u010demu najbolje govore projekti koje smo realizirali u protekloj godini\u201c, dodao je Cvijeti\u0107.<\/p>\n<p>Program Undiplomatic art \u0107e se nastaviti 23. decembra, kada \u0107e se na istom mjestu, u okviru programa Gender Trouble Undiplomatic Art-a, odigrati izvedba performera Igora Vrebca \u201cHomo Sapiens\u201c, koja propituje rodne i seksualne stereotipe. Predstava je vrlo uspje\u0161no izvedena na ovogodi\u0161njem Amsterdam Fringe festivalu.<\/p>\n<p>Ulaznice za predstavu \u201cFeni\u010danke, Materijali\u201c mogu se kupiti na blagajni Kamernog teatra \u201955 svakog dana, osim nedjelje, u periodu od 10 do 12 i od 16 do 20 sati, a cijena jedne ulaznice iznosi 7 KM. Ulaz na predstavu \u201cHomo Sapiens\u201c \u0107e biti slobodan.<\/p>\n<p>Zahvaljuju\u0107i Undiplomatic art programu Internacionalnog teatarskog festivala MESS u protekle tri godine su odr\u017eane mnogobrojne projekcije filmova, promocije knjiga, koncerti te igranja predstava umjetnika\/ica iz cijelog regiona.<\/p>\n<p>Tacno.net<\/p>\n","protected":false},"excerpt":{"rendered":"<p>Undiplomatic art, projekat Internacionalnog teatarskog festivala MESS, koji ima za cilj promociju anga\u017eirane umjetnosti koja se hrabro konfrontira sa politi\u010dkim, historijskim i drugim dru\u0161tvenim tabuima, odr\u017eat \u0107e se i ove [&hellip;]<\/p>\n","protected":false},"author":1,"featured_media":0,"comment_status":"closed","ping_status":"open","sticky":false,"template":"","format":"standard","meta":{"_monsterinsights_skip_tracking":false,"_monsterinsights_sitenote_active":false,"_monsterinsights_sitenote_note":"","_monsterinsights_sitenote_category":0,"footnotes":""},"categories":[6],"tags":[314,313,189],"yoast_head":"<!-- This site is optimized with the Yoast SEO plugin v21.6 - https:\/\/yoast.com\/wordpress\/plugins\/seo\/ -->\n<title>\u201eFENI\u010cANKE\u201c U SARAJEVU: UNDIPLOMATIC ART I OVE GODINE POVEZUJE UMJETNIKE\/CE IZ REGIJE - PrijedorDanas.com - Prijedorski gradski portal<\/title>\n<meta name=\"robots\" content=\"index, follow, max-snippet:-1, max-image-preview:large, max-video-preview:-1\" \/>\n<link rel=\"canonical\" href=\"https:\/\/www.prijedordanas.com\/?p=12781\" \/>\n<meta property=\"og:locale\" content=\"en_US\" \/>\n<meta property=\"og:type\" content=\"article\" \/>\n<meta property=\"og:title\" content=\"\u201eFENI\u010cANKE\u201c U SARAJEVU: UNDIPLOMATIC ART I OVE GODINE POVEZUJE UMJETNIKE\/CE IZ REGIJE - PrijedorDanas.com - Prijedorski gradski portal\" \/>\n<meta property=\"og:description\" content=\"Undiplomatic art, projekat Internacionalnog teatarskog festivala MESS, koji ima za cilj promociju anga\u017eirane umjetnosti koja se hrabro konfrontira sa politi\u010dkim, historijskim i drugim dru\u0161tvenim tabuima, odr\u017eat \u0107e se i ove [&hellip;]\" \/>\n<meta property=\"og:url\" content=\"https:\/\/www.prijedordanas.com\/?p=12781\" \/>\n<meta property=\"og:site_name\" content=\"PrijedorDanas.com - Prijedorski gradski portal\" \/>\n<meta property=\"article:publisher\" content=\"https:\/\/www.facebook.com\/PrijedorDanasCom\/\" \/>\n<meta property=\"article:published_time\" content=\"2014-12-20T09:16:48+00:00\" \/>\n<meta property=\"og:image\" content=\"https:\/\/www.prijedordanas.com\/wp-content\/uploads\/2014\/12\/fenicanke-premijera-1-300x198.jpg\" \/>\n<meta name=\"author\" content=\"admin\" \/>\n<meta name=\"twitter:card\" content=\"summary_large_image\" \/>\n<meta name=\"twitter:label1\" content=\"Written by\" \/>\n\t<meta name=\"twitter:data1\" content=\"admin\" \/>\n\t<meta name=\"twitter:label2\" content=\"Est. reading time\" \/>\n\t<meta name=\"twitter:data2\" content=\"2 minutes\" \/>\n<script type=\"application\/ld+json\" class=\"yoast-schema-graph\">{\"@context\":\"https:\/\/schema.org\",\"@graph\":[{\"@type\":\"Article\",\"@id\":\"https:\/\/www.prijedordanas.com\/?p=12781#article\",\"isPartOf\":{\"@id\":\"https:\/\/www.prijedordanas.com\/?p=12781\"},\"author\":{\"name\":\"admin\",\"@id\":\"https:\/\/www.prijedordanas.com\/#\/schema\/person\/4e08ccf29b506ca916ff86d46bb700e6\"},\"headline\":\"\u201eFENI\u010cANKE\u201c U SARAJEVU: UNDIPLOMATIC ART I OVE GODINE POVEZUJE UMJETNIKE\/CE IZ REGIJE\",\"datePublished\":\"2014-12-20T09:16:48+00:00\",\"dateModified\":\"2014-12-20T09:16:48+00:00\",\"mainEntityOfPage\":{\"@id\":\"https:\/\/www.prijedordanas.com\/?p=12781\"},\"wordCount\":497,\"publisher\":{\"@id\":\"https:\/\/www.prijedordanas.com\/#organization\"},\"keywords\":[\"Darko Cvijeti\u0107\",\"Feni\u010danke\",\"Pozori\u0161te Prijedor\"],\"articleSection\":[\"Kultura\"],\"inLanguage\":\"en-US\"},{\"@type\":\"WebPage\",\"@id\":\"https:\/\/www.prijedordanas.com\/?p=12781\",\"url\":\"https:\/\/www.prijedordanas.com\/?p=12781\",\"name\":\"\u201eFENI\u010cANKE\u201c U SARAJEVU: UNDIPLOMATIC ART I OVE GODINE POVEZUJE UMJETNIKE\/CE IZ REGIJE - PrijedorDanas.com - Prijedorski gradski portal\",\"isPartOf\":{\"@id\":\"https:\/\/www.prijedordanas.com\/#website\"},\"datePublished\":\"2014-12-20T09:16:48+00:00\",\"dateModified\":\"2014-12-20T09:16:48+00:00\",\"breadcrumb\":{\"@id\":\"https:\/\/www.prijedordanas.com\/?p=12781#breadcrumb\"},\"inLanguage\":\"en-US\",\"potentialAction\":[{\"@type\":\"ReadAction\",\"target\":[\"https:\/\/www.prijedordanas.com\/?p=12781\"]}]},{\"@type\":\"BreadcrumbList\",\"@id\":\"https:\/\/www.prijedordanas.com\/?p=12781#breadcrumb\",\"itemListElement\":[{\"@type\":\"ListItem\",\"position\":1,\"name\":\"Home\",\"item\":\"https:\/\/www.prijedordanas.com\/\"},{\"@type\":\"ListItem\",\"position\":2,\"name\":\"\u201eFENI\u010cANKE\u201c U SARAJEVU: UNDIPLOMATIC ART I OVE GODINE POVEZUJE UMJETNIKE\/CE IZ REGIJE\"}]},{\"@type\":\"WebSite\",\"@id\":\"https:\/\/www.prijedordanas.com\/#website\",\"url\":\"https:\/\/www.prijedordanas.com\/\",\"name\":\"PrijedorDanas.com - Prijedorski gradski portal\",\"description\":\"Portal o doga\u0111anjima u gradu Prijedoru\",\"publisher\":{\"@id\":\"https:\/\/www.prijedordanas.com\/#organization\"},\"potentialAction\":[{\"@type\":\"SearchAction\",\"target\":{\"@type\":\"EntryPoint\",\"urlTemplate\":\"https:\/\/www.prijedordanas.com\/?s={search_term_string}\"},\"query-input\":\"required name=search_term_string\"}],\"inLanguage\":\"en-US\"},{\"@type\":\"Organization\",\"@id\":\"https:\/\/www.prijedordanas.com\/#organization\",\"name\":\"PrijedorDanas.com\",\"url\":\"https:\/\/www.prijedordanas.com\/\",\"logo\":{\"@type\":\"ImageObject\",\"inLanguage\":\"en-US\",\"@id\":\"https:\/\/www.prijedordanas.com\/#\/schema\/logo\/image\/\",\"url\":\"http:\/\/www.prijedordanas.com\/wp-content\/uploads\/2021\/12\/logopng.png\",\"contentUrl\":\"http:\/\/www.prijedordanas.com\/wp-content\/uploads\/2021\/12\/logopng.png\",\"width\":1019,\"height\":776,\"caption\":\"PrijedorDanas.com\"},\"image\":{\"@id\":\"https:\/\/www.prijedordanas.com\/#\/schema\/logo\/image\/\"},\"sameAs\":[\"https:\/\/www.facebook.com\/PrijedorDanasCom\/\"]},{\"@type\":\"Person\",\"@id\":\"https:\/\/www.prijedordanas.com\/#\/schema\/person\/4e08ccf29b506ca916ff86d46bb700e6\",\"name\":\"admin\",\"image\":{\"@type\":\"ImageObject\",\"inLanguage\":\"en-US\",\"@id\":\"https:\/\/www.prijedordanas.com\/#\/schema\/person\/image\/\",\"url\":\"https:\/\/secure.gravatar.com\/avatar\/1d3fc949d550f0b53a5f0d51e06dfd79?s=96&d=mm&r=g\",\"contentUrl\":\"https:\/\/secure.gravatar.com\/avatar\/1d3fc949d550f0b53a5f0d51e06dfd79?s=96&d=mm&r=g\",\"caption\":\"admin\"},\"url\":\"https:\/\/www.prijedordanas.com\/?author=1\"}]}<\/script>\n<!-- \/ Yoast SEO plugin. -->","yoast_head_json":{"title":"\u201eFENI\u010cANKE\u201c U SARAJEVU: UNDIPLOMATIC ART I OVE GODINE POVEZUJE UMJETNIKE\/CE IZ REGIJE - PrijedorDanas.com - Prijedorski gradski portal","robots":{"index":"index","follow":"follow","max-snippet":"max-snippet:-1","max-image-preview":"max-image-preview:large","max-video-preview":"max-video-preview:-1"},"canonical":"https:\/\/www.prijedordanas.com\/?p=12781","og_locale":"en_US","og_type":"article","og_title":"\u201eFENI\u010cANKE\u201c U SARAJEVU: UNDIPLOMATIC ART I OVE GODINE POVEZUJE UMJETNIKE\/CE IZ REGIJE - PrijedorDanas.com - Prijedorski gradski portal","og_description":"Undiplomatic art, projekat Internacionalnog teatarskog festivala MESS, koji ima za cilj promociju anga\u017eirane umjetnosti koja se hrabro konfrontira sa politi\u010dkim, historijskim i drugim dru\u0161tvenim tabuima, odr\u017eat \u0107e se i ove [&hellip;]","og_url":"https:\/\/www.prijedordanas.com\/?p=12781","og_site_name":"PrijedorDanas.com - Prijedorski gradski portal","article_publisher":"https:\/\/www.facebook.com\/PrijedorDanasCom\/","article_published_time":"2014-12-20T09:16:48+00:00","og_image":[{"url":"https:\/\/www.prijedordanas.com\/wp-content\/uploads\/2014\/12\/fenicanke-premijera-1-300x198.jpg"}],"author":"admin","twitter_card":"summary_large_image","twitter_misc":{"Written by":"admin","Est. reading time":"2 minutes"},"schema":{"@context":"https:\/\/schema.org","@graph":[{"@type":"Article","@id":"https:\/\/www.prijedordanas.com\/?p=12781#article","isPartOf":{"@id":"https:\/\/www.prijedordanas.com\/?p=12781"},"author":{"name":"admin","@id":"https:\/\/www.prijedordanas.com\/#\/schema\/person\/4e08ccf29b506ca916ff86d46bb700e6"},"headline":"\u201eFENI\u010cANKE\u201c U SARAJEVU: UNDIPLOMATIC ART I OVE GODINE POVEZUJE UMJETNIKE\/CE IZ REGIJE","datePublished":"2014-12-20T09:16:48+00:00","dateModified":"2014-12-20T09:16:48+00:00","mainEntityOfPage":{"@id":"https:\/\/www.prijedordanas.com\/?p=12781"},"wordCount":497,"publisher":{"@id":"https:\/\/www.prijedordanas.com\/#organization"},"keywords":["Darko Cvijeti\u0107","Feni\u010danke","Pozori\u0161te Prijedor"],"articleSection":["Kultura"],"inLanguage":"en-US"},{"@type":"WebPage","@id":"https:\/\/www.prijedordanas.com\/?p=12781","url":"https:\/\/www.prijedordanas.com\/?p=12781","name":"\u201eFENI\u010cANKE\u201c U SARAJEVU: UNDIPLOMATIC ART I OVE GODINE POVEZUJE UMJETNIKE\/CE IZ REGIJE - PrijedorDanas.com - Prijedorski gradski portal","isPartOf":{"@id":"https:\/\/www.prijedordanas.com\/#website"},"datePublished":"2014-12-20T09:16:48+00:00","dateModified":"2014-12-20T09:16:48+00:00","breadcrumb":{"@id":"https:\/\/www.prijedordanas.com\/?p=12781#breadcrumb"},"inLanguage":"en-US","potentialAction":[{"@type":"ReadAction","target":["https:\/\/www.prijedordanas.com\/?p=12781"]}]},{"@type":"BreadcrumbList","@id":"https:\/\/www.prijedordanas.com\/?p=12781#breadcrumb","itemListElement":[{"@type":"ListItem","position":1,"name":"Home","item":"https:\/\/www.prijedordanas.com\/"},{"@type":"ListItem","position":2,"name":"\u201eFENI\u010cANKE\u201c U SARAJEVU: UNDIPLOMATIC ART I OVE GODINE POVEZUJE UMJETNIKE\/CE IZ REGIJE"}]},{"@type":"WebSite","@id":"https:\/\/www.prijedordanas.com\/#website","url":"https:\/\/www.prijedordanas.com\/","name":"PrijedorDanas.com - Prijedorski gradski portal","description":"Portal o doga\u0111anjima u gradu Prijedoru","publisher":{"@id":"https:\/\/www.prijedordanas.com\/#organization"},"potentialAction":[{"@type":"SearchAction","target":{"@type":"EntryPoint","urlTemplate":"https:\/\/www.prijedordanas.com\/?s={search_term_string}"},"query-input":"required name=search_term_string"}],"inLanguage":"en-US"},{"@type":"Organization","@id":"https:\/\/www.prijedordanas.com\/#organization","name":"PrijedorDanas.com","url":"https:\/\/www.prijedordanas.com\/","logo":{"@type":"ImageObject","inLanguage":"en-US","@id":"https:\/\/www.prijedordanas.com\/#\/schema\/logo\/image\/","url":"http:\/\/www.prijedordanas.com\/wp-content\/uploads\/2021\/12\/logopng.png","contentUrl":"http:\/\/www.prijedordanas.com\/wp-content\/uploads\/2021\/12\/logopng.png","width":1019,"height":776,"caption":"PrijedorDanas.com"},"image":{"@id":"https:\/\/www.prijedordanas.com\/#\/schema\/logo\/image\/"},"sameAs":["https:\/\/www.facebook.com\/PrijedorDanasCom\/"]},{"@type":"Person","@id":"https:\/\/www.prijedordanas.com\/#\/schema\/person\/4e08ccf29b506ca916ff86d46bb700e6","name":"admin","image":{"@type":"ImageObject","inLanguage":"en-US","@id":"https:\/\/www.prijedordanas.com\/#\/schema\/person\/image\/","url":"https:\/\/secure.gravatar.com\/avatar\/1d3fc949d550f0b53a5f0d51e06dfd79?s=96&d=mm&r=g","contentUrl":"https:\/\/secure.gravatar.com\/avatar\/1d3fc949d550f0b53a5f0d51e06dfd79?s=96&d=mm&r=g","caption":"admin"},"url":"https:\/\/www.prijedordanas.com\/?author=1"}]}},"_links":{"self":[{"href":"https:\/\/www.prijedordanas.com\/index.php?rest_route=\/wp\/v2\/posts\/12781"}],"collection":[{"href":"https:\/\/www.prijedordanas.com\/index.php?rest_route=\/wp\/v2\/posts"}],"about":[{"href":"https:\/\/www.prijedordanas.com\/index.php?rest_route=\/wp\/v2\/types\/post"}],"author":[{"embeddable":true,"href":"https:\/\/www.prijedordanas.com\/index.php?rest_route=\/wp\/v2\/users\/1"}],"replies":[{"embeddable":true,"href":"https:\/\/www.prijedordanas.com\/index.php?rest_route=%2Fwp%2Fv2%2Fcomments&post=12781"}],"version-history":[{"count":1,"href":"https:\/\/www.prijedordanas.com\/index.php?rest_route=\/wp\/v2\/posts\/12781\/revisions"}],"predecessor-version":[{"id":12784,"href":"https:\/\/www.prijedordanas.com\/index.php?rest_route=\/wp\/v2\/posts\/12781\/revisions\/12784"}],"wp:attachment":[{"href":"https:\/\/www.prijedordanas.com\/index.php?rest_route=%2Fwp%2Fv2%2Fmedia&parent=12781"}],"wp:term":[{"taxonomy":"category","embeddable":true,"href":"https:\/\/www.prijedordanas.com\/index.php?rest_route=%2Fwp%2Fv2%2Fcategories&post=12781"},{"taxonomy":"post_tag","embeddable":true,"href":"https:\/\/www.prijedordanas.com\/index.php?rest_route=%2Fwp%2Fv2%2Ftags&post=12781"}],"curies":[{"name":"wp","href":"https:\/\/api.w.org\/{rel}","templated":true}]}}