{"id":127700,"date":"2019-05-18T09:26:33","date_gmt":"2019-05-18T07:26:33","guid":{"rendered":"https:\/\/www.prijedordanas.com\/?p=127700"},"modified":"2019-05-18T09:26:33","modified_gmt":"2019-05-18T07:26:33","slug":"nakon-majkla-dzeksona-na-harmonici-profesor-iz-prijedora-priprema-jos-vecu-pricu-video","status":"publish","type":"post","link":"https:\/\/www.prijedordanas.com\/?p=127700","title":{"rendered":"NAKON MAJKLA D\u017dEKSONA NA HARMONICI, PROFESOR IZ PRIJEDORA PRIPREMA JO\u0160 VE\u0106U PRI\u010cU \u2013 VIDEO"},"content":{"rendered":"<p><a href=\"https:\/\/www.prijedordanas.com\/wp-content\/uploads\/2019\/05\/6yka-milos-zec-1.jpg\"><img loading=\"lazy\" decoding=\"async\" src=\"https:\/\/www.prijedordanas.com\/wp-content\/uploads\/2019\/05\/6yka-milos-zec-1-300x222.jpg\" alt=\"\" width=\"300\" height=\"222\" class=\"alignleft size-medium wp-image-127701\" srcset=\"https:\/\/www.prijedordanas.com\/wp-content\/uploads\/2019\/05\/6yka-milos-zec-1-300x222.jpg 300w, https:\/\/www.prijedordanas.com\/wp-content\/uploads\/2019\/05\/6yka-milos-zec-1-100x74.jpg 100w, https:\/\/www.prijedordanas.com\/wp-content\/uploads\/2019\/05\/6yka-milos-zec-1.jpg 676w\" sizes=\"(max-width: 300px) 100vw, 300px\" \/><\/a>Odu\u0161evili su sve koji su ih \u010duli, a na takmi\u010denjima osvajaju isklju\u010divo prva mjesta.<\/p>\n<p>Rije\u010d je o Orkestru harmonike Muzi\u010dke \u0161kole \u201cSavo Balaban\u201d iz Prijedora, koji nakon osvojene prve nagrade na \u0161kolskom takmi\u010denju pro\u0161le godine, ni\u017ee sjajne uspjehe &#8211; prvo mjesto na Me\u0111unarodnom festivalu harmonike u Ugljeviku, prvo mjesto u Isto\u010dnom Sarajevu, potom i u Gracu, pobijedili su i na Republi\u010dkom takmi\u010denju muzi\u010dkih \u0161kola Republike Srpske, kao i na nedavno odr\u017eanom 44. Me\u0111unarodnom susretu harmonika\u0161a u Puli.<\/p>\n<p>Koriste\u0107i modernu muziku i pokret tijela stvorili su originalni pravac koji odu\u0161evljava sve uzraste.<\/p>\n<p>U \u010demu je tajna 15 mladih ljudi, uzrasta od 12 godina do 18 godina, te \u0161ta novo pripremaju, doznali smo iz razgovora sa osniva\u010dem orkestra, profesorom Milo\u0161em Zecom i \u010dovjekom koji pokre\u0107e jo\u0161 jednu dobru pri\u010du u Prijedoru &#8211; Udru\u017eenje umjetnika pod nazivom &#8220;Milo\u0161 Zec i orkestar harmonika SKY GLORY&#8221;.<\/p>\n<p><a href=\"https:\/\/www.prijedordanas.com\/wp-content\/uploads\/2019\/05\/6yka-milos-zec-2.jpg\"><img loading=\"lazy\" decoding=\"async\" src=\"https:\/\/www.prijedordanas.com\/wp-content\/uploads\/2019\/05\/6yka-milos-zec-2-300x219.jpg\" alt=\"\" width=\"300\" height=\"219\" class=\"alignleft size-medium wp-image-127703\" srcset=\"https:\/\/www.prijedordanas.com\/wp-content\/uploads\/2019\/05\/6yka-milos-zec-2-300x219.jpg 300w, https:\/\/www.prijedordanas.com\/wp-content\/uploads\/2019\/05\/6yka-milos-zec-2-100x73.jpg 100w, https:\/\/www.prijedordanas.com\/wp-content\/uploads\/2019\/05\/6yka-milos-zec-2.jpg 685w\" sizes=\"(max-width: 300px) 100vw, 300px\" \/><\/a>TAJNA USPJEHA<\/p>\n<p>Nakon zavr\u0161enih osnovnih studija na Muzi\u010dkoj akademiji u Banjaluci, Milo\u0161 Zec odlazi na magistarski studij Music Menagment u Norve\u0161koj. \u017divot u ovoj skandinavskoj zemlji, a prije toga i u Americi, promijenio je njegov na\u010din razmi\u0161ljanja, a nakon povratka u BiH 2014. godine, nastoji promijeniti stvari u svom rodnom Prijedoru.<\/p>\n<p>Inicira osnivanje orkestra harmonike, a rezultati koje su postigli najbolji su pokazatelj da nije pogrije\u0161io kada je odlu\u010dio da se upusti u ne\u0161to druga\u010diju muzi\u010dku avanturu.<\/p>\n<p>Vje\u017ebaju dva do tri puta sedmi\u010dno u jednoj u\u010dionici, a ka\u017enjavanja i uslovljavanja nema, samo po\u0161tivanje i dogovor.<\/p>\n<p><a href=\"https:\/\/www.prijedordanas.com\/wp-content\/uploads\/2019\/05\/muzicka-skola-orkestar-harmonika.jpg\"><img loading=\"lazy\" decoding=\"async\" src=\"https:\/\/www.prijedordanas.com\/wp-content\/uploads\/2019\/05\/muzicka-skola-orkestar-harmonika-300x146.jpg\" alt=\"\" width=\"300\" height=\"146\" class=\"alignleft size-medium wp-image-127704\" srcset=\"https:\/\/www.prijedordanas.com\/wp-content\/uploads\/2019\/05\/muzicka-skola-orkestar-harmonika-300x146.jpg 300w, https:\/\/www.prijedordanas.com\/wp-content\/uploads\/2019\/05\/muzicka-skola-orkestar-harmonika-100x49.jpg 100w, https:\/\/www.prijedordanas.com\/wp-content\/uploads\/2019\/05\/muzicka-skola-orkestar-harmonika.jpg 600w\" sizes=\"(max-width: 300px) 100vw, 300px\" \/><\/a>\u201cKod nas kada neko zagalami, mi ulazimo u stanje straha i odbrane i onda dajemo sve od sebe. Ja jedostavno nisam bio za to, a u Norve\u0161koj sam shvatio da postoje druga\u010diji na\u010dini opho\u0111enja i ocjenjivanja i to sam odlu\u010dio primijeniti ovdje\u201d, po\u010dinje pri\u010du za Buku profesor Zec  i nastavlja: \u201cLanac je jak koliko je jaka najslabija karika &#8211; mislim da sam nekako tako po\u010deo svoj govor u u\u010dionici. Objasnio sam djeci da ako ih svakodnevno trebam motivisati spolja, pritiskati, uslovljavati, a oni sami nemaju spoznaju iznutra \u0161ta bi sami trebali raditi, trebamo prestati sa radom. Od tog govora prestali smo sa bilo kakvim uslovljavanjima, samo po\u0161tivanje i dogovor. I oni su sami shvatili, \u0161to i jeste poenta cijele pri\u010de, ako dva puta mjese\u010dno do\u0111u, a nisu navje\u017ebali, njima nije mjesto u orkestru. Na taj na\u010din smo uspjeli uspostaviti jednu ravnopravnu zajednicu, jedinstvo, razumijevanje i energiju koja je rezultovala svim ovim uspjesima\u201d.<\/p>\n<p><a href=\"https:\/\/www.prijedordanas.com\/wp-content\/uploads\/2018\/05\/orkestar-harmonika-akordeon-fest-1.jpg\"><img loading=\"lazy\" decoding=\"async\" src=\"https:\/\/www.prijedordanas.com\/wp-content\/uploads\/2018\/05\/orkestar-harmonika-akordeon-fest-1-300x225.jpg\" alt=\"\" width=\"300\" height=\"225\" class=\"alignleft size-medium wp-image-105871\" srcset=\"https:\/\/www.prijedordanas.com\/wp-content\/uploads\/2018\/05\/orkestar-harmonika-akordeon-fest-1-300x225.jpg 300w, https:\/\/www.prijedordanas.com\/wp-content\/uploads\/2018\/05\/orkestar-harmonika-akordeon-fest-1-100x75.jpg 100w, https:\/\/www.prijedordanas.com\/wp-content\/uploads\/2018\/05\/orkestar-harmonika-akordeon-fest-1-640x480.jpg 640w, https:\/\/www.prijedordanas.com\/wp-content\/uploads\/2018\/05\/orkestar-harmonika-akordeon-fest-1.jpg 667w\" sizes=\"(max-width: 300px) 100vw, 300px\" \/><\/a>ORKESTARSKA HARMONIKA NA DRUGA\u010cIJI NA\u010cIN<\/p>\n<p>Odlu\u010dio se za orkestarsku harmoniku na ne\u0161to druga\u010diji na\u010din, jer se kod nas harmonika vezuje isklju\u010divo za tradicionalnu narodnu muziku i svadbe, iako se ona odavno pojavljuje u klasi\u010dnoj muzici i razli\u010ditim muzi\u010dkim \u017eanrovima.  <\/p>\n<p>Poseban do\u017eivljaj je slu\u0161ati obrade popularnih kompozicija. <\/p>\n<p>Uvjerili su se u to svi koji su imali priliku pogledati kako prijedorski orkestar, uz prate\u0107u koreografiju, izvodi kompoziciju Majkla D\u017eeksona \u201cBili D\u017ein\u201d.<\/p>\n<p>\u201cDo\u0161ao sam do tog djela Bili D\u017ein koji nas je proslavio, radili su to i drugi, ali ja sam vidio ne\u0161to drugo &#8211; pokret tijela. Jer danas je sve oko nas brzina, od smjenjivanja frejmova na spotovima, brzine protoka informacija, jednostavno name\u0107e se neka nova dinamika \u017eivota. Upravo zbog te brzine i dinamike, tu je koreografija. Po meni, stvoriti dinamiku na harmonici, to je jedan novi vid sviranja, to je umjetnost budu\u0107nosti\u201d, obja\u0161njava profesor Milo\u0161 Zec, koji sa orkestrom planira odlazak na Svjetski kup u Italiju u grad Castel Filard. Kup se odr\u017eava svake godine u septembru, ove godine odlazi u izvidnicu, a ve\u0107 naredne godine planira u\u010de\u0161\u0107e sa orkestrom.<\/p>\n<p>UDRU\u017dENJE I NOVI REPERTOAR<\/p>\n<p>Ovih dana pokre\u0107e i Udru\u017eenje umjetnika  u Prijedoru pod nazivom &#8220;Milo\u0161 Zec i orkestar harmonika SKY GLORY&#8221; koje je nastalo iz \u017eelje da se ova pri\u010da pro\u0161iri na \u0161to ve\u0107i broj ljudi, tako da \u0107e im se ubudu\u0107e mo\u0107i priklju\u010diti svi gra\u0111ani koji imaju osnovnu muzi\u010dku pismenost i koji bi \u017eeljeli da nau\u010de ne\u0161to novo.<\/p>\n<p>Ve\u0107 priprema novi repertoar.<\/p>\n<p>\u201c U Udru\u017eenju \u0107emo imati novi repertoar i neka to za sada ostane jedna mala tajna, ve\u0107 su mi do\u0161le ideje kako \u0107emo da uradimo koreografiju, mislim da \u0107e to da odzvoni \u010ditavim Balkanom, pa i \u0161ire\u201d, isti\u010de Milo\u0161.<\/p>\n<p>Kada je rije\u010d o finasijama, do sada situacija nije bila najsjajnija. Direktor Muzi\u010dke \u0161kole \u201cSavo Balaban\u201d Aljo\u0161a Novakovi\u0107 je pomagao oko osnovnih sredstava na svim takmi\u010denjima, koliko je mogao, \u010desto su se morali i sami snalaziti, a Zec se li\u010dno anga\u017eovao kako bi me\u0111u prijedorskim privrednicima na\u0161ao sponzore.<\/p>\n<p>Ipak, smatra da ne treba gubiti nadu i odustajati &#8211; klju\u010dan je li\u010dni anga\u017eman i upornost, a dru\u0161tvo i institucije \u0107e, prije ili kasnije, prepoznati ostvareni rezultat.<\/p>\n<p>\u201cDaj sebe svijetu, daj sebe drugima i ne razmi\u0161ljaj o finansijama.  Ja sam na tom principu funkcionisao sve ovo vrijeme, uzeo taj teret na sebe, od umjetni\u010dkog, preko  finansijskog, pa do marketin\u0161kog. I to Udru\u017eenje je nastalo iz \u017eelje, kako moje, tako i djece, roditelja, ljudi oko mene, da idemo dalje, da pravimo jednu zdravu, dobru pri\u010du bez interesa. Moj jedini interes je ljubav prema ovome \u0161to radim i prema djeci koje sutra \u017eelim vidjeti kao kvalitetne ljudi koji se znaju nositi sa \u017eivotom, koji imaju prave vrijednosti, koji se dobro odnose prema sebi i zajednici. Naravno, bez finansija se ne mo\u017ee funkcionisti, ali ja sam uvjeren da se, nakon dobih rezultata, i ta vrata moraju po\u010deti otvarati\u201d, optimisti\u010dan je Zec. <\/p>\n<p>OTI\u0106I ILI OSTATI<\/p>\n<p>Na\u0161eg sagovornika smo na kraju razgovora pitali i kako se nakon studija u Norve\u0161koj ipak odlu\u010dio vratiti u BiH i da li se zbog te svoje odluke nekada pokajao. Rekao nam je da to nije bila laka odluka, jer mu se nudila odli\u010dna poslovna prilika u ovoj zemlji, ali da je klju\u010dan bio razgovor koji je vodio sa prijateljem iz Pakistana.<\/p>\n<p>\u201cZvao se Muhamed i puno smo se dru\u017eili. Kada je \u010duo za ponudu koju sam dobio, rekao mi je &#8216;Milo\u0161e, mo\u017ee\u0161 ostati ovdje i imati sva materijalna dobra, ali vrati se u svoju zemlju, jer ako tamo pomogne\u0161 jednom djetetu, jednom \u010dovjeku, ti si u\u010dinio \u010dudo za svoju zemlju&#8217;. Ja sam o tim njegovim rije\u010dima dugo razmi\u0161ljao, a nekako me i srce vuklo da se vratim iako sam znao kako je ovdje sa socijalnog i ekonomskog aspekta. I na kraju sam se vratio znaju\u0107i u \u0161ta se vra\u0107am, poku\u0161avao sam razli\u010dite biznise, ali kao da je sve ukazivalo na to da treba da radim samo muziku. Tako je krenula i cijela pri\u010da sa orkestrom. I nisam se pokajao\u201d, ispri\u010dao nam je profesor Milo\u0161 Zec i dao savjet svima koji, i prije zavr\u0161ene \u0161kole, planiraju napustiti zemlju &#8211; nemojte tako lako odustajati od \u017eivota ovdje, bar poku\u0161ajte, jer najlak\u0161e je oti\u0107i.<\/p>\n<p>6yka.com<\/p>\n<p><iframe loading=\"lazy\" title=\"Billie Jean - Orkestar harmonika (Accordion orchestra) JU muzi\u010dka \u0161kola Prijedor\" width=\"500\" height=\"281\" src=\"https:\/\/www.youtube.com\/embed\/FvNYedaqQOE?feature=oembed\" frameborder=\"0\" allow=\"accelerometer; autoplay; encrypted-media; gyroscope; picture-in-picture\" allowfullscreen><\/iframe><\/p>\n","protected":false},"excerpt":{"rendered":"<p>Odu\u0161evili su sve koji su ih \u010duli, a na takmi\u010denjima osvajaju isklju\u010divo prva mjesta. Rije\u010d je o Orkestru harmonike Muzi\u010dke \u0161kole \u201cSavo Balaban\u201d iz Prijedora, koji nakon osvojene prve nagrade [&hellip;]<\/p>\n","protected":false},"author":1,"featured_media":0,"comment_status":"closed","ping_status":"open","sticky":false,"template":"","format":"standard","meta":{"_monsterinsights_skip_tracking":false,"_monsterinsights_sitenote_active":false,"_monsterinsights_sitenote_note":"","_monsterinsights_sitenote_category":0,"footnotes":""},"categories":[3],"tags":[10829],"yoast_head":"<!-- This site is optimized with the Yoast SEO plugin v21.6 - https:\/\/yoast.com\/wordpress\/plugins\/seo\/ -->\n<title>NAKON MAJKLA D\u017dEKSONA NA HARMONICI, PROFESOR IZ PRIJEDORA PRIPREMA JO\u0160 VE\u0106U PRI\u010cU \u2013 VIDEO - PrijedorDanas.com - Prijedorski gradski portal<\/title>\n<meta name=\"robots\" content=\"index, follow, max-snippet:-1, max-image-preview:large, max-video-preview:-1\" \/>\n<link rel=\"canonical\" href=\"https:\/\/www.prijedordanas.com\/?p=127700\" \/>\n<meta property=\"og:locale\" content=\"en_US\" \/>\n<meta property=\"og:type\" content=\"article\" \/>\n<meta property=\"og:title\" content=\"NAKON MAJKLA D\u017dEKSONA NA HARMONICI, PROFESOR IZ PRIJEDORA PRIPREMA JO\u0160 VE\u0106U PRI\u010cU \u2013 VIDEO - PrijedorDanas.com - Prijedorski gradski portal\" \/>\n<meta property=\"og:description\" content=\"Odu\u0161evili su sve koji su ih \u010duli, a na takmi\u010denjima osvajaju isklju\u010divo prva mjesta. Rije\u010d je o Orkestru harmonike Muzi\u010dke \u0161kole \u201cSavo Balaban\u201d iz Prijedora, koji nakon osvojene prve nagrade [&hellip;]\" \/>\n<meta property=\"og:url\" content=\"https:\/\/www.prijedordanas.com\/?p=127700\" \/>\n<meta property=\"og:site_name\" content=\"PrijedorDanas.com - Prijedorski gradski portal\" \/>\n<meta property=\"article:publisher\" content=\"https:\/\/www.facebook.com\/PrijedorDanasCom\/\" \/>\n<meta property=\"article:published_time\" content=\"2019-05-18T07:26:33+00:00\" \/>\n<meta property=\"og:image\" content=\"https:\/\/www.prijedordanas.com\/wp-content\/uploads\/2019\/05\/6yka-milos-zec-1-300x222.jpg\" \/>\n<meta name=\"author\" content=\"admin\" \/>\n<meta name=\"twitter:card\" content=\"summary_large_image\" \/>\n<meta name=\"twitter:label1\" content=\"Written by\" \/>\n\t<meta name=\"twitter:data1\" content=\"admin\" \/>\n\t<meta name=\"twitter:label2\" content=\"Est. reading time\" \/>\n\t<meta name=\"twitter:data2\" content=\"6 minutes\" \/>\n<script type=\"application\/ld+json\" class=\"yoast-schema-graph\">{\"@context\":\"https:\/\/schema.org\",\"@graph\":[{\"@type\":\"Article\",\"@id\":\"https:\/\/www.prijedordanas.com\/?p=127700#article\",\"isPartOf\":{\"@id\":\"https:\/\/www.prijedordanas.com\/?p=127700\"},\"author\":{\"name\":\"admin\",\"@id\":\"https:\/\/www.prijedordanas.com\/#\/schema\/person\/4e08ccf29b506ca916ff86d46bb700e6\"},\"headline\":\"NAKON MAJKLA D\u017dEKSONA NA HARMONICI, PROFESOR IZ PRIJEDORA PRIPREMA JO\u0160 VE\u0106U PRI\u010cU \u2013 VIDEO\",\"datePublished\":\"2019-05-18T07:26:33+00:00\",\"dateModified\":\"2019-05-18T07:26:33+00:00\",\"mainEntityOfPage\":{\"@id\":\"https:\/\/www.prijedordanas.com\/?p=127700\"},\"wordCount\":1228,\"publisher\":{\"@id\":\"https:\/\/www.prijedordanas.com\/#organization\"},\"keywords\":[\"Milo\u0161 Zec\"],\"articleSection\":[\"\u017divot\"],\"inLanguage\":\"en-US\"},{\"@type\":\"WebPage\",\"@id\":\"https:\/\/www.prijedordanas.com\/?p=127700\",\"url\":\"https:\/\/www.prijedordanas.com\/?p=127700\",\"name\":\"NAKON MAJKLA D\u017dEKSONA NA HARMONICI, PROFESOR IZ PRIJEDORA PRIPREMA JO\u0160 VE\u0106U PRI\u010cU \u2013 VIDEO - PrijedorDanas.com - Prijedorski gradski portal\",\"isPartOf\":{\"@id\":\"https:\/\/www.prijedordanas.com\/#website\"},\"datePublished\":\"2019-05-18T07:26:33+00:00\",\"dateModified\":\"2019-05-18T07:26:33+00:00\",\"breadcrumb\":{\"@id\":\"https:\/\/www.prijedordanas.com\/?p=127700#breadcrumb\"},\"inLanguage\":\"en-US\",\"potentialAction\":[{\"@type\":\"ReadAction\",\"target\":[\"https:\/\/www.prijedordanas.com\/?p=127700\"]}]},{\"@type\":\"BreadcrumbList\",\"@id\":\"https:\/\/www.prijedordanas.com\/?p=127700#breadcrumb\",\"itemListElement\":[{\"@type\":\"ListItem\",\"position\":1,\"name\":\"Home\",\"item\":\"https:\/\/www.prijedordanas.com\/\"},{\"@type\":\"ListItem\",\"position\":2,\"name\":\"NAKON MAJKLA D\u017dEKSONA NA HARMONICI, PROFESOR IZ PRIJEDORA PRIPREMA JO\u0160 VE\u0106U PRI\u010cU \u2013 VIDEO\"}]},{\"@type\":\"WebSite\",\"@id\":\"https:\/\/www.prijedordanas.com\/#website\",\"url\":\"https:\/\/www.prijedordanas.com\/\",\"name\":\"PrijedorDanas.com - Prijedorski gradski portal\",\"description\":\"Portal o doga\u0111anjima u gradu Prijedoru\",\"publisher\":{\"@id\":\"https:\/\/www.prijedordanas.com\/#organization\"},\"potentialAction\":[{\"@type\":\"SearchAction\",\"target\":{\"@type\":\"EntryPoint\",\"urlTemplate\":\"https:\/\/www.prijedordanas.com\/?s={search_term_string}\"},\"query-input\":\"required name=search_term_string\"}],\"inLanguage\":\"en-US\"},{\"@type\":\"Organization\",\"@id\":\"https:\/\/www.prijedordanas.com\/#organization\",\"name\":\"PrijedorDanas.com\",\"url\":\"https:\/\/www.prijedordanas.com\/\",\"logo\":{\"@type\":\"ImageObject\",\"inLanguage\":\"en-US\",\"@id\":\"https:\/\/www.prijedordanas.com\/#\/schema\/logo\/image\/\",\"url\":\"http:\/\/www.prijedordanas.com\/wp-content\/uploads\/2021\/12\/logopng.png\",\"contentUrl\":\"http:\/\/www.prijedordanas.com\/wp-content\/uploads\/2021\/12\/logopng.png\",\"width\":1019,\"height\":776,\"caption\":\"PrijedorDanas.com\"},\"image\":{\"@id\":\"https:\/\/www.prijedordanas.com\/#\/schema\/logo\/image\/\"},\"sameAs\":[\"https:\/\/www.facebook.com\/PrijedorDanasCom\/\"]},{\"@type\":\"Person\",\"@id\":\"https:\/\/www.prijedordanas.com\/#\/schema\/person\/4e08ccf29b506ca916ff86d46bb700e6\",\"name\":\"admin\",\"image\":{\"@type\":\"ImageObject\",\"inLanguage\":\"en-US\",\"@id\":\"https:\/\/www.prijedordanas.com\/#\/schema\/person\/image\/\",\"url\":\"https:\/\/secure.gravatar.com\/avatar\/1d3fc949d550f0b53a5f0d51e06dfd79?s=96&d=mm&r=g\",\"contentUrl\":\"https:\/\/secure.gravatar.com\/avatar\/1d3fc949d550f0b53a5f0d51e06dfd79?s=96&d=mm&r=g\",\"caption\":\"admin\"},\"url\":\"https:\/\/www.prijedordanas.com\/?author=1\"}]}<\/script>\n<!-- \/ Yoast SEO plugin. -->","yoast_head_json":{"title":"NAKON MAJKLA D\u017dEKSONA NA HARMONICI, PROFESOR IZ PRIJEDORA PRIPREMA JO\u0160 VE\u0106U PRI\u010cU \u2013 VIDEO - PrijedorDanas.com - Prijedorski gradski portal","robots":{"index":"index","follow":"follow","max-snippet":"max-snippet:-1","max-image-preview":"max-image-preview:large","max-video-preview":"max-video-preview:-1"},"canonical":"https:\/\/www.prijedordanas.com\/?p=127700","og_locale":"en_US","og_type":"article","og_title":"NAKON MAJKLA D\u017dEKSONA NA HARMONICI, PROFESOR IZ PRIJEDORA PRIPREMA JO\u0160 VE\u0106U PRI\u010cU \u2013 VIDEO - PrijedorDanas.com - Prijedorski gradski portal","og_description":"Odu\u0161evili su sve koji su ih \u010duli, a na takmi\u010denjima osvajaju isklju\u010divo prva mjesta. Rije\u010d je o Orkestru harmonike Muzi\u010dke \u0161kole \u201cSavo Balaban\u201d iz Prijedora, koji nakon osvojene prve nagrade [&hellip;]","og_url":"https:\/\/www.prijedordanas.com\/?p=127700","og_site_name":"PrijedorDanas.com - Prijedorski gradski portal","article_publisher":"https:\/\/www.facebook.com\/PrijedorDanasCom\/","article_published_time":"2019-05-18T07:26:33+00:00","og_image":[{"url":"https:\/\/www.prijedordanas.com\/wp-content\/uploads\/2019\/05\/6yka-milos-zec-1-300x222.jpg"}],"author":"admin","twitter_card":"summary_large_image","twitter_misc":{"Written by":"admin","Est. reading time":"6 minutes"},"schema":{"@context":"https:\/\/schema.org","@graph":[{"@type":"Article","@id":"https:\/\/www.prijedordanas.com\/?p=127700#article","isPartOf":{"@id":"https:\/\/www.prijedordanas.com\/?p=127700"},"author":{"name":"admin","@id":"https:\/\/www.prijedordanas.com\/#\/schema\/person\/4e08ccf29b506ca916ff86d46bb700e6"},"headline":"NAKON MAJKLA D\u017dEKSONA NA HARMONICI, PROFESOR IZ PRIJEDORA PRIPREMA JO\u0160 VE\u0106U PRI\u010cU \u2013 VIDEO","datePublished":"2019-05-18T07:26:33+00:00","dateModified":"2019-05-18T07:26:33+00:00","mainEntityOfPage":{"@id":"https:\/\/www.prijedordanas.com\/?p=127700"},"wordCount":1228,"publisher":{"@id":"https:\/\/www.prijedordanas.com\/#organization"},"keywords":["Milo\u0161 Zec"],"articleSection":["\u017divot"],"inLanguage":"en-US"},{"@type":"WebPage","@id":"https:\/\/www.prijedordanas.com\/?p=127700","url":"https:\/\/www.prijedordanas.com\/?p=127700","name":"NAKON MAJKLA D\u017dEKSONA NA HARMONICI, PROFESOR IZ PRIJEDORA PRIPREMA JO\u0160 VE\u0106U PRI\u010cU \u2013 VIDEO - PrijedorDanas.com - Prijedorski gradski portal","isPartOf":{"@id":"https:\/\/www.prijedordanas.com\/#website"},"datePublished":"2019-05-18T07:26:33+00:00","dateModified":"2019-05-18T07:26:33+00:00","breadcrumb":{"@id":"https:\/\/www.prijedordanas.com\/?p=127700#breadcrumb"},"inLanguage":"en-US","potentialAction":[{"@type":"ReadAction","target":["https:\/\/www.prijedordanas.com\/?p=127700"]}]},{"@type":"BreadcrumbList","@id":"https:\/\/www.prijedordanas.com\/?p=127700#breadcrumb","itemListElement":[{"@type":"ListItem","position":1,"name":"Home","item":"https:\/\/www.prijedordanas.com\/"},{"@type":"ListItem","position":2,"name":"NAKON MAJKLA D\u017dEKSONA NA HARMONICI, PROFESOR IZ PRIJEDORA PRIPREMA JO\u0160 VE\u0106U PRI\u010cU \u2013 VIDEO"}]},{"@type":"WebSite","@id":"https:\/\/www.prijedordanas.com\/#website","url":"https:\/\/www.prijedordanas.com\/","name":"PrijedorDanas.com - Prijedorski gradski portal","description":"Portal o doga\u0111anjima u gradu Prijedoru","publisher":{"@id":"https:\/\/www.prijedordanas.com\/#organization"},"potentialAction":[{"@type":"SearchAction","target":{"@type":"EntryPoint","urlTemplate":"https:\/\/www.prijedordanas.com\/?s={search_term_string}"},"query-input":"required name=search_term_string"}],"inLanguage":"en-US"},{"@type":"Organization","@id":"https:\/\/www.prijedordanas.com\/#organization","name":"PrijedorDanas.com","url":"https:\/\/www.prijedordanas.com\/","logo":{"@type":"ImageObject","inLanguage":"en-US","@id":"https:\/\/www.prijedordanas.com\/#\/schema\/logo\/image\/","url":"http:\/\/www.prijedordanas.com\/wp-content\/uploads\/2021\/12\/logopng.png","contentUrl":"http:\/\/www.prijedordanas.com\/wp-content\/uploads\/2021\/12\/logopng.png","width":1019,"height":776,"caption":"PrijedorDanas.com"},"image":{"@id":"https:\/\/www.prijedordanas.com\/#\/schema\/logo\/image\/"},"sameAs":["https:\/\/www.facebook.com\/PrijedorDanasCom\/"]},{"@type":"Person","@id":"https:\/\/www.prijedordanas.com\/#\/schema\/person\/4e08ccf29b506ca916ff86d46bb700e6","name":"admin","image":{"@type":"ImageObject","inLanguage":"en-US","@id":"https:\/\/www.prijedordanas.com\/#\/schema\/person\/image\/","url":"https:\/\/secure.gravatar.com\/avatar\/1d3fc949d550f0b53a5f0d51e06dfd79?s=96&d=mm&r=g","contentUrl":"https:\/\/secure.gravatar.com\/avatar\/1d3fc949d550f0b53a5f0d51e06dfd79?s=96&d=mm&r=g","caption":"admin"},"url":"https:\/\/www.prijedordanas.com\/?author=1"}]}},"_links":{"self":[{"href":"https:\/\/www.prijedordanas.com\/index.php?rest_route=\/wp\/v2\/posts\/127700"}],"collection":[{"href":"https:\/\/www.prijedordanas.com\/index.php?rest_route=\/wp\/v2\/posts"}],"about":[{"href":"https:\/\/www.prijedordanas.com\/index.php?rest_route=\/wp\/v2\/types\/post"}],"author":[{"embeddable":true,"href":"https:\/\/www.prijedordanas.com\/index.php?rest_route=\/wp\/v2\/users\/1"}],"replies":[{"embeddable":true,"href":"https:\/\/www.prijedordanas.com\/index.php?rest_route=%2Fwp%2Fv2%2Fcomments&post=127700"}],"version-history":[{"count":1,"href":"https:\/\/www.prijedordanas.com\/index.php?rest_route=\/wp\/v2\/posts\/127700\/revisions"}],"predecessor-version":[{"id":127705,"href":"https:\/\/www.prijedordanas.com\/index.php?rest_route=\/wp\/v2\/posts\/127700\/revisions\/127705"}],"wp:attachment":[{"href":"https:\/\/www.prijedordanas.com\/index.php?rest_route=%2Fwp%2Fv2%2Fmedia&parent=127700"}],"wp:term":[{"taxonomy":"category","embeddable":true,"href":"https:\/\/www.prijedordanas.com\/index.php?rest_route=%2Fwp%2Fv2%2Fcategories&post=127700"},{"taxonomy":"post_tag","embeddable":true,"href":"https:\/\/www.prijedordanas.com\/index.php?rest_route=%2Fwp%2Fv2%2Ftags&post=127700"}],"curies":[{"name":"wp","href":"https:\/\/api.w.org\/{rel}","templated":true}]}}