{"id":127683,"date":"2019-05-18T08:21:05","date_gmt":"2019-05-18T06:21:05","guid":{"rendered":"https:\/\/www.prijedordanas.com\/?p=127683"},"modified":"2019-05-18T08:21:05","modified_gmt":"2019-05-18T06:21:05","slug":"nije-bilo-interventnih-nabavki-zbog-poplava","status":"publish","type":"post","link":"https:\/\/www.prijedordanas.com\/?p=127683","title":{"rendered":"NIJE BILO INTERVENTNIH NABAVKI ZBOG POPLAVA"},"content":{"rendered":"<p><a href=\"https:\/\/www.prijedordanas.com\/wp-content\/uploads\/2019\/05\/odjeljenje-za-nabavke.jpg\"><img loading=\"lazy\" decoding=\"async\" src=\"https:\/\/www.prijedordanas.com\/wp-content\/uploads\/2019\/05\/odjeljenje-za-nabavke-300x217.jpg\" alt=\"\" width=\"300\" height=\"217\" class=\"alignleft size-medium wp-image-127684\" srcset=\"https:\/\/www.prijedordanas.com\/wp-content\/uploads\/2019\/05\/odjeljenje-za-nabavke-300x217.jpg 300w, https:\/\/www.prijedordanas.com\/wp-content\/uploads\/2019\/05\/odjeljenje-za-nabavke-100x72.jpg 100w, https:\/\/www.prijedordanas.com\/wp-content\/uploads\/2019\/05\/odjeljenje-za-nabavke.jpg 690w\" sizes=\"(max-width: 300px) 100vw, 300px\" \/><\/a>Za sada nije bilo zahtjeva za hitnim nabavkama potrep\u0161tina zbog poplava koje su pogodile nekoliko mjesta u Republici Srpskoj ove nedjelje, ka\u017eu u Odjeljenju za interventne nabavke RS.<\/p>\n<p>Poplave su prouzrokovale veliku \u0161tetu koja \u0107e tek biti procijenjena pomo\u0107u komisija koje su na terenu. U Kostajnici je \u0161teta procijenjena na 1,5 miliona KM, a u Prijedoru je Omladinski savjet RS organizovao prikupljanje pomo\u0107i u osnovnim \u017eivotnim namirnicima.<\/p>\n<p>RS Radovan Vi\u0161kovi\u0107 izjavio je Vlada prijedorskom Crvenom krstu poslala humanitarnu pomo\u0107 i da \u0107e iz sredstava Fonda solidarnosti pomo\u0107i licima \u010diji su stambeni objekti bili poplavljeni i time pretrpjeli materijalnu \u0161tetu, kao i \u0161tetu na poljoprivrednom zemlji\u0161tu i na putnim komunikacijama.<\/p>\n<p>Odjeljenje za interventne nabavke Ministarstva trgovine i turizma Republike Srpske, koje je formirano 2017. kako bi preuzelo dio poslova Javnog preduze\u0107a &#8221;Robne rezerve&#8221; RS koje je u ste\u010daju, nije bilo potrebe za intervencijom, ka\u017eu u Ministarstvu trgovine i turizma.<\/p>\n<p>Intervente nabavke primjenjuju se u slu\u010daju postojanja ozbiljnih poreme\u0107aja na tr\u017ei\u0161tu \u2013 koje mogu izazvati i velike prirodne katastrofe \u2013 a o odluku tome donosi Vlada RS. Zakonom o interventnim nabavkama propisan je na\u010din interventnih nabavki proizvoda, robe i sredstava za privredu i stanovni\u0161tvo.<\/p>\n<p>&#8221;Ministarstvo trgovine i turizma pratilo je situaciju u Republici Srpskoj nastalu usljed nepovoljnih vremenskih prilika i bilo je spremno da reaguje na na\u010din propisan Zakonom o interventnim nabavkama. Prema Ministarstvu nije bilo upu\u0107enih zahtjeva sa potrebom da se primijeni Zakon&#8221;, stoji o pisanom odgovoru na na\u0161e pitanje o interventnim nabavkama.<\/p>\n<p>U Ministarstvo navode da je za 2019. godinu usvojen Plan interventnih nabavki kojim se defini\u0161u vrsta, koli\u010dina i vrijednost proizvoda, robe i sredstava, kao i nosioci snabdijevanja u op\u0161tinama i gradovina. Sredstva za to se obezbje\u0111uju u bud\u017eetu Republike Srpske.<\/p>\n<p>Pro\u0161le godine objavljeno je  da je Vlada planom interventnih nabavki za ovu godinu, predvidjela da u slu\u010daju elementarnih nepogoda ili poreme\u0107aja na tr\u017ei\u0161tu Vlada snabdijeva stanovni\u0161tvo namirnicama u marketima, gorivom na pumpama, a od poljoprivrednika \u0161irom Srpske otkupljuje \u017eito i druge poljoprivredne proizvode, po tr\u017ei\u0161nim cijenama, jer vi\u0161e ne postoje &#8220;Robne rezerve&#8221;, koje su bile zadu\u017eene za taj posao u slu\u010daju nepogoda i katastrofa.<\/p>\n<p>Podsje\u0107amo &#8220;Robne rezerve&#8221; RS zavr\u0161ile su u ste\u010daju nakon \u0161to su ovom javnom preduze\u0107u ra\u010duni bili blokirani du\u017ee vrijeme jer nije izmirivalo obaveze.<\/p>\n<p>Ste\u010daj u &#8220;Robnim rezervama&#8221; otvoren je polovinom jula 2017. godine. Kao razlog za otvaranje ste\u010daja navedeno je da preduze\u0107e nije izmirivalo obaveze prema dobavlja\u010dima u predvi\u0111enom roku, kao i da nije ispla\u0107ivalo plate radnicima.<\/p>\n<p>\u0160est radnika Robnih rezervi u Odjeljenju<\/p>\n<p>&#8220;Odjeljenje za interventne nabavke, kao organizaciona jedinica u sastavu Ministarstva trgovine i turizma, ima \u0161est zaposlenih. Rije\u010d je o radnicima koji su prethodno imali zasnovan radni odnos u JP Robne rezerve Republike Srpske&#8221;, potvr\u0111eno nam je u Ministarstvu, ali bez odgovora na pitanje na koji na\u010din su zaposleni.<\/p>\n<p>Mondo.ba<\/p>\n","protected":false},"excerpt":{"rendered":"<p>Za sada nije bilo zahtjeva za hitnim nabavkama potrep\u0161tina zbog poplava koje su pogodile nekoliko mjesta u Republici Srpskoj ove nedjelje, ka\u017eu u Odjeljenju za interventne nabavke RS. Poplave su [&hellip;]<\/p>\n","protected":false},"author":1,"featured_media":0,"comment_status":"closed","ping_status":"open","sticky":false,"template":"","format":"standard","meta":{"_monsterinsights_skip_tracking":false,"_monsterinsights_sitenote_active":false,"_monsterinsights_sitenote_note":"","_monsterinsights_sitenote_category":0,"footnotes":""},"categories":[8],"tags":[],"yoast_head":"<!-- This site is optimized with the Yoast SEO plugin v21.6 - https:\/\/yoast.com\/wordpress\/plugins\/seo\/ -->\n<title>NIJE BILO INTERVENTNIH NABAVKI ZBOG POPLAVA - PrijedorDanas.com - Prijedorski gradski portal<\/title>\n<meta name=\"robots\" content=\"index, follow, max-snippet:-1, max-image-preview:large, max-video-preview:-1\" \/>\n<link rel=\"canonical\" href=\"https:\/\/www.prijedordanas.com\/?p=127683\" \/>\n<meta property=\"og:locale\" content=\"en_US\" \/>\n<meta property=\"og:type\" content=\"article\" \/>\n<meta property=\"og:title\" content=\"NIJE BILO INTERVENTNIH NABAVKI ZBOG POPLAVA - PrijedorDanas.com - Prijedorski gradski portal\" \/>\n<meta property=\"og:description\" content=\"Za sada nije bilo zahtjeva za hitnim nabavkama potrep\u0161tina zbog poplava koje su pogodile nekoliko mjesta u Republici Srpskoj ove nedjelje, ka\u017eu u Odjeljenju za interventne nabavke RS. Poplave su [&hellip;]\" \/>\n<meta property=\"og:url\" content=\"https:\/\/www.prijedordanas.com\/?p=127683\" \/>\n<meta property=\"og:site_name\" content=\"PrijedorDanas.com - Prijedorski gradski portal\" \/>\n<meta property=\"article:publisher\" content=\"https:\/\/www.facebook.com\/PrijedorDanasCom\/\" \/>\n<meta property=\"article:published_time\" content=\"2019-05-18T06:21:05+00:00\" \/>\n<meta property=\"og:image\" content=\"https:\/\/www.prijedordanas.com\/wp-content\/uploads\/2019\/05\/odjeljenje-za-nabavke-300x217.jpg\" \/>\n<meta name=\"author\" content=\"admin\" \/>\n<meta name=\"twitter:card\" content=\"summary_large_image\" \/>\n<meta name=\"twitter:label1\" content=\"Written by\" \/>\n\t<meta name=\"twitter:data1\" content=\"admin\" \/>\n\t<meta name=\"twitter:label2\" content=\"Est. reading time\" \/>\n\t<meta name=\"twitter:data2\" content=\"3 minutes\" \/>\n<script type=\"application\/ld+json\" class=\"yoast-schema-graph\">{\"@context\":\"https:\/\/schema.org\",\"@graph\":[{\"@type\":\"Article\",\"@id\":\"https:\/\/www.prijedordanas.com\/?p=127683#article\",\"isPartOf\":{\"@id\":\"https:\/\/www.prijedordanas.com\/?p=127683\"},\"author\":{\"name\":\"admin\",\"@id\":\"https:\/\/www.prijedordanas.com\/#\/schema\/person\/4e08ccf29b506ca916ff86d46bb700e6\"},\"headline\":\"NIJE BILO INTERVENTNIH NABAVKI ZBOG POPLAVA\",\"datePublished\":\"2019-05-18T06:21:05+00:00\",\"dateModified\":\"2019-05-18T06:21:05+00:00\",\"mainEntityOfPage\":{\"@id\":\"https:\/\/www.prijedordanas.com\/?p=127683\"},\"wordCount\":508,\"publisher\":{\"@id\":\"https:\/\/www.prijedordanas.com\/#organization\"},\"articleSection\":[\"Svakodnevno\"],\"inLanguage\":\"en-US\"},{\"@type\":\"WebPage\",\"@id\":\"https:\/\/www.prijedordanas.com\/?p=127683\",\"url\":\"https:\/\/www.prijedordanas.com\/?p=127683\",\"name\":\"NIJE BILO INTERVENTNIH NABAVKI ZBOG POPLAVA - PrijedorDanas.com - Prijedorski gradski portal\",\"isPartOf\":{\"@id\":\"https:\/\/www.prijedordanas.com\/#website\"},\"datePublished\":\"2019-05-18T06:21:05+00:00\",\"dateModified\":\"2019-05-18T06:21:05+00:00\",\"breadcrumb\":{\"@id\":\"https:\/\/www.prijedordanas.com\/?p=127683#breadcrumb\"},\"inLanguage\":\"en-US\",\"potentialAction\":[{\"@type\":\"ReadAction\",\"target\":[\"https:\/\/www.prijedordanas.com\/?p=127683\"]}]},{\"@type\":\"BreadcrumbList\",\"@id\":\"https:\/\/www.prijedordanas.com\/?p=127683#breadcrumb\",\"itemListElement\":[{\"@type\":\"ListItem\",\"position\":1,\"name\":\"Home\",\"item\":\"https:\/\/www.prijedordanas.com\/\"},{\"@type\":\"ListItem\",\"position\":2,\"name\":\"NIJE BILO INTERVENTNIH NABAVKI ZBOG POPLAVA\"}]},{\"@type\":\"WebSite\",\"@id\":\"https:\/\/www.prijedordanas.com\/#website\",\"url\":\"https:\/\/www.prijedordanas.com\/\",\"name\":\"PrijedorDanas.com - Prijedorski gradski portal\",\"description\":\"Portal o doga\u0111anjima u gradu Prijedoru\",\"publisher\":{\"@id\":\"https:\/\/www.prijedordanas.com\/#organization\"},\"potentialAction\":[{\"@type\":\"SearchAction\",\"target\":{\"@type\":\"EntryPoint\",\"urlTemplate\":\"https:\/\/www.prijedordanas.com\/?s={search_term_string}\"},\"query-input\":\"required name=search_term_string\"}],\"inLanguage\":\"en-US\"},{\"@type\":\"Organization\",\"@id\":\"https:\/\/www.prijedordanas.com\/#organization\",\"name\":\"PrijedorDanas.com\",\"url\":\"https:\/\/www.prijedordanas.com\/\",\"logo\":{\"@type\":\"ImageObject\",\"inLanguage\":\"en-US\",\"@id\":\"https:\/\/www.prijedordanas.com\/#\/schema\/logo\/image\/\",\"url\":\"http:\/\/www.prijedordanas.com\/wp-content\/uploads\/2021\/12\/logopng.png\",\"contentUrl\":\"http:\/\/www.prijedordanas.com\/wp-content\/uploads\/2021\/12\/logopng.png\",\"width\":1019,\"height\":776,\"caption\":\"PrijedorDanas.com\"},\"image\":{\"@id\":\"https:\/\/www.prijedordanas.com\/#\/schema\/logo\/image\/\"},\"sameAs\":[\"https:\/\/www.facebook.com\/PrijedorDanasCom\/\"]},{\"@type\":\"Person\",\"@id\":\"https:\/\/www.prijedordanas.com\/#\/schema\/person\/4e08ccf29b506ca916ff86d46bb700e6\",\"name\":\"admin\",\"image\":{\"@type\":\"ImageObject\",\"inLanguage\":\"en-US\",\"@id\":\"https:\/\/www.prijedordanas.com\/#\/schema\/person\/image\/\",\"url\":\"https:\/\/secure.gravatar.com\/avatar\/1d3fc949d550f0b53a5f0d51e06dfd79?s=96&d=mm&r=g\",\"contentUrl\":\"https:\/\/secure.gravatar.com\/avatar\/1d3fc949d550f0b53a5f0d51e06dfd79?s=96&d=mm&r=g\",\"caption\":\"admin\"},\"url\":\"https:\/\/www.prijedordanas.com\/?author=1\"}]}<\/script>\n<!-- \/ Yoast SEO plugin. -->","yoast_head_json":{"title":"NIJE BILO INTERVENTNIH NABAVKI ZBOG POPLAVA - PrijedorDanas.com - Prijedorski gradski portal","robots":{"index":"index","follow":"follow","max-snippet":"max-snippet:-1","max-image-preview":"max-image-preview:large","max-video-preview":"max-video-preview:-1"},"canonical":"https:\/\/www.prijedordanas.com\/?p=127683","og_locale":"en_US","og_type":"article","og_title":"NIJE BILO INTERVENTNIH NABAVKI ZBOG POPLAVA - PrijedorDanas.com - Prijedorski gradski portal","og_description":"Za sada nije bilo zahtjeva za hitnim nabavkama potrep\u0161tina zbog poplava koje su pogodile nekoliko mjesta u Republici Srpskoj ove nedjelje, ka\u017eu u Odjeljenju za interventne nabavke RS. Poplave su [&hellip;]","og_url":"https:\/\/www.prijedordanas.com\/?p=127683","og_site_name":"PrijedorDanas.com - Prijedorski gradski portal","article_publisher":"https:\/\/www.facebook.com\/PrijedorDanasCom\/","article_published_time":"2019-05-18T06:21:05+00:00","og_image":[{"url":"https:\/\/www.prijedordanas.com\/wp-content\/uploads\/2019\/05\/odjeljenje-za-nabavke-300x217.jpg"}],"author":"admin","twitter_card":"summary_large_image","twitter_misc":{"Written by":"admin","Est. reading time":"3 minutes"},"schema":{"@context":"https:\/\/schema.org","@graph":[{"@type":"Article","@id":"https:\/\/www.prijedordanas.com\/?p=127683#article","isPartOf":{"@id":"https:\/\/www.prijedordanas.com\/?p=127683"},"author":{"name":"admin","@id":"https:\/\/www.prijedordanas.com\/#\/schema\/person\/4e08ccf29b506ca916ff86d46bb700e6"},"headline":"NIJE BILO INTERVENTNIH NABAVKI ZBOG POPLAVA","datePublished":"2019-05-18T06:21:05+00:00","dateModified":"2019-05-18T06:21:05+00:00","mainEntityOfPage":{"@id":"https:\/\/www.prijedordanas.com\/?p=127683"},"wordCount":508,"publisher":{"@id":"https:\/\/www.prijedordanas.com\/#organization"},"articleSection":["Svakodnevno"],"inLanguage":"en-US"},{"@type":"WebPage","@id":"https:\/\/www.prijedordanas.com\/?p=127683","url":"https:\/\/www.prijedordanas.com\/?p=127683","name":"NIJE BILO INTERVENTNIH NABAVKI ZBOG POPLAVA - PrijedorDanas.com - Prijedorski gradski portal","isPartOf":{"@id":"https:\/\/www.prijedordanas.com\/#website"},"datePublished":"2019-05-18T06:21:05+00:00","dateModified":"2019-05-18T06:21:05+00:00","breadcrumb":{"@id":"https:\/\/www.prijedordanas.com\/?p=127683#breadcrumb"},"inLanguage":"en-US","potentialAction":[{"@type":"ReadAction","target":["https:\/\/www.prijedordanas.com\/?p=127683"]}]},{"@type":"BreadcrumbList","@id":"https:\/\/www.prijedordanas.com\/?p=127683#breadcrumb","itemListElement":[{"@type":"ListItem","position":1,"name":"Home","item":"https:\/\/www.prijedordanas.com\/"},{"@type":"ListItem","position":2,"name":"NIJE BILO INTERVENTNIH NABAVKI ZBOG POPLAVA"}]},{"@type":"WebSite","@id":"https:\/\/www.prijedordanas.com\/#website","url":"https:\/\/www.prijedordanas.com\/","name":"PrijedorDanas.com - Prijedorski gradski portal","description":"Portal o doga\u0111anjima u gradu Prijedoru","publisher":{"@id":"https:\/\/www.prijedordanas.com\/#organization"},"potentialAction":[{"@type":"SearchAction","target":{"@type":"EntryPoint","urlTemplate":"https:\/\/www.prijedordanas.com\/?s={search_term_string}"},"query-input":"required name=search_term_string"}],"inLanguage":"en-US"},{"@type":"Organization","@id":"https:\/\/www.prijedordanas.com\/#organization","name":"PrijedorDanas.com","url":"https:\/\/www.prijedordanas.com\/","logo":{"@type":"ImageObject","inLanguage":"en-US","@id":"https:\/\/www.prijedordanas.com\/#\/schema\/logo\/image\/","url":"http:\/\/www.prijedordanas.com\/wp-content\/uploads\/2021\/12\/logopng.png","contentUrl":"http:\/\/www.prijedordanas.com\/wp-content\/uploads\/2021\/12\/logopng.png","width":1019,"height":776,"caption":"PrijedorDanas.com"},"image":{"@id":"https:\/\/www.prijedordanas.com\/#\/schema\/logo\/image\/"},"sameAs":["https:\/\/www.facebook.com\/PrijedorDanasCom\/"]},{"@type":"Person","@id":"https:\/\/www.prijedordanas.com\/#\/schema\/person\/4e08ccf29b506ca916ff86d46bb700e6","name":"admin","image":{"@type":"ImageObject","inLanguage":"en-US","@id":"https:\/\/www.prijedordanas.com\/#\/schema\/person\/image\/","url":"https:\/\/secure.gravatar.com\/avatar\/1d3fc949d550f0b53a5f0d51e06dfd79?s=96&d=mm&r=g","contentUrl":"https:\/\/secure.gravatar.com\/avatar\/1d3fc949d550f0b53a5f0d51e06dfd79?s=96&d=mm&r=g","caption":"admin"},"url":"https:\/\/www.prijedordanas.com\/?author=1"}]}},"_links":{"self":[{"href":"https:\/\/www.prijedordanas.com\/index.php?rest_route=\/wp\/v2\/posts\/127683"}],"collection":[{"href":"https:\/\/www.prijedordanas.com\/index.php?rest_route=\/wp\/v2\/posts"}],"about":[{"href":"https:\/\/www.prijedordanas.com\/index.php?rest_route=\/wp\/v2\/types\/post"}],"author":[{"embeddable":true,"href":"https:\/\/www.prijedordanas.com\/index.php?rest_route=\/wp\/v2\/users\/1"}],"replies":[{"embeddable":true,"href":"https:\/\/www.prijedordanas.com\/index.php?rest_route=%2Fwp%2Fv2%2Fcomments&post=127683"}],"version-history":[{"count":1,"href":"https:\/\/www.prijedordanas.com\/index.php?rest_route=\/wp\/v2\/posts\/127683\/revisions"}],"predecessor-version":[{"id":127685,"href":"https:\/\/www.prijedordanas.com\/index.php?rest_route=\/wp\/v2\/posts\/127683\/revisions\/127685"}],"wp:attachment":[{"href":"https:\/\/www.prijedordanas.com\/index.php?rest_route=%2Fwp%2Fv2%2Fmedia&parent=127683"}],"wp:term":[{"taxonomy":"category","embeddable":true,"href":"https:\/\/www.prijedordanas.com\/index.php?rest_route=%2Fwp%2Fv2%2Fcategories&post=127683"},{"taxonomy":"post_tag","embeddable":true,"href":"https:\/\/www.prijedordanas.com\/index.php?rest_route=%2Fwp%2Fv2%2Ftags&post=127683"}],"curies":[{"name":"wp","href":"https:\/\/api.w.org\/{rel}","templated":true}]}}