{"id":127623,"date":"2019-05-17T12:46:03","date_gmt":"2019-05-17T10:46:03","guid":{"rendered":"https:\/\/www.prijedordanas.com\/?p=127623"},"modified":"2019-05-17T12:46:03","modified_gmt":"2019-05-17T10:46:03","slug":"prijedor-pocela-asanacija-terena-nakon-poplava-foto-video","status":"publish","type":"post","link":"https:\/\/www.prijedordanas.com\/?p=127623","title":{"rendered":"PRIJEDOR: PO\u010cELA ASANACIJA TERENA NAKON POPLAVA &#8211; FOTO\/VIDEO"},"content":{"rendered":"<p><a href=\"https:\/\/www.prijedordanas.com\/wp-content\/uploads\/2019\/05\/rtrs-asanacija-terena-1.jpg\"><img loading=\"lazy\" decoding=\"async\" src=\"https:\/\/www.prijedordanas.com\/wp-content\/uploads\/2019\/05\/rtrs-asanacija-terena-1-300x225.jpg\" alt=\"\" width=\"300\" height=\"225\" class=\"alignleft size-medium wp-image-127624\" srcset=\"https:\/\/www.prijedordanas.com\/wp-content\/uploads\/2019\/05\/rtrs-asanacija-terena-1-300x225.jpg 300w, https:\/\/www.prijedordanas.com\/wp-content\/uploads\/2019\/05\/rtrs-asanacija-terena-1-100x75.jpg 100w, https:\/\/www.prijedordanas.com\/wp-content\/uploads\/2019\/05\/rtrs-asanacija-terena-1-640x480.jpg 640w, https:\/\/www.prijedordanas.com\/wp-content\/uploads\/2019\/05\/rtrs-asanacija-terena-1.jpg 666w\" sizes=\"(max-width: 300px) 100vw, 300px\" \/><\/a>Vodostaj rijeke Sane u Prijedoru trenutno iznosi 330 centimetra, \u0161to je zna\u010dajno ispod kriti\u010dnog nivoa, potvr\u0111eno je prijedorskoj Civilnoj za\u0161titi. <\/p>\n<p>Ukinute su vanredne mjere odbrane od poplava. Uspostavljeno je snabdijevanje elektri\u010dnom energijom za sve potro\u0161a\u010de. <\/p>\n<p>Po\u010dela je asanacija terena. <\/p>\n<p>U opadanju su i drugi vodostaji na ovom podru\u010dju i stanje se postepeno normalizuje.<\/p>\n<p>Imaju\u0107i u vidu zna\u010dajno povoljnije stanje i pad vodostaja Sane i drugih rijeka, prijedorski Gradski \u0161ab za vanredne situacije stavio je van snage Odluku o vanrednom stanju na podru\u010dju Prijedora.<\/p>\n<p><a href=\"https:\/\/www.prijedordanas.com\/wp-content\/uploads\/2019\/05\/rtrs-asanacija-terena-2.jpg\"><img loading=\"lazy\" decoding=\"async\" src=\"https:\/\/www.prijedordanas.com\/wp-content\/uploads\/2019\/05\/rtrs-asanacija-terena-2-300x225.jpg\" alt=\"\" width=\"300\" height=\"225\" class=\"alignleft size-medium wp-image-127625\" srcset=\"https:\/\/www.prijedordanas.com\/wp-content\/uploads\/2019\/05\/rtrs-asanacija-terena-2-300x225.jpg 300w, https:\/\/www.prijedordanas.com\/wp-content\/uploads\/2019\/05\/rtrs-asanacija-terena-2-100x75.jpg 100w, https:\/\/www.prijedordanas.com\/wp-content\/uploads\/2019\/05\/rtrs-asanacija-terena-2-640x480.jpg 640w, https:\/\/www.prijedordanas.com\/wp-content\/uploads\/2019\/05\/rtrs-asanacija-terena-2.jpg 666w\" sizes=\"(max-width: 300px) 100vw, 300px\" \/><\/a>Ipak, i dalje su sve nadle\u017ene slu\u017ebe raspore\u0111ene na poslovima sanacije \u0161tete od poplava.<\/p>\n<p>I dalje se radi na ispumpavanju vode iz stambenih objekata i depresija, kao i na dezinfekciji objekata.<\/p>\n<p>U toku je i formiranje komisija za procjenu \u0161tete, a u Prijedor je stigla i interventna pomo\u0107 Vlade Republike Srpske u najneophodnijim artiklima za stanovni\u0161tvo.<\/p>\n<p>I dalje ima poplavljenih i zaplavljenih objekata, ali najvi\u0161e brine pojava klizi\u0161ta.<\/p>\n<p>Obilne padavine pokrenule su \u0161est klizi\u0161ta na podru\u010dju Prijedora \u2013 dva u Kozarcu, na putnom pravcu za Lamovitu, u Crnoj dolini, zatim kod ljubijskog stadiona, a klizi\u0161te na putu Prijedor \u2013 Ljubija u mjestu Hambarine, ugrozilo je ku\u0107u Rasima Ibrad\u017ei\u0107a.<\/p>\n<p><a href=\"https:\/\/www.prijedordanas.com\/wp-content\/uploads\/2019\/05\/rtrs-asanacija-terena-3.jpg\"><img loading=\"lazy\" decoding=\"async\" src=\"https:\/\/www.prijedordanas.com\/wp-content\/uploads\/2019\/05\/rtrs-asanacija-terena-3-300x225.jpg\" alt=\"\" width=\"300\" height=\"225\" class=\"alignleft size-medium wp-image-127626\" srcset=\"https:\/\/www.prijedordanas.com\/wp-content\/uploads\/2019\/05\/rtrs-asanacija-terena-3-300x225.jpg 300w, https:\/\/www.prijedordanas.com\/wp-content\/uploads\/2019\/05\/rtrs-asanacija-terena-3-100x75.jpg 100w, https:\/\/www.prijedordanas.com\/wp-content\/uploads\/2019\/05\/rtrs-asanacija-terena-3-640x480.jpg 640w, https:\/\/www.prijedordanas.com\/wp-content\/uploads\/2019\/05\/rtrs-asanacija-terena-3.jpg 666w\" sizes=\"(max-width: 300px) 100vw, 300px\" \/><\/a>&#8211; Pla\u0161im se ovog klizi\u0161ta, osta\u0107u bez ku\u0107e. Ve\u0107 sam star 81 godinu. Ne mogu ni\u0161ta da radim, a da mogu renovirao bih to sam &#8211; isti\u010de Ibrad\u017ei\u0107.<\/p>\n<p>Podru\u010dna Osnovna \u0161kola &#8220;Branko \u0106opi\u0107&#8221; ponovo je poplavljena i nije uslovna za odvijanje nastave.<\/p>\n<p>Tamo je u toku dezinfekcija prostorija, a stotinu u\u010denika iz ove obrazovne ustanove u ponedjeljak kre\u0107e na nastavu u centralnu \u0161kolu u Prijedoru.<\/p>\n<p>&#8211; Donji sprat je bio sav u vodi. Ve\u0107 smo pokupili vodu u u\u010dionicama, jo\u0161 nam ostaje mokri \u010dvor. Sve oko moje ju\u0107e je uni\u0161teno &#8211; ka\u017ee Dragan Zgonjanin, radnik O\u0160 &#8220;Branko \u0106opi\u0107&#8221; iz Gomjenice kod Prijedora.<\/p>\n<p>Sanja Munjiza, direktorka Osnovne \u0161kole &#8220;Branko \u0106opi\u0107&#8221; istakla je da je voda potpuno potopila toalete, kotlovnicu, dijelom u\u010dionice, a ka\u017ee da je sre\u0107a \u0161to je izne\u0161en dobar dio namje\u0161taja.<\/p>\n<p>Ona je navela da djeca iz Gomjenice danas nemaju nastavu, ali, kako je rekla, od ponedjeljka bi\u0107e vo\u017eeni autobusom u centralnu \u0161kolu.<\/p>\n<p>Higijensko-epidemiolo\u0161ka slu\u017eba prijedorskog Doma zdravlja formirala je desetak timova za dezinfekciju poplavljenih objekata.<\/p>\n<p>&#8211; Moja grupa kre\u0107e od gomjeni\u010dke \u0161kole koja je na\u017ealost zahva\u0107ena poplavom. Cilj je da se izvr\u0161i dezinfekcija i da se sprije\u010di zaraza ako je ima, jer voda nije bila zdrava, a poplava je bila velika &#8211; rekla je Milica Ke\u010dan, medicinska sestra Doma zdravlja Prijedor.<\/p>\n<p>U Prijedoru se voda postepeno povla\u010di, iako u pojedinim naseljima ima jo\u0161 uvijek vode, kao \u0161to je slu\u010daj u Tukovima, gdje jo\u0161 uvijek ima zaplavljenih i poplavljenih doma\u0107instava.<\/p>\n<p>&#8211; Dva dana i dvije no\u0107i, bilo je vode na zgradi, nije se moglo izlaziti, dolazili su iz Civilne za\u0161tite i donosili nam hranu i vodu &#8211; navela je \u0408oka Kne\u017eevi\u0107 iz naselja Tukovi.<\/p>\n<p>U Prijedoru u poplavljenim naseljima sanira se i zbraja \u0161teta.<\/p>\n<p>&#8211; Bili su polavljeni svi prate\u0107i objekti, njiva, \u0161est dunuma, plastenik&#8230; Sre\u0107a nije u\u0161la u ku\u0107u. Mislim da je sto odsto \u0161teta na plasteniku i oranicama &#8211; nagla\u0161ava Dragan Simeunovi\u0107, mje\u0161tanin Gomjenice.<\/p>\n<p>&#8211; Gradski \u0161tab je nalo\u017eio formiranje komisija za procjenu \u0161teta na stambenim objektima, infrastrukturi, privrednim objektima, poljoprivredi i drugim. U toku prethodnog dana u Prijedor je stigla i interventna pomo\u0107 od Vlade Srpske u najneophodnijim artiklima za stanovni\u0161tvo &#8211; rekao je Du\u0161an Vranje\u0161, \u0161ef Odsjeka Civilne za\u0161tite Grada Prijedora.<\/p>\n<p>Vodostaji Une i Sane u Novom Gradu su u padu. Tokom proteklih dana u ovoj op\u0161tini bilo je poplavljeno 30 ku\u0107a, a pojavilo se 12 klizi\u0161ta.<\/p>\n<p>U toku je dezinfekcija terena, a komisije za procjenu \u0161tete na teren kre\u0107u u ponedjeljak.<\/p>\n<p>U Kostajnici nivo Une tako\u0111e opada. Voda se povukla iz dvadesetak poplavljenih i zaplavljenih doma\u0107instava.<\/p>\n<p>Registrovana su tri o\u0161te\u0107ena mosta i jedno klizi\u0161te, a u ovoj op\u0161tini vr\u0161i se dezinfekcija i po\u010dinje popis \u0161tete.<\/p>\n<p>U Kozarskoj Dubici Una i Sava su u padu. U Donjoj Gradini, u nebranjenom dijelu, poplavljeno je vikend naselje.<\/p>\n<p>Na podru\u010dju Prijedorske regije glavni putni pravci su prohodni.<\/p>\n<p>RTRS<\/p>\n<div style=\"width: 640px;\" class=\"wp-video\"><!--[if lt IE 9]><script>document.createElement('video');<\/script><![endif]-->\n<video class=\"wp-video-shortcode\" id=\"video-127623-1\" width=\"640\" height=\"360\" preload=\"metadata\" controls=\"controls\"><source type=\"video\/mp4\" src=\"https:\/\/arh3.rtrs.tv\/arhiva\/2019\/05\/17\/tvclip036307.mp4?_=1\" \/><a href=\"https:\/\/arh3.rtrs.tv\/arhiva\/2019\/05\/17\/tvclip036307.mp4\">https:\/\/arh3.rtrs.tv\/arhiva\/2019\/05\/17\/tvclip036307.mp4<\/a><\/video><\/div>\n","protected":false},"excerpt":{"rendered":"<p>Vodostaj rijeke Sane u Prijedoru trenutno iznosi 330 centimetra, \u0161to je zna\u010dajno ispod kriti\u010dnog nivoa, potvr\u0111eno je prijedorskoj Civilnoj za\u0161titi. Ukinute su vanredne mjere odbrane od poplava. Uspostavljeno je snabdijevanje [&hellip;]<\/p>\n","protected":false},"author":1,"featured_media":0,"comment_status":"closed","ping_status":"open","sticky":false,"template":"","format":"standard","meta":{"_monsterinsights_skip_tracking":false,"_monsterinsights_sitenote_active":false,"_monsterinsights_sitenote_note":"","_monsterinsights_sitenote_category":0,"footnotes":""},"categories":[4],"tags":[10826,1021],"yoast_head":"<!-- This site is optimized with the Yoast SEO plugin v21.6 - https:\/\/yoast.com\/wordpress\/plugins\/seo\/ -->\n<title>PRIJEDOR: PO\u010cELA ASANACIJA TERENA NAKON POPLAVA - FOTO\/VIDEO - PrijedorDanas.com - Prijedorski gradski portal<\/title>\n<meta name=\"robots\" content=\"index, follow, max-snippet:-1, max-image-preview:large, max-video-preview:-1\" \/>\n<link rel=\"canonical\" href=\"https:\/\/www.prijedordanas.com\/?p=127623\" \/>\n<meta property=\"og:locale\" content=\"en_US\" \/>\n<meta property=\"og:type\" content=\"article\" \/>\n<meta property=\"og:title\" content=\"PRIJEDOR: PO\u010cELA ASANACIJA TERENA NAKON POPLAVA - FOTO\/VIDEO - PrijedorDanas.com - Prijedorski gradski portal\" \/>\n<meta property=\"og:description\" content=\"Vodostaj rijeke Sane u Prijedoru trenutno iznosi 330 centimetra, \u0161to je zna\u010dajno ispod kriti\u010dnog nivoa, potvr\u0111eno je prijedorskoj Civilnoj za\u0161titi. Ukinute su vanredne mjere odbrane od poplava. Uspostavljeno je snabdijevanje [&hellip;]\" \/>\n<meta property=\"og:url\" content=\"https:\/\/www.prijedordanas.com\/?p=127623\" \/>\n<meta property=\"og:site_name\" content=\"PrijedorDanas.com - Prijedorski gradski portal\" \/>\n<meta property=\"article:publisher\" content=\"https:\/\/www.facebook.com\/PrijedorDanasCom\/\" \/>\n<meta property=\"article:published_time\" content=\"2019-05-17T10:46:03+00:00\" \/>\n<meta property=\"og:image\" content=\"https:\/\/www.prijedordanas.com\/wp-content\/uploads\/2019\/05\/rtrs-asanacija-terena-1-300x225.jpg\" \/>\n<meta name=\"author\" content=\"admin\" \/>\n<meta name=\"twitter:card\" content=\"summary_large_image\" \/>\n<meta name=\"twitter:label1\" content=\"Written by\" \/>\n\t<meta name=\"twitter:data1\" content=\"admin\" \/>\n\t<meta name=\"twitter:label2\" content=\"Est. reading time\" \/>\n\t<meta name=\"twitter:data2\" content=\"4 minutes\" \/>\n<script type=\"application\/ld+json\" class=\"yoast-schema-graph\">{\"@context\":\"https:\/\/schema.org\",\"@graph\":[{\"@type\":\"Article\",\"@id\":\"https:\/\/www.prijedordanas.com\/?p=127623#article\",\"isPartOf\":{\"@id\":\"https:\/\/www.prijedordanas.com\/?p=127623\"},\"author\":{\"name\":\"admin\",\"@id\":\"https:\/\/www.prijedordanas.com\/#\/schema\/person\/4e08ccf29b506ca916ff86d46bb700e6\"},\"headline\":\"PRIJEDOR: PO\u010cELA ASANACIJA TERENA NAKON POPLAVA &#8211; FOTO\/VIDEO\",\"datePublished\":\"2019-05-17T10:46:03+00:00\",\"dateModified\":\"2019-05-17T10:46:03+00:00\",\"mainEntityOfPage\":{\"@id\":\"https:\/\/www.prijedordanas.com\/?p=127623\"},\"wordCount\":754,\"publisher\":{\"@id\":\"https:\/\/www.prijedordanas.com\/#organization\"},\"keywords\":[\"asanacija\",\"poplava\"],\"articleSection\":[\"Dru\u0161tvo\"],\"inLanguage\":\"en-US\"},{\"@type\":\"WebPage\",\"@id\":\"https:\/\/www.prijedordanas.com\/?p=127623\",\"url\":\"https:\/\/www.prijedordanas.com\/?p=127623\",\"name\":\"PRIJEDOR: PO\u010cELA ASANACIJA TERENA NAKON POPLAVA - FOTO\/VIDEO - PrijedorDanas.com - Prijedorski gradski portal\",\"isPartOf\":{\"@id\":\"https:\/\/www.prijedordanas.com\/#website\"},\"datePublished\":\"2019-05-17T10:46:03+00:00\",\"dateModified\":\"2019-05-17T10:46:03+00:00\",\"breadcrumb\":{\"@id\":\"https:\/\/www.prijedordanas.com\/?p=127623#breadcrumb\"},\"inLanguage\":\"en-US\",\"potentialAction\":[{\"@type\":\"ReadAction\",\"target\":[\"https:\/\/www.prijedordanas.com\/?p=127623\"]}]},{\"@type\":\"BreadcrumbList\",\"@id\":\"https:\/\/www.prijedordanas.com\/?p=127623#breadcrumb\",\"itemListElement\":[{\"@type\":\"ListItem\",\"position\":1,\"name\":\"Home\",\"item\":\"https:\/\/www.prijedordanas.com\/\"},{\"@type\":\"ListItem\",\"position\":2,\"name\":\"PRIJEDOR: PO\u010cELA ASANACIJA TERENA NAKON POPLAVA &#8211; FOTO\/VIDEO\"}]},{\"@type\":\"WebSite\",\"@id\":\"https:\/\/www.prijedordanas.com\/#website\",\"url\":\"https:\/\/www.prijedordanas.com\/\",\"name\":\"PrijedorDanas.com - Prijedorski gradski portal\",\"description\":\"Portal o doga\u0111anjima u gradu Prijedoru\",\"publisher\":{\"@id\":\"https:\/\/www.prijedordanas.com\/#organization\"},\"potentialAction\":[{\"@type\":\"SearchAction\",\"target\":{\"@type\":\"EntryPoint\",\"urlTemplate\":\"https:\/\/www.prijedordanas.com\/?s={search_term_string}\"},\"query-input\":\"required name=search_term_string\"}],\"inLanguage\":\"en-US\"},{\"@type\":\"Organization\",\"@id\":\"https:\/\/www.prijedordanas.com\/#organization\",\"name\":\"PrijedorDanas.com\",\"url\":\"https:\/\/www.prijedordanas.com\/\",\"logo\":{\"@type\":\"ImageObject\",\"inLanguage\":\"en-US\",\"@id\":\"https:\/\/www.prijedordanas.com\/#\/schema\/logo\/image\/\",\"url\":\"http:\/\/www.prijedordanas.com\/wp-content\/uploads\/2021\/12\/logopng.png\",\"contentUrl\":\"http:\/\/www.prijedordanas.com\/wp-content\/uploads\/2021\/12\/logopng.png\",\"width\":1019,\"height\":776,\"caption\":\"PrijedorDanas.com\"},\"image\":{\"@id\":\"https:\/\/www.prijedordanas.com\/#\/schema\/logo\/image\/\"},\"sameAs\":[\"https:\/\/www.facebook.com\/PrijedorDanasCom\/\"]},{\"@type\":\"Person\",\"@id\":\"https:\/\/www.prijedordanas.com\/#\/schema\/person\/4e08ccf29b506ca916ff86d46bb700e6\",\"name\":\"admin\",\"image\":{\"@type\":\"ImageObject\",\"inLanguage\":\"en-US\",\"@id\":\"https:\/\/www.prijedordanas.com\/#\/schema\/person\/image\/\",\"url\":\"https:\/\/secure.gravatar.com\/avatar\/1d3fc949d550f0b53a5f0d51e06dfd79?s=96&d=mm&r=g\",\"contentUrl\":\"https:\/\/secure.gravatar.com\/avatar\/1d3fc949d550f0b53a5f0d51e06dfd79?s=96&d=mm&r=g\",\"caption\":\"admin\"},\"url\":\"https:\/\/www.prijedordanas.com\/?author=1\"}]}<\/script>\n<!-- \/ Yoast SEO plugin. -->","yoast_head_json":{"title":"PRIJEDOR: PO\u010cELA ASANACIJA TERENA NAKON POPLAVA - FOTO\/VIDEO - PrijedorDanas.com - Prijedorski gradski portal","robots":{"index":"index","follow":"follow","max-snippet":"max-snippet:-1","max-image-preview":"max-image-preview:large","max-video-preview":"max-video-preview:-1"},"canonical":"https:\/\/www.prijedordanas.com\/?p=127623","og_locale":"en_US","og_type":"article","og_title":"PRIJEDOR: PO\u010cELA ASANACIJA TERENA NAKON POPLAVA - FOTO\/VIDEO - PrijedorDanas.com - Prijedorski gradski portal","og_description":"Vodostaj rijeke Sane u Prijedoru trenutno iznosi 330 centimetra, \u0161to je zna\u010dajno ispod kriti\u010dnog nivoa, potvr\u0111eno je prijedorskoj Civilnoj za\u0161titi. Ukinute su vanredne mjere odbrane od poplava. Uspostavljeno je snabdijevanje [&hellip;]","og_url":"https:\/\/www.prijedordanas.com\/?p=127623","og_site_name":"PrijedorDanas.com - Prijedorski gradski portal","article_publisher":"https:\/\/www.facebook.com\/PrijedorDanasCom\/","article_published_time":"2019-05-17T10:46:03+00:00","og_image":[{"url":"https:\/\/www.prijedordanas.com\/wp-content\/uploads\/2019\/05\/rtrs-asanacija-terena-1-300x225.jpg"}],"author":"admin","twitter_card":"summary_large_image","twitter_misc":{"Written by":"admin","Est. reading time":"4 minutes"},"schema":{"@context":"https:\/\/schema.org","@graph":[{"@type":"Article","@id":"https:\/\/www.prijedordanas.com\/?p=127623#article","isPartOf":{"@id":"https:\/\/www.prijedordanas.com\/?p=127623"},"author":{"name":"admin","@id":"https:\/\/www.prijedordanas.com\/#\/schema\/person\/4e08ccf29b506ca916ff86d46bb700e6"},"headline":"PRIJEDOR: PO\u010cELA ASANACIJA TERENA NAKON POPLAVA &#8211; FOTO\/VIDEO","datePublished":"2019-05-17T10:46:03+00:00","dateModified":"2019-05-17T10:46:03+00:00","mainEntityOfPage":{"@id":"https:\/\/www.prijedordanas.com\/?p=127623"},"wordCount":754,"publisher":{"@id":"https:\/\/www.prijedordanas.com\/#organization"},"keywords":["asanacija","poplava"],"articleSection":["Dru\u0161tvo"],"inLanguage":"en-US"},{"@type":"WebPage","@id":"https:\/\/www.prijedordanas.com\/?p=127623","url":"https:\/\/www.prijedordanas.com\/?p=127623","name":"PRIJEDOR: PO\u010cELA ASANACIJA TERENA NAKON POPLAVA - FOTO\/VIDEO - PrijedorDanas.com - Prijedorski gradski portal","isPartOf":{"@id":"https:\/\/www.prijedordanas.com\/#website"},"datePublished":"2019-05-17T10:46:03+00:00","dateModified":"2019-05-17T10:46:03+00:00","breadcrumb":{"@id":"https:\/\/www.prijedordanas.com\/?p=127623#breadcrumb"},"inLanguage":"en-US","potentialAction":[{"@type":"ReadAction","target":["https:\/\/www.prijedordanas.com\/?p=127623"]}]},{"@type":"BreadcrumbList","@id":"https:\/\/www.prijedordanas.com\/?p=127623#breadcrumb","itemListElement":[{"@type":"ListItem","position":1,"name":"Home","item":"https:\/\/www.prijedordanas.com\/"},{"@type":"ListItem","position":2,"name":"PRIJEDOR: PO\u010cELA ASANACIJA TERENA NAKON POPLAVA &#8211; FOTO\/VIDEO"}]},{"@type":"WebSite","@id":"https:\/\/www.prijedordanas.com\/#website","url":"https:\/\/www.prijedordanas.com\/","name":"PrijedorDanas.com - Prijedorski gradski portal","description":"Portal o doga\u0111anjima u gradu Prijedoru","publisher":{"@id":"https:\/\/www.prijedordanas.com\/#organization"},"potentialAction":[{"@type":"SearchAction","target":{"@type":"EntryPoint","urlTemplate":"https:\/\/www.prijedordanas.com\/?s={search_term_string}"},"query-input":"required name=search_term_string"}],"inLanguage":"en-US"},{"@type":"Organization","@id":"https:\/\/www.prijedordanas.com\/#organization","name":"PrijedorDanas.com","url":"https:\/\/www.prijedordanas.com\/","logo":{"@type":"ImageObject","inLanguage":"en-US","@id":"https:\/\/www.prijedordanas.com\/#\/schema\/logo\/image\/","url":"http:\/\/www.prijedordanas.com\/wp-content\/uploads\/2021\/12\/logopng.png","contentUrl":"http:\/\/www.prijedordanas.com\/wp-content\/uploads\/2021\/12\/logopng.png","width":1019,"height":776,"caption":"PrijedorDanas.com"},"image":{"@id":"https:\/\/www.prijedordanas.com\/#\/schema\/logo\/image\/"},"sameAs":["https:\/\/www.facebook.com\/PrijedorDanasCom\/"]},{"@type":"Person","@id":"https:\/\/www.prijedordanas.com\/#\/schema\/person\/4e08ccf29b506ca916ff86d46bb700e6","name":"admin","image":{"@type":"ImageObject","inLanguage":"en-US","@id":"https:\/\/www.prijedordanas.com\/#\/schema\/person\/image\/","url":"https:\/\/secure.gravatar.com\/avatar\/1d3fc949d550f0b53a5f0d51e06dfd79?s=96&d=mm&r=g","contentUrl":"https:\/\/secure.gravatar.com\/avatar\/1d3fc949d550f0b53a5f0d51e06dfd79?s=96&d=mm&r=g","caption":"admin"},"url":"https:\/\/www.prijedordanas.com\/?author=1"}]}},"_links":{"self":[{"href":"https:\/\/www.prijedordanas.com\/index.php?rest_route=\/wp\/v2\/posts\/127623"}],"collection":[{"href":"https:\/\/www.prijedordanas.com\/index.php?rest_route=\/wp\/v2\/posts"}],"about":[{"href":"https:\/\/www.prijedordanas.com\/index.php?rest_route=\/wp\/v2\/types\/post"}],"author":[{"embeddable":true,"href":"https:\/\/www.prijedordanas.com\/index.php?rest_route=\/wp\/v2\/users\/1"}],"replies":[{"embeddable":true,"href":"https:\/\/www.prijedordanas.com\/index.php?rest_route=%2Fwp%2Fv2%2Fcomments&post=127623"}],"version-history":[{"count":1,"href":"https:\/\/www.prijedordanas.com\/index.php?rest_route=\/wp\/v2\/posts\/127623\/revisions"}],"predecessor-version":[{"id":127627,"href":"https:\/\/www.prijedordanas.com\/index.php?rest_route=\/wp\/v2\/posts\/127623\/revisions\/127627"}],"wp:attachment":[{"href":"https:\/\/www.prijedordanas.com\/index.php?rest_route=%2Fwp%2Fv2%2Fmedia&parent=127623"}],"wp:term":[{"taxonomy":"category","embeddable":true,"href":"https:\/\/www.prijedordanas.com\/index.php?rest_route=%2Fwp%2Fv2%2Fcategories&post=127623"},{"taxonomy":"post_tag","embeddable":true,"href":"https:\/\/www.prijedordanas.com\/index.php?rest_route=%2Fwp%2Fv2%2Ftags&post=127623"}],"curies":[{"name":"wp","href":"https:\/\/api.w.org\/{rel}","templated":true}]}}