{"id":127512,"date":"2019-05-15T23:15:29","date_gmt":"2019-05-15T21:15:29","guid":{"rendered":"https:\/\/www.prijedordanas.com\/?p=127512"},"modified":"2019-05-15T23:15:29","modified_gmt":"2019-05-15T21:15:29","slug":"prijedor-poplavljeno-oko-400-kuca-a-zaplavljeno-1-350-domacinstava-foto","status":"publish","type":"post","link":"https:\/\/www.prijedordanas.com\/?p=127512","title":{"rendered":"PRIJEDOR: POPLAVLJENO OKO 400 KU\u0106A, A ZAPLAVLJENO 1.350 DOMA\u0106INSTAVA- FOTO"},"content":{"rendered":"<p><a href=\"https:\/\/www.prijedordanas.com\/wp-content\/uploads\/2019\/05\/poplave-prijedor-15maj-iz-vazduha-by-milan-cuk-1.jpg\"><img loading=\"lazy\" decoding=\"async\" src=\"https:\/\/www.prijedordanas.com\/wp-content\/uploads\/2019\/05\/poplave-prijedor-15maj-iz-vazduha-by-milan-cuk-1-300x225.jpg\" alt=\"\" width=\"300\" height=\"225\" class=\"alignleft size-medium wp-image-127518\" srcset=\"https:\/\/www.prijedordanas.com\/wp-content\/uploads\/2019\/05\/poplave-prijedor-15maj-iz-vazduha-by-milan-cuk-1-300x225.jpg 300w, https:\/\/www.prijedordanas.com\/wp-content\/uploads\/2019\/05\/poplave-prijedor-15maj-iz-vazduha-by-milan-cuk-1-100x75.jpg 100w, https:\/\/www.prijedordanas.com\/wp-content\/uploads\/2019\/05\/poplave-prijedor-15maj-iz-vazduha-by-milan-cuk-1-640x480.jpg 640w, https:\/\/www.prijedordanas.com\/wp-content\/uploads\/2019\/05\/poplave-prijedor-15maj-iz-vazduha-by-milan-cuk-1.jpg 667w\" sizes=\"(max-width: 300px) 100vw, 300px\" \/><\/a>U poplavama na podru\u010dju Prijedora zaplavljeno je 1.350 doma\u0107instava, poplavljeno oko 400 ku\u0107a, stvoreno \u0161est klizi\u0161ta i poru\u0161en pje\u0161a\u010dki most preko rijeke Sane u Donjoj Dragotinji, izjavio je ve\u010deras gradona\u010delnik Prijedora Milenko \u0110akovi\u0107.<\/p>\n<p>&#8220;O\u0161te\u0107enja na ostalim infrastukturnim objektima bi\u0107e naknadno utvr\u0111ena&#8221;, rekao je \u0110akovi\u0107 novinarima nakon sjednice Gradskog \u0161taba za vanredne situacije. <\/p>\n<p>On je naveo da je vodostaj Sane ve\u010deras 446 centimetara ili za 50 centimetara manje nego sino\u0107, ali da je \u0160tab na ve\u010dera\u0161njoj sjednici donio odluku da vanredna situacija, koja se progla\u0161ava na koti od 460 centimetara, ostane i dalje na snazi kako bi \u0161to efikasnije bio o\u010di\u0161\u0107en teren nakon povla\u010denja vode. <\/p>\n<p><a href=\"https:\/\/www.prijedordanas.com\/wp-content\/uploads\/2019\/05\/poplave-prijedor-15maj-iz-vazduha-by-milan-cuk-2.jpg\"><img loading=\"lazy\" decoding=\"async\" src=\"https:\/\/www.prijedordanas.com\/wp-content\/uploads\/2019\/05\/poplave-prijedor-15maj-iz-vazduha-by-milan-cuk-2-300x225.jpg\" alt=\"\" width=\"300\" height=\"225\" class=\"alignleft size-medium wp-image-127519\" srcset=\"https:\/\/www.prijedordanas.com\/wp-content\/uploads\/2019\/05\/poplave-prijedor-15maj-iz-vazduha-by-milan-cuk-2-300x225.jpg 300w, https:\/\/www.prijedordanas.com\/wp-content\/uploads\/2019\/05\/poplave-prijedor-15maj-iz-vazduha-by-milan-cuk-2-100x75.jpg 100w, https:\/\/www.prijedordanas.com\/wp-content\/uploads\/2019\/05\/poplave-prijedor-15maj-iz-vazduha-by-milan-cuk-2-640x480.jpg 640w, https:\/\/www.prijedordanas.com\/wp-content\/uploads\/2019\/05\/poplave-prijedor-15maj-iz-vazduha-by-milan-cuk-2.jpg 667w\" sizes=\"(max-width: 300px) 100vw, 300px\" \/><\/a>Rukovodilac &#8220;Elektrodistribucije Prijedor&#8221; Dalibor Pavi\u0107 rekao je da 104 doma\u0107instva u naselju Ra\u0161kovac od ju\u010de ujutro nema struju zbog toga \u0161to je poplavljena trafostanica, a da je, izuzev toga, snabdijevanje elektri\u010dnom energijom na podru\u010dju grada Prijedora uredno. <\/p>\n<p>Komandir Teritorijalne vatrogasne jedinice Neboj\u0161a Milju\u0161 najavio je da \u0107e vatrogasci sutra poku\u0161ati da ispumpaju vodu iz te trafostanice kako bi doma\u0107instva dobila struju, ali je napomenuo da je rije\u010d o velikoj koli\u010dini vode. <\/p>\n<p>\u0160ef Odsjeka za civilnu za\u0161titu Du\u0161an Vranje\u0161 rekao je da se tokom no\u0107i o\u010dekuje dalji pad vodostaja i da su po\u010dele pripreme za asanaciju terena, popravku infrastrukture i sanitarno-higijenske mjere. <\/p>\n<p>Direktor prijedorskog &#8220;Vodovoda&#8221; Vlado Relji\u0107 ponovio je da je voda higijenski ispravna, da se redovno vr\u0161e analize u laboratorijama ovog preduze\u0107a i Instituta za javno zdravstvo Republike Srpske i da ne treba stanovni\u0161tvo da nasjeda na glasine koje govore druga\u010dije od zvani\u010dnih organa. <\/p>\n<p>SRNA<br \/>\nFoto &#8211; Milan \u0106uk<\/p>\n","protected":false},"excerpt":{"rendered":"<p>U poplavama na podru\u010dju Prijedora zaplavljeno je 1.350 doma\u0107instava, poplavljeno oko 400 ku\u0107a, stvoreno \u0161est klizi\u0161ta i poru\u0161en pje\u0161a\u010dki most preko rijeke Sane u Donjoj Dragotinji, izjavio je ve\u010deras gradona\u010delnik [&hellip;]<\/p>\n","protected":false},"author":1,"featured_media":0,"comment_status":"closed","ping_status":"open","sticky":false,"template":"","format":"standard","meta":{"_monsterinsights_skip_tracking":false,"_monsterinsights_sitenote_active":false,"_monsterinsights_sitenote_note":"","_monsterinsights_sitenote_category":0,"footnotes":""},"categories":[4],"tags":[1038],"yoast_head":"<!-- This site is optimized with the Yoast SEO plugin v21.6 - https:\/\/yoast.com\/wordpress\/plugins\/seo\/ -->\n<title>PRIJEDOR: POPLAVLJENO OKO 400 KU\u0106A, A ZAPLAVLJENO 1.350 DOMA\u0106INSTAVA- FOTO - PrijedorDanas.com - Prijedorski gradski portal<\/title>\n<meta name=\"robots\" content=\"index, follow, max-snippet:-1, max-image-preview:large, max-video-preview:-1\" \/>\n<link rel=\"canonical\" href=\"https:\/\/www.prijedordanas.com\/?p=127512\" \/>\n<meta property=\"og:locale\" content=\"en_US\" \/>\n<meta property=\"og:type\" content=\"article\" \/>\n<meta property=\"og:title\" content=\"PRIJEDOR: POPLAVLJENO OKO 400 KU\u0106A, A ZAPLAVLJENO 1.350 DOMA\u0106INSTAVA- FOTO - PrijedorDanas.com - Prijedorski gradski portal\" \/>\n<meta property=\"og:description\" content=\"U poplavama na podru\u010dju Prijedora zaplavljeno je 1.350 doma\u0107instava, poplavljeno oko 400 ku\u0107a, stvoreno \u0161est klizi\u0161ta i poru\u0161en pje\u0161a\u010dki most preko rijeke Sane u Donjoj Dragotinji, izjavio je ve\u010deras gradona\u010delnik [&hellip;]\" \/>\n<meta property=\"og:url\" content=\"https:\/\/www.prijedordanas.com\/?p=127512\" \/>\n<meta property=\"og:site_name\" content=\"PrijedorDanas.com - Prijedorski gradski portal\" \/>\n<meta property=\"article:publisher\" content=\"https:\/\/www.facebook.com\/PrijedorDanasCom\/\" \/>\n<meta property=\"article:published_time\" content=\"2019-05-15T21:15:29+00:00\" \/>\n<meta property=\"og:image\" content=\"https:\/\/www.prijedordanas.com\/wp-content\/uploads\/2019\/05\/poplave-prijedor-15maj-iz-vazduha-by-milan-cuk-1-300x225.jpg\" \/>\n<meta name=\"author\" content=\"admin\" \/>\n<meta name=\"twitter:card\" content=\"summary_large_image\" \/>\n<meta name=\"twitter:label1\" content=\"Written by\" \/>\n\t<meta name=\"twitter:data1\" content=\"admin\" \/>\n\t<meta name=\"twitter:label2\" content=\"Est. reading time\" \/>\n\t<meta name=\"twitter:data2\" content=\"1 minute\" \/>\n<script type=\"application\/ld+json\" class=\"yoast-schema-graph\">{\"@context\":\"https:\/\/schema.org\",\"@graph\":[{\"@type\":\"Article\",\"@id\":\"https:\/\/www.prijedordanas.com\/?p=127512#article\",\"isPartOf\":{\"@id\":\"https:\/\/www.prijedordanas.com\/?p=127512\"},\"author\":{\"name\":\"admin\",\"@id\":\"https:\/\/www.prijedordanas.com\/#\/schema\/person\/4e08ccf29b506ca916ff86d46bb700e6\"},\"headline\":\"PRIJEDOR: POPLAVLJENO OKO 400 KU\u0106A, A ZAPLAVLJENO 1.350 DOMA\u0106INSTAVA- FOTO\",\"datePublished\":\"2019-05-15T21:15:29+00:00\",\"dateModified\":\"2019-05-15T21:15:29+00:00\",\"mainEntityOfPage\":{\"@id\":\"https:\/\/www.prijedordanas.com\/?p=127512\"},\"wordCount\":296,\"publisher\":{\"@id\":\"https:\/\/www.prijedordanas.com\/#organization\"},\"keywords\":[\"poplave\"],\"articleSection\":[\"Dru\u0161tvo\"],\"inLanguage\":\"en-US\"},{\"@type\":\"WebPage\",\"@id\":\"https:\/\/www.prijedordanas.com\/?p=127512\",\"url\":\"https:\/\/www.prijedordanas.com\/?p=127512\",\"name\":\"PRIJEDOR: POPLAVLJENO OKO 400 KU\u0106A, A ZAPLAVLJENO 1.350 DOMA\u0106INSTAVA- FOTO - PrijedorDanas.com - Prijedorski gradski portal\",\"isPartOf\":{\"@id\":\"https:\/\/www.prijedordanas.com\/#website\"},\"datePublished\":\"2019-05-15T21:15:29+00:00\",\"dateModified\":\"2019-05-15T21:15:29+00:00\",\"breadcrumb\":{\"@id\":\"https:\/\/www.prijedordanas.com\/?p=127512#breadcrumb\"},\"inLanguage\":\"en-US\",\"potentialAction\":[{\"@type\":\"ReadAction\",\"target\":[\"https:\/\/www.prijedordanas.com\/?p=127512\"]}]},{\"@type\":\"BreadcrumbList\",\"@id\":\"https:\/\/www.prijedordanas.com\/?p=127512#breadcrumb\",\"itemListElement\":[{\"@type\":\"ListItem\",\"position\":1,\"name\":\"Home\",\"item\":\"https:\/\/www.prijedordanas.com\/\"},{\"@type\":\"ListItem\",\"position\":2,\"name\":\"PRIJEDOR: POPLAVLJENO OKO 400 KU\u0106A, A ZAPLAVLJENO 1.350 DOMA\u0106INSTAVA- FOTO\"}]},{\"@type\":\"WebSite\",\"@id\":\"https:\/\/www.prijedordanas.com\/#website\",\"url\":\"https:\/\/www.prijedordanas.com\/\",\"name\":\"PrijedorDanas.com - Prijedorski gradski portal\",\"description\":\"Portal o doga\u0111anjima u gradu Prijedoru\",\"publisher\":{\"@id\":\"https:\/\/www.prijedordanas.com\/#organization\"},\"potentialAction\":[{\"@type\":\"SearchAction\",\"target\":{\"@type\":\"EntryPoint\",\"urlTemplate\":\"https:\/\/www.prijedordanas.com\/?s={search_term_string}\"},\"query-input\":\"required name=search_term_string\"}],\"inLanguage\":\"en-US\"},{\"@type\":\"Organization\",\"@id\":\"https:\/\/www.prijedordanas.com\/#organization\",\"name\":\"PrijedorDanas.com\",\"url\":\"https:\/\/www.prijedordanas.com\/\",\"logo\":{\"@type\":\"ImageObject\",\"inLanguage\":\"en-US\",\"@id\":\"https:\/\/www.prijedordanas.com\/#\/schema\/logo\/image\/\",\"url\":\"http:\/\/www.prijedordanas.com\/wp-content\/uploads\/2021\/12\/logopng.png\",\"contentUrl\":\"http:\/\/www.prijedordanas.com\/wp-content\/uploads\/2021\/12\/logopng.png\",\"width\":1019,\"height\":776,\"caption\":\"PrijedorDanas.com\"},\"image\":{\"@id\":\"https:\/\/www.prijedordanas.com\/#\/schema\/logo\/image\/\"},\"sameAs\":[\"https:\/\/www.facebook.com\/PrijedorDanasCom\/\"]},{\"@type\":\"Person\",\"@id\":\"https:\/\/www.prijedordanas.com\/#\/schema\/person\/4e08ccf29b506ca916ff86d46bb700e6\",\"name\":\"admin\",\"image\":{\"@type\":\"ImageObject\",\"inLanguage\":\"en-US\",\"@id\":\"https:\/\/www.prijedordanas.com\/#\/schema\/person\/image\/\",\"url\":\"https:\/\/secure.gravatar.com\/avatar\/1d3fc949d550f0b53a5f0d51e06dfd79?s=96&d=mm&r=g\",\"contentUrl\":\"https:\/\/secure.gravatar.com\/avatar\/1d3fc949d550f0b53a5f0d51e06dfd79?s=96&d=mm&r=g\",\"caption\":\"admin\"},\"url\":\"https:\/\/www.prijedordanas.com\/?author=1\"}]}<\/script>\n<!-- \/ Yoast SEO plugin. -->","yoast_head_json":{"title":"PRIJEDOR: POPLAVLJENO OKO 400 KU\u0106A, A ZAPLAVLJENO 1.350 DOMA\u0106INSTAVA- FOTO - PrijedorDanas.com - Prijedorski gradski portal","robots":{"index":"index","follow":"follow","max-snippet":"max-snippet:-1","max-image-preview":"max-image-preview:large","max-video-preview":"max-video-preview:-1"},"canonical":"https:\/\/www.prijedordanas.com\/?p=127512","og_locale":"en_US","og_type":"article","og_title":"PRIJEDOR: POPLAVLJENO OKO 400 KU\u0106A, A ZAPLAVLJENO 1.350 DOMA\u0106INSTAVA- FOTO - PrijedorDanas.com - Prijedorski gradski portal","og_description":"U poplavama na podru\u010dju Prijedora zaplavljeno je 1.350 doma\u0107instava, poplavljeno oko 400 ku\u0107a, stvoreno \u0161est klizi\u0161ta i poru\u0161en pje\u0161a\u010dki most preko rijeke Sane u Donjoj Dragotinji, izjavio je ve\u010deras gradona\u010delnik [&hellip;]","og_url":"https:\/\/www.prijedordanas.com\/?p=127512","og_site_name":"PrijedorDanas.com - Prijedorski gradski portal","article_publisher":"https:\/\/www.facebook.com\/PrijedorDanasCom\/","article_published_time":"2019-05-15T21:15:29+00:00","og_image":[{"url":"https:\/\/www.prijedordanas.com\/wp-content\/uploads\/2019\/05\/poplave-prijedor-15maj-iz-vazduha-by-milan-cuk-1-300x225.jpg"}],"author":"admin","twitter_card":"summary_large_image","twitter_misc":{"Written by":"admin","Est. reading time":"1 minute"},"schema":{"@context":"https:\/\/schema.org","@graph":[{"@type":"Article","@id":"https:\/\/www.prijedordanas.com\/?p=127512#article","isPartOf":{"@id":"https:\/\/www.prijedordanas.com\/?p=127512"},"author":{"name":"admin","@id":"https:\/\/www.prijedordanas.com\/#\/schema\/person\/4e08ccf29b506ca916ff86d46bb700e6"},"headline":"PRIJEDOR: POPLAVLJENO OKO 400 KU\u0106A, A ZAPLAVLJENO 1.350 DOMA\u0106INSTAVA- FOTO","datePublished":"2019-05-15T21:15:29+00:00","dateModified":"2019-05-15T21:15:29+00:00","mainEntityOfPage":{"@id":"https:\/\/www.prijedordanas.com\/?p=127512"},"wordCount":296,"publisher":{"@id":"https:\/\/www.prijedordanas.com\/#organization"},"keywords":["poplave"],"articleSection":["Dru\u0161tvo"],"inLanguage":"en-US"},{"@type":"WebPage","@id":"https:\/\/www.prijedordanas.com\/?p=127512","url":"https:\/\/www.prijedordanas.com\/?p=127512","name":"PRIJEDOR: POPLAVLJENO OKO 400 KU\u0106A, A ZAPLAVLJENO 1.350 DOMA\u0106INSTAVA- FOTO - PrijedorDanas.com - Prijedorski gradski portal","isPartOf":{"@id":"https:\/\/www.prijedordanas.com\/#website"},"datePublished":"2019-05-15T21:15:29+00:00","dateModified":"2019-05-15T21:15:29+00:00","breadcrumb":{"@id":"https:\/\/www.prijedordanas.com\/?p=127512#breadcrumb"},"inLanguage":"en-US","potentialAction":[{"@type":"ReadAction","target":["https:\/\/www.prijedordanas.com\/?p=127512"]}]},{"@type":"BreadcrumbList","@id":"https:\/\/www.prijedordanas.com\/?p=127512#breadcrumb","itemListElement":[{"@type":"ListItem","position":1,"name":"Home","item":"https:\/\/www.prijedordanas.com\/"},{"@type":"ListItem","position":2,"name":"PRIJEDOR: POPLAVLJENO OKO 400 KU\u0106A, A ZAPLAVLJENO 1.350 DOMA\u0106INSTAVA- FOTO"}]},{"@type":"WebSite","@id":"https:\/\/www.prijedordanas.com\/#website","url":"https:\/\/www.prijedordanas.com\/","name":"PrijedorDanas.com - Prijedorski gradski portal","description":"Portal o doga\u0111anjima u gradu Prijedoru","publisher":{"@id":"https:\/\/www.prijedordanas.com\/#organization"},"potentialAction":[{"@type":"SearchAction","target":{"@type":"EntryPoint","urlTemplate":"https:\/\/www.prijedordanas.com\/?s={search_term_string}"},"query-input":"required name=search_term_string"}],"inLanguage":"en-US"},{"@type":"Organization","@id":"https:\/\/www.prijedordanas.com\/#organization","name":"PrijedorDanas.com","url":"https:\/\/www.prijedordanas.com\/","logo":{"@type":"ImageObject","inLanguage":"en-US","@id":"https:\/\/www.prijedordanas.com\/#\/schema\/logo\/image\/","url":"http:\/\/www.prijedordanas.com\/wp-content\/uploads\/2021\/12\/logopng.png","contentUrl":"http:\/\/www.prijedordanas.com\/wp-content\/uploads\/2021\/12\/logopng.png","width":1019,"height":776,"caption":"PrijedorDanas.com"},"image":{"@id":"https:\/\/www.prijedordanas.com\/#\/schema\/logo\/image\/"},"sameAs":["https:\/\/www.facebook.com\/PrijedorDanasCom\/"]},{"@type":"Person","@id":"https:\/\/www.prijedordanas.com\/#\/schema\/person\/4e08ccf29b506ca916ff86d46bb700e6","name":"admin","image":{"@type":"ImageObject","inLanguage":"en-US","@id":"https:\/\/www.prijedordanas.com\/#\/schema\/person\/image\/","url":"https:\/\/secure.gravatar.com\/avatar\/1d3fc949d550f0b53a5f0d51e06dfd79?s=96&d=mm&r=g","contentUrl":"https:\/\/secure.gravatar.com\/avatar\/1d3fc949d550f0b53a5f0d51e06dfd79?s=96&d=mm&r=g","caption":"admin"},"url":"https:\/\/www.prijedordanas.com\/?author=1"}]}},"_links":{"self":[{"href":"https:\/\/www.prijedordanas.com\/index.php?rest_route=\/wp\/v2\/posts\/127512"}],"collection":[{"href":"https:\/\/www.prijedordanas.com\/index.php?rest_route=\/wp\/v2\/posts"}],"about":[{"href":"https:\/\/www.prijedordanas.com\/index.php?rest_route=\/wp\/v2\/types\/post"}],"author":[{"embeddable":true,"href":"https:\/\/www.prijedordanas.com\/index.php?rest_route=\/wp\/v2\/users\/1"}],"replies":[{"embeddable":true,"href":"https:\/\/www.prijedordanas.com\/index.php?rest_route=%2Fwp%2Fv2%2Fcomments&post=127512"}],"version-history":[{"count":1,"href":"https:\/\/www.prijedordanas.com\/index.php?rest_route=\/wp\/v2\/posts\/127512\/revisions"}],"predecessor-version":[{"id":127520,"href":"https:\/\/www.prijedordanas.com\/index.php?rest_route=\/wp\/v2\/posts\/127512\/revisions\/127520"}],"wp:attachment":[{"href":"https:\/\/www.prijedordanas.com\/index.php?rest_route=%2Fwp%2Fv2%2Fmedia&parent=127512"}],"wp:term":[{"taxonomy":"category","embeddable":true,"href":"https:\/\/www.prijedordanas.com\/index.php?rest_route=%2Fwp%2Fv2%2Fcategories&post=127512"},{"taxonomy":"post_tag","embeddable":true,"href":"https:\/\/www.prijedordanas.com\/index.php?rest_route=%2Fwp%2Fv2%2Ftags&post=127512"}],"curies":[{"name":"wp","href":"https:\/\/api.w.org\/{rel}","templated":true}]}}