{"id":127443,"date":"2019-05-15T14:32:17","date_gmt":"2019-05-15T12:32:17","guid":{"rendered":"https:\/\/www.prijedordanas.com\/?p=127443"},"modified":"2019-05-15T14:32:17","modified_gmt":"2019-05-15T12:32:17","slug":"premijer-viskovic-posjetio-prijedor-desilo-se-nesto-sto-se-moglo-sprijeciti-foto","status":"publish","type":"post","link":"https:\/\/www.prijedordanas.com\/?p=127443","title":{"rendered":"PREMIJER VI\u0160KOVIC\u0301 POSJETIO PRIJEDOR: DESILO SE NE\u0160TO \u0160TO SE MOGLO SPRIJE\u010cITI &#8211; FOTO"},"content":{"rendered":"<p><a href=\"https:\/\/www.prijedordanas.com\/wp-content\/uploads\/2019\/05\/premijer-viskovic-posjetio-prijedor-15maj-1.jpg\"><img loading=\"lazy\" decoding=\"async\" class=\"alignleft size-medium wp-image-127444\" src=\"https:\/\/www.prijedordanas.com\/wp-content\/uploads\/2019\/05\/premijer-viskovic-posjetio-prijedor-15maj-1-300x217.jpg\" alt=\"\" width=\"300\" height=\"217\" srcset=\"https:\/\/www.prijedordanas.com\/wp-content\/uploads\/2019\/05\/premijer-viskovic-posjetio-prijedor-15maj-1-300x217.jpg 300w, https:\/\/www.prijedordanas.com\/wp-content\/uploads\/2019\/05\/premijer-viskovic-posjetio-prijedor-15maj-1-100x72.jpg 100w, https:\/\/www.prijedordanas.com\/wp-content\/uploads\/2019\/05\/premijer-viskovic-posjetio-prijedor-15maj-1.jpg 690w\" sizes=\"(max-width: 300px) 100vw, 300px\" \/><\/a>Predsjednik Vlade Republike Srpske Radovan Vi\u0161kovic\u0301 izjavio je danas u Prijedoru da se u trenutnim poplavama na podru\u010dju ovog grada desilo ne\u0161to \u0161to se \u0161to se moglo sprije\u010diti.<\/p>\n<p>\u201eNe mo\u017eemo dozvoliti da ne\u010diji imovinski odnosi budu pre\u010di od velikog broja kuc\u0301a i domac\u0301instava. Evo kao \u0161to i sami vidite nama iza le\u0111a skoro pa manje od 30 metara nasipa koji je bio u planu, koji je trebalo da se uradi i za koji su bila obezbije\u0111ena i sredstva, jednostavno zbog imovinsko-pravnih odnosa nije se to uradilo i sad imamo poplavljen veliki broj kuc\u0301a\u201c, rekao je Vi\u0161kovic\u0301 novinarima u Prijedoru nakon \u0161to je s gradona\u010delnikom Prijedora Milenkom \u0110akovic\u0301em obi\u0161ao neka od poplavljenih podru\u010dja.<\/p>\n<p>On je najavio da c\u0301e Vlada zajedno sa gradom nac\u0301i rje\u0161enje i da ne mo\u017ee da shvati da nastavak izgradnje nasipa nije dozvolio \u010dovjek \u010dija kuc\u0301a je tako\u0111e poplavljena.<\/p>\n<p><a href=\"https:\/\/www.prijedordanas.com\/wp-content\/uploads\/2019\/05\/premijer-viskovic-posjetio-prijedor-15maj-2.jpg\"><img loading=\"lazy\" decoding=\"async\" class=\"alignleft size-medium wp-image-127445\" src=\"https:\/\/www.prijedordanas.com\/wp-content\/uploads\/2019\/05\/premijer-viskovic-posjetio-prijedor-15maj-2-300x217.jpg\" alt=\"\" width=\"300\" height=\"217\" srcset=\"https:\/\/www.prijedordanas.com\/wp-content\/uploads\/2019\/05\/premijer-viskovic-posjetio-prijedor-15maj-2-300x217.jpg 300w, https:\/\/www.prijedordanas.com\/wp-content\/uploads\/2019\/05\/premijer-viskovic-posjetio-prijedor-15maj-2-100x72.jpg 100w, https:\/\/www.prijedordanas.com\/wp-content\/uploads\/2019\/05\/premijer-viskovic-posjetio-prijedor-15maj-2.jpg 690w\" sizes=\"(max-width: 300px) 100vw, 300px\" \/><\/a>\u201eAko treba Vlada da donese odluku da proglasi tih 30 metara ne\u010dije zemlje op\u0161tim dobrom, mi c\u0301emo to proglasiti i nasip c\u0301emo uraditi, ma \u0161ta to zna\u010dilo. U su\u0161tini da sam imao tu informaciju ne bih se libio od toga da damo naredbu gradu da se tu uradi nasip bez obzira da li se to nekom u tom momentu svidjelo ili ne.<\/p>\n<p>On je najavio i moguc\u0301nost da se i u drugim slu\u010dajevim vodoza\u0161titnih projekata u eksproprijaciju ide preko Vlade Republike Srpske i progla\u0161enja op\u0161teg interesa.<\/p>\n<p>\u201eOni koji ne budu bili zadovoljni naknadama koje im po zakonu budu ponu\u0111ene, oni mogu u sudskom postupku da tra\u017ee svoja prava, ali time nec\u0301e moc\u0301i zaustaviti izvo\u0111enje tih radova\u201c, istakao je Vi\u0161kovic\u0301.<\/p>\n<p><a href=\"https:\/\/www.prijedordanas.com\/wp-content\/uploads\/2019\/05\/premijer-viskovic-posjetio-prijedor-15maj-3.jpg\"><img loading=\"lazy\" decoding=\"async\" class=\"alignleft size-medium wp-image-127446\" src=\"https:\/\/www.prijedordanas.com\/wp-content\/uploads\/2019\/05\/premijer-viskovic-posjetio-prijedor-15maj-3-300x217.jpg\" alt=\"\" width=\"300\" height=\"217\" srcset=\"https:\/\/www.prijedordanas.com\/wp-content\/uploads\/2019\/05\/premijer-viskovic-posjetio-prijedor-15maj-3-300x217.jpg 300w, https:\/\/www.prijedordanas.com\/wp-content\/uploads\/2019\/05\/premijer-viskovic-posjetio-prijedor-15maj-3-100x72.jpg 100w, https:\/\/www.prijedordanas.com\/wp-content\/uploads\/2019\/05\/premijer-viskovic-posjetio-prijedor-15maj-3.jpg 690w\" sizes=\"(max-width: 300px) 100vw, 300px\" \/><\/a>On je naglasio da se situacija poput ove nec\u0301e nikome dozvoliti, ne samo u Prijedoru, i da c\u0301e od ostalih gradona\u010delnika i na\u010delnika op\u0161tina tra\u017eiti da sa ovakvim ili sli\u010dnim situacijama na vrijeme upoznaju Vladu.<\/p>\n<p>\u201eVlada c\u0301e za sve te lokalne zajednice donijeti odluku o progla\u0161enju op\u0161teg interesa jer to je ne\u0161to \u0161to bi se svagdje i u svakom normalnom svijetu radilo. Nemam rije\u010di kada do\u0111em na ovakvo mjesto i vidim ovako tu\u017ean prizor da je poplavljeno stotine kuc\u0301a i domac\u0301instava, da su ljudi pretrpjeli materijalnu \u0161tetu zbog ne\u010dijih 30 metara koji su izgleda vrijedniji nego sve ove kuc\u0301e\u201c, dodao je Vi\u0161kovic\u0301.<\/p>\n<p><a href=\"https:\/\/www.prijedordanas.com\/wp-content\/uploads\/2019\/05\/premijer-viskovic-posjetio-prijedor-15maj-4.jpg\"><img loading=\"lazy\" decoding=\"async\" src=\"https:\/\/www.prijedordanas.com\/wp-content\/uploads\/2019\/05\/premijer-viskovic-posjetio-prijedor-15maj-4-300x217.jpg\" alt=\"\" width=\"300\" height=\"217\" class=\"alignleft size-medium wp-image-127447\" srcset=\"https:\/\/www.prijedordanas.com\/wp-content\/uploads\/2019\/05\/premijer-viskovic-posjetio-prijedor-15maj-4-300x217.jpg 300w, https:\/\/www.prijedordanas.com\/wp-content\/uploads\/2019\/05\/premijer-viskovic-posjetio-prijedor-15maj-4-100x72.jpg 100w, https:\/\/www.prijedordanas.com\/wp-content\/uploads\/2019\/05\/premijer-viskovic-posjetio-prijedor-15maj-4.jpg 690w\" sizes=\"(max-width: 300px) 100vw, 300px\" \/><\/a>Govorec\u0301i o \u0161tetama nastalim u ovim poplavama, on je najavio da c\u0301e Vlada skupa sa gradom pritec\u0301i u pomoc\u0301 tim ljudima da, da je o mehanizmima pomoc\u0301i sada te\u0161ko govoriti, da u Fondu solidarnosti ima sredstava i da c\u0301e preko tog fonda kao i 2014. ic\u0301i pomoc\u0301, i to preko lokalnih zajednica.<\/p>\n<p>Gradona\u010delnik Prijedora Milenko \u0110akovic\u0301 rekao je da u naselju Gomjenica nasip koji je ra\u0111en nakon poplava 2014. godine na jednom mjestu nije sastavljen zbog dugogodi\u0161njih nerije\u0161enih imovinsko-pravnih odnosa i da je na tom mjestu voda probila u naselje i zaplavila veliki broj domac\u0301instava i poplavila jedan broj kuc\u0301a.<\/p>\n<p>\u201eJo\u0161 uvijek nemamo potpun, precizan podatak koliko\u201c, rekao je \u0110akovic\u0301.<\/p>\n<p>Centralni tok Sane danas je u padu za oko 25 centimetara, vanredno stanje u Prijedoru je i dalje na snazi, nasipi i za\u0161tite se i dalje utvr\u0111uju i slijedi evidencija pri\u010dinjenih \u0161teta.<\/p>\n<p>SRNA<\/p>\n<p><a href=\"https:\/\/www.prijedordanas.com\/wp-content\/uploads\/2019\/05\/premijer-viskovic-posjetio-prijedor-15maj-5.jpg\"><img loading=\"lazy\" decoding=\"async\" src=\"https:\/\/www.prijedordanas.com\/wp-content\/uploads\/2019\/05\/premijer-viskovic-posjetio-prijedor-15maj-5-300x217.jpg\" alt=\"\" width=\"300\" height=\"217\" class=\"alignleft size-medium wp-image-127448\" srcset=\"https:\/\/www.prijedordanas.com\/wp-content\/uploads\/2019\/05\/premijer-viskovic-posjetio-prijedor-15maj-5-300x217.jpg 300w, https:\/\/www.prijedordanas.com\/wp-content\/uploads\/2019\/05\/premijer-viskovic-posjetio-prijedor-15maj-5-100x72.jpg 100w, https:\/\/www.prijedordanas.com\/wp-content\/uploads\/2019\/05\/premijer-viskovic-posjetio-prijedor-15maj-5.jpg 690w\" sizes=\"(max-width: 300px) 100vw, 300px\" \/><\/a> <a href=\"https:\/\/www.prijedordanas.com\/wp-content\/uploads\/2019\/05\/premijer-viskovic-posjetio-prijedor-15maj-6.jpg\"><img loading=\"lazy\" decoding=\"async\" src=\"https:\/\/www.prijedordanas.com\/wp-content\/uploads\/2019\/05\/premijer-viskovic-posjetio-prijedor-15maj-6-300x217.jpg\" alt=\"\" width=\"300\" height=\"217\" class=\"alignleft size-medium wp-image-127449\" srcset=\"https:\/\/www.prijedordanas.com\/wp-content\/uploads\/2019\/05\/premijer-viskovic-posjetio-prijedor-15maj-6-300x217.jpg 300w, https:\/\/www.prijedordanas.com\/wp-content\/uploads\/2019\/05\/premijer-viskovic-posjetio-prijedor-15maj-6-100x72.jpg 100w, https:\/\/www.prijedordanas.com\/wp-content\/uploads\/2019\/05\/premijer-viskovic-posjetio-prijedor-15maj-6.jpg 690w\" sizes=\"(max-width: 300px) 100vw, 300px\" \/><\/a> <a href=\"https:\/\/www.prijedordanas.com\/wp-content\/uploads\/2019\/05\/premijer-viskovic-posjetio-prijedor-15maj-7.jpg\"><img loading=\"lazy\" decoding=\"async\" src=\"https:\/\/www.prijedordanas.com\/wp-content\/uploads\/2019\/05\/premijer-viskovic-posjetio-prijedor-15maj-7-300x217.jpg\" alt=\"\" width=\"300\" height=\"217\" class=\"alignleft size-medium wp-image-127450\" srcset=\"https:\/\/www.prijedordanas.com\/wp-content\/uploads\/2019\/05\/premijer-viskovic-posjetio-prijedor-15maj-7-300x217.jpg 300w, https:\/\/www.prijedordanas.com\/wp-content\/uploads\/2019\/05\/premijer-viskovic-posjetio-prijedor-15maj-7-100x72.jpg 100w, https:\/\/www.prijedordanas.com\/wp-content\/uploads\/2019\/05\/premijer-viskovic-posjetio-prijedor-15maj-7.jpg 690w\" sizes=\"(max-width: 300px) 100vw, 300px\" \/><\/a> <a href=\"https:\/\/www.prijedordanas.com\/wp-content\/uploads\/2019\/05\/premijer-viskovic-posjetio-prijedor-15maj-8.jpg\"><img loading=\"lazy\" decoding=\"async\" src=\"https:\/\/www.prijedordanas.com\/wp-content\/uploads\/2019\/05\/premijer-viskovic-posjetio-prijedor-15maj-8-300x217.jpg\" alt=\"\" width=\"300\" height=\"217\" class=\"alignleft size-medium wp-image-127451\" srcset=\"https:\/\/www.prijedordanas.com\/wp-content\/uploads\/2019\/05\/premijer-viskovic-posjetio-prijedor-15maj-8-300x217.jpg 300w, https:\/\/www.prijedordanas.com\/wp-content\/uploads\/2019\/05\/premijer-viskovic-posjetio-prijedor-15maj-8-100x72.jpg 100w, https:\/\/www.prijedordanas.com\/wp-content\/uploads\/2019\/05\/premijer-viskovic-posjetio-prijedor-15maj-8.jpg 690w\" sizes=\"(max-width: 300px) 100vw, 300px\" \/><\/a> <a href=\"https:\/\/www.prijedordanas.com\/wp-content\/uploads\/2019\/05\/premijer-viskovic-posjetio-prijedor-15maj-9.jpg\"><img loading=\"lazy\" decoding=\"async\" src=\"https:\/\/www.prijedordanas.com\/wp-content\/uploads\/2019\/05\/premijer-viskovic-posjetio-prijedor-15maj-9-300x199.jpg\" alt=\"\" width=\"300\" height=\"199\" class=\"alignleft size-medium wp-image-127452\" srcset=\"https:\/\/www.prijedordanas.com\/wp-content\/uploads\/2019\/05\/premijer-viskovic-posjetio-prijedor-15maj-9-300x199.jpg 300w, https:\/\/www.prijedordanas.com\/wp-content\/uploads\/2019\/05\/premijer-viskovic-posjetio-prijedor-15maj-9-100x66.jpg 100w, https:\/\/www.prijedordanas.com\/wp-content\/uploads\/2019\/05\/premijer-viskovic-posjetio-prijedor-15maj-9-480x320.jpg 480w, https:\/\/www.prijedordanas.com\/wp-content\/uploads\/2019\/05\/premijer-viskovic-posjetio-prijedor-15maj-9.jpg 600w\" sizes=\"(max-width: 300px) 100vw, 300px\" \/><\/a> <a href=\"https:\/\/www.prijedordanas.com\/wp-content\/uploads\/2019\/05\/premijer-viskovic-posjetio-prijedor-15maj-11.jpg\"><img loading=\"lazy\" decoding=\"async\" src=\"https:\/\/www.prijedordanas.com\/wp-content\/uploads\/2019\/05\/premijer-viskovic-posjetio-prijedor-15maj-11-300x199.jpg\" alt=\"\" width=\"300\" height=\"199\" class=\"alignleft size-medium wp-image-127453\" srcset=\"https:\/\/www.prijedordanas.com\/wp-content\/uploads\/2019\/05\/premijer-viskovic-posjetio-prijedor-15maj-11-300x199.jpg 300w, https:\/\/www.prijedordanas.com\/wp-content\/uploads\/2019\/05\/premijer-viskovic-posjetio-prijedor-15maj-11-100x66.jpg 100w, https:\/\/www.prijedordanas.com\/wp-content\/uploads\/2019\/05\/premijer-viskovic-posjetio-prijedor-15maj-11-480x320.jpg 480w, https:\/\/www.prijedordanas.com\/wp-content\/uploads\/2019\/05\/premijer-viskovic-posjetio-prijedor-15maj-11.jpg 600w\" sizes=\"(max-width: 300px) 100vw, 300px\" \/><\/a> <a href=\"https:\/\/www.prijedordanas.com\/wp-content\/uploads\/2019\/05\/premijer-viskovic-posjetio-prijedor-15maj-12.jpg\"><img loading=\"lazy\" decoding=\"async\" src=\"https:\/\/www.prijedordanas.com\/wp-content\/uploads\/2019\/05\/premijer-viskovic-posjetio-prijedor-15maj-12-300x199.jpg\" alt=\"\" width=\"300\" height=\"199\" class=\"alignleft size-medium wp-image-127454\" srcset=\"https:\/\/www.prijedordanas.com\/wp-content\/uploads\/2019\/05\/premijer-viskovic-posjetio-prijedor-15maj-12-300x199.jpg 300w, https:\/\/www.prijedordanas.com\/wp-content\/uploads\/2019\/05\/premijer-viskovic-posjetio-prijedor-15maj-12-100x66.jpg 100w, https:\/\/www.prijedordanas.com\/wp-content\/uploads\/2019\/05\/premijer-viskovic-posjetio-prijedor-15maj-12-480x320.jpg 480w, https:\/\/www.prijedordanas.com\/wp-content\/uploads\/2019\/05\/premijer-viskovic-posjetio-prijedor-15maj-12.jpg 600w\" sizes=\"(max-width: 300px) 100vw, 300px\" \/><\/a> <a href=\"https:\/\/www.prijedordanas.com\/wp-content\/uploads\/2019\/05\/premijer-viskovic-posjetio-prijedor-15maj-13.jpg\"><img loading=\"lazy\" decoding=\"async\" src=\"https:\/\/www.prijedordanas.com\/wp-content\/uploads\/2019\/05\/premijer-viskovic-posjetio-prijedor-15maj-13-300x199.jpg\" alt=\"\" width=\"300\" height=\"199\" class=\"alignleft size-medium wp-image-127455\" srcset=\"https:\/\/www.prijedordanas.com\/wp-content\/uploads\/2019\/05\/premijer-viskovic-posjetio-prijedor-15maj-13-300x199.jpg 300w, https:\/\/www.prijedordanas.com\/wp-content\/uploads\/2019\/05\/premijer-viskovic-posjetio-prijedor-15maj-13-100x66.jpg 100w, https:\/\/www.prijedordanas.com\/wp-content\/uploads\/2019\/05\/premijer-viskovic-posjetio-prijedor-15maj-13-480x320.jpg 480w, https:\/\/www.prijedordanas.com\/wp-content\/uploads\/2019\/05\/premijer-viskovic-posjetio-prijedor-15maj-13.jpg 600w\" sizes=\"(max-width: 300px) 100vw, 300px\" \/><\/a> <a href=\"https:\/\/www.prijedordanas.com\/wp-content\/uploads\/2019\/05\/premijer-viskovic-posjetio-prijedor-15maj-14.jpg\"><img loading=\"lazy\" decoding=\"async\" src=\"https:\/\/www.prijedordanas.com\/wp-content\/uploads\/2019\/05\/premijer-viskovic-posjetio-prijedor-15maj-14-300x199.jpg\" alt=\"\" width=\"300\" height=\"199\" class=\"alignleft size-medium wp-image-127456\" srcset=\"https:\/\/www.prijedordanas.com\/wp-content\/uploads\/2019\/05\/premijer-viskovic-posjetio-prijedor-15maj-14-300x199.jpg 300w, https:\/\/www.prijedordanas.com\/wp-content\/uploads\/2019\/05\/premijer-viskovic-posjetio-prijedor-15maj-14-100x66.jpg 100w, https:\/\/www.prijedordanas.com\/wp-content\/uploads\/2019\/05\/premijer-viskovic-posjetio-prijedor-15maj-14-480x320.jpg 480w, https:\/\/www.prijedordanas.com\/wp-content\/uploads\/2019\/05\/premijer-viskovic-posjetio-prijedor-15maj-14.jpg 600w\" sizes=\"(max-width: 300px) 100vw, 300px\" \/><\/a> <a href=\"https:\/\/www.prijedordanas.com\/wp-content\/uploads\/2019\/05\/premijer-viskovic-posjetio-prijedor-15maj-10.jpg\"><img loading=\"lazy\" decoding=\"async\" src=\"https:\/\/www.prijedordanas.com\/wp-content\/uploads\/2019\/05\/premijer-viskovic-posjetio-prijedor-15maj-10-300x199.jpg\" alt=\"\" width=\"300\" height=\"199\" class=\"alignleft size-medium wp-image-127457\" srcset=\"https:\/\/www.prijedordanas.com\/wp-content\/uploads\/2019\/05\/premijer-viskovic-posjetio-prijedor-15maj-10-300x199.jpg 300w, https:\/\/www.prijedordanas.com\/wp-content\/uploads\/2019\/05\/premijer-viskovic-posjetio-prijedor-15maj-10-100x66.jpg 100w, https:\/\/www.prijedordanas.com\/wp-content\/uploads\/2019\/05\/premijer-viskovic-posjetio-prijedor-15maj-10-480x320.jpg 480w, https:\/\/www.prijedordanas.com\/wp-content\/uploads\/2019\/05\/premijer-viskovic-posjetio-prijedor-15maj-10.jpg 600w\" sizes=\"(max-width: 300px) 100vw, 300px\" \/><\/a> <a href=\"https:\/\/www.prijedordanas.com\/wp-content\/uploads\/2019\/05\/premijer-viskovic-posjetio-prijedor-15maj-15.jpg\"><img loading=\"lazy\" decoding=\"async\" src=\"https:\/\/www.prijedordanas.com\/wp-content\/uploads\/2019\/05\/premijer-viskovic-posjetio-prijedor-15maj-15-300x199.jpg\" alt=\"\" width=\"300\" height=\"199\" class=\"alignleft size-medium wp-image-127458\" srcset=\"https:\/\/www.prijedordanas.com\/wp-content\/uploads\/2019\/05\/premijer-viskovic-posjetio-prijedor-15maj-15-300x199.jpg 300w, https:\/\/www.prijedordanas.com\/wp-content\/uploads\/2019\/05\/premijer-viskovic-posjetio-prijedor-15maj-15-100x66.jpg 100w, https:\/\/www.prijedordanas.com\/wp-content\/uploads\/2019\/05\/premijer-viskovic-posjetio-prijedor-15maj-15-480x320.jpg 480w, https:\/\/www.prijedordanas.com\/wp-content\/uploads\/2019\/05\/premijer-viskovic-posjetio-prijedor-15maj-15.jpg 600w\" sizes=\"(max-width: 300px) 100vw, 300px\" \/><\/a> <a href=\"https:\/\/www.prijedordanas.com\/wp-content\/uploads\/2019\/05\/premijer-viskovic-posjetio-prijedor-15maj-16.jpg\"><img loading=\"lazy\" decoding=\"async\" src=\"https:\/\/www.prijedordanas.com\/wp-content\/uploads\/2019\/05\/premijer-viskovic-posjetio-prijedor-15maj-16-300x199.jpg\" alt=\"\" width=\"300\" height=\"199\" class=\"alignleft size-medium wp-image-127459\" srcset=\"https:\/\/www.prijedordanas.com\/wp-content\/uploads\/2019\/05\/premijer-viskovic-posjetio-prijedor-15maj-16-300x199.jpg 300w, https:\/\/www.prijedordanas.com\/wp-content\/uploads\/2019\/05\/premijer-viskovic-posjetio-prijedor-15maj-16-100x66.jpg 100w, https:\/\/www.prijedordanas.com\/wp-content\/uploads\/2019\/05\/premijer-viskovic-posjetio-prijedor-15maj-16-480x320.jpg 480w, https:\/\/www.prijedordanas.com\/wp-content\/uploads\/2019\/05\/premijer-viskovic-posjetio-prijedor-15maj-16.jpg 600w\" sizes=\"(max-width: 300px) 100vw, 300px\" \/><\/a> <a href=\"https:\/\/www.prijedordanas.com\/wp-content\/uploads\/2019\/05\/premijer-viskovic-posjetio-prijedor-15maj-17.jpg\"><img loading=\"lazy\" decoding=\"async\" src=\"https:\/\/www.prijedordanas.com\/wp-content\/uploads\/2019\/05\/premijer-viskovic-posjetio-prijedor-15maj-17-300x199.jpg\" alt=\"\" width=\"300\" height=\"199\" class=\"alignleft size-medium wp-image-127460\" srcset=\"https:\/\/www.prijedordanas.com\/wp-content\/uploads\/2019\/05\/premijer-viskovic-posjetio-prijedor-15maj-17-300x199.jpg 300w, https:\/\/www.prijedordanas.com\/wp-content\/uploads\/2019\/05\/premijer-viskovic-posjetio-prijedor-15maj-17-100x66.jpg 100w, https:\/\/www.prijedordanas.com\/wp-content\/uploads\/2019\/05\/premijer-viskovic-posjetio-prijedor-15maj-17-480x320.jpg 480w, https:\/\/www.prijedordanas.com\/wp-content\/uploads\/2019\/05\/premijer-viskovic-posjetio-prijedor-15maj-17.jpg 600w\" sizes=\"(max-width: 300px) 100vw, 300px\" \/><\/a> <a href=\"https:\/\/www.prijedordanas.com\/wp-content\/uploads\/2019\/05\/premijer-viskovic-posjetio-prijedor-15maj-19.jpg\"><img loading=\"lazy\" decoding=\"async\" src=\"https:\/\/www.prijedordanas.com\/wp-content\/uploads\/2019\/05\/premijer-viskovic-posjetio-prijedor-15maj-19-300x199.jpg\" alt=\"\" width=\"300\" height=\"199\" class=\"alignleft size-medium wp-image-127461\" srcset=\"https:\/\/www.prijedordanas.com\/wp-content\/uploads\/2019\/05\/premijer-viskovic-posjetio-prijedor-15maj-19-300x199.jpg 300w, https:\/\/www.prijedordanas.com\/wp-content\/uploads\/2019\/05\/premijer-viskovic-posjetio-prijedor-15maj-19-100x66.jpg 100w, https:\/\/www.prijedordanas.com\/wp-content\/uploads\/2019\/05\/premijer-viskovic-posjetio-prijedor-15maj-19-480x320.jpg 480w, https:\/\/www.prijedordanas.com\/wp-content\/uploads\/2019\/05\/premijer-viskovic-posjetio-prijedor-15maj-19.jpg 600w\" sizes=\"(max-width: 300px) 100vw, 300px\" \/><\/a> <a href=\"https:\/\/www.prijedordanas.com\/wp-content\/uploads\/2019\/05\/premijer-viskovic-posjetio-prijedor-15maj-20.jpg\"><img loading=\"lazy\" decoding=\"async\" src=\"https:\/\/www.prijedordanas.com\/wp-content\/uploads\/2019\/05\/premijer-viskovic-posjetio-prijedor-15maj-20-300x199.jpg\" alt=\"\" width=\"300\" height=\"199\" class=\"alignleft size-medium wp-image-127462\" srcset=\"https:\/\/www.prijedordanas.com\/wp-content\/uploads\/2019\/05\/premijer-viskovic-posjetio-prijedor-15maj-20-300x199.jpg 300w, https:\/\/www.prijedordanas.com\/wp-content\/uploads\/2019\/05\/premijer-viskovic-posjetio-prijedor-15maj-20-100x66.jpg 100w, https:\/\/www.prijedordanas.com\/wp-content\/uploads\/2019\/05\/premijer-viskovic-posjetio-prijedor-15maj-20-480x320.jpg 480w, https:\/\/www.prijedordanas.com\/wp-content\/uploads\/2019\/05\/premijer-viskovic-posjetio-prijedor-15maj-20.jpg 600w\" sizes=\"(max-width: 300px) 100vw, 300px\" \/><\/a> <a href=\"https:\/\/www.prijedordanas.com\/wp-content\/uploads\/2019\/05\/premijer-viskovic-posjetio-prijedor-15maj-18.jpg\"><img loading=\"lazy\" decoding=\"async\" src=\"https:\/\/www.prijedordanas.com\/wp-content\/uploads\/2019\/05\/premijer-viskovic-posjetio-prijedor-15maj-18-300x199.jpg\" alt=\"\" width=\"300\" height=\"199\" class=\"alignleft size-medium wp-image-127463\" srcset=\"https:\/\/www.prijedordanas.com\/wp-content\/uploads\/2019\/05\/premijer-viskovic-posjetio-prijedor-15maj-18-300x199.jpg 300w, https:\/\/www.prijedordanas.com\/wp-content\/uploads\/2019\/05\/premijer-viskovic-posjetio-prijedor-15maj-18-100x66.jpg 100w, https:\/\/www.prijedordanas.com\/wp-content\/uploads\/2019\/05\/premijer-viskovic-posjetio-prijedor-15maj-18-480x320.jpg 480w, https:\/\/www.prijedordanas.com\/wp-content\/uploads\/2019\/05\/premijer-viskovic-posjetio-prijedor-15maj-18.jpg 600w\" sizes=\"(max-width: 300px) 100vw, 300px\" \/><\/a> <a href=\"https:\/\/www.prijedordanas.com\/wp-content\/uploads\/2019\/05\/premijer-viskovic-posjetio-prijedor-15maj-21.jpg\"><img loading=\"lazy\" decoding=\"async\" src=\"https:\/\/www.prijedordanas.com\/wp-content\/uploads\/2019\/05\/premijer-viskovic-posjetio-prijedor-15maj-21-300x199.jpg\" alt=\"\" width=\"300\" height=\"199\" class=\"alignleft size-medium wp-image-127465\" srcset=\"https:\/\/www.prijedordanas.com\/wp-content\/uploads\/2019\/05\/premijer-viskovic-posjetio-prijedor-15maj-21-300x199.jpg 300w, https:\/\/www.prijedordanas.com\/wp-content\/uploads\/2019\/05\/premijer-viskovic-posjetio-prijedor-15maj-21-100x66.jpg 100w, https:\/\/www.prijedordanas.com\/wp-content\/uploads\/2019\/05\/premijer-viskovic-posjetio-prijedor-15maj-21-480x320.jpg 480w, https:\/\/www.prijedordanas.com\/wp-content\/uploads\/2019\/05\/premijer-viskovic-posjetio-prijedor-15maj-21.jpg 600w\" sizes=\"(max-width: 300px) 100vw, 300px\" \/><\/a> <a href=\"https:\/\/www.prijedordanas.com\/wp-content\/uploads\/2019\/05\/premijer-viskovic-posjetio-prijedor-15maj-22.jpg\"><img loading=\"lazy\" decoding=\"async\" src=\"https:\/\/www.prijedordanas.com\/wp-content\/uploads\/2019\/05\/premijer-viskovic-posjetio-prijedor-15maj-22-300x199.jpg\" alt=\"\" width=\"300\" height=\"199\" class=\"alignleft size-medium wp-image-127466\" srcset=\"https:\/\/www.prijedordanas.com\/wp-content\/uploads\/2019\/05\/premijer-viskovic-posjetio-prijedor-15maj-22-300x199.jpg 300w, https:\/\/www.prijedordanas.com\/wp-content\/uploads\/2019\/05\/premijer-viskovic-posjetio-prijedor-15maj-22-100x66.jpg 100w, https:\/\/www.prijedordanas.com\/wp-content\/uploads\/2019\/05\/premijer-viskovic-posjetio-prijedor-15maj-22-480x320.jpg 480w, https:\/\/www.prijedordanas.com\/wp-content\/uploads\/2019\/05\/premijer-viskovic-posjetio-prijedor-15maj-22.jpg 600w\" sizes=\"(max-width: 300px) 100vw, 300px\" \/><\/a> <a href=\"https:\/\/www.prijedordanas.com\/wp-content\/uploads\/2019\/05\/premijer-viskovic-posjetio-prijedor-15maj-23.jpg\"><img loading=\"lazy\" decoding=\"async\" src=\"https:\/\/www.prijedordanas.com\/wp-content\/uploads\/2019\/05\/premijer-viskovic-posjetio-prijedor-15maj-23-300x199.jpg\" alt=\"\" width=\"300\" height=\"199\" class=\"alignleft size-medium wp-image-127467\" srcset=\"https:\/\/www.prijedordanas.com\/wp-content\/uploads\/2019\/05\/premijer-viskovic-posjetio-prijedor-15maj-23-300x199.jpg 300w, https:\/\/www.prijedordanas.com\/wp-content\/uploads\/2019\/05\/premijer-viskovic-posjetio-prijedor-15maj-23-100x66.jpg 100w, https:\/\/www.prijedordanas.com\/wp-content\/uploads\/2019\/05\/premijer-viskovic-posjetio-prijedor-15maj-23-480x320.jpg 480w, https:\/\/www.prijedordanas.com\/wp-content\/uploads\/2019\/05\/premijer-viskovic-posjetio-prijedor-15maj-23.jpg 600w\" sizes=\"(max-width: 300px) 100vw, 300px\" \/><\/a> <a href=\"https:\/\/www.prijedordanas.com\/wp-content\/uploads\/2019\/05\/premijer-viskovic-posjetio-prijedor-15maj-24.jpg\"><img loading=\"lazy\" decoding=\"async\" src=\"https:\/\/www.prijedordanas.com\/wp-content\/uploads\/2019\/05\/premijer-viskovic-posjetio-prijedor-15maj-24-300x199.jpg\" alt=\"\" width=\"300\" height=\"199\" class=\"alignleft size-medium wp-image-127468\" srcset=\"https:\/\/www.prijedordanas.com\/wp-content\/uploads\/2019\/05\/premijer-viskovic-posjetio-prijedor-15maj-24-300x199.jpg 300w, https:\/\/www.prijedordanas.com\/wp-content\/uploads\/2019\/05\/premijer-viskovic-posjetio-prijedor-15maj-24-100x66.jpg 100w, https:\/\/www.prijedordanas.com\/wp-content\/uploads\/2019\/05\/premijer-viskovic-posjetio-prijedor-15maj-24-480x320.jpg 480w, https:\/\/www.prijedordanas.com\/wp-content\/uploads\/2019\/05\/premijer-viskovic-posjetio-prijedor-15maj-24.jpg 600w\" sizes=\"(max-width: 300px) 100vw, 300px\" \/><\/a> <a href=\"https:\/\/www.prijedordanas.com\/wp-content\/uploads\/2019\/05\/premijer-viskovic-posjetio-prijedor-15maj-25.jpg\"><img loading=\"lazy\" decoding=\"async\" src=\"https:\/\/www.prijedordanas.com\/wp-content\/uploads\/2019\/05\/premijer-viskovic-posjetio-prijedor-15maj-25-300x199.jpg\" alt=\"\" width=\"300\" height=\"199\" class=\"alignleft size-medium wp-image-127469\" srcset=\"https:\/\/www.prijedordanas.com\/wp-content\/uploads\/2019\/05\/premijer-viskovic-posjetio-prijedor-15maj-25-300x199.jpg 300w, https:\/\/www.prijedordanas.com\/wp-content\/uploads\/2019\/05\/premijer-viskovic-posjetio-prijedor-15maj-25-100x66.jpg 100w, https:\/\/www.prijedordanas.com\/wp-content\/uploads\/2019\/05\/premijer-viskovic-posjetio-prijedor-15maj-25-480x320.jpg 480w, https:\/\/www.prijedordanas.com\/wp-content\/uploads\/2019\/05\/premijer-viskovic-posjetio-prijedor-15maj-25.jpg 600w\" sizes=\"(max-width: 300px) 100vw, 300px\" \/><\/a><\/p>\n","protected":false},"excerpt":{"rendered":"<p>Predsjednik Vlade Republike Srpske Radovan Vi\u0161kovic\u0301 izjavio je danas u Prijedoru da se u trenutnim poplavama na podru\u010dju ovog grada desilo ne\u0161to \u0161to se \u0161to se moglo sprije\u010diti. \u201eNe mo\u017eemo [&hellip;]<\/p>\n","protected":false},"author":1,"featured_media":0,"comment_status":"closed","ping_status":"open","sticky":false,"template":"","format":"standard","meta":{"_monsterinsights_skip_tracking":false,"_monsterinsights_sitenote_active":false,"_monsterinsights_sitenote_note":"","_monsterinsights_sitenote_category":0,"footnotes":""},"categories":[4],"tags":[723,10822,197,10821],"yoast_head":"<!-- This site is optimized with the Yoast SEO plugin v21.6 - https:\/\/yoast.com\/wordpress\/plugins\/seo\/ -->\n<title>PREMIJER VI\u0160KOVIC\u0301 POSJETIO PRIJEDOR: DESILO SE NE\u0160TO \u0160TO SE MOGLO SPRIJE\u010cITI - FOTO - PrijedorDanas.com - Prijedorski gradski portal<\/title>\n<meta name=\"robots\" content=\"index, follow, max-snippet:-1, max-image-preview:large, max-video-preview:-1\" \/>\n<link rel=\"canonical\" href=\"https:\/\/www.prijedordanas.com\/?p=127443\" \/>\n<meta property=\"og:locale\" content=\"en_US\" \/>\n<meta property=\"og:type\" content=\"article\" \/>\n<meta property=\"og:title\" content=\"PREMIJER VI\u0160KOVIC\u0301 POSJETIO PRIJEDOR: DESILO SE NE\u0160TO \u0160TO SE MOGLO SPRIJE\u010cITI - FOTO - PrijedorDanas.com - Prijedorski gradski portal\" \/>\n<meta property=\"og:description\" content=\"Predsjednik Vlade Republike Srpske Radovan Vi\u0161kovic\u0301 izjavio je danas u Prijedoru da se u trenutnim poplavama na podru\u010dju ovog grada desilo ne\u0161to \u0161to se \u0161to se moglo sprije\u010diti. \u201eNe mo\u017eemo [&hellip;]\" \/>\n<meta property=\"og:url\" content=\"https:\/\/www.prijedordanas.com\/?p=127443\" \/>\n<meta property=\"og:site_name\" content=\"PrijedorDanas.com - Prijedorski gradski portal\" \/>\n<meta property=\"article:publisher\" content=\"https:\/\/www.facebook.com\/PrijedorDanasCom\/\" \/>\n<meta property=\"article:published_time\" content=\"2019-05-15T12:32:17+00:00\" \/>\n<meta property=\"og:image\" content=\"https:\/\/www.prijedordanas.com\/wp-content\/uploads\/2019\/05\/premijer-viskovic-posjetio-prijedor-15maj-1-300x217.jpg\" \/>\n<meta name=\"author\" content=\"admin\" \/>\n<meta name=\"twitter:card\" content=\"summary_large_image\" \/>\n<meta name=\"twitter:label1\" content=\"Written by\" \/>\n\t<meta name=\"twitter:data1\" content=\"admin\" \/>\n\t<meta name=\"twitter:label2\" content=\"Est. reading time\" \/>\n\t<meta name=\"twitter:data2\" content=\"3 minutes\" \/>\n<script type=\"application\/ld+json\" class=\"yoast-schema-graph\">{\"@context\":\"https:\/\/schema.org\",\"@graph\":[{\"@type\":\"Article\",\"@id\":\"https:\/\/www.prijedordanas.com\/?p=127443#article\",\"isPartOf\":{\"@id\":\"https:\/\/www.prijedordanas.com\/?p=127443\"},\"author\":{\"name\":\"admin\",\"@id\":\"https:\/\/www.prijedordanas.com\/#\/schema\/person\/4e08ccf29b506ca916ff86d46bb700e6\"},\"headline\":\"PREMIJER VI\u0160KOVIC\u0301 POSJETIO PRIJEDOR: DESILO SE NE\u0160TO \u0160TO SE MOGLO SPRIJE\u010cITI &#8211; FOTO\",\"datePublished\":\"2019-05-15T12:32:17+00:00\",\"dateModified\":\"2019-05-15T12:32:17+00:00\",\"mainEntityOfPage\":{\"@id\":\"https:\/\/www.prijedordanas.com\/?p=127443\"},\"wordCount\":590,\"publisher\":{\"@id\":\"https:\/\/www.prijedordanas.com\/#organization\"},\"keywords\":[\"posjeta\",\"premijer\",\"Prijedor\",\"Radovan Vi\u0161kovi\u0107\"],\"articleSection\":[\"Dru\u0161tvo\"],\"inLanguage\":\"en-US\"},{\"@type\":\"WebPage\",\"@id\":\"https:\/\/www.prijedordanas.com\/?p=127443\",\"url\":\"https:\/\/www.prijedordanas.com\/?p=127443\",\"name\":\"PREMIJER VI\u0160KOVIC\u0301 POSJETIO PRIJEDOR: DESILO SE NE\u0160TO \u0160TO SE MOGLO SPRIJE\u010cITI - FOTO - PrijedorDanas.com - Prijedorski gradski portal\",\"isPartOf\":{\"@id\":\"https:\/\/www.prijedordanas.com\/#website\"},\"datePublished\":\"2019-05-15T12:32:17+00:00\",\"dateModified\":\"2019-05-15T12:32:17+00:00\",\"breadcrumb\":{\"@id\":\"https:\/\/www.prijedordanas.com\/?p=127443#breadcrumb\"},\"inLanguage\":\"en-US\",\"potentialAction\":[{\"@type\":\"ReadAction\",\"target\":[\"https:\/\/www.prijedordanas.com\/?p=127443\"]}]},{\"@type\":\"BreadcrumbList\",\"@id\":\"https:\/\/www.prijedordanas.com\/?p=127443#breadcrumb\",\"itemListElement\":[{\"@type\":\"ListItem\",\"position\":1,\"name\":\"Home\",\"item\":\"https:\/\/www.prijedordanas.com\/\"},{\"@type\":\"ListItem\",\"position\":2,\"name\":\"PREMIJER VI\u0160KOVIC\u0301 POSJETIO PRIJEDOR: DESILO SE NE\u0160TO \u0160TO SE MOGLO SPRIJE\u010cITI &#8211; FOTO\"}]},{\"@type\":\"WebSite\",\"@id\":\"https:\/\/www.prijedordanas.com\/#website\",\"url\":\"https:\/\/www.prijedordanas.com\/\",\"name\":\"PrijedorDanas.com - Prijedorski gradski portal\",\"description\":\"Portal o doga\u0111anjima u gradu Prijedoru\",\"publisher\":{\"@id\":\"https:\/\/www.prijedordanas.com\/#organization\"},\"potentialAction\":[{\"@type\":\"SearchAction\",\"target\":{\"@type\":\"EntryPoint\",\"urlTemplate\":\"https:\/\/www.prijedordanas.com\/?s={search_term_string}\"},\"query-input\":\"required name=search_term_string\"}],\"inLanguage\":\"en-US\"},{\"@type\":\"Organization\",\"@id\":\"https:\/\/www.prijedordanas.com\/#organization\",\"name\":\"PrijedorDanas.com\",\"url\":\"https:\/\/www.prijedordanas.com\/\",\"logo\":{\"@type\":\"ImageObject\",\"inLanguage\":\"en-US\",\"@id\":\"https:\/\/www.prijedordanas.com\/#\/schema\/logo\/image\/\",\"url\":\"http:\/\/www.prijedordanas.com\/wp-content\/uploads\/2021\/12\/logopng.png\",\"contentUrl\":\"http:\/\/www.prijedordanas.com\/wp-content\/uploads\/2021\/12\/logopng.png\",\"width\":1019,\"height\":776,\"caption\":\"PrijedorDanas.com\"},\"image\":{\"@id\":\"https:\/\/www.prijedordanas.com\/#\/schema\/logo\/image\/\"},\"sameAs\":[\"https:\/\/www.facebook.com\/PrijedorDanasCom\/\"]},{\"@type\":\"Person\",\"@id\":\"https:\/\/www.prijedordanas.com\/#\/schema\/person\/4e08ccf29b506ca916ff86d46bb700e6\",\"name\":\"admin\",\"image\":{\"@type\":\"ImageObject\",\"inLanguage\":\"en-US\",\"@id\":\"https:\/\/www.prijedordanas.com\/#\/schema\/person\/image\/\",\"url\":\"https:\/\/secure.gravatar.com\/avatar\/1d3fc949d550f0b53a5f0d51e06dfd79?s=96&d=mm&r=g\",\"contentUrl\":\"https:\/\/secure.gravatar.com\/avatar\/1d3fc949d550f0b53a5f0d51e06dfd79?s=96&d=mm&r=g\",\"caption\":\"admin\"},\"url\":\"https:\/\/www.prijedordanas.com\/?author=1\"}]}<\/script>\n<!-- \/ Yoast SEO plugin. -->","yoast_head_json":{"title":"PREMIJER VI\u0160KOVIC\u0301 POSJETIO PRIJEDOR: DESILO SE NE\u0160TO \u0160TO SE MOGLO SPRIJE\u010cITI - FOTO - PrijedorDanas.com - Prijedorski gradski portal","robots":{"index":"index","follow":"follow","max-snippet":"max-snippet:-1","max-image-preview":"max-image-preview:large","max-video-preview":"max-video-preview:-1"},"canonical":"https:\/\/www.prijedordanas.com\/?p=127443","og_locale":"en_US","og_type":"article","og_title":"PREMIJER VI\u0160KOVIC\u0301 POSJETIO PRIJEDOR: DESILO SE NE\u0160TO \u0160TO SE MOGLO SPRIJE\u010cITI - FOTO - PrijedorDanas.com - Prijedorski gradski portal","og_description":"Predsjednik Vlade Republike Srpske Radovan Vi\u0161kovic\u0301 izjavio je danas u Prijedoru da se u trenutnim poplavama na podru\u010dju ovog grada desilo ne\u0161to \u0161to se \u0161to se moglo sprije\u010diti. \u201eNe mo\u017eemo [&hellip;]","og_url":"https:\/\/www.prijedordanas.com\/?p=127443","og_site_name":"PrijedorDanas.com - Prijedorski gradski portal","article_publisher":"https:\/\/www.facebook.com\/PrijedorDanasCom\/","article_published_time":"2019-05-15T12:32:17+00:00","og_image":[{"url":"https:\/\/www.prijedordanas.com\/wp-content\/uploads\/2019\/05\/premijer-viskovic-posjetio-prijedor-15maj-1-300x217.jpg"}],"author":"admin","twitter_card":"summary_large_image","twitter_misc":{"Written by":"admin","Est. reading time":"3 minutes"},"schema":{"@context":"https:\/\/schema.org","@graph":[{"@type":"Article","@id":"https:\/\/www.prijedordanas.com\/?p=127443#article","isPartOf":{"@id":"https:\/\/www.prijedordanas.com\/?p=127443"},"author":{"name":"admin","@id":"https:\/\/www.prijedordanas.com\/#\/schema\/person\/4e08ccf29b506ca916ff86d46bb700e6"},"headline":"PREMIJER VI\u0160KOVIC\u0301 POSJETIO PRIJEDOR: DESILO SE NE\u0160TO \u0160TO SE MOGLO SPRIJE\u010cITI &#8211; FOTO","datePublished":"2019-05-15T12:32:17+00:00","dateModified":"2019-05-15T12:32:17+00:00","mainEntityOfPage":{"@id":"https:\/\/www.prijedordanas.com\/?p=127443"},"wordCount":590,"publisher":{"@id":"https:\/\/www.prijedordanas.com\/#organization"},"keywords":["posjeta","premijer","Prijedor","Radovan Vi\u0161kovi\u0107"],"articleSection":["Dru\u0161tvo"],"inLanguage":"en-US"},{"@type":"WebPage","@id":"https:\/\/www.prijedordanas.com\/?p=127443","url":"https:\/\/www.prijedordanas.com\/?p=127443","name":"PREMIJER VI\u0160KOVIC\u0301 POSJETIO PRIJEDOR: DESILO SE NE\u0160TO \u0160TO SE MOGLO SPRIJE\u010cITI - FOTO - PrijedorDanas.com - Prijedorski gradski portal","isPartOf":{"@id":"https:\/\/www.prijedordanas.com\/#website"},"datePublished":"2019-05-15T12:32:17+00:00","dateModified":"2019-05-15T12:32:17+00:00","breadcrumb":{"@id":"https:\/\/www.prijedordanas.com\/?p=127443#breadcrumb"},"inLanguage":"en-US","potentialAction":[{"@type":"ReadAction","target":["https:\/\/www.prijedordanas.com\/?p=127443"]}]},{"@type":"BreadcrumbList","@id":"https:\/\/www.prijedordanas.com\/?p=127443#breadcrumb","itemListElement":[{"@type":"ListItem","position":1,"name":"Home","item":"https:\/\/www.prijedordanas.com\/"},{"@type":"ListItem","position":2,"name":"PREMIJER VI\u0160KOVIC\u0301 POSJETIO PRIJEDOR: DESILO SE NE\u0160TO \u0160TO SE MOGLO SPRIJE\u010cITI &#8211; FOTO"}]},{"@type":"WebSite","@id":"https:\/\/www.prijedordanas.com\/#website","url":"https:\/\/www.prijedordanas.com\/","name":"PrijedorDanas.com - Prijedorski gradski portal","description":"Portal o doga\u0111anjima u gradu Prijedoru","publisher":{"@id":"https:\/\/www.prijedordanas.com\/#organization"},"potentialAction":[{"@type":"SearchAction","target":{"@type":"EntryPoint","urlTemplate":"https:\/\/www.prijedordanas.com\/?s={search_term_string}"},"query-input":"required name=search_term_string"}],"inLanguage":"en-US"},{"@type":"Organization","@id":"https:\/\/www.prijedordanas.com\/#organization","name":"PrijedorDanas.com","url":"https:\/\/www.prijedordanas.com\/","logo":{"@type":"ImageObject","inLanguage":"en-US","@id":"https:\/\/www.prijedordanas.com\/#\/schema\/logo\/image\/","url":"http:\/\/www.prijedordanas.com\/wp-content\/uploads\/2021\/12\/logopng.png","contentUrl":"http:\/\/www.prijedordanas.com\/wp-content\/uploads\/2021\/12\/logopng.png","width":1019,"height":776,"caption":"PrijedorDanas.com"},"image":{"@id":"https:\/\/www.prijedordanas.com\/#\/schema\/logo\/image\/"},"sameAs":["https:\/\/www.facebook.com\/PrijedorDanasCom\/"]},{"@type":"Person","@id":"https:\/\/www.prijedordanas.com\/#\/schema\/person\/4e08ccf29b506ca916ff86d46bb700e6","name":"admin","image":{"@type":"ImageObject","inLanguage":"en-US","@id":"https:\/\/www.prijedordanas.com\/#\/schema\/person\/image\/","url":"https:\/\/secure.gravatar.com\/avatar\/1d3fc949d550f0b53a5f0d51e06dfd79?s=96&d=mm&r=g","contentUrl":"https:\/\/secure.gravatar.com\/avatar\/1d3fc949d550f0b53a5f0d51e06dfd79?s=96&d=mm&r=g","caption":"admin"},"url":"https:\/\/www.prijedordanas.com\/?author=1"}]}},"_links":{"self":[{"href":"https:\/\/www.prijedordanas.com\/index.php?rest_route=\/wp\/v2\/posts\/127443"}],"collection":[{"href":"https:\/\/www.prijedordanas.com\/index.php?rest_route=\/wp\/v2\/posts"}],"about":[{"href":"https:\/\/www.prijedordanas.com\/index.php?rest_route=\/wp\/v2\/types\/post"}],"author":[{"embeddable":true,"href":"https:\/\/www.prijedordanas.com\/index.php?rest_route=\/wp\/v2\/users\/1"}],"replies":[{"embeddable":true,"href":"https:\/\/www.prijedordanas.com\/index.php?rest_route=%2Fwp%2Fv2%2Fcomments&post=127443"}],"version-history":[{"count":2,"href":"https:\/\/www.prijedordanas.com\/index.php?rest_route=\/wp\/v2\/posts\/127443\/revisions"}],"predecessor-version":[{"id":127470,"href":"https:\/\/www.prijedordanas.com\/index.php?rest_route=\/wp\/v2\/posts\/127443\/revisions\/127470"}],"wp:attachment":[{"href":"https:\/\/www.prijedordanas.com\/index.php?rest_route=%2Fwp%2Fv2%2Fmedia&parent=127443"}],"wp:term":[{"taxonomy":"category","embeddable":true,"href":"https:\/\/www.prijedordanas.com\/index.php?rest_route=%2Fwp%2Fv2%2Fcategories&post=127443"},{"taxonomy":"post_tag","embeddable":true,"href":"https:\/\/www.prijedordanas.com\/index.php?rest_route=%2Fwp%2Fv2%2Ftags&post=127443"}],"curies":[{"name":"wp","href":"https:\/\/api.w.org\/{rel}","templated":true}]}}